{"id":7553,"date":"2015-08-25T00:00:00","date_gmt":"2015-08-25T03:00:00","guid":{"rendered":"http:\/\/site.audaces.com\/aplicando-a-reducao-de-elasticidade-do-tecido-em-um-molde-pronto\/"},"modified":"2025-05-02T15:12:12","modified_gmt":"2025-05-02T18:12:12","slug":"aplicando-a-reducao-de-elasticidade-do-tecido-em-um-molde-pronto","status":"publish","type":"post","link":"https:\/\/audaces.com\/pt-br\/blog\/aplicando-a-reducao-de-elasticidade-do-tecido-em-um-molde-pronto","title":{"rendered":"Aplicando a redu\u00e7\u00e3o de elasticidade do tecido em um molde pronto"},"content":{"rendered":"<p><strong>Por Luiza Freitas<\/strong><br \/>\n<strong>Estilista, Administradora e Consultora da Fashion Office<\/strong><\/p>\n<p style=\"text-align: justify;\">Voc\u00ea j\u00e1 deve saber que, ao fazer a modelagem de pe\u00e7as que ser\u00e3o confeccionadas em materiais t\u00eaxteis que se deformam com o tempo, os moldes devem ter um <strong>percentual de redu\u00e7\u00e3o de elasticidade do tecido<\/strong>. Geralmente j\u00e1 consideramos essa redu\u00e7\u00e3o na constru\u00e7\u00e3o da modelagem, recalculando as medidas utilizadas como base, mas <strong>como fazer para aproveitar uma modelagem que j\u00e1 est\u00e1 pronta?<\/strong> Confira, a seguir.<\/p>\n<p style=\"text-align: center;\"><img decoding=\"async\" style=\"height: 600px; width: 400px;\" src=\"https:\/\/s3-sa-east-1.amazonaws.com\/wordpress-audaces-com\/images\/Blogs\/Desenvolvimento\/20150825\/0%2Breducao%2Belasticidade%2Btecido%2Baudaces%2Bmoldes.jpg\" alt=\"\" \/><\/p>\n<p style=\"text-align: center;\">Fonte: Pinterest.<\/p>\n<p style=\"text-align: justify;\"><strong>Passo 1:<\/strong> ao selecionar a modelagem desejada, tenha certeza de que ela j\u00e1 n\u00e3o tem alguma redu\u00e7\u00e3o de elasticidade do <a style=\"line-height: 1.6em;\" href=\"https:\/\/conteudo.audaces.com\/tipos-tecidos-de-a-z\">tecido<\/a> nas medidas, caso contr\u00e1rio a pe\u00e7a pode ficar muito pequena.<\/p>\n<p style=\"text-align: center;\"><img decoding=\"async\" style=\"height: 320px; width: 600px;\" src=\"https:\/\/s3-sa-east-1.amazonaws.com\/wordpress-audaces-com\/images\/Blogs\/Desenvolvimento\/20150825\/1%2Breducao%2Belasticidade%2Btecido%2Baudaces%2Bmoldes.JPG\" alt=\"\" \/><\/p>\n<p><strong>Passo 2:<\/strong> Selecione a ferramenta <strong>Dimensionar<\/strong>, da paleta Manipula\u00e7\u00e3o.<\/p>\n<p style=\"text-align: center;\"><img decoding=\"async\" style=\"height: 187px; width: 400px;\" src=\"https:\/\/s3-sa-east-1.amazonaws.com\/wordpress-audaces-com\/images\/Blogs\/Desenvolvimento\/20150825\/2%2Breducao%2Belasticidade%2Btecido%2Baudaces%2Bmoldes.JPG\" alt=\"\" \/><\/p>\n<p style=\"text-align: justify;\"><strong>Passo 3:<\/strong> No campo <strong>Fator X<\/strong> preencha a escala referente \u00e0 redu\u00e7\u00e3o de elasticidade do tecido na <strong>largura da pe\u00e7a<\/strong> (sentido da <a style=\"line-height: 1.6em;\" href=\"https:\/\/audaces.com\/pt-br\/blog\/tipos-tecido\">trama<\/a>), que geralmente tem mais elasticidade do que o urdume. Neste caso, apliquei uma redu\u00e7\u00e3o de 10% na largura quando preenchi com o fator 0.9 (que significa que a pe\u00e7a dever\u00e1 ter no final 90% do seu tamanho original nesse sentido, ou seja, uma redu\u00e7\u00e3o de 10%).<\/p>\n<p style=\"text-align: justify;\">No campo <strong>Fator Y<\/strong> preencha a escala referente \u00e0 redu\u00e7\u00e3o de elasticidade do tecido no <strong>comprimento da pe\u00e7a<\/strong> (sentido do <a href=\"https:\/\/audaces.com\/pt-br\/blog\/tabela-composicao-tecidos\">urdume<\/a>). Nesse exemplo, apliquei uma redu\u00e7\u00e3o de 5%, ou seja, o fator Y \u00e9 de 0.95.<\/p>\n<p style=\"text-align: center;\"><img decoding=\"async\" style=\"height: 476px; width: 598px;\" src=\"https:\/\/s3-sa-east-1.amazonaws.com\/wordpress-audaces-com\/images\/Blogs\/Desenvolvimento\/20150825\/3%2Breducao%2Belasticidade%2Btecido%2Baudaces%2Bmoldes.JPG\" alt=\"\" \/><\/p>\n<p style=\"text-align: justify;\">Ap\u00f3s preencher os fatores de redu\u00e7\u00e3o de elasticidade do tecido, clique uma vez na pe\u00e7a. Voc\u00ea ir\u00e1 observar que a pe\u00e7a selecionada ficar\u00e1 em vermelho e as novas medidas DX e DY aparecer\u00e3o nos campos ao lado.<\/p>\n<p style=\"text-align: justify;\"><strong>Passo 4:<\/strong> Clique mais uma vez sobre o molde e aparecer\u00e1 uma pr\u00e9via de como ficar\u00e1 o molde reduzido. Clique uma terceira vez para completar e criar o molde reduzido.<\/p>\n<p style=\"text-align: center;\"><img decoding=\"async\" style=\"height: 462px; width: 586px;\" src=\"https:\/\/s3-sa-east-1.amazonaws.com\/wordpress-audaces-com\/images\/Blogs\/Desenvolvimento\/20150825\/4%2Breducao%2Belasticidade%2Btecido%2Baudaces%2Bmoldes.JPG\" alt=\"\" \/><\/p>\n<p>Em caso de d\u00favidas, \u00e9 interessante marcar o campo \u201cFazer c\u00f3pia\u201d para manter uma c\u00f3pia do molde original e uma c\u00f3pia do molde reduzido.<\/p>\n<p style=\"text-align: center;\"><img decoding=\"async\" style=\"height: 300px; width: 600px;\" src=\"https:\/\/s3-sa-east-1.amazonaws.com\/wordpress-audaces-com\/images\/Blogs\/Desenvolvimento\/20150825\/5%2Breducao%2Belasticidade%2Btecido%2Baudaces%2Bmoldes.JPG\" alt=\"\" \/><\/p>\n<p>Pronto! Seu molde est\u00e1 reduzido. Confira, em seguida, tamb\u00e9m algumas dicas para a redu\u00e7\u00e3o de moldes.<\/p>\n<p style=\"text-align: justify;\"><strong>Dica 1:<\/strong> Aplique toda a taxa de elasticidade do tecido apenas se voc\u00ea quiser uma roupa bem colada no corpo. <strong>Se n\u00e3o, aplique apenas a metade da elasticidade<\/strong>. Por exemplo: Se o tecido tem 20% de elasticidade na trama e voc\u00ea n\u00e3o quer que a roupa fique colada, aplique apenas uma redu\u00e7\u00e3o no Fator X de 10% (ou seja, fator X 0.9).<\/p>\n<p style=\"text-align: justify;\"><strong>Dica 2:<\/strong> Antes de utilizar a ferramenta <a style=\"line-height: 1.6em;\" href=\"https:\/\/audaces.com\/pt-br\/blog\/ferramentas-modelagem\"><strong>Dimensionar<\/strong><\/a><strong>,<\/strong> tenha a certeza de que os moldes est\u00e3o <strong>posicionados corretamente<\/strong>, com o sentido da trama na horizontal e o sentido do urdume na vertical. Se os moldes estiverem virados, voc\u00ea pode acabar aplicando uma taxa de elasticidade no sentido errado.<\/p>\n<p style=\"text-align: justify;\"><strong>Dica 3:<\/strong> <strong>Retire as costuras e bainhas<\/strong> antes de utilizar a ferramenta <strong>Dimensionar<\/strong> e aplique-as novamente depois, para n\u00e3o reduzir tamb\u00e9m essas medidas.<\/p>\n<p>Ficou com alguma d\u00favida? Deixe o seu coment\u00e1rio.<\/p>\n<p><strong>Leia mais<\/strong><br \/>\n<a style=\"line-height: 1.6em;\" href=\"https:\/\/audaces.com\/pt-br\/blog\/tabela-composicao-tecidos\">Voc\u00ea sabe medir a elasticidade da malha?<\/a><br \/>\n<a style=\"line-height: 1.6em;\" href=\"https:\/\/audaces.com\/pt-br\/blog\/tabela-medidas-abnt\">Tabela de medidas de roupas: dicas para montar a sua<\/a><br \/>\n<a style=\"line-height: 1.6em;\" href=\"https:\/\/audaces.com\/pt-br\/blog\/tecidos-que-encolhem\">Encolhimento do Tecido: um controle de qualidade necess\u00e1rio nas confec\u00e7\u00f5es<\/a><\/p>\n","protected":false},"excerpt":{"rendered":"<p>Veja o passo-a-passo de como aplicar a redu\u00e7\u00e3o de elasticidade do tecido em um molde pronto<\/p>\n","protected":false},"author":54,"featured_media":0,"comment_status":"open","ping_status":"open","sticky":false,"template":"","format":"standard","meta":{"footnotes":""},"categories":[7133],"tags":[152],"class_list":["post-7553","post","type-post","status-publish","format-standard","hentry","category-modelagem","tag-moldes"],"yoast_head":"<!-- This site is optimized with the Yoast SEO Premium plugin v27.4 (Yoast SEO v27.5) - https:\/\/yoast.com\/product\/yoast-seo-premium-wordpress\/ -->\n<title>Aplicando a redu\u00e7\u00e3o de elasticidade do tecido em um molde pronto - Audaces<\/title>\n<meta name=\"description\" content=\"Aplicando a redu\u00e7\u00e3o de elasticidade do tecido em um molde pronto - Modelagem\" \/>\n<meta name=\"robots\" content=\"index, follow, max-snippet:-1, max-image-preview:large, max-video-preview:-1\" \/>\n<link rel=\"canonical\" href=\"https:\/\/audaces.com\/pt-br\/blog\/aplicando-a-reducao-de-elasticidade-do-tecido-em-um-molde-pronto\" \/>\n<meta property=\"og:locale\" content=\"pt_BR\" \/>\n<meta property=\"og:type\" content=\"article\" \/>\n<meta property=\"og:title\" content=\"Aplicando a redu\u00e7\u00e3o de elasticidade do tecido em um molde pronto - Audaces\" \/>\n<meta property=\"og:description\" content=\"Aplicando a redu\u00e7\u00e3o de elasticidade do tecido em um molde pronto - Modelagem\" \/>\n<meta property=\"og:url\" content=\"https:\/\/audaces.com\/pt-br\/blog\/aplicando-a-reducao-de-elasticidade-do-tecido-em-um-molde-pronto\" \/>\n<meta property=\"og:site_name\" content=\"Audaces\" \/>\n<meta property=\"article:publisher\" content=\"https:\/\/www.facebook.com\/audaces.pt\" \/>\n<meta property=\"article:published_time\" content=\"2015-08-25T03:00:00+00:00\" \/>\n<meta property=\"article:modified_time\" content=\"2025-05-02T18:12:12+00:00\" \/>\n<meta property=\"og:image\" content=\"https:\/\/s3-sa-east-1.amazonaws.com\/wordpress-audaces-com\/images\/Blogs\/Desenvolvimento\/20150825\/0%2Breducao%2Belasticidade%2Btecido%2Baudaces%2Bmoldes.jpg\" \/>\n<meta name=\"author\" content=\"Audara\" \/>\n<meta name=\"twitter:card\" content=\"summary_large_image\" \/>\n<meta name=\"twitter:label1\" content=\"Escrito por\" \/>\n\t<meta name=\"twitter:data1\" content=\"Audara\" \/>\n\t<meta name=\"twitter:label2\" content=\"Est. tempo de leitura\" \/>\n\t<meta name=\"twitter:data2\" content=\"4 minutos\" \/>\n<script type=\"application\/ld+json\" class=\"yoast-schema-graph\">{\"@context\":\"https:\\\/\\\/schema.org\",\"@graph\":[{\"@type\":\"Article\",\"@id\":\"https:\\\/\\\/audaces.com\\\/pt-br\\\/blog\\\/aplicando-a-reducao-de-elasticidade-do-tecido-em-um-molde-pronto#article\",\"isPartOf\":{\"@id\":\"https:\\\/\\\/audaces.com\\\/pt-br\\\/blog\\\/aplicando-a-reducao-de-elasticidade-do-tecido-em-um-molde-pronto\"},\"author\":{\"name\":\"Audara\",\"@id\":\"https:\\\/\\\/audaces.com\\\/pt-br\\\/#\\\/schema\\\/person\\\/64fd4e45d55c0765a8d3193a2dfe4a8b\"},\"headline\":\"Aplicando a redu\u00e7\u00e3o de elasticidade do tecido em um molde pronto\",\"datePublished\":\"2015-08-25T03:00:00+00:00\",\"dateModified\":\"2025-05-02T18:12:12+00:00\",\"mainEntityOfPage\":{\"@id\":\"https:\\\/\\\/audaces.com\\\/pt-br\\\/blog\\\/aplicando-a-reducao-de-elasticidade-do-tecido-em-um-molde-pronto\"},\"wordCount\":531,\"commentCount\":0,\"publisher\":{\"@id\":\"https:\\\/\\\/audaces.com\\\/pt-br\\\/#organization\"},\"image\":{\"@id\":\"https:\\\/\\\/audaces.com\\\/pt-br\\\/blog\\\/aplicando-a-reducao-de-elasticidade-do-tecido-em-um-molde-pronto#primaryimage\"},\"thumbnailUrl\":\"https:\\\/\\\/s3-sa-east-1.amazonaws.com\\\/wordpress-audaces-com\\\/images\\\/Blogs\\\/Desenvolvimento\\\/20150825\\\/0%2Breducao%2Belasticidade%2Btecido%2Baudaces%2Bmoldes.jpg\",\"keywords\":[\"Moldes\"],\"articleSection\":[\"Modelagem\"],\"inLanguage\":\"pt-BR\",\"potentialAction\":[{\"@type\":\"CommentAction\",\"name\":\"Comment\",\"target\":[\"https:\\\/\\\/audaces.com\\\/pt-br\\\/blog\\\/aplicando-a-reducao-de-elasticidade-do-tecido-em-um-molde-pronto#respond\"]}]},{\"@type\":\"WebPage\",\"@id\":\"https:\\\/\\\/audaces.com\\\/pt-br\\\/blog\\\/aplicando-a-reducao-de-elasticidade-do-tecido-em-um-molde-pronto\",\"url\":\"https:\\\/\\\/audaces.com\\\/pt-br\\\/blog\\\/aplicando-a-reducao-de-elasticidade-do-tecido-em-um-molde-pronto\",\"name\":\"Aplicando a redu\u00e7\u00e3o de elasticidade do tecido em um molde pronto - Audaces\",\"isPartOf\":{\"@id\":\"https:\\\/\\\/audaces.com\\\/pt-br\\\/#website\"},\"primaryImageOfPage\":{\"@id\":\"https:\\\/\\\/audaces.com\\\/pt-br\\\/blog\\\/aplicando-a-reducao-de-elasticidade-do-tecido-em-um-molde-pronto#primaryimage\"},\"image\":{\"@id\":\"https:\\\/\\\/audaces.com\\\/pt-br\\\/blog\\\/aplicando-a-reducao-de-elasticidade-do-tecido-em-um-molde-pronto#primaryimage\"},\"thumbnailUrl\":\"https:\\\/\\\/s3-sa-east-1.amazonaws.com\\\/wordpress-audaces-com\\\/images\\\/Blogs\\\/Desenvolvimento\\\/20150825\\\/0%2Breducao%2Belasticidade%2Btecido%2Baudaces%2Bmoldes.jpg\",\"datePublished\":\"2015-08-25T03:00:00+00:00\",\"dateModified\":\"2025-05-02T18:12:12+00:00\",\"description\":\"Aplicando a redu\u00e7\u00e3o de elasticidade do tecido em um molde pronto - Modelagem\",\"breadcrumb\":{\"@id\":\"https:\\\/\\\/audaces.com\\\/pt-br\\\/blog\\\/aplicando-a-reducao-de-elasticidade-do-tecido-em-um-molde-pronto#breadcrumb\"},\"inLanguage\":\"pt-BR\",\"potentialAction\":[{\"@type\":\"ReadAction\",\"target\":[\"https:\\\/\\\/audaces.com\\\/pt-br\\\/blog\\\/aplicando-a-reducao-de-elasticidade-do-tecido-em-um-molde-pronto\"]}]},{\"@type\":\"ImageObject\",\"inLanguage\":\"pt-BR\",\"@id\":\"https:\\\/\\\/audaces.com\\\/pt-br\\\/blog\\\/aplicando-a-reducao-de-elasticidade-do-tecido-em-um-molde-pronto#primaryimage\",\"url\":\"https:\\\/\\\/s3-sa-east-1.amazonaws.com\\\/wordpress-audaces-com\\\/images\\\/Blogs\\\/Desenvolvimento\\\/20150825\\\/0%2Breducao%2Belasticidade%2Btecido%2Baudaces%2Bmoldes.jpg\",\"contentUrl\":\"https:\\\/\\\/s3-sa-east-1.amazonaws.com\\\/wordpress-audaces-com\\\/images\\\/Blogs\\\/Desenvolvimento\\\/20150825\\\/0%2Breducao%2Belasticidade%2Btecido%2Baudaces%2Bmoldes.jpg\"},{\"@type\":\"BreadcrumbList\",\"@id\":\"https:\\\/\\\/audaces.com\\\/pt-br\\\/blog\\\/aplicando-a-reducao-de-elasticidade-do-tecido-em-um-molde-pronto#breadcrumb\",\"itemListElement\":[{\"@type\":\"ListItem\",\"position\":1,\"name\":\"INIZIO\",\"item\":\"https:\\\/\\\/audaces.com\\\/pt-br\"},{\"@type\":\"ListItem\",\"position\":2,\"name\":\"Aplicando a redu\u00e7\u00e3o de elasticidade do tecido em um molde pronto\"}]},{\"@type\":\"WebSite\",\"@id\":\"https:\\\/\\\/audaces.com\\\/pt-br\\\/#website\",\"url\":\"https:\\\/\\\/audaces.com\\\/pt-br\\\/\",\"name\":\"Audaces\",\"description\":\"We are the Industry 4.0\",\"publisher\":{\"@id\":\"https:\\\/\\\/audaces.com\\\/pt-br\\\/#organization\"},\"potentialAction\":[{\"@type\":\"SearchAction\",\"target\":{\"@type\":\"EntryPoint\",\"urlTemplate\":\"https:\\\/\\\/audaces.com\\\/pt-br\\\/?s={search_term_string}\"},\"query-input\":{\"@type\":\"PropertyValueSpecification\",\"valueRequired\":true,\"valueName\":\"search_term_string\"}}],\"inLanguage\":\"pt-BR\"},{\"@type\":\"Organization\",\"@id\":\"https:\\\/\\\/audaces.com\\\/pt-br\\\/#organization\",\"name\":\"Audaces\",\"url\":\"https:\\\/\\\/audaces.com\\\/pt-br\\\/\",\"logo\":{\"@type\":\"ImageObject\",\"inLanguage\":\"pt-BR\",\"@id\":\"https:\\\/\\\/audaces.com\\\/pt-br\\\/#\\\/schema\\\/logo\\\/image\\\/\",\"url\":\"https:\\\/\\\/audaces.com\\\/wp-content\\\/uploads\\\/2022\\\/01\\\/cropped-cropped-logo-audace.png\",\"contentUrl\":\"https:\\\/\\\/audaces.com\\\/wp-content\\\/uploads\\\/2022\\\/01\\\/cropped-cropped-logo-audace.png\",\"width\":512,\"height\":512,\"caption\":\"Audaces\"},\"image\":{\"@id\":\"https:\\\/\\\/audaces.com\\\/pt-br\\\/#\\\/schema\\\/logo\\\/image\\\/\"},\"sameAs\":[\"https:\\\/\\\/www.facebook.com\\\/audaces.pt\"]},{\"@type\":\"Person\",\"@id\":\"https:\\\/\\\/audaces.com\\\/pt-br\\\/#\\\/schema\\\/person\\\/64fd4e45d55c0765a8d3193a2dfe4a8b\",\"name\":\"Audara\",\"image\":{\"@type\":\"ImageObject\",\"inLanguage\":\"pt-BR\",\"@id\":\"https:\\\/\\\/audaces.com\\\/wp-content\\\/uploads\\\/2025\\\/05\\\/cropped-audara-96x96.jpg\",\"url\":\"https:\\\/\\\/audaces.com\\\/wp-content\\\/uploads\\\/2025\\\/05\\\/cropped-audara-96x96.jpg\",\"contentUrl\":\"https:\\\/\\\/audaces.com\\\/wp-content\\\/uploads\\\/2025\\\/05\\\/cropped-audara-96x96.jpg\",\"caption\":\"Audara\"},\"description\":\"Fashion Tech Specialist at Audaces\",\"sameAs\":[\"https:\\\/\\\/audaces.com\"],\"url\":\"https:\\\/\\\/audaces.com\\\/pt-br\\\/blog\\\/author\\\/audara\"}]}<\/script>\n<!-- \/ Yoast SEO Premium plugin. -->","yoast_head_json":{"title":"Aplicando a redu\u00e7\u00e3o de elasticidade do tecido em um molde pronto - Audaces","description":"Aplicando a redu\u00e7\u00e3o de elasticidade do tecido em um molde pronto - Modelagem","robots":{"index":"index","follow":"follow","max-snippet":"max-snippet:-1","max-image-preview":"max-image-preview:large","max-video-preview":"max-video-preview:-1"},"canonical":"https:\/\/audaces.com\/pt-br\/blog\/aplicando-a-reducao-de-elasticidade-do-tecido-em-um-molde-pronto","og_locale":"pt_BR","og_type":"article","og_title":"Aplicando a redu\u00e7\u00e3o de elasticidade do tecido em um molde pronto - Audaces","og_description":"Aplicando a redu\u00e7\u00e3o de elasticidade do tecido em um molde pronto - Modelagem","og_url":"https:\/\/audaces.com\/pt-br\/blog\/aplicando-a-reducao-de-elasticidade-do-tecido-em-um-molde-pronto","og_site_name":"Audaces","article_publisher":"https:\/\/www.facebook.com\/audaces.pt","article_published_time":"2015-08-25T03:00:00+00:00","article_modified_time":"2025-05-02T18:12:12+00:00","og_image":[{"url":"https:\/\/s3-sa-east-1.amazonaws.com\/wordpress-audaces-com\/images\/Blogs\/Desenvolvimento\/20150825\/0%2Breducao%2Belasticidade%2Btecido%2Baudaces%2Bmoldes.jpg","type":"","width":"","height":""}],"author":"Audara","twitter_card":"summary_large_image","twitter_misc":{"Escrito por":"Audara","Est. tempo de leitura":"4 minutos"},"schema":{"@context":"https:\/\/schema.org","@graph":[{"@type":"Article","@id":"https:\/\/audaces.com\/pt-br\/blog\/aplicando-a-reducao-de-elasticidade-do-tecido-em-um-molde-pronto#article","isPartOf":{"@id":"https:\/\/audaces.com\/pt-br\/blog\/aplicando-a-reducao-de-elasticidade-do-tecido-em-um-molde-pronto"},"author":{"name":"Audara","@id":"https:\/\/audaces.com\/pt-br\/#\/schema\/person\/64fd4e45d55c0765a8d3193a2dfe4a8b"},"headline":"Aplicando a redu\u00e7\u00e3o de elasticidade do tecido em um molde pronto","datePublished":"2015-08-25T03:00:00+00:00","dateModified":"2025-05-02T18:12:12+00:00","mainEntityOfPage":{"@id":"https:\/\/audaces.com\/pt-br\/blog\/aplicando-a-reducao-de-elasticidade-do-tecido-em-um-molde-pronto"},"wordCount":531,"commentCount":0,"publisher":{"@id":"https:\/\/audaces.com\/pt-br\/#organization"},"image":{"@id":"https:\/\/audaces.com\/pt-br\/blog\/aplicando-a-reducao-de-elasticidade-do-tecido-em-um-molde-pronto#primaryimage"},"thumbnailUrl":"https:\/\/s3-sa-east-1.amazonaws.com\/wordpress-audaces-com\/images\/Blogs\/Desenvolvimento\/20150825\/0%2Breducao%2Belasticidade%2Btecido%2Baudaces%2Bmoldes.jpg","keywords":["Moldes"],"articleSection":["Modelagem"],"inLanguage":"pt-BR","potentialAction":[{"@type":"CommentAction","name":"Comment","target":["https:\/\/audaces.com\/pt-br\/blog\/aplicando-a-reducao-de-elasticidade-do-tecido-em-um-molde-pronto#respond"]}]},{"@type":"WebPage","@id":"https:\/\/audaces.com\/pt-br\/blog\/aplicando-a-reducao-de-elasticidade-do-tecido-em-um-molde-pronto","url":"https:\/\/audaces.com\/pt-br\/blog\/aplicando-a-reducao-de-elasticidade-do-tecido-em-um-molde-pronto","name":"Aplicando a redu\u00e7\u00e3o de elasticidade do tecido em um molde pronto - Audaces","isPartOf":{"@id":"https:\/\/audaces.com\/pt-br\/#website"},"primaryImageOfPage":{"@id":"https:\/\/audaces.com\/pt-br\/blog\/aplicando-a-reducao-de-elasticidade-do-tecido-em-um-molde-pronto#primaryimage"},"image":{"@id":"https:\/\/audaces.com\/pt-br\/blog\/aplicando-a-reducao-de-elasticidade-do-tecido-em-um-molde-pronto#primaryimage"},"thumbnailUrl":"https:\/\/s3-sa-east-1.amazonaws.com\/wordpress-audaces-com\/images\/Blogs\/Desenvolvimento\/20150825\/0%2Breducao%2Belasticidade%2Btecido%2Baudaces%2Bmoldes.jpg","datePublished":"2015-08-25T03:00:00+00:00","dateModified":"2025-05-02T18:12:12+00:00","description":"Aplicando a redu\u00e7\u00e3o de elasticidade do tecido em um molde pronto - Modelagem","breadcrumb":{"@id":"https:\/\/audaces.com\/pt-br\/blog\/aplicando-a-reducao-de-elasticidade-do-tecido-em-um-molde-pronto#breadcrumb"},"inLanguage":"pt-BR","potentialAction":[{"@type":"ReadAction","target":["https:\/\/audaces.com\/pt-br\/blog\/aplicando-a-reducao-de-elasticidade-do-tecido-em-um-molde-pronto"]}]},{"@type":"ImageObject","inLanguage":"pt-BR","@id":"https:\/\/audaces.com\/pt-br\/blog\/aplicando-a-reducao-de-elasticidade-do-tecido-em-um-molde-pronto#primaryimage","url":"https:\/\/s3-sa-east-1.amazonaws.com\/wordpress-audaces-com\/images\/Blogs\/Desenvolvimento\/20150825\/0%2Breducao%2Belasticidade%2Btecido%2Baudaces%2Bmoldes.jpg","contentUrl":"https:\/\/s3-sa-east-1.amazonaws.com\/wordpress-audaces-com\/images\/Blogs\/Desenvolvimento\/20150825\/0%2Breducao%2Belasticidade%2Btecido%2Baudaces%2Bmoldes.jpg"},{"@type":"BreadcrumbList","@id":"https:\/\/audaces.com\/pt-br\/blog\/aplicando-a-reducao-de-elasticidade-do-tecido-em-um-molde-pronto#breadcrumb","itemListElement":[{"@type":"ListItem","position":1,"name":"INIZIO","item":"https:\/\/audaces.com\/pt-br"},{"@type":"ListItem","position":2,"name":"Aplicando a redu\u00e7\u00e3o de elasticidade do tecido em um molde pronto"}]},{"@type":"WebSite","@id":"https:\/\/audaces.com\/pt-br\/#website","url":"https:\/\/audaces.com\/pt-br\/","name":"Audaces","description":"We are the Industry 4.0","publisher":{"@id":"https:\/\/audaces.com\/pt-br\/#organization"},"potentialAction":[{"@type":"SearchAction","target":{"@type":"EntryPoint","urlTemplate":"https:\/\/audaces.com\/pt-br\/?s={search_term_string}"},"query-input":{"@type":"PropertyValueSpecification","valueRequired":true,"valueName":"search_term_string"}}],"inLanguage":"pt-BR"},{"@type":"Organization","@id":"https:\/\/audaces.com\/pt-br\/#organization","name":"Audaces","url":"https:\/\/audaces.com\/pt-br\/","logo":{"@type":"ImageObject","inLanguage":"pt-BR","@id":"https:\/\/audaces.com\/pt-br\/#\/schema\/logo\/image\/","url":"https:\/\/audaces.com\/wp-content\/uploads\/2022\/01\/cropped-cropped-logo-audace.png","contentUrl":"https:\/\/audaces.com\/wp-content\/uploads\/2022\/01\/cropped-cropped-logo-audace.png","width":512,"height":512,"caption":"Audaces"},"image":{"@id":"https:\/\/audaces.com\/pt-br\/#\/schema\/logo\/image\/"},"sameAs":["https:\/\/www.facebook.com\/audaces.pt"]},{"@type":"Person","@id":"https:\/\/audaces.com\/pt-br\/#\/schema\/person\/64fd4e45d55c0765a8d3193a2dfe4a8b","name":"Audara","image":{"@type":"ImageObject","inLanguage":"pt-BR","@id":"https:\/\/audaces.com\/wp-content\/uploads\/2025\/05\/cropped-audara-96x96.jpg","url":"https:\/\/audaces.com\/wp-content\/uploads\/2025\/05\/cropped-audara-96x96.jpg","contentUrl":"https:\/\/audaces.com\/wp-content\/uploads\/2025\/05\/cropped-audara-96x96.jpg","caption":"Audara"},"description":"Fashion Tech Specialist at Audaces","sameAs":["https:\/\/audaces.com"],"url":"https:\/\/audaces.com\/pt-br\/blog\/author\/audara"}]}},"_links":{"self":[{"href":"https:\/\/audaces.com\/pt-br\/wp-json\/wp\/v2\/posts\/7553","targetHints":{"allow":["GET"]}}],"collection":[{"href":"https:\/\/audaces.com\/pt-br\/wp-json\/wp\/v2\/posts"}],"about":[{"href":"https:\/\/audaces.com\/pt-br\/wp-json\/wp\/v2\/types\/post"}],"author":[{"embeddable":true,"href":"https:\/\/audaces.com\/pt-br\/wp-json\/wp\/v2\/users\/54"}],"replies":[{"embeddable":true,"href":"https:\/\/audaces.com\/pt-br\/wp-json\/wp\/v2\/comments?post=7553"}],"version-history":[{"count":1,"href":"https:\/\/audaces.com\/pt-br\/wp-json\/wp\/v2\/posts\/7553\/revisions"}],"predecessor-version":[{"id":195320,"href":"https:\/\/audaces.com\/pt-br\/wp-json\/wp\/v2\/posts\/7553\/revisions\/195320"}],"wp:attachment":[{"href":"https:\/\/audaces.com\/pt-br\/wp-json\/wp\/v2\/media?parent=7553"}],"wp:term":[{"taxonomy":"category","embeddable":true,"href":"https:\/\/audaces.com\/pt-br\/wp-json\/wp\/v2\/categories?post=7553"},{"taxonomy":"post_tag","embeddable":true,"href":"https:\/\/audaces.com\/pt-br\/wp-json\/wp\/v2\/tags?post=7553"}],"curies":[{"name":"wp","href":"https:\/\/api.w.org\/{rel}","templated":true}]}}