{"id":67820,"date":"2026-04-15T16:37:15","date_gmt":"2026-04-15T19:37:15","guid":{"rendered":"http:\/\/site.audaces.com\/as-influencias-das-cores-na-moda\/"},"modified":"2026-04-29T12:08:32","modified_gmt":"2026-04-29T15:08:32","slug":"cores-moda","status":"publish","type":"post","link":"https:\/\/audaces.com\/pt-br\/blog\/cores-moda","title":{"rendered":"Qual a influ\u00eancia das cores na moda e como aplicar?"},"content":{"rendered":"\n<p><strong>Resumo:<\/strong>&nbsp;<\/p>\n\n\n\n<ul class=\"wp-block-list\">\n<li>As cores t\u00eam grande influ\u00eancia na moda;<\/li>\n\n\n\n<li>Dependendo da cor que voc\u00ea escolher destacar em cole\u00e7\u00f5es, pode transmitir sensa\u00e7\u00f5es diferentes;<\/li>\n\n\n\n<li>Personalize e fa\u00e7a combina\u00e7\u00f5es de cores na moda com o sistema <a href=\"https:\/\/audaces.com\/pt-br\/solucoes\/audaces-360\" target=\"_blank\" rel=\"noreferrer noopener\">Audaces360<\/a>.<\/li>\n<\/ul>\n\n\n\n<p>As cores t\u00eam um papel important\u00edssimo na moda. Al\u00e9m das tend\u00eancias, cada cor pode ajudar uma pessoa a se expressar e mostrar sua personalidade atrav\u00e9s do guarda-roupa.&nbsp;<\/p>\n\n\n\n<p>\u00c9 essencial ter conhecimento sobre combina\u00e7\u00f5es e harmoniza\u00e7\u00f5es de cores diferentes. Assim como o efeito de cada uma em determinada esta\u00e7\u00e3o e momento da sociedade.<\/p>\n\n\n\n<p>Neste artigo, vamos nos aprofundar sobre a psicologia das cores na moda, tend\u00eancias e muito mais. Descubra as tend\u00eancias de 2026 e o papel da tecnologia Audaces na personaliza\u00e7\u00e3o das suas cole\u00e7\u00f5es.&nbsp;<\/p>\n\n\n\n<p>Continue a leitura!&nbsp;<\/p><div id=\"ez-toc-container\" class=\"ez-toc-v2_0_82_2 ez-toc-wrap-left counter-hierarchy ez-toc-counter ez-toc-custom ez-toc-container-direction\">\n<div class=\"ez-toc-title-container\">\n<p class=\"ez-toc-title ez-toc-toggle\" style=\"cursor:pointer\">Sum\u00e1rio<\/p>\n<span class=\"ez-toc-title-toggle\"><\/span><\/div>\n<nav><ul class='ez-toc-list ez-toc-list-level-1 ' ><li class='ez-toc-page-1 ez-toc-heading-level-2'><a class=\"ez-toc-link ez-toc-heading-1\" href=\"https:\/\/audaces.com\/pt-br\/blog\/cores-moda\/#qual-e-a-influencia-das-cores-na-moda\" >Qual \u00e9 a influ\u00eancia das cores na moda?&nbsp;<\/a><\/li><li class='ez-toc-page-1 ez-toc-heading-level-2'><a class=\"ez-toc-link ez-toc-heading-2\" href=\"https:\/\/audaces.com\/pt-br\/blog\/cores-moda\/#o-uso-de-cores-fortes-na-historia-da-moda\" >O uso de cores fortes na hist\u00f3ria da moda&nbsp;<\/a><\/li><li class='ez-toc-page-1 ez-toc-heading-level-2'><a class=\"ez-toc-link ez-toc-heading-3\" href=\"https:\/\/audaces.com\/pt-br\/blog\/cores-moda\/#o-que-a-cor-da-roupa-comunica\" >O que a cor da roupa comunica?&nbsp;<\/a><\/li><li class='ez-toc-page-1 ez-toc-heading-level-2'><a class=\"ez-toc-link ez-toc-heading-4\" href=\"https:\/\/audaces.com\/pt-br\/blog\/cores-moda\/#qual-a-cor-de-roupa-que-passa-credibilidade\" >Qual a cor de roupa que passa credibilidade?&nbsp;<\/a><\/li><li class='ez-toc-page-1 ez-toc-heading-level-2'><a class=\"ez-toc-link ez-toc-heading-5\" href=\"https:\/\/audaces.com\/pt-br\/blog\/cores-moda\/#o-que-o-colorido-transmite\" >O que o colorido transmite?&nbsp;<\/a><\/li><li class='ez-toc-page-1 ez-toc-heading-level-2'><a class=\"ez-toc-link ez-toc-heading-6\" href=\"https:\/\/audaces.com\/pt-br\/blog\/cores-moda\/#como-sao-definidas-as-cores-na-moda-hoje\" >Como s\u00e3o definidas as cores na moda hoje?&nbsp;<\/a><\/li><li class='ez-toc-page-1 ez-toc-heading-level-2'><a class=\"ez-toc-link ez-toc-heading-7\" href=\"https:\/\/audaces.com\/pt-br\/blog\/cores-moda\/#quem-determina-as-cores-da-moda\" >Quem determina as cores da moda?&nbsp;&nbsp;<\/a><\/li><li class='ez-toc-page-1 ez-toc-heading-level-2'><a class=\"ez-toc-link ez-toc-heading-8\" href=\"https:\/\/audaces.com\/pt-br\/blog\/cores-moda\/#como-garantir-que-as-cores-na-moda-3d-sejam-fieis-ao-tecido-real\" >Como garantir que as cores na moda 3D sejam fi\u00e9is ao tecido real?<\/a><\/li><li class='ez-toc-page-1 ez-toc-heading-level-2'><a class=\"ez-toc-link ez-toc-heading-9\" href=\"https:\/\/audaces.com\/pt-br\/blog\/cores-moda\/#quais-cores-estarao-na-moda-em-2026\" >Quais cores estar\u00e3o na moda em 2026?&nbsp;<\/a><\/li><li class='ez-toc-page-1 ez-toc-heading-level-2'><a class=\"ez-toc-link ez-toc-heading-10\" href=\"https:\/\/audaces.com\/pt-br\/blog\/cores-moda\/#e-possivel-testar-variantes-de-cores-na-moda-sem-gastar-com-amostras-de-tecido\" >\u00c9 poss\u00edvel testar variantes de cores na moda sem gastar com amostras de tecido?<\/a><\/li><li class='ez-toc-page-1 ez-toc-heading-level-2'><a class=\"ez-toc-link ez-toc-heading-11\" href=\"https:\/\/audaces.com\/pt-br\/blog\/cores-moda\/#existe-diferenca-na-renderizacao-de-cores-na-moda-para-tecidos-foscos-e-brilhantes\" >Existe diferen\u00e7a na renderiza\u00e7\u00e3o de cores na moda para tecidos foscos e brilhantes?<\/a><\/li><li class='ez-toc-page-1 ez-toc-heading-level-2'><a class=\"ez-toc-link ez-toc-heading-12\" href=\"https:\/\/audaces.com\/pt-br\/blog\/cores-moda\/#como-combinar-cores-na-moda\" >Como combinar cores na moda?&nbsp;<\/a><\/li><li class='ez-toc-page-1 ez-toc-heading-level-2'><a class=\"ez-toc-link ez-toc-heading-13\" href=\"https:\/\/audaces.com\/pt-br\/blog\/cores-moda\/#como-criar-uma-paleta-de-cores-na-moda-que-seja-comercial-e-assertiva\" >Como criar uma paleta de cores na moda que seja comercial e assertiva?<\/a><\/li><li class='ez-toc-page-1 ez-toc-heading-level-2'><a class=\"ez-toc-link ez-toc-heading-14\" href=\"https:\/\/audaces.com\/pt-br\/blog\/cores-moda\/#como-as-cores-na-moda-influenciam-o-engajamento-em-desfiles-virtuais\" >Como as cores na moda influenciam o engajamento em desfiles virtuais?<\/a><\/li><li class='ez-toc-page-1 ez-toc-heading-level-2'><a class=\"ez-toc-link ez-toc-heading-15\" href=\"https:\/\/audaces.com\/pt-br\/blog\/cores-moda\/#crie-personalize-cores-e-faca-combinacoes-com-audaces\" >Crie, personalize cores e fa\u00e7a combina\u00e7\u00f5es com Audaces&nbsp;<\/a><\/li><li class='ez-toc-page-1 ez-toc-heading-level-2'><a class=\"ez-toc-link ez-toc-heading-16\" href=\"https:\/\/audaces.com\/pt-br\/blog\/cores-moda\/#faq\" >FAQ<\/a><\/li><\/ul><\/nav><\/div>\n\n\n\n\n<h2 class=\"wp-block-heading\" id=\"h-qual-e-a-influencia-das-cores-na-moda-nbsp\"><span class=\"ez-toc-section\" id=\"qual-e-a-influencia-das-cores-na-moda\"><\/span><strong>Qual \u00e9 a influ\u00eancia das cores na moda?&nbsp;<\/strong><span class=\"ez-toc-section-end\"><\/span><\/h2>\n\n\n\n<p>Al\u00e9m de contribuir para a est\u00e9tica da pe\u00e7a, as cores na moda t\u00eam diversas fun\u00e7\u00f5es desconhecidas ao p\u00fablico!&nbsp;<\/p>\n\n\n\n<p>Seja na moda, no design gr\u00e1fico<em> <\/em>ou nas artes visuais num geral, h\u00e1 algo que chamamos de <strong>psicologia das cores<\/strong>. A psicologia das cores engloba uma s\u00e9rie de teorias que estudam o efeito das cores nas nossas emo\u00e7\u00f5es.&nbsp;<\/p>\n\n\n\n<p>O est\u00edmulo das cores, ligado \u00e0 vis\u00e3o, afeta diretamente o nosso c\u00e9rebro. Dependendo da cor, podemos transmitir calma, curiosidade, raiva, paix\u00e3o, tristeza, entre outras sensa\u00e7\u00f5es, \u00e0s outras pessoas e a n\u00f3s mesmos.&nbsp;<\/p>\n\n\n\n<p>Portanto, as cores est\u00e3o diretamente relacionadas ao conceito que voc\u00ea quer explorar na sua cole\u00e7\u00e3o.&nbsp;<\/p>\n\n\n\n<p>O preceito b\u00e1sico da psicologia das cores se baseia em:&nbsp;<\/p>\n\n\n\n<ul class=\"wp-block-list\">\n<li><strong>Cores quentes: <\/strong>entusiasmo, alegria, energia e atividade;&nbsp;<\/li>\n\n\n\n<li><strong>Cores frias: <\/strong>eleg\u00e2ncia, calmaria e profissionalismo.&nbsp;<\/li>\n<\/ul>\n\n\n\n<p>Isso n\u00e3o quer dizer, entretanto, que cores quentes n\u00e3o s\u00e3o profissionais ou que as frias s\u00e3o tristes. O buraco \u00e9 mais fundo, e vamos investigar isso mais adiante.&nbsp;<\/p>\n\n\n\n<p><strong>Leia mais:<\/strong> <a href=\"https:\/\/audaces.com\/pt-br\/blog\/cartela-cores-moda\" target=\"_blank\" rel=\"noreferrer noopener\">Entenda o impacto de uma boa cartela de cores na sua cole\u00e7\u00e3o de moda<\/a>&nbsp;<\/p>\n\n\n\n<h2 class=\"wp-block-heading\" id=\"h-o-uso-de-cores-fortes-na-historia-da-moda-nbsp\"><span class=\"ez-toc-section\" id=\"o-uso-de-cores-fortes-na-historia-da-moda\"><\/span><strong>O uso de cores fortes na hist\u00f3ria da moda&nbsp;<\/strong><span class=\"ez-toc-section-end\"><\/span><\/h2>\n\n\n\n<p>Cores como o vermelho, roxo e dourado por muito tempo estiveram associados \u00e0 riqueza, pode e <em>status<\/em>.&nbsp;<\/p>\n\n\n\n<p>Isso acontece porque tecidos com mais pigmento eram custosos. Na era anterior \u00e0 Revolu\u00e7\u00e3o Industrial, apenas a realeza e membros da alta sociedade tinham condi\u00e7\u00f5es de pagar por roupas com cores mais chamativas.&nbsp;<\/p>\n\n\n\n<p>Com a industrializa\u00e7\u00e3o dos tecidos e tinturas, a sociedade geral passou a poder ter acesso a roupas coloridas. Isso contribuiu para a moda ganhar ainda mais espa\u00e7o como uma forma de express\u00e3o e personalidade.&nbsp;<\/p>\n\n\n\n<p><strong>Leia mais: <\/strong><a href=\"https:\/\/audaces.com\/pt-br\/blog\/historia-moda\" target=\"_blank\" rel=\"noreferrer noopener\">Tudo sobre a hist\u00f3ria da moda at\u00e9 os dias de hoje<\/a> <\/p>\n\n\n\n<h2 class=\"wp-block-heading\" id=\"h-o-que-a-cor-da-roupa-comunica-nbsp\"><span class=\"ez-toc-section\" id=\"o-que-a-cor-da-roupa-comunica\"><\/span><strong>O que a cor da roupa comunica?&nbsp;<\/strong><span class=\"ez-toc-section-end\"><\/span><\/h2>\n\n\n\n<p>As cores na roupa s\u00e3o uma parte forte da identidade visual de quem a usa. Cada cor tem um significado, podendo evocar emo\u00e7\u00f5es e sensa\u00e7\u00f5es variadas. Alguns dos maiores exemplos s\u00e3o:&nbsp;<\/p>\n\n\n\n<ul class=\"wp-block-list\">\n<li><strong>Preto: <\/strong>cor associada \u00e0 sofistica\u00e7\u00e3o, poder e mist\u00e9rio, mas tamb\u00e9m ao luto e formalidade, em algumas culturas;&nbsp;<\/li>\n\n\n\n<li><strong>Branco: <\/strong>cor que simboliza pureza, simplicidade e paz;&nbsp;<\/li>\n\n\n\n<li><strong>Vermelho: <\/strong>cor associada \u00e0 paix\u00e3o, aventura, energia e, at\u00e9 mesmo, agressividade, assim como atratividade e confian\u00e7a;&nbsp;<\/li>\n\n\n\n<li><strong>Azul: <\/strong>simboliza calma, confiabilidade e estabilidade, assim como tristeza em algumas culturas.&nbsp;<\/li>\n<\/ul>\n\n\n\n<p>Tudo depende de fatores internos e externos, como cores associadas \u00e0 marca e, como mencionamos brevemente, a cultura. Embora o preto seja a cor do luto em algumas culturas, o branco assume esse papel em outras, por exemplo.&nbsp;<\/p>\n\n\n\n<p><strong>Leia mais: <\/strong><a href=\"https:\/\/audaces.com\/pt-br\/blog\/o-que-e-belo\" target=\"_blank\" rel=\"noreferrer noopener\">O que \u00e9 belo? Entenda a defini\u00e7\u00e3o no mundo da arte e da moda<\/a>&nbsp;<\/p>\n\n\n\n<h2 class=\"wp-block-heading\" id=\"h-qual-a-cor-de-roupa-que-passa-credibilidade-nbsp\"><span class=\"ez-toc-section\" id=\"qual-a-cor-de-roupa-que-passa-credibilidade\"><\/span><strong>Qual a cor de roupa que passa credibilidade?&nbsp;<\/strong><span class=\"ez-toc-section-end\"><\/span><\/h2>\n\n\n\n<figure class=\"wp-block-image size-large\"><img fetchpriority=\"high\" decoding=\"async\" width=\"1024\" height=\"684\" src=\"https:\/\/audaces.com\/wp-content\/uploads\/2016\/07\/cores-moda-credibilidade-1024x684.webp\" alt=\"Estilistas escolhendo cores para trabalhar em sua cole\u00e7\u00e3o na moda\" class=\"wp-image-183490\" srcset=\"https:\/\/audaces.com\/wp-content\/uploads\/2016\/07\/cores-moda-credibilidade-1024x684.webp 1024w, https:\/\/audaces.com\/wp-content\/uploads\/2016\/07\/cores-moda-credibilidade-300x200.webp 300w, https:\/\/audaces.com\/wp-content\/uploads\/2016\/07\/cores-moda-credibilidade-768x513.webp 768w, https:\/\/audaces.com\/wp-content\/uploads\/2016\/07\/cores-moda-credibilidade.webp 1500w\" sizes=\"(max-width: 1024px) 100vw, 1024px\" \/><\/figure>\n\n\n\n<p>Se voc\u00ea est\u00e1 construindo uma cole\u00e7\u00e3o focada em um conceito profissional ou sofisticado, as melhores escolhas s\u00e3o as <strong>cores neutras<\/strong>.&nbsp;<\/p>\n\n\n\n<p>Azul e cinza s\u00e3o cl\u00e1ssicas e transmitem serenidade e confiabilidade. Tons terrosos como o marrom e bege tamb\u00e9m evocam sensa\u00e7\u00f5es de seriedade e seguran\u00e7a.&nbsp;&nbsp;<\/p>\n\n\n\n<p>Entretanto, al\u00e9m das cores, \u00e9 importante considerar o corte e o tecido da roupa.&nbsp;<\/p>\n\n\n\n<h2 class=\"wp-block-heading\" id=\"h-o-que-o-colorido-transmite-nbsp\"><span class=\"ez-toc-section\" id=\"o-que-o-colorido-transmite\"><\/span><strong>O que o colorido transmite?&nbsp;<\/strong><span class=\"ez-toc-section-end\"><\/span><\/h2>\n\n\n\n<p>Roupas coloridas transmitem alegria, dinamismo e criatividade. Se \u00e9 isso que voc\u00ea quer comunicar na sua cole\u00e7\u00e3o, opte por:&nbsp;<\/p>\n\n\n\n<ul class=\"wp-block-list\">\n<li>Estampas chamativas;&nbsp;<\/li>\n\n\n\n<li>Cores fortes, como vermelho, rosa-choque, verde, roxo, amarelo, laranja ou azul <em>royal<\/em>;&nbsp;<\/li>\n\n\n\n<li>Combina\u00e7\u00f5es com <em>color block<\/em>.&nbsp;<\/li>\n<\/ul>\n\n\n\n<p>Dessa maneira, quem usar estas roupas, ser\u00e1 visto como uma pessoa expansiva, vibrante e acolhedora.&nbsp;<\/p>\n\n\n\n<p>Roupas coloridas t\u00eam um impacto visual muito grande, especialmente em cole\u00e7\u00f5es de primavera\/ver\u00e3o. Estas esta\u00e7\u00f5es s\u00e3o caracterizadas por pe\u00e7as e acess\u00f3rios coloridos, ent\u00e3o elas s\u00e3o o momento certo para apostar em cores cheias de vida.&nbsp;<\/p>\n\n\n\n<p><strong>Leia mais: <\/strong><a href=\"https:\/\/audaces.com\/pt-br\/blog\/estampa-personalizada\" target=\"_blank\" rel=\"noreferrer noopener\">Como a tecnologia facilita a cria\u00e7\u00e3o de estampa personalizada?<\/a>&nbsp;<\/p>\n\n\n\n<h2 class=\"wp-block-heading\" id=\"h-como-sao-definidas-as-cores-na-moda-hoje-nbsp\"><span class=\"ez-toc-section\" id=\"como-sao-definidas-as-cores-na-moda-hoje\"><\/span><strong>Como s\u00e3o definidas as cores na moda hoje?&nbsp;<\/strong><span class=\"ez-toc-section-end\"><\/span><\/h2>\n\n\n\n<p>As cores na moda s\u00e3o definidas por meio de uma s\u00e9rie de estudos de tend\u00eancias. Estes estudos envolvem an\u00e1lises de mercado, cultura e comportamento.&nbsp;&nbsp;<\/p>\n\n\n\n<p>O <a href=\"https:\/\/www.pantone.com.br\/sobre-pantone\" target=\"_blank\" rel=\"noreferrer noopener\">Pantone Color Institute<\/a> \u00e9 a maior fonte de tend\u00eancias em cor. Eles monitoram tend\u00eancias globais e preveem quais cores ter\u00e3o mais impacto na moda, publicidade e design.&nbsp;<\/p>\n\n\n\n<p>Os estudos englobam, tamb\u00e9m, o sentimento geral da sociedade no momento. Em tempos de crise, \u00e9 prov\u00e1vel que se use cores neutras e claras para transmitir calma e seguran\u00e7a.&nbsp;<\/p>\n\n\n\n<p>J\u00e1 as cores vibrantes s\u00e3o escolhidas, geralmente, para representar tempos de otimismo e alegria.&nbsp;<\/p>\n\n\n\n<p><strong>Leia mais: <\/strong><a href=\"https:\/\/audaces.com\/pt-br\/blog\/pesquisa-tendencias\" target=\"_blank\" rel=\"noreferrer noopener\">Vantagens da pesquisa de tend\u00eancias para a sua confec\u00e7\u00e3o<\/a> <\/p>\n\n\n\n<h2 class=\"wp-block-heading\" id=\"h-quem-determina-as-cores-da-moda-nbsp-nbsp\"><span class=\"ez-toc-section\" id=\"quem-determina-as-cores-da-moda\"><\/span><strong>Quem determina as cores da moda?&nbsp;&nbsp;<\/strong><span class=\"ez-toc-section-end\"><\/span><\/h2>\n\n\n\n<p>A escolha das cores que est\u00e3o na moda envolve diversos institutos e estudiosos da \u00e1rea. J\u00e1 citamos o Pantone Color Institute, que n\u00e3o apenas determina a tend\u00eancia na moda, como tamb\u00e9m em outros setores.&nbsp;<\/p>\n\n\n\n<p>Outra l\u00edder de mercado para ficar de olho \u00e9 a WGSN. Ela \u00e9 focada em previs\u00f5es de tend\u00eancias e consumo, especialmente no mercado da moda.&nbsp;<\/p>\n\n\n\n<p>Vale tamb\u00e9m prestar aten\u00e7\u00e3o nos grandes designers e casas de moda. Ademais, n\u00e3o deixe de estudar tend\u00eancias culturas e comportamentais no contexto brasileiro.&nbsp;<\/p>\n\n\n\n<p>Ao juntar estas an\u00e1lises, \u00e9 poss\u00edvel determinar as cores da sua cole\u00e7\u00e3o de acordo com todas as tend\u00eancias dispon\u00edveis.&nbsp;&nbsp;<\/p>\n\n\n\n<p>N\u00e3o esque\u00e7a, por\u00e9m, de sempre considerar o conceito da sua pr\u00f3pria marca e a persona do neg\u00f3cio. Este \u00e9 o estudo mais importante para determinar o que ser\u00e1 feito na cole\u00e7\u00e3o.&nbsp;<\/p>\n\n\n\n<p><strong>Leia mais: <\/strong><a href=\"https:\/\/audaces.com\/pt-br\/blog\/pesquisa-moda\" target=\"_blank\" rel=\"noreferrer noopener\">4 passos para fazer pesquisa de moda e ter \u00f3timas ideias<\/a> <\/p>\n\n\n\n<p><strong>Quer criar cole\u00e7\u00f5es com mais agilidade? Preencha o formul\u00e1rio abaixo e assista \u00e0 masterclass:<\/strong><\/p>\n\n\n\n<div role=\"main\" id=\"form-masterclass-criar-colecao-digital-sem-custos-ad362f40202f476f7c3c\"><\/div><script type=\"text\/javascript\" src=\"https:\/\/d335luupugsy2.cloudfront.net\/js\/rdstation-forms\/stable\/rdstation-forms.min.js\"><\/script><script type=\"text\/javascript\"> new RDStationForms('form-masterclass-criar-colecao-digital-sem-custos-ad362f40202f476f7c3c', 'UA-78634938-2').createForm();<\/script>\n\n\n\n<h2 class=\"wp-block-heading\" id=\"h-como-garantir-que-as-cores-na-moda-3d-sejam-fieis-ao-tecido-real\"><span class=\"ez-toc-section\" id=\"como-garantir-que-as-cores-na-moda-3d-sejam-fieis-ao-tecido-real\"><\/span><strong>Como garantir que as cores na moda 3D sejam fi\u00e9is ao tecido real?<\/strong><span class=\"ez-toc-section-end\"><\/span><\/h2>\n\n\n\n<p>Garantir fidelidade de cor no ambiente digital exige controle t\u00e9cnico e boas ferramentas. Diferen\u00e7as de ilumina\u00e7\u00e3o, textura e configura\u00e7\u00e3o de tela podem alterar a percep\u00e7\u00e3o da cor.<\/p>\n\n\n\n<p>Para reduzir esse problema, use bibliotecas de tecidos digitalizadas com alta precis\u00e3o. Al\u00e9m disso, trabalhe com configura\u00e7\u00f5es padronizadas de ilumina\u00e7\u00e3o e invista em softwares que simulem as propriedades dos materiais.<\/p>\n\n\n\n<p>Solu\u00e7\u00f5es 3D avan\u00e7adas permitem visualizar como a cor reage em diferentes superf\u00edcies, aproximando o digital do resultado f\u00edsico.<\/p>\n\n\n\n<h2 class=\"wp-block-heading\" id=\"h-quais-cores-estarao-na-moda-em-2026-nbsp\"><span class=\"ez-toc-section\" id=\"quais-cores-estarao-na-moda-em-2026\"><\/span><strong>Quais cores estar\u00e3o na moda em 2026?&nbsp;<\/strong><span class=\"ez-toc-section-end\"><\/span><\/h2>\n\n\n\n<p>As cores na moda em 2026 refletem um equil\u00edbrio entre tecnologia, natureza e bem-estar. A proposta \u00e9 unir inova\u00e7\u00e3o com sensa\u00e7\u00f5es de conforto, leveza e pertencimento.<\/p>\n\n\n\n<p>A Pantone definiu o <strong><a href=\"https:\/\/www.pantone.com.br\/cor-do-ano-2026\/\" target=\"_blank\" rel=\"noreferrer noopener\">Cloud Dancer<\/a><\/strong> como a cor do ano de 2026, um branco suave e et\u00e9reo que transmite calma, simplicidade e renova\u00e7\u00e3o. Essa escolha refor\u00e7a um movimento global em dire\u00e7\u00e3o a tons mais acolhedores e vers\u00e1teis, que funcionam como base para diferentes estilos e propostas.<\/p>\n\n\n\n<p>Al\u00e9m da cor principal, a Pantone tamb\u00e9m apresentou uma paleta complementar com tonalidades que ampliam as possibilidades criativas, equilibrando neutros sofisticados com cores mais expressivas.<\/p>\n\n\n\n<h3 class=\"wp-block-heading\" id=\"h-tons-inspirados-na-leveza-e-neutralidade\">Tons inspirados na leveza e neutralidade<\/h3>\n\n\n\n<p>Seguindo a linha do Cloud Dancer, tons claros ganham protagonismo por sua versatilidade e apelo comercial:<\/p>\n\n\n\n<ul class=\"wp-block-list\">\n<li>Branco suave;<\/li>\n\n\n\n<li>Off-white quente;<\/li>\n\n\n\n<li>Bege rosado.<\/li>\n<\/ul>\n\n\n\n<p>Essas cores funcionam como base para cole\u00e7\u00f5es e facilitam combina\u00e7\u00f5es, tanto em pe\u00e7as b\u00e1sicas quanto em propostas mais elaboradas.<\/p>\n\n\n\n<h3 class=\"wp-block-heading\" id=\"h-tons-naturais-e-terrosos\">Tons naturais e terrosos<\/h3>\n\n\n\n<p>A conex\u00e3o com a natureza continua forte, trazendo cores que transmitem estabilidade e aconchego:<\/p>\n\n\n\n<ul class=\"wp-block-list\">\n<li>Verde musgo;<\/li>\n\n\n\n<li>Terracota;<\/li>\n\n\n\n<li>Areia quente.<\/li>\n<\/ul>\n\n\n\n<p>Esses tons refor\u00e7am a est\u00e9tica org\u00e2nica e sustent\u00e1vel que segue em alta no mercado.<\/p>\n\n\n\n<h3 class=\"wp-block-heading\" id=\"h-tons-digitais-e-de-destaque\">Tons digitais e de destaque<\/h3>\n\n\n\n<p>Para equilibrar a suavidade dos neutros, cores mais intensas aparecem como pontos de destaque:<\/p>\n\n\n\n<ul class=\"wp-block-list\">\n<li>Azul el\u00e9trico;<\/li>\n\n\n\n<li>Roxo profundo;<\/li>\n\n\n\n<li>Tons vibrantes suavizados.<\/li>\n<\/ul>\n\n\n\n<p>Essas tonalidades adicionam contraste e modernidade \u00e0s cole\u00e7\u00f5es, principalmente em detalhes ou pe\u00e7as-chave.<\/p>\n\n\n\n<p><strong>Leia mais: <\/strong><a href=\"https:\/\/audaces.com\/pt-br\/blog\/cor-ano\" target=\"_blank\" rel=\"noreferrer noopener\">Descubra como aplicar a cor do ano na sua cole\u00e7\u00e3o de moda<\/a><\/p>\n\n\n\n<h2 class=\"wp-block-heading\" id=\"h-e-possivel-testar-variantes-de-cores-na-moda-sem-gastar-com-amostras-de-tecido\"><span class=\"ez-toc-section\" id=\"e-possivel-testar-variantes-de-cores-na-moda-sem-gastar-com-amostras-de-tecido\"><\/span><strong>\u00c9 poss\u00edvel testar variantes de cores na moda sem gastar com amostras de tecido?<\/strong><span class=\"ez-toc-section-end\"><\/span><\/h2>\n\n\n\n<p>Sim, e essa \u00e9 uma das maiores vantagens da digitaliza\u00e7\u00e3o no setor. Com ferramentas 3D, \u00e9 poss\u00edvel testar in\u00fameras varia\u00e7\u00f5es de cor sem a necessidade de produzir amostras f\u00edsicas.<\/p>\n\n\n\n<p>Esse processo reduz significativamente os custos com prototipagem e acelera o desenvolvimento da cole\u00e7\u00e3o, permitindo validar decis\u00f5es com mais seguran\u00e7a antes da produ\u00e7\u00e3o. <\/p>\n\n\n\n<p>Al\u00e9m disso, a simula\u00e7\u00e3o digital facilita ajustes r\u00e1pidos com base em feedbacks da equipe ou at\u00e9 mesmo em respostas do mercado, tornando o fluxo criativo muito mais \u00e1gil e estrat\u00e9gico.<\/p>\n\n\n\n<h2 class=\"wp-block-heading\" id=\"h-existe-diferenca-na-renderizacao-de-cores-na-moda-para-tecidos-foscos-e-brilhantes\"><span class=\"ez-toc-section\" id=\"existe-diferenca-na-renderizacao-de-cores-na-moda-para-tecidos-foscos-e-brilhantes\"><\/span><strong>Existe diferen\u00e7a na renderiza\u00e7\u00e3o de cores na moda para tecidos foscos e brilhantes?<\/strong><span class=\"ez-toc-section-end\"><\/span><\/h2>\n\n\n\n<p>Sim, e essa diferen\u00e7a \u00e9 fundamental no desenvolvimento digital. Tecidos foscos absorvem mais luz, resultando em cores mais suaves e uniformes.<\/p>\n\n\n\n<p>J\u00e1 tecidos brilhantes refletem luz, o que intensifica a cor e pode alterar sua percep\u00e7\u00e3o dependendo do \u00e2ngulo.<\/p>\n\n\n\n<p>Por isso, ao trabalhar com simula\u00e7\u00e3o 3D, \u00e9 essencial considerar tipo de material, n\u00edvel de brilho e condi\u00e7\u00f5es de ilumina\u00e7\u00e3o. Esses fatores impactam diretamente o resultado final.<\/p>\n\n\n\n<h2 class=\"wp-block-heading\" id=\"h-como-combinar-cores-na-moda-nbsp\"><span class=\"ez-toc-section\" id=\"como-combinar-cores-na-moda\"><\/span><strong>Como combinar cores na moda?&nbsp;<\/strong><span class=\"ez-toc-section-end\"><\/span><\/h2>\n\n\n\n<figure class=\"wp-block-image size-large\"><img decoding=\"async\" width=\"1024\" height=\"683\" src=\"https:\/\/audaces.com\/wp-content\/uploads\/2016\/07\/cores-moda-como-combinar-1024x683.webp\" alt=\"Estilistas escolhendo combina\u00e7\u00f5es de cores para sua cole\u00e7\u00e3o\" class=\"wp-image-183494\" srcset=\"https:\/\/audaces.com\/wp-content\/uploads\/2016\/07\/cores-moda-como-combinar-1024x683.webp 1024w, https:\/\/audaces.com\/wp-content\/uploads\/2016\/07\/cores-moda-como-combinar-300x200.webp 300w, https:\/\/audaces.com\/wp-content\/uploads\/2016\/07\/cores-moda-como-combinar-768x513.webp 768w, https:\/\/audaces.com\/wp-content\/uploads\/2016\/07\/cores-moda-como-combinar.webp 1500w\" sizes=\"(max-width: 1024px) 100vw, 1024px\" \/><\/figure>\n\n\n\n<p>Para saber como combinar cores na moda, \u00e9 necess\u00e1rio ter algum conhecimento em teoria das cores. Felizmente, este n\u00e3o \u00e9 um conceito dif\u00edcil de entender.&nbsp;<\/p>\n\n\n\n<p>O melhor a se fazer \u00e9 se guiar pelo c\u00edrculo crom\u00e1tico! Aqui est\u00e3o algumas dicas para saber como fazer a combina\u00e7\u00e3o de pe\u00e7as na sua cole\u00e7\u00e3o:&nbsp;<\/p>\n\n\n\n<h3 class=\"wp-block-heading\" id=\"h-circulo-cromatico-nbsp-nbsp\">C\u00edrculo crom\u00e1tico&nbsp;&nbsp;<\/h3>\n\n\n\n<p>\u00c9 uma ferramenta que ajuda a identificar rela\u00e7\u00f5es de cores, oferecendo uma base para combina\u00e7\u00f5es harmoniosas. A classifica\u00e7\u00e3o do c\u00edrculo crom\u00e1tico se d\u00e1 da seguinte forma:&nbsp;<\/p>\n\n\n\n<ol class=\"wp-block-list\">\n<li><strong>Cores prim\u00e1rias: <\/strong>vermelho, amarelo e azul; <\/li>\n\n\n\n<li><strong>Cores secund\u00e1rias:<\/strong> formadas pela mistura das prim\u00e1rias, como verde, laranja e roxo;&nbsp;<\/li>\n\n\n\n<li><strong>Cores terci\u00e1rias: <\/strong>mistura de prim\u00e1rias e secund\u00e1rias, como amarelo-laranja ou azul-verde.<\/li>\n<\/ol>\n\n\n\n<p>A partir disso, voc\u00ea pode criar as seguintes combina\u00e7\u00f5es: <\/p>\n\n\n\n<h4 class=\"wp-block-heading\" id=\"h-combinacoes-monocromaticas\"><em>Combina\u00e7\u00f5es monocrom\u00e1ticas<\/em><\/h4>\n\n\n\n<p>\u00c9 a maneira mais segura de combinar as cores, j\u00e1 que consiste no uso de varia\u00e7\u00f5es da mesma cor base. Por exemplo, voc\u00ea pode combinar pe\u00e7as rosa-choque com rosa pastel, rosa-ch\u00e1, rosa escuro, etc.<\/p>\n\n\n\n<h4 class=\"wp-block-heading\" id=\"h-combinacoes-analogas\"><em>Combina\u00e7\u00f5es an\u00e1logas<\/em><\/h4>\n\n\n\n<p>\u00c9 a combina\u00e7\u00e3o de cores que est\u00e3o lado a lado no c\u00edrculo crom\u00e1tico. Alguns exemplos s\u00e3o combina\u00e7\u00f5es de azul com verde e vermelho com laranja. Elas d\u00e3o uma sensa\u00e7\u00e3o de suavidade e sofistica\u00e7\u00e3o.<\/p>\n\n\n\n<h4 class=\"wp-block-heading\" id=\"h-combinacoes-complementares\"><em>Combina\u00e7\u00f5es complementares<\/em><\/h4>\n\n\n\n<p>Feita com cores que est\u00e3o do lado oposto do c\u00edrculo crom\u00e1tico, como laranja + azul e vermelho + verde. <em>Looks <\/em>com esse combo criam um efeito din\u00e2mico, excelentes para cole\u00e7\u00f5es com toques ousados e modernos.<\/p>\n\n\n\n<h4 class=\"wp-block-heading\" id=\"h-combinacoes-triadicas\"><em>Combina\u00e7\u00f5es tri\u00e1dicas<\/em><\/h4>\n\n\n\n<p>\u00c9 a combina\u00e7\u00e3o de tr\u00eas tons distintos no c\u00edrculo crom\u00e1tico, como vermelho + amarelo + azul. Isso ajuda a criar um visual equilibrado, en\u00e9rgico e harm\u00f4nico. <\/p>\n\n\n\n<p>Seja qual for a combina\u00e7\u00e3o escolhida, para nenhum look ter um visual pesado, \u00e9 essencial selecionar uma cor de destaque. As outras podem ser aproveitadas em detalhes, como acess\u00f3rios ou sapatos.&nbsp;<\/p>\n\n\n\n<h2 class=\"wp-block-heading\" id=\"h-como-criar-uma-paleta-de-cores-na-moda-que-seja-comercial-e-assertiva\"><span class=\"ez-toc-section\" id=\"como-criar-uma-paleta-de-cores-na-moda-que-seja-comercial-e-assertiva\"><\/span><strong>Como criar uma paleta de cores na moda que seja comercial e assertiva?<\/strong><span class=\"ez-toc-section-end\"><\/span><\/h2>\n\n\n\n<p>Uma paleta eficiente precisa equilibrar tend\u00eancia, identidade de marca e viabilidade comercial. N\u00e3o basta ser criativa, ela precisa <strong>vender.<\/strong><\/p>\n\n\n\n<p>Para isso, considere o perfil do p\u00fablico-alvo, misture cores tend\u00eancia com cores comerciais, garanta versatilidade entre as pe\u00e7as e pense em combina\u00e7\u00f5es dentro da cole\u00e7\u00e3o.<\/p>\n\n\n\n<p>Uma boa paleta facilita tanto o desenvolvimento quanto a decis\u00e3o de compra do consumidor.<\/p>\n\n\n\n<h2 class=\"wp-block-heading\" id=\"h-como-as-cores-na-moda-influenciam-o-engajamento-em-desfiles-virtuais\"><span class=\"ez-toc-section\" id=\"como-as-cores-na-moda-influenciam-o-engajamento-em-desfiles-virtuais\"><\/span><strong>Como as cores na moda influenciam o engajamento em desfiles virtuais?<\/strong><span class=\"ez-toc-section-end\"><\/span><\/h2>\n\n\n\n<p>Nos desfiles virtuais, as cores assumem um papel ainda mais estrat\u00e9gico, j\u00e1 que toda a experi\u00eancia \u00e9 mediada por telas e depende de impacto visual imediato para prender a aten\u00e7\u00e3o.<\/p>\n\n\n\n<p>Quando bem escolhidas, elas ajudam a aumentar o tempo de visualiza\u00e7\u00e3o, direcionar o olhar para pe\u00e7as-chave e refor\u00e7ar o conceito da cole\u00e7\u00e3o de forma clara e envolvente. <\/p>\n\n\n\n<p>Ademais, o uso inteligente de contrastes e ilumina\u00e7\u00e3o potencializa a percep\u00e7\u00e3o das cores no ambiente digital, tornando a apresenta\u00e7\u00e3o mais din\u00e2mica e memor\u00e1vel para o p\u00fablico.<\/p>\n\n\n\n<h2 class=\"wp-block-heading\" id=\"h-crie-personalize-cores-e-faca-combinacoes-com-audaces-nbsp\"><span class=\"ez-toc-section\" id=\"crie-personalize-cores-e-faca-combinacoes-com-audaces\"><\/span><strong>Crie, personalize cores e fa\u00e7a combina\u00e7\u00f5es com Audaces&nbsp;<\/strong><span class=\"ez-toc-section-end\"><\/span><\/h2>\n\n\n\n<p>A Audaces \u00e9 refer\u00eancia na tecnologia para moda. Nossos sistemas oferecem uma gama de ferramentas para evidenciar a criatividade do seu time em cada passo.&nbsp;<\/p>\n\n\n\n<p>Voc\u00ea pode fazer personaliza\u00e7\u00e3o e combina\u00e7\u00f5es de cores na sua cole\u00e7\u00e3o de moda atrav\u00e9s dos nossos <em>softwares<\/em>. Conhe\u00e7a-os:&nbsp;<\/p>\n\n\n\n<h3 class=\"wp-block-heading\" id=\"h-audaces-fashion-studio-nbsp\">Audaces Fashion Studio&nbsp;<\/h3>\n\n\n\n<p>O <a href=\"https:\/\/audaces.com\/pt-br\/solucoes\/fashion-studio\" target=\"_blank\" rel=\"noreferrer noopener\">Audaces Fashion Studio<\/a> \u00e9 um est\u00fadio de cria\u00e7\u00e3o de modelos tridimensionais. Crie pe\u00e7as sim\u00e9tricas de diferentes cortes, adicione tecidos e texturas, personalize cores e estampas, tudo em um avatar 3D.&nbsp;<\/p>\n\n\n\n<p>Teste combina\u00e7\u00f5es e simule como elas seriam na vida real. Voc\u00ea pode, tamb\u00e9m, desfilar a pe\u00e7a no nosso ambiente virtual e conferir o caimento das roupas.<\/p>\n\n\n\n<h3 class=\"wp-block-heading\" id=\"h-audaces-idea-nbsp\">Audaces Idea&nbsp;<\/h3>\n\n\n\n<p>O <a href=\"https:\/\/audaces.com\/pt-br\/solucoes\/idea\" target=\"_blank\" rel=\"noreferrer noopener\">Audaces Idea<\/a> \u00e9 a nossa solu\u00e7\u00e3o digital para a cria\u00e7\u00e3o de desenhos e fichas t\u00e9cnicas. Al\u00e9m de contar com pr\u00e9-custo autom\u00e1tico e fichas automatizadas, voc\u00ea pode personalizar estampas e cores no seu esbo\u00e7o, diretamente da plataforma.&nbsp;<\/p>\n\n\n\n<p>Crie e edite estampas corridas e tenha uma comunica\u00e7\u00e3o \u00e1gil entre as \u00e1reas de Estilo e Modelagem.<\/p>\n\n\n\n<h3 class=\"wp-block-heading\" id=\"h-audaces-sofia-nbsp\">Audaces Sofia&nbsp;<\/h3>\n\n\n\n<p>O <a href=\"https:\/\/audaces.com\/pt-br\/solucoes\/sofia\" target=\"_blank\" rel=\"noreferrer noopener\">Audaces Sofia<\/a> \u00e9 o futuro da moda no presente! Com a nossa Intelig\u00eancia Artificial, voc\u00ea nunca mais sofrer\u00e1 com bloqueio criativo.&nbsp;<\/p>\n\n\n\n<p>N\u00e3o tem certeza de quais combina\u00e7\u00f5es fazer? Est\u00e1 inseguro com a harmoniza\u00e7\u00e3o de uma cor com um estilo de estampa? Precisa de ideias? \u00c9 s\u00f3 pedir para a Sofia.&nbsp;<\/p>\n\n\n\n<p><strong>Gostou do artigo ou ficou com alguma d\u00favida? N\u00e3o deixe de comentar!<\/strong><\/p>\n\n\n\n<h2 class=\"wp-block-heading\" id=\"h-faq\"><span class=\"ez-toc-section\" id=\"faq\"><\/span>FAQ<span class=\"ez-toc-section-end\"><\/span><\/h2>\n\n\n\n<div class=\"schema-faq wp-block-yoast-faq-block\"><div class=\"schema-faq-section\" id=\"faq-question-1730992501351\"><strong class=\"schema-faq-question\">Quais s\u00e3o as cores em tend\u00eancia para 2026?<\/strong> <p class=\"schema-faq-answer\">Tons neutros como branco, off-white e bege rosado e tons terrosos como terracota, verde escuro e areia quente.<\/p> <\/div> <div class=\"schema-faq-section\" id=\"faq-question-1730992513315\"><strong class=\"schema-faq-question\">Qual \u00e9 a import\u00e2ncia das cores na moda?<\/strong> <p class=\"schema-faq-answer\">As cores na moda evocam sensa\u00e7\u00f5es e ajudam as pessoas a expressar o que desejam.<\/p> <\/div> <div class=\"schema-faq-section\" id=\"faq-question-1730992522627\"><strong class=\"schema-faq-question\">Como combinar cores na moda?<\/strong> <p class=\"schema-faq-answer\">O mais recomendado \u00e9 que se siga a teoria das cores e o c\u00edrculo crom\u00e1tico, fazendo combina\u00e7\u00f5es entre cores prim\u00e1rias, secund\u00e1rias e terci\u00e1rias.<\/p> <\/div> <\/div>\n\n\n\n<p><\/p>\n","protected":false},"excerpt":{"rendered":"<p>Descubra as tend\u00eancias de cores na moda, sua influ\u00eancia em cole\u00e7\u00f5es e muito mais neste novo artigo. Leia agora!<\/p>\n","protected":false},"author":52,"featured_media":183486,"comment_status":"open","ping_status":"open","sticky":false,"template":"","format":"standard","meta":{"footnotes":""},"categories":[26],"tags":[],"class_list":["post-67820","post","type-post","status-publish","format-standard","has-post-thumbnail","hentry","category-criacao-estilo"],"yoast_head":"<!-- This site is optimized with the Yoast SEO Premium plugin v27.4 (Yoast SEO v27.5) - https:\/\/yoast.com\/product\/yoast-seo-premium-wordpress\/ -->\n<title>Cores na moda: qual a influ\u00eancia e como aplicar na cria\u00e7\u00e3o?<\/title>\n<meta name=\"description\" content=\"Descubra as tend\u00eancias de cores na moda, sua influ\u00eancia em cole\u00e7\u00f5es e muito mais neste novo artigo. Leia agora!\" \/>\n<meta name=\"robots\" content=\"index, follow, max-snippet:-1, max-image-preview:large, max-video-preview:-1\" \/>\n<link rel=\"canonical\" href=\"https:\/\/audaces.com\/pt-br\/blog\/cores-moda\" \/>\n<meta property=\"og:locale\" content=\"pt_BR\" \/>\n<meta property=\"og:type\" content=\"article\" \/>\n<meta property=\"og:title\" content=\"Cores na moda: qual a influ\u00eancia e como aplicar na cria\u00e7\u00e3o?\" \/>\n<meta property=\"og:description\" content=\"Descubra as tend\u00eancias de cores na moda, sua influ\u00eancia em cole\u00e7\u00f5es e muito mais neste novo artigo. Leia agora!\" \/>\n<meta property=\"og:url\" content=\"https:\/\/audaces.com\/pt-br\/blog\/cores-moda\" \/>\n<meta property=\"og:site_name\" content=\"Audaces\" \/>\n<meta property=\"article:publisher\" content=\"https:\/\/www.facebook.com\/audaces.pt\" \/>\n<meta property=\"article:published_time\" content=\"2026-04-15T19:37:15+00:00\" \/>\n<meta property=\"article:modified_time\" content=\"2026-04-29T15:08:32+00:00\" \/>\n<meta property=\"og:image\" content=\"https:\/\/audaces.com\/wp-content\/uploads\/2016\/07\/cores-moda-destaque.webp\" \/>\n\t<meta property=\"og:image:width\" content=\"1500\" \/>\n\t<meta property=\"og:image:height\" content=\"1001\" \/>\n\t<meta property=\"og:image:type\" content=\"image\/webp\" \/>\n<meta name=\"author\" content=\"Daniela Ribeiro Cunha\" \/>\n<meta name=\"twitter:card\" content=\"summary_large_image\" \/>\n<meta name=\"twitter:label1\" content=\"Escrito por\" \/>\n\t<meta name=\"twitter:data1\" content=\"Daniela Ribeiro Cunha\" \/>\n\t<meta name=\"twitter:label2\" content=\"Est. tempo de leitura\" \/>\n\t<meta name=\"twitter:data2\" content=\"14 minutos\" \/>\n<script type=\"application\/ld+json\" class=\"yoast-schema-graph\">{\"@context\":\"https:\\\/\\\/schema.org\",\"@graph\":[{\"@type\":\"Article\",\"@id\":\"https:\\\/\\\/audaces.com\\\/pt-br\\\/blog\\\/cores-moda#article\",\"isPartOf\":{\"@id\":\"https:\\\/\\\/audaces.com\\\/pt-br\\\/blog\\\/cores-moda\"},\"author\":{\"name\":\"Daniela Ribeiro Cunha\",\"@id\":\"https:\\\/\\\/audaces.com\\\/pt-br\\\/#\\\/schema\\\/person\\\/f713e4c03d181da254aa1491ee813ed5\"},\"headline\":\"Qual a influ\u00eancia das cores na moda e como aplicar?\",\"datePublished\":\"2026-04-15T19:37:15+00:00\",\"dateModified\":\"2026-04-29T15:08:32+00:00\",\"mainEntityOfPage\":{\"@id\":\"https:\\\/\\\/audaces.com\\\/pt-br\\\/blog\\\/cores-moda\"},\"wordCount\":2591,\"commentCount\":0,\"publisher\":{\"@id\":\"https:\\\/\\\/audaces.com\\\/pt-br\\\/#organization\"},\"image\":{\"@id\":\"https:\\\/\\\/audaces.com\\\/pt-br\\\/blog\\\/cores-moda#primaryimage\"},\"thumbnailUrl\":\"https:\\\/\\\/audaces.com\\\/wp-content\\\/uploads\\\/2016\\\/07\\\/cores-moda-destaque.webp\",\"articleSection\":[\"Cria\u00e7\u00e3o e Estilo\"],\"inLanguage\":\"pt-BR\",\"potentialAction\":[{\"@type\":\"CommentAction\",\"name\":\"Comment\",\"target\":[\"https:\\\/\\\/audaces.com\\\/pt-br\\\/blog\\\/cores-moda#respond\"]}]},{\"@type\":[\"WebPage\",\"FAQPage\"],\"@id\":\"https:\\\/\\\/audaces.com\\\/pt-br\\\/blog\\\/cores-moda\",\"url\":\"https:\\\/\\\/audaces.com\\\/pt-br\\\/blog\\\/cores-moda\",\"name\":\"Cores na moda: qual a influ\u00eancia e como aplicar na cria\u00e7\u00e3o?\",\"isPartOf\":{\"@id\":\"https:\\\/\\\/audaces.com\\\/pt-br\\\/#website\"},\"primaryImageOfPage\":{\"@id\":\"https:\\\/\\\/audaces.com\\\/pt-br\\\/blog\\\/cores-moda#primaryimage\"},\"image\":{\"@id\":\"https:\\\/\\\/audaces.com\\\/pt-br\\\/blog\\\/cores-moda#primaryimage\"},\"thumbnailUrl\":\"https:\\\/\\\/audaces.com\\\/wp-content\\\/uploads\\\/2016\\\/07\\\/cores-moda-destaque.webp\",\"datePublished\":\"2026-04-15T19:37:15+00:00\",\"dateModified\":\"2026-04-29T15:08:32+00:00\",\"description\":\"Descubra as tend\u00eancias de cores na moda, sua influ\u00eancia em cole\u00e7\u00f5es e muito mais neste novo artigo. Leia agora!\",\"breadcrumb\":{\"@id\":\"https:\\\/\\\/audaces.com\\\/pt-br\\\/blog\\\/cores-moda#breadcrumb\"},\"mainEntity\":[{\"@id\":\"https:\\\/\\\/audaces.com\\\/pt-br\\\/blog\\\/cores-moda#faq-question-1730992501351\"},{\"@id\":\"https:\\\/\\\/audaces.com\\\/pt-br\\\/blog\\\/cores-moda#faq-question-1730992513315\"},{\"@id\":\"https:\\\/\\\/audaces.com\\\/pt-br\\\/blog\\\/cores-moda#faq-question-1730992522627\"}],\"inLanguage\":\"pt-BR\",\"potentialAction\":[{\"@type\":\"ReadAction\",\"target\":[\"https:\\\/\\\/audaces.com\\\/pt-br\\\/blog\\\/cores-moda\"]}]},{\"@type\":\"ImageObject\",\"inLanguage\":\"pt-BR\",\"@id\":\"https:\\\/\\\/audaces.com\\\/pt-br\\\/blog\\\/cores-moda#primaryimage\",\"url\":\"https:\\\/\\\/audaces.com\\\/wp-content\\\/uploads\\\/2016\\\/07\\\/cores-moda-destaque.webp\",\"contentUrl\":\"https:\\\/\\\/audaces.com\\\/wp-content\\\/uploads\\\/2016\\\/07\\\/cores-moda-destaque.webp\",\"width\":1500,\"height\":1001,\"caption\":\"Profissionais escolhendo cores para sua cole\u00e7\u00e3o na moda\"},{\"@type\":\"BreadcrumbList\",\"@id\":\"https:\\\/\\\/audaces.com\\\/pt-br\\\/blog\\\/cores-moda#breadcrumb\",\"itemListElement\":[{\"@type\":\"ListItem\",\"position\":1,\"name\":\"INIZIO\",\"item\":\"https:\\\/\\\/audaces.com\\\/pt-br\"},{\"@type\":\"ListItem\",\"position\":2,\"name\":\"Qual a influ\u00eancia das cores na moda e como aplicar?\"}]},{\"@type\":\"WebSite\",\"@id\":\"https:\\\/\\\/audaces.com\\\/pt-br\\\/#website\",\"url\":\"https:\\\/\\\/audaces.com\\\/pt-br\\\/\",\"name\":\"Audaces\",\"description\":\"We are the Industry 4.0\",\"publisher\":{\"@id\":\"https:\\\/\\\/audaces.com\\\/pt-br\\\/#organization\"},\"potentialAction\":[{\"@type\":\"SearchAction\",\"target\":{\"@type\":\"EntryPoint\",\"urlTemplate\":\"https:\\\/\\\/audaces.com\\\/pt-br\\\/?s={search_term_string}\"},\"query-input\":{\"@type\":\"PropertyValueSpecification\",\"valueRequired\":true,\"valueName\":\"search_term_string\"}}],\"inLanguage\":\"pt-BR\"},{\"@type\":\"Organization\",\"@id\":\"https:\\\/\\\/audaces.com\\\/pt-br\\\/#organization\",\"name\":\"Audaces\",\"url\":\"https:\\\/\\\/audaces.com\\\/pt-br\\\/\",\"logo\":{\"@type\":\"ImageObject\",\"inLanguage\":\"pt-BR\",\"@id\":\"https:\\\/\\\/audaces.com\\\/pt-br\\\/#\\\/schema\\\/logo\\\/image\\\/\",\"url\":\"https:\\\/\\\/audaces.com\\\/wp-content\\\/uploads\\\/2022\\\/01\\\/cropped-cropped-logo-audace.png\",\"contentUrl\":\"https:\\\/\\\/audaces.com\\\/wp-content\\\/uploads\\\/2022\\\/01\\\/cropped-cropped-logo-audace.png\",\"width\":512,\"height\":512,\"caption\":\"Audaces\"},\"image\":{\"@id\":\"https:\\\/\\\/audaces.com\\\/pt-br\\\/#\\\/schema\\\/logo\\\/image\\\/\"},\"sameAs\":[\"https:\\\/\\\/www.facebook.com\\\/audaces.pt\"]},{\"@type\":\"Person\",\"@id\":\"https:\\\/\\\/audaces.com\\\/pt-br\\\/#\\\/schema\\\/person\\\/f713e4c03d181da254aa1491ee813ed5\",\"name\":\"Daniela Ribeiro Cunha\",\"image\":{\"@type\":\"ImageObject\",\"inLanguage\":\"pt-BR\",\"@id\":\"https:\\\/\\\/audaces.com\\\/wp-content\\\/uploads\\\/2025\\\/05\\\/cropped-daniela-96x96.png\",\"url\":\"https:\\\/\\\/audaces.com\\\/wp-content\\\/uploads\\\/2025\\\/05\\\/cropped-daniela-96x96.png\",\"contentUrl\":\"https:\\\/\\\/audaces.com\\\/wp-content\\\/uploads\\\/2025\\\/05\\\/cropped-daniela-96x96.png\",\"caption\":\"Daniela Ribeiro Cunha\"},\"description\":\"Copywriter Audaces\",\"sameAs\":[\"https:\\\/\\\/audaces.com\"],\"url\":\"https:\\\/\\\/audaces.com\\\/pt-br\\\/blog\\\/author\\\/daniela\"},{\"@type\":\"Question\",\"@id\":\"https:\\\/\\\/audaces.com\\\/pt-br\\\/blog\\\/cores-moda#faq-question-1730992501351\",\"position\":1,\"url\":\"https:\\\/\\\/audaces.com\\\/pt-br\\\/blog\\\/cores-moda#faq-question-1730992501351\",\"name\":\"Quais s\u00e3o as cores em tend\u00eancia para 2026?\",\"answerCount\":1,\"acceptedAnswer\":{\"@type\":\"Answer\",\"text\":\"Tons neutros como branco, off-white e bege rosado e tons terrosos como terracota, verde escuro e areia quente.\",\"inLanguage\":\"pt-BR\"},\"inLanguage\":\"pt-BR\"},{\"@type\":\"Question\",\"@id\":\"https:\\\/\\\/audaces.com\\\/pt-br\\\/blog\\\/cores-moda#faq-question-1730992513315\",\"position\":2,\"url\":\"https:\\\/\\\/audaces.com\\\/pt-br\\\/blog\\\/cores-moda#faq-question-1730992513315\",\"name\":\"Qual \u00e9 a import\u00e2ncia das cores na moda?\",\"answerCount\":1,\"acceptedAnswer\":{\"@type\":\"Answer\",\"text\":\"As cores na moda evocam sensa\u00e7\u00f5es e ajudam as pessoas a expressar o que desejam.\",\"inLanguage\":\"pt-BR\"},\"inLanguage\":\"pt-BR\"},{\"@type\":\"Question\",\"@id\":\"https:\\\/\\\/audaces.com\\\/pt-br\\\/blog\\\/cores-moda#faq-question-1730992522627\",\"position\":3,\"url\":\"https:\\\/\\\/audaces.com\\\/pt-br\\\/blog\\\/cores-moda#faq-question-1730992522627\",\"name\":\"Como combinar cores na moda?\",\"answerCount\":1,\"acceptedAnswer\":{\"@type\":\"Answer\",\"text\":\"O mais recomendado \u00e9 que se siga a teoria das cores e o c\u00edrculo crom\u00e1tico, fazendo combina\u00e7\u00f5es entre cores prim\u00e1rias, secund\u00e1rias e terci\u00e1rias.\",\"inLanguage\":\"pt-BR\"},\"inLanguage\":\"pt-BR\"}]}<\/script>\n<!-- \/ Yoast SEO Premium plugin. -->","yoast_head_json":{"title":"Cores na moda: qual a influ\u00eancia e como aplicar na cria\u00e7\u00e3o?","description":"Descubra as tend\u00eancias de cores na moda, sua influ\u00eancia em cole\u00e7\u00f5es e muito mais neste novo artigo. Leia agora!","robots":{"index":"index","follow":"follow","max-snippet":"max-snippet:-1","max-image-preview":"max-image-preview:large","max-video-preview":"max-video-preview:-1"},"canonical":"https:\/\/audaces.com\/pt-br\/blog\/cores-moda","og_locale":"pt_BR","og_type":"article","og_title":"Cores na moda: qual a influ\u00eancia e como aplicar na cria\u00e7\u00e3o?","og_description":"Descubra as tend\u00eancias de cores na moda, sua influ\u00eancia em cole\u00e7\u00f5es e muito mais neste novo artigo. Leia agora!","og_url":"https:\/\/audaces.com\/pt-br\/blog\/cores-moda","og_site_name":"Audaces","article_publisher":"https:\/\/www.facebook.com\/audaces.pt","article_published_time":"2026-04-15T19:37:15+00:00","article_modified_time":"2026-04-29T15:08:32+00:00","og_image":[{"width":1500,"height":1001,"url":"https:\/\/audaces.com\/wp-content\/uploads\/2016\/07\/cores-moda-destaque.webp","type":"image\/webp"}],"author":"Daniela Ribeiro Cunha","twitter_card":"summary_large_image","twitter_misc":{"Escrito por":"Daniela Ribeiro Cunha","Est. tempo de leitura":"14 minutos"},"schema":{"@context":"https:\/\/schema.org","@graph":[{"@type":"Article","@id":"https:\/\/audaces.com\/pt-br\/blog\/cores-moda#article","isPartOf":{"@id":"https:\/\/audaces.com\/pt-br\/blog\/cores-moda"},"author":{"name":"Daniela Ribeiro Cunha","@id":"https:\/\/audaces.com\/pt-br\/#\/schema\/person\/f713e4c03d181da254aa1491ee813ed5"},"headline":"Qual a influ\u00eancia das cores na moda e como aplicar?","datePublished":"2026-04-15T19:37:15+00:00","dateModified":"2026-04-29T15:08:32+00:00","mainEntityOfPage":{"@id":"https:\/\/audaces.com\/pt-br\/blog\/cores-moda"},"wordCount":2591,"commentCount":0,"publisher":{"@id":"https:\/\/audaces.com\/pt-br\/#organization"},"image":{"@id":"https:\/\/audaces.com\/pt-br\/blog\/cores-moda#primaryimage"},"thumbnailUrl":"https:\/\/audaces.com\/wp-content\/uploads\/2016\/07\/cores-moda-destaque.webp","articleSection":["Cria\u00e7\u00e3o e Estilo"],"inLanguage":"pt-BR","potentialAction":[{"@type":"CommentAction","name":"Comment","target":["https:\/\/audaces.com\/pt-br\/blog\/cores-moda#respond"]}]},{"@type":["WebPage","FAQPage"],"@id":"https:\/\/audaces.com\/pt-br\/blog\/cores-moda","url":"https:\/\/audaces.com\/pt-br\/blog\/cores-moda","name":"Cores na moda: qual a influ\u00eancia e como aplicar na cria\u00e7\u00e3o?","isPartOf":{"@id":"https:\/\/audaces.com\/pt-br\/#website"},"primaryImageOfPage":{"@id":"https:\/\/audaces.com\/pt-br\/blog\/cores-moda#primaryimage"},"image":{"@id":"https:\/\/audaces.com\/pt-br\/blog\/cores-moda#primaryimage"},"thumbnailUrl":"https:\/\/audaces.com\/wp-content\/uploads\/2016\/07\/cores-moda-destaque.webp","datePublished":"2026-04-15T19:37:15+00:00","dateModified":"2026-04-29T15:08:32+00:00","description":"Descubra as tend\u00eancias de cores na moda, sua influ\u00eancia em cole\u00e7\u00f5es e muito mais neste novo artigo. Leia agora!","breadcrumb":{"@id":"https:\/\/audaces.com\/pt-br\/blog\/cores-moda#breadcrumb"},"mainEntity":[{"@id":"https:\/\/audaces.com\/pt-br\/blog\/cores-moda#faq-question-1730992501351"},{"@id":"https:\/\/audaces.com\/pt-br\/blog\/cores-moda#faq-question-1730992513315"},{"@id":"https:\/\/audaces.com\/pt-br\/blog\/cores-moda#faq-question-1730992522627"}],"inLanguage":"pt-BR","potentialAction":[{"@type":"ReadAction","target":["https:\/\/audaces.com\/pt-br\/blog\/cores-moda"]}]},{"@type":"ImageObject","inLanguage":"pt-BR","@id":"https:\/\/audaces.com\/pt-br\/blog\/cores-moda#primaryimage","url":"https:\/\/audaces.com\/wp-content\/uploads\/2016\/07\/cores-moda-destaque.webp","contentUrl":"https:\/\/audaces.com\/wp-content\/uploads\/2016\/07\/cores-moda-destaque.webp","width":1500,"height":1001,"caption":"Profissionais escolhendo cores para sua cole\u00e7\u00e3o na moda"},{"@type":"BreadcrumbList","@id":"https:\/\/audaces.com\/pt-br\/blog\/cores-moda#breadcrumb","itemListElement":[{"@type":"ListItem","position":1,"name":"INIZIO","item":"https:\/\/audaces.com\/pt-br"},{"@type":"ListItem","position":2,"name":"Qual a influ\u00eancia das cores na moda e como aplicar?"}]},{"@type":"WebSite","@id":"https:\/\/audaces.com\/pt-br\/#website","url":"https:\/\/audaces.com\/pt-br\/","name":"Audaces","description":"We are the Industry 4.0","publisher":{"@id":"https:\/\/audaces.com\/pt-br\/#organization"},"potentialAction":[{"@type":"SearchAction","target":{"@type":"EntryPoint","urlTemplate":"https:\/\/audaces.com\/pt-br\/?s={search_term_string}"},"query-input":{"@type":"PropertyValueSpecification","valueRequired":true,"valueName":"search_term_string"}}],"inLanguage":"pt-BR"},{"@type":"Organization","@id":"https:\/\/audaces.com\/pt-br\/#organization","name":"Audaces","url":"https:\/\/audaces.com\/pt-br\/","logo":{"@type":"ImageObject","inLanguage":"pt-BR","@id":"https:\/\/audaces.com\/pt-br\/#\/schema\/logo\/image\/","url":"https:\/\/audaces.com\/wp-content\/uploads\/2022\/01\/cropped-cropped-logo-audace.png","contentUrl":"https:\/\/audaces.com\/wp-content\/uploads\/2022\/01\/cropped-cropped-logo-audace.png","width":512,"height":512,"caption":"Audaces"},"image":{"@id":"https:\/\/audaces.com\/pt-br\/#\/schema\/logo\/image\/"},"sameAs":["https:\/\/www.facebook.com\/audaces.pt"]},{"@type":"Person","@id":"https:\/\/audaces.com\/pt-br\/#\/schema\/person\/f713e4c03d181da254aa1491ee813ed5","name":"Daniela Ribeiro Cunha","image":{"@type":"ImageObject","inLanguage":"pt-BR","@id":"https:\/\/audaces.com\/wp-content\/uploads\/2025\/05\/cropped-daniela-96x96.png","url":"https:\/\/audaces.com\/wp-content\/uploads\/2025\/05\/cropped-daniela-96x96.png","contentUrl":"https:\/\/audaces.com\/wp-content\/uploads\/2025\/05\/cropped-daniela-96x96.png","caption":"Daniela Ribeiro Cunha"},"description":"Copywriter Audaces","sameAs":["https:\/\/audaces.com"],"url":"https:\/\/audaces.com\/pt-br\/blog\/author\/daniela"},{"@type":"Question","@id":"https:\/\/audaces.com\/pt-br\/blog\/cores-moda#faq-question-1730992501351","position":1,"url":"https:\/\/audaces.com\/pt-br\/blog\/cores-moda#faq-question-1730992501351","name":"Quais s\u00e3o as cores em tend\u00eancia para 2026?","answerCount":1,"acceptedAnswer":{"@type":"Answer","text":"Tons neutros como branco, off-white e bege rosado e tons terrosos como terracota, verde escuro e areia quente.","inLanguage":"pt-BR"},"inLanguage":"pt-BR"},{"@type":"Question","@id":"https:\/\/audaces.com\/pt-br\/blog\/cores-moda#faq-question-1730992513315","position":2,"url":"https:\/\/audaces.com\/pt-br\/blog\/cores-moda#faq-question-1730992513315","name":"Qual \u00e9 a import\u00e2ncia das cores na moda?","answerCount":1,"acceptedAnswer":{"@type":"Answer","text":"As cores na moda evocam sensa\u00e7\u00f5es e ajudam as pessoas a expressar o que desejam.","inLanguage":"pt-BR"},"inLanguage":"pt-BR"},{"@type":"Question","@id":"https:\/\/audaces.com\/pt-br\/blog\/cores-moda#faq-question-1730992522627","position":3,"url":"https:\/\/audaces.com\/pt-br\/blog\/cores-moda#faq-question-1730992522627","name":"Como combinar cores na moda?","answerCount":1,"acceptedAnswer":{"@type":"Answer","text":"O mais recomendado \u00e9 que se siga a teoria das cores e o c\u00edrculo crom\u00e1tico, fazendo combina\u00e7\u00f5es entre cores prim\u00e1rias, secund\u00e1rias e terci\u00e1rias.","inLanguage":"pt-BR"},"inLanguage":"pt-BR"}]}},"_links":{"self":[{"href":"https:\/\/audaces.com\/pt-br\/wp-json\/wp\/v2\/posts\/67820","targetHints":{"allow":["GET"]}}],"collection":[{"href":"https:\/\/audaces.com\/pt-br\/wp-json\/wp\/v2\/posts"}],"about":[{"href":"https:\/\/audaces.com\/pt-br\/wp-json\/wp\/v2\/types\/post"}],"author":[{"embeddable":true,"href":"https:\/\/audaces.com\/pt-br\/wp-json\/wp\/v2\/users\/52"}],"replies":[{"embeddable":true,"href":"https:\/\/audaces.com\/pt-br\/wp-json\/wp\/v2\/comments?post=67820"}],"version-history":[{"count":7,"href":"https:\/\/audaces.com\/pt-br\/wp-json\/wp\/v2\/posts\/67820\/revisions"}],"predecessor-version":[{"id":214910,"href":"https:\/\/audaces.com\/pt-br\/wp-json\/wp\/v2\/posts\/67820\/revisions\/214910"}],"wp:featuredmedia":[{"embeddable":true,"href":"https:\/\/audaces.com\/pt-br\/wp-json\/wp\/v2\/media\/183486"}],"wp:attachment":[{"href":"https:\/\/audaces.com\/pt-br\/wp-json\/wp\/v2\/media?parent=67820"}],"wp:term":[{"taxonomy":"category","embeddable":true,"href":"https:\/\/audaces.com\/pt-br\/wp-json\/wp\/v2\/categories?post=67820"},{"taxonomy":"post_tag","embeddable":true,"href":"https:\/\/audaces.com\/pt-br\/wp-json\/wp\/v2\/tags?post=67820"}],"curies":[{"name":"wp","href":"https:\/\/api.w.org\/{rel}","templated":true}]}}