{"id":67697,"date":"2025-04-23T15:31:57","date_gmt":"2025-04-23T18:31:57","guid":{"rendered":"http:\/\/site.audaces.com\/medidas-anatomicas\/"},"modified":"2025-04-28T19:09:22","modified_gmt":"2025-04-28T22:09:22","slug":"medidas-anatomicas","status":"publish","type":"post","link":"https:\/\/audaces.com\/pt-br\/blog\/medidas-anatomicas","title":{"rendered":"O que s\u00e3o as medidas anat\u00f4micas na modelagem de roupas?\u00a0"},"content":{"rendered":"\n<p><strong>Resumo:<\/strong>&nbsp;<\/p>\n\n\n\n<ul class=\"wp-block-list\">\n<li>As medidas anat\u00f4micas s\u00e3o essenciais para a modelagem;&nbsp;<\/li>\n\n\n\n<li>Elas podem ajudar a montar uma tabela de medidas precisa;&nbsp;<\/li>\n\n\n\n<li>Conte com os melhores softwares de modelagem digital em apenas uma solu\u00e7\u00e3o. <a href=\"https:\/\/conteudo.audaces.com\/inscricao-trial-360\" target=\"_blank\" rel=\"noreferrer noopener\">Teste gr\u00e1tis o Audaces360!<\/a>&nbsp;<\/li>\n<\/ul>\n\n\n\n<p>As medidas anat\u00f4micas s\u00e3o medidas de refer\u00eancia do corpo humano, muito importantes para diversas \u00e1reas. Na moda, elas s\u00e3o especialmente fundamentais para a modelagem.&nbsp;<\/p>\n\n\n\n<p>Elas permitem a confec\u00e7\u00e3o de roupas com o caimento adequado. Outra utilidade das medidas anat\u00f4micas \u00e9 se basear nelas para montar uma tabela de medidas padr\u00e3o.&nbsp;<\/p>\n\n\n\n<p>Neste artigo, voc\u00ea vai entender como funcionam as medidas anat\u00f4micas, como medi-las e seu papel na modelagem.&nbsp;<\/p>\n\n\n\n<p>Boa leitura!&nbsp;<\/p><div id=\"ez-toc-container\" class=\"ez-toc-v2_0_82_2 ez-toc-wrap-left counter-hierarchy ez-toc-counter ez-toc-custom ez-toc-container-direction\">\n<div class=\"ez-toc-title-container\">\n<p class=\"ez-toc-title ez-toc-toggle\" style=\"cursor:pointer\">Sum\u00e1rio<\/p>\n<span class=\"ez-toc-title-toggle\"><\/span><\/div>\n<nav><ul class='ez-toc-list ez-toc-list-level-1 ' ><li class='ez-toc-page-1 ez-toc-heading-level-2'><a class=\"ez-toc-link ez-toc-heading-1\" href=\"https:\/\/audaces.com\/pt-br\/blog\/medidas-anatomicas\/#por-que-usar-medidas-anatomicas-na-modelagem\" >Por que usar medidas anat\u00f4micas na modelagem?&nbsp;<\/a><\/li><li class='ez-toc-page-1 ez-toc-heading-level-2'><a class=\"ez-toc-link ez-toc-heading-2\" href=\"https:\/\/audaces.com\/pt-br\/blog\/medidas-anatomicas\/#o-que-sao-medidas-anatomicas\" >O que s\u00e3o medidas anat\u00f4micas?&nbsp;<\/a><\/li><li class='ez-toc-page-1 ez-toc-heading-level-2'><a class=\"ez-toc-link ez-toc-heading-3\" href=\"https:\/\/audaces.com\/pt-br\/blog\/medidas-anatomicas\/#principais-medidas-anatomicas-para-usar-na-modelagem\" >Principais medidas anat\u00f4micas para usar na modelagem&nbsp;<\/a><\/li><li class='ez-toc-page-1 ez-toc-heading-level-2'><a class=\"ez-toc-link ez-toc-heading-4\" href=\"https:\/\/audaces.com\/pt-br\/blog\/medidas-anatomicas\/#como-tirar-medidas-do-corpo-com-fita-metrica\" >Como tirar medidas do corpo com fita m\u00e9trica?&nbsp;<\/a><\/li><li class='ez-toc-page-1 ez-toc-heading-level-2'><a class=\"ez-toc-link ez-toc-heading-5\" href=\"https:\/\/audaces.com\/pt-br\/blog\/medidas-anatomicas\/#e-possivel-padronizar-medidas-anatomicas-para-roupas\" >\u00c9 poss\u00edvel padronizar medidas anat\u00f4micas para roupas?&nbsp;<\/a><\/li><li class='ez-toc-page-1 ez-toc-heading-level-2'><a class=\"ez-toc-link ez-toc-heading-6\" href=\"https:\/\/audaces.com\/pt-br\/blog\/medidas-anatomicas\/#como-agilizar-a-gradacao-de-tamanhos-com-a-tecnologia\" >Como agilizar a grada\u00e7\u00e3o de tamanhos com a tecnologia?&nbsp;<\/a><\/li><li class='ez-toc-page-1 ez-toc-heading-level-2'><a class=\"ez-toc-link ez-toc-heading-7\" href=\"https:\/\/audaces.com\/pt-br\/blog\/medidas-anatomicas\/#padronize-as-medidas-da-sua-confeccao-com-audaces\" >Padronize as medidas da sua confec\u00e7\u00e3o com Audaces&nbsp;<\/a><\/li><li class='ez-toc-page-1 ez-toc-heading-level-2'><a class=\"ez-toc-link ez-toc-heading-8\" href=\"https:\/\/audaces.com\/pt-br\/blog\/medidas-anatomicas\/#faq\" >FAQ<\/a><\/li><\/ul><\/nav><\/div>\n\n\n\n\n<h2 class=\"wp-block-heading\" id=\"h-por-que-usar-medidas-anatomicas-na-modelagem-nbsp\"><span class=\"ez-toc-section\" id=\"por-que-usar-medidas-anatomicas-na-modelagem\"><\/span><strong>Por que usar medidas anat\u00f4micas na modelagem?&nbsp;<\/strong><span class=\"ez-toc-section-end\"><\/span><\/h2>\n\n\n\n<p>Usar medidas anat\u00f4micas garante que a roupa se ajuste corretamente ao corpo humano, melhorando o caimento e o conforto.&nbsp;<\/p>\n\n\n\n<p>Com essas medidas \u00e9 poss\u00edvel criar moldes mais precisos, reduzindo erros e evitando desperd\u00edcio de material na confec\u00e7\u00e3o.&nbsp;<\/p>\n\n\n\n<p>Al\u00e9m disso, utilizar medidas anat\u00f4micas permite criar uma tabela de medidas mais realista e alinhada ao p\u00fablico-alvo.&nbsp;<\/p>\n\n\n\n<p><strong>Leia mais:<\/strong> <a href=\"https:\/\/audaces.com\/pt-br\/blog\/tabela-medidas-abnt\" target=\"_blank\" rel=\"noreferrer noopener\">Confira 8 vantagens da tabela de medidas ABNT para o vestu\u00e1rio<\/a>&nbsp;<\/p>\n\n\n\n<h2 class=\"wp-block-heading\" id=\"h-o-que-sao-medidas-anatomicas-nbsp\"><span class=\"ez-toc-section\" id=\"o-que-sao-medidas-anatomicas\"><\/span><strong>O que s\u00e3o medidas anat\u00f4micas?&nbsp;<\/strong><span class=\"ez-toc-section-end\"><\/span><\/h2>\n\n\n\n<p>Medidas anat\u00f4micas s\u00e3o dados coletados diretamente do corpo humano e usados como base para modelagem e produ\u00e7\u00e3o de roupas.&nbsp;<\/p>\n\n\n\n<p>Essas medidas ajudam a entender as propor\u00e7\u00f5es do corpo e permitem vestir diferentes tipos f\u00edsicos com mais precis\u00e3o.&nbsp;<\/p>\n\n\n\n<p>A principal vantagem \u00e9 utilizar essas informa\u00e7\u00f5es para desenvolver pe\u00e7as mais confort\u00e1veis, funcionais e bem ajustadas.&nbsp;<\/p>\n\n\n\n<h2 class=\"wp-block-heading\" id=\"h-principais-medidas-anatomicas-para-usar-na-modelagem-nbsp\"><span class=\"ez-toc-section\" id=\"principais-medidas-anatomicas-para-usar-na-modelagem\"><\/span><strong>Principais medidas anat\u00f4micas para usar na modelagem&nbsp;<\/strong><span class=\"ez-toc-section-end\"><\/span><\/h2>\n\n\n\n<figure class=\"wp-block-image size-large\"><img fetchpriority=\"high\" decoding=\"async\" width=\"1024\" height=\"683\" src=\"https:\/\/audaces.com\/wp-content\/uploads\/2015\/07\/medidas-anatomicas-tipos-1024x683.webp\" alt=\"Profissional de moda medindo o per\u00edmetro do pulso de uma crian\u00e7a com o aux\u00edlio de uma fita m\u00e9trica.\" class=\"wp-image-194769\" srcset=\"https:\/\/audaces.com\/wp-content\/uploads\/2015\/07\/medidas-anatomicas-tipos-1024x683.webp 1024w, https:\/\/audaces.com\/wp-content\/uploads\/2015\/07\/medidas-anatomicas-tipos-300x200.webp 300w, https:\/\/audaces.com\/wp-content\/uploads\/2015\/07\/medidas-anatomicas-tipos-768x512.webp 768w, https:\/\/audaces.com\/wp-content\/uploads\/2015\/07\/medidas-anatomicas-tipos-150x100.webp 150w, https:\/\/audaces.com\/wp-content\/uploads\/2015\/07\/medidas-anatomicas-tipos.webp 1500w\" sizes=\"(max-width: 1024px) 100vw, 1024px\" \/><\/figure>\n\n\n\n<h3 class=\"wp-block-heading\" id=\"h-estatura-nbsp\">Estatura&nbsp;<\/h3>\n\n\n\n<p>A estatura \u00e9 a altura total do corpo humano, da cabe\u00e7a at\u00e9 os p\u00e9s, medida com a pessoa em p\u00e9 e descal\u00e7a.&nbsp;<\/p>\n\n\n\n<p>Ela \u00e9 essencial para ajustar comprimentos de pe\u00e7as como vestidos, cal\u00e7as e macac\u00f5es na tabela de medidas.&nbsp;<\/p>\n\n\n\n<h3 class=\"wp-block-heading\" id=\"h-perimetro-do-torax-busto-nbsp\">Per\u00edmetro do t\u00f3rax\/busto&nbsp;<\/h3>\n\n\n\n<p>Essa medida \u00e9 tirada ao redor da parte mais larga do busto e influencia o ajuste de blusas, camisas e vestidos.&nbsp;<\/p>\n\n\n\n<p>Usar corretamente essa medida \u00e9 importante para evitar sobras ou apertos no centro do corpo.&nbsp;<\/p>\n\n\n\n<h3 class=\"wp-block-heading\" id=\"h-perimetro-da-cintura-nbsp\">Per\u00edmetro da cintura&nbsp;<\/h3>\n\n\n\n<p>A medida da cintura \u00e9 feita na parte mais estreita do tronco, sendo crucial para pe\u00e7as justas e bem modeladas.&nbsp;<\/p>\n\n\n\n<p>Ela ajuda a posicionar pences, el\u00e1sticos e c\u00f3s no lugar certo, garantindo caimento confort\u00e1vel.&nbsp;<\/p>\n\n\n\n<h3 class=\"wp-block-heading\" id=\"h-perimetro-do-baixo-quadril-nbsp\">Per\u00edmetro do baixo quadril&nbsp;<\/h3>\n\n\n\n<p>Essa medida \u00e9 feita ao redor da parte mais larga do quadril e influencia o encaixe de saias, cal\u00e7as e shorts.&nbsp;<\/p>\n\n\n\n<p>Utilizar essa medida corretamente evita que a pe\u00e7a fique apertada ou muito solta na parte inferior do corpo.&nbsp;<\/p>\n\n\n\n<h3 class=\"wp-block-heading\" id=\"h-extensao-posterior-do-tronco-nbsp\">Extens\u00e3o posterior do tronco&nbsp;<\/h3>\n\n\n\n<p>\u00c9 a dist\u00e2ncia da base do pesco\u00e7o at\u00e9 a cintura nas costas. Essa medida ajusta a modelagem das costas de blusas e vestidos.&nbsp;<\/p>\n\n\n\n<p>Ela \u00e9 \u00fatil para garantir que a pe\u00e7a n\u00e3o forme sobras ou fique curta demais nessa regi\u00e3o.&nbsp;<\/p>\n\n\n\n<h3 class=\"wp-block-heading\" id=\"h-comprimento-do-tronco-anterior-frente-a-cintura-nbsp\">Comprimento do tronco anterior (frente) \u00e0 cintura&nbsp;<\/h3>\n\n\n\n<p>Essa medida vai do ombro, passando pelo busto, at\u00e9 a cintura. \u00c9 essencial para definir a frente de blusas e vestidos.&nbsp;<\/p>\n\n\n\n<p>Usar essa medida corretamente ajuda a evitar que a roupa suba ou forme dobras indesejadas.&nbsp;<\/p>\n\n\n\n<h3 class=\"wp-block-heading\" id=\"h-extensao-lateral-entre-cintura-e-baixo-quadril-nbsp\">Extens\u00e3o lateral entre cintura e baixo quadril&nbsp;<\/h3>\n\n\n\n<p>Essa medida \u00e9 tirada na lateral do corpo e ajuda a equilibrar o comprimento da pe\u00e7a entre cintura e quadril.&nbsp;<\/p>\n\n\n\n<p>Ela garante que o encaixe lateral da roupa acompanhe a anatomia do corpo humano com mais naturalidade.&nbsp;<\/p>\n\n\n\n<h3 class=\"wp-block-heading\" id=\"h-comprimento-da-papila-mamaria-ate-a-incisura-jugular-nbsp\">Comprimento da papila mam\u00e1ria at\u00e9 a incisura jugular&nbsp;<\/h3>\n\n\n\n<p>Essa medida vai do centro do busto at\u00e9 a base do pesco\u00e7o e define a posi\u00e7\u00e3o correta das pences do busto.&nbsp;<\/p>\n\n\n\n<p>Ela melhora o ajuste da pe\u00e7a na regi\u00e3o superior do corpo e d\u00e1 mais conforto ao vestir.&nbsp;<\/p>\n\n\n\n<h3 class=\"wp-block-heading\" id=\"h-largura-entre-papilas-mamarias-nbsp\">Largura entre papilas mam\u00e1rias&nbsp;<\/h3>\n\n\n\n<p>Essa medida define a dist\u00e2ncia entre os bustos, sendo essencial para desenhar moldes bem posicionados no corpo.&nbsp;<\/p>\n\n\n\n<p>Ela garante simetria e evita deforma\u00e7\u00f5es na modelagem da parte frontal da roupa.&nbsp;<\/p>\n\n\n\n<h3 class=\"wp-block-heading\" id=\"h-comprimento-entre-extremo-do-ombro-cotovelo-e-pulso-nbsp\">Comprimento entre extremo do ombro, cotovelo e pulso&nbsp;<\/h3>\n\n\n\n<p>Essas tr\u00eas medidas articuladas formam a base do encaixe da manga, ajustando o movimento do bra\u00e7o com conforto.&nbsp;<\/p>\n\n\n\n<p>Medir corretamente essas partes ajuda a criar mangas que n\u00e3o apertam nem limitam os movimentos.&nbsp;<\/p>\n\n\n\n<h3 class=\"wp-block-heading\" id=\"h-comprimento-ombro-a-ombro-nbsp\">Comprimento ombro a ombro&nbsp;<\/h3>\n\n\n\n<p>Essa medida \u00e9 feita entre os dois extremos dos ombros e serve para ajustar a largura superior da pe\u00e7a.&nbsp;<\/p>\n\n\n\n<p>Ela define o caimento das mangas e o alinhamento da costura do ombro com o corpo.&nbsp;<\/p>\n\n\n\n<h3 class=\"wp-block-heading\" id=\"h-perimetro-do-pulso-nbsp\">Per\u00edmetro do pulso&nbsp;<\/h3>\n\n\n\n<p>\u00c9 a medida ao redor do pulso e ajuda a ajustar o final da manga, especialmente em camisas, blusas e jaquetas.&nbsp;<\/p>\n\n\n\n<p>Ela garante que o punho n\u00e3o fique largo ou apertado demais.&nbsp;<\/p>\n\n\n\n<h3 class=\"wp-block-heading\" id=\"h-perimetro-do-biceps-nbsp\">Per\u00edmetro do b\u00edceps&nbsp;<\/h3>\n\n\n\n<p>Essa medida \u00e9 feita ao redor do bra\u00e7o, na parte mais larga do b\u00edceps. \u00c9 essencial para o conforto da manga.&nbsp;<\/p>\n\n\n\n<p>Usar essa medida corretamente evita que a pe\u00e7a limite o movimento do bra\u00e7o.&nbsp;<\/p>\n\n\n\n<h3 class=\"wp-block-heading\" id=\"h-perimetro-da-coxa-nbsp\">Per\u00edmetro da coxa&nbsp;<\/h3>\n\n\n\n<p>Medir a coxa \u00e9 importante para cal\u00e7as, bermudas e saias que seguem o contorno do corpo humano nessa regi\u00e3o.&nbsp;<\/p>\n\n\n\n<p>Ela garante que a roupa n\u00e3o fique apertada nem provoque desconforto ao sentar ou caminhar.&nbsp;<\/p>\n\n\n\n<h3 class=\"wp-block-heading\" id=\"h-perimetro-do-joelho-nbsp\">Per\u00edmetro do joelho&nbsp;<\/h3>\n\n\n\n<p>Essa medida ajuda a ajustar a modelagem de pe\u00e7as mais ajustadas como leggings, cal\u00e7as skinny e bermudas.&nbsp;<\/p>\n\n\n\n<p>Ela influencia no conforto ao dobrar os joelhos e na apar\u00eancia visual da pe\u00e7a.&nbsp;<\/p>\n\n\n\n<h3 class=\"wp-block-heading\" id=\"h-perimetro-da-panturrilha-nbsp\">Per\u00edmetro da panturrilha&nbsp;<\/h3>\n\n\n\n<p>Essa medida define o ajuste da pe\u00e7a abaixo do joelho, especialmente em cal\u00e7as, botas e meias personalizadas.&nbsp;<\/p>\n\n\n\n<p>Ela ajuda a evitar que a roupa aperte ou enrole durante o uso.&nbsp;<\/p>\n\n\n\n<h3 class=\"wp-block-heading\" id=\"h-perimetro-do-tornozelo-nbsp\">Per\u00edmetro do tornozelo&nbsp;<\/h3>\n\n\n\n<p>O tornozelo \u00e9 a \u00faltima parte da perna a ser medida e define o caimento do final da pe\u00e7a, como cal\u00e7as justas.&nbsp;<\/p>\n\n\n\n<p>Ele garante que a pe\u00e7a n\u00e3o fique folgada nem enrosque ao vestir.&nbsp;<\/p>\n\n\n\n<h3 class=\"wp-block-heading\" id=\"h-comprimento-da-cintura-ao-tornozelo-nbsp\">Comprimento da cintura ao tornozelo&nbsp;<\/h3>\n\n\n\n<p>Essa medida vertical ajuda a definir o comprimento total de cal\u00e7as e vestidos longos, evitando ajustes posteriores.&nbsp;<\/p>\n\n\n\n<p>Ela garante que a barra da pe\u00e7a chegue at\u00e9 o ponto correto na perna.&nbsp;<\/p>\n\n\n\n<h3 class=\"wp-block-heading\" id=\"h-altura-do-entrepernas-nbsp\">Altura do entrepernas&nbsp;<\/h3>\n\n\n\n<p>A medida da entreperna vai da parte mais alta interna da virilha at\u00e9 o tornozelo e influencia diretamente no conforto das cal\u00e7as.&nbsp;<\/p>\n\n\n\n<p>Ela garante mobilidade e evita tecidos sobrando ou repuxando nessa regi\u00e3o.&nbsp;<\/p>\n\n\n\n<h3 class=\"wp-block-heading\" id=\"h-comprimento-da-cintura-ao-joelho-nbsp\">Comprimento da cintura ao joelho&nbsp;<\/h3>\n\n\n\n<p>Usar essa medida \u00e9 \u00fatil para saias, bermudas e vestidos mais curtos, garantindo o comprimento exato da pe\u00e7a.&nbsp;<\/p>\n\n\n\n<p>Ela permite definir a altura ideal para o estilo desejado.&nbsp;<\/p>\n\n\n\n<h3 class=\"wp-block-heading\" id=\"h-contorno-do-gancho-da-frente-nbsp\">Contorno do gancho da frente&nbsp;<\/h3>\n\n\n\n<p>Essa medida vai da frente da cintura at\u00e9 a parte inferior do gancho e ajuda a definir a profundidade da pe\u00e7a.&nbsp;<\/p>\n\n\n\n<p>Ela \u00e9 essencial em cal\u00e7as e shorts para evitar desconforto na parte frontal.&nbsp;<\/p>\n\n\n\n<h3 class=\"wp-block-heading\" id=\"h-contorno-do-gancho-das-costas-nbsp\">Contorno do gancho das costas&nbsp;<\/h3>\n\n\n\n<p>\u00c9 a mesma ideia da medida anterior, s\u00f3 que pelas costas. Ela influencia o caimento e o conforto na regi\u00e3o traseira.&nbsp;<\/p>\n\n\n\n<p>Um bom ajuste evita que a pe\u00e7a fique puxando ou desconfort\u00e1vel ao sentar.&nbsp;<\/p>\n\n\n\n<h3 class=\"wp-block-heading\" id=\"h-perimetro-horizontal-da-cabeca-nbsp\">Per\u00edmetro horizontal da cabe\u00e7a&nbsp;<\/h3>\n\n\n\n<p>Essa medida \u00e9 usada para acess\u00f3rios como bon\u00e9s, chap\u00e9us e gorros, garantindo que o item encaixe bem na cabe\u00e7a.&nbsp;<\/p>\n\n\n\n<p>Ela tamb\u00e9m pode ser usada para pe\u00e7as teatrais ou roupas especiais.&nbsp;<\/p>\n\n\n\n<h3 class=\"wp-block-heading\" id=\"h-perimetro-do-pescoco-nbsp\">Per\u00edmetro do pesco\u00e7o&nbsp;<\/h3>\n\n\n\n<p>A medida ao redor do pesco\u00e7o define o ajuste de camisas sociais, golas e colarinhos, evitando apertos ou folgas.&nbsp;<\/p>\n\n\n\n<p>Ela \u00e9 fundamental para pe\u00e7as formais e sob medida.&nbsp;<\/p>\n\n\n\n<h3 class=\"wp-block-heading\" id=\"h-contorno-entre-a-frente-e-as-costas-do-pescoco-nbsp\">Contorno entre a frente e as costas do pesco\u00e7o&nbsp;<\/h3>\n\n\n\n<p>Essa medida passa pela base do pesco\u00e7o e \u00e9 \u00fatil para moldar decotes e golas mais elaboradas.&nbsp;<\/p>\n\n\n\n<p>Ela melhora o acabamento e valoriza o design da pe\u00e7a.&nbsp;<\/p>\n\n\n\n<p><strong>Leia mais: <\/strong><a href=\"https:\/\/audaces.com\/pt-br\/blog\/tabela-medidas-roupas-infantil\" target=\"_blank\" rel=\"noreferrer noopener\">Aprenda como criar a sua tabela de medidas de roupas infantil<\/a>&nbsp;<\/p>\n\n\n\n<h2 class=\"wp-block-heading\" id=\"h-como-tirar-medidas-do-corpo-com-fita-metrica-nbsp\"><span class=\"ez-toc-section\" id=\"como-tirar-medidas-do-corpo-com-fita-metrica\"><\/span><strong>Como tirar medidas do corpo com fita m\u00e9trica?&nbsp;<\/strong><span class=\"ez-toc-section-end\"><\/span><\/h2>\n\n\n\n<p>Usar uma fita m\u00e9trica flex\u00edvel \u00e9 o jeito mais simples de tirar medidas do corpo humano com precis\u00e3o e seguran\u00e7a.&nbsp;<\/p>\n\n\n\n<p>A pessoa deve estar em p\u00e9, com a postura reta, usando roupas leves ou de prefer\u00eancia apenas roupa \u00edntima.&nbsp;<\/p>\n\n\n\n<p>A fita deve estar ajustada ao corpo, mas sem apertar, para garantir que as medidas sejam reais e confi\u00e1veis.&nbsp;<\/p>\n\n\n\n<p>Ao medir, evite dobrar a fita ou deix\u00e1-la torta, pois isso pode distorcer o valor e comprometer o molde.&nbsp;<\/p>\n\n\n\n<p>Marcar cada medida em uma ficha ajuda a organizar o processo e montar uma tabela de medidas personalizada.&nbsp;<\/p>\n\n\n\n<p><strong>Leia mais: <\/strong><a href=\"https:\/\/audaces.com\/pt-br\/blog\/como-tirar-medidas-corpo\" target=\"_blank\" rel=\"noreferrer noopener\">Descubra como tirar medidas do corpo em passos simples<\/a>&nbsp;<\/p>\n\n\n\n<h2 class=\"wp-block-heading\" id=\"h-e-possivel-padronizar-medidas-anatomicas-para-roupas-nbsp\"><span class=\"ez-toc-section\" id=\"e-possivel-padronizar-medidas-anatomicas-para-roupas\"><\/span><strong>\u00c9 poss\u00edvel padronizar medidas anat\u00f4micas para roupas?&nbsp;<\/strong><span class=\"ez-toc-section-end\"><\/span><\/h2>\n\n\n\n<figure class=\"wp-block-image size-large\"><img decoding=\"async\" width=\"1024\" height=\"683\" src=\"https:\/\/audaces.com\/wp-content\/uploads\/2015\/07\/medidas-anatomicas-padronizar-1024x683.webp\" alt=\"Modelista medindo ombro a ombro da camisa de um homem.\" class=\"wp-image-194773\" srcset=\"https:\/\/audaces.com\/wp-content\/uploads\/2015\/07\/medidas-anatomicas-padronizar-1024x683.webp 1024w, https:\/\/audaces.com\/wp-content\/uploads\/2015\/07\/medidas-anatomicas-padronizar-300x200.webp 300w, https:\/\/audaces.com\/wp-content\/uploads\/2015\/07\/medidas-anatomicas-padronizar-768x512.webp 768w, https:\/\/audaces.com\/wp-content\/uploads\/2015\/07\/medidas-anatomicas-padronizar-150x100.webp 150w, https:\/\/audaces.com\/wp-content\/uploads\/2015\/07\/medidas-anatomicas-padronizar.webp 1500w\" sizes=\"(max-width: 1024px) 100vw, 1024px\" \/><\/figure>\n\n\n\n<p>Sim, \u00e9 poss\u00edvel padronizar medidas anat\u00f4micas com base em estudos do corpo humano e na an\u00e1lise do p\u00fablico-alvo da marca.&nbsp;<\/p>\n\n\n\n<p>Essa padroniza\u00e7\u00e3o permite criar uma tabela de medidas que atenda a maioria dos consumidores de forma eficiente e funcional.&nbsp;<\/p>\n\n\n\n<p>Ao utilizar essas medidas padr\u00e3o, a confec\u00e7\u00e3o consegue produzir pe\u00e7as com caimento mais previs\u00edvel e menos necessidade de ajustes.&nbsp;<\/p>\n\n\n\n<p>Cada empresa pode adaptar sua tabela de medidas conforme o perfil do consumidor, criando tamanhos P, M, G ou num\u00e9ricos.&nbsp;<\/p>\n\n\n\n<p>Padronizar as medidas \u00e9 essencial para escalar a produ\u00e7\u00e3o sem perder a qualidade do produto final.&nbsp;<\/p>\n\n\n\n<p><strong>Leia mais<\/strong>: <a href=\"https:\/\/audaces.com\/pt-br\/blog\/personalizacao-massa\" target=\"_blank\" rel=\"noreferrer noopener\">4 vantagens da personaliza\u00e7\u00e3o em massa na moda<\/a>&nbsp;<\/p>\n\n\n\n<h2 class=\"wp-block-heading\" id=\"h-como-agilizar-a-gradacao-de-tamanhos-com-a-tecnologia-nbsp\"><span class=\"ez-toc-section\" id=\"como-agilizar-a-gradacao-de-tamanhos-com-a-tecnologia\"><\/span><strong>Como agilizar a grada\u00e7\u00e3o de tamanhos com a tecnologia?&nbsp;<\/strong><span class=\"ez-toc-section-end\"><\/span><\/h2>\n\n\n\n<p>A tecnologia permite automatizar o processo de grada\u00e7\u00e3o, criando varia\u00e7\u00f5es de tamanhos a partir de uma \u00fanica base modelada.&nbsp;<\/p>\n\n\n\n<p>Em sistemas como os da Audaces, voc\u00ea pode inserir as&nbsp;medidas anat\u00f4micas e gerar rapidamente todos os tamanhos da tabela de medidas.&nbsp;<\/p>\n\n\n\n<p>Isso reduz o tempo de desenvolvimento e aumenta a precis\u00e3o dos moldes, evitando erros comuns no processo manual.&nbsp;<\/p>\n\n\n\n<p>\u00c9 utilizar a tecnologia ao seu favor, ganhando agilidade sem abrir m\u00e3o da qualidade ou do ajuste ao corpo humano.&nbsp;<\/p>\n\n\n\n<p>A grada\u00e7\u00e3o digital tamb\u00e9m facilita corre\u00e7\u00f5es e altera\u00e7\u00f5es futuras, tornando a produ\u00e7\u00e3o muito mais eficiente.&nbsp;<\/p>\n\n\n\n<p><strong>Leia mais<\/strong>: <a href=\"https:\/\/audaces.com\/pt-br\/blog\/tabela-gradacao-moldes\" target=\"_blank\" rel=\"noreferrer noopener\">Vantagens da tabela de grada\u00e7\u00e3o de moldes para sua confec\u00e7\u00e3o<\/a>&nbsp;<\/p>\n\n\n\n<p><strong>Quer saber mais sobre modelagem digital? \u00c9 s\u00f3 baixar o material abaixo, de forma 100% gratuita!<\/strong><\/p>\n\n\n\n<div role=\"main\" id=\"ebook-modelagem-digital-no-sistema-audaces-moldes-29428fc347b91f7e68e7\"><\/div><script type=\"text\/javascript\" src=\"https:\/\/d335luupugsy2.cloudfront.net\/js\/rdstation-forms\/stable\/rdstation-forms.min.js\"><\/script><script type=\"text\/javascript\"> new RDStationForms('ebook-modelagem-digital-no-sistema-audaces-moldes-29428fc347b91f7e68e7', 'UA-78634938-2').createForm();<\/script>\n\n\n\n<h2 class=\"wp-block-heading\" id=\"h-padronize-as-medidas-da-sua-confeccao-com-audaces-nbsp\"><span class=\"ez-toc-section\" id=\"padronize-as-medidas-da-sua-confeccao-com-audaces\"><\/span><strong>Padronize as medidas da sua confec\u00e7\u00e3o com Audaces&nbsp;<\/strong><span class=\"ez-toc-section-end\"><\/span><\/h2>\n\n\n\n<p>A Audaces tem as melhores ferramentas para uma modelagem precisa e \u00e1gil. Como j\u00e1 demos o <em>spoiler<\/em>, a partir das medidas anat\u00f4micas, voc\u00ea pode criar uma tabela de medidas autom\u00e1tica.&nbsp;<\/p>\n\n\n\n<p>Dessa maneira, a grada\u00e7\u00e3o dos moldes e produ\u00e7\u00e3o de cole\u00e7\u00f5es fica mais r\u00e1pida e assertiva. &nbsp;<\/p>\n\n\n\n<p>Conhe\u00e7a as outras fun\u00e7\u00f5es incr\u00edveis dos nossos softwares de modelagem:&nbsp;<\/p>\n\n\n\n<h3 class=\"wp-block-heading\" id=\"h-audaces-moldes-nbsp\">Audaces Moldes&nbsp;<\/h3>\n\n\n\n<p>O queridinho de modelistas ao redor do mundo, o Audaces Moldes permite criar, modificar e graduar moldes com 70% mais velocidade.&nbsp;<\/p>\n\n\n\n<p>Com as ferramentas de modelagem mais poderosas do mercado, tamb\u00e9m \u00e9 poss\u00edvel integrar o sistema com outros softwares Audaces. Tenha sua produ\u00e7\u00e3o 100% conectada e entregue cole\u00e7\u00f5es de qualidade.&nbsp;<\/p>\n\n\n\n<p>Quer saber mais? <a href=\"https:\/\/audaces.com\/pt-br\/solucoes\/moldes\" target=\"_blank\" rel=\"noreferrer noopener\">Clique aqui para conferir detalhes do Audaces Moldes!<\/a>&nbsp;<\/p>\n\n\n\n<h3 class=\"wp-block-heading\" id=\"h-audaces-3d-nbsp\">Audaces 3D&nbsp;<\/h3>\n\n\n\n<p>Leve sua modelagem ao pr\u00f3ximo n\u00edvel com o Audaces 3D! &nbsp;<\/p>\n\n\n\n<p>Al\u00e9m da modelagem tridimensional, voc\u00ea tamb\u00e9m pode costurar, simular e aprovar suas pe\u00e7as em um ambiente completamente virtual.&nbsp;<\/p>\n\n\n\n<p>Tenha um prot\u00f3tipo digital e confirme fit e vestibilidade de forma completamente fiel \u00e0 realidade. &nbsp;<\/p>\n\n\n\n<p>Sustentabilidade, tecnologia de ponta e o futuro nas suas m\u00e3os. <a href=\"https:\/\/audaces.com\/pt-br\/solucoes\/3d\" target=\"_blank\" rel=\"noreferrer noopener\">Conhe\u00e7a o Audaces 3D agora!<\/a>&nbsp;<\/p>\n\n\n\n<p><strong>O que achou do artigo? Tem mais alguma d\u00favida sobre como tirar medidas anat\u00f4micas ou sobre modelagem? N\u00e3o deixe de comentar! <\/strong><\/p>\n\n\n\n<h2 class=\"wp-block-heading\" id=\"h-faq\"><span class=\"ez-toc-section\" id=\"faq\"><\/span>FAQ<span class=\"ez-toc-section-end\"><\/span><\/h2>\n\n\n\n<div class=\"schema-faq wp-block-yoast-faq-block\"><div class=\"schema-faq-section\" id=\"faq-question-1745431494164\"><strong class=\"schema-faq-question\">Por que medidas anat\u00f4micas s\u00e3o importantes na moda?<\/strong> <p class=\"schema-faq-answer\">Elas s\u00e3o importantes para ajudar no processo de modelagem, como na cria\u00e7\u00e3o de tabela de medidas.<\/p> <\/div> <div class=\"schema-faq-section\" id=\"faq-question-1745431506944\"><strong class=\"schema-faq-question\">Quais medidas tirar para modelagem?<\/strong> <p class=\"schema-faq-answer\">Tudo depende da pe\u00e7a que voc\u00ea vai criar. Podemos citar algumas como estatura, t\u00f3rax\/busto, cintura, quadril, extens\u00e3o do tronco, etc.<\/p> <\/div> <div class=\"schema-faq-section\" id=\"faq-question-1745431520970\"><strong class=\"schema-faq-question\">Tirar medidas anat\u00f4micas ajuda a montar tabela de medidas?<\/strong> <p class=\"schema-faq-answer\">Sim! Com a tecnologia, tamb\u00e9m \u00e9 poss\u00edvel montar uma tabela de medidas autom\u00e1tica atrav\u00e9s das medidas anat\u00f4micas.<\/p> <\/div> <\/div>\n\n\n\n<p><\/p>\n","protected":false},"excerpt":{"rendered":"<p>Conhe\u00e7a a import\u00e2ncia das medidas anat\u00f4micas e como elas podem ajudar a criar uma tabela padronizada para sua confec\u00e7\u00e3o. Leia o artigo!<\/p>\n","protected":false},"author":54,"featured_media":194765,"comment_status":"open","ping_status":"open","sticky":false,"template":"","format":"standard","meta":{"footnotes":""},"categories":[7133],"tags":[],"class_list":["post-67697","post","type-post","status-publish","format-standard","has-post-thumbnail","hentry","category-modelagem"],"yoast_head":"<!-- This site is optimized with the Yoast SEO Premium plugin v27.4 (Yoast SEO v27.5) - https:\/\/yoast.com\/product\/yoast-seo-premium-wordpress\/ -->\n<title>Medidas anat\u00f4micas: o que s\u00e3o e sua import\u00e2ncia na modelagem<\/title>\n<meta name=\"description\" content=\"Conhe\u00e7a a import\u00e2ncia das medidas anat\u00f4micas e como elas podem ajudar a criar uma tabela padronizada para sua confec\u00e7\u00e3o. Leia o artigo!\" \/>\n<meta name=\"robots\" content=\"index, follow, max-snippet:-1, max-image-preview:large, max-video-preview:-1\" \/>\n<link rel=\"canonical\" href=\"https:\/\/audaces.com\/pt-br\/blog\/medidas-anatomicas\" \/>\n<meta property=\"og:locale\" content=\"pt_BR\" \/>\n<meta property=\"og:type\" content=\"article\" \/>\n<meta property=\"og:title\" content=\"Medidas anat\u00f4micas: o que s\u00e3o e sua import\u00e2ncia na modelagem\" \/>\n<meta property=\"og:description\" content=\"Conhe\u00e7a a import\u00e2ncia das medidas anat\u00f4micas e como elas podem ajudar a criar uma tabela padronizada para sua confec\u00e7\u00e3o. Leia o artigo!\" \/>\n<meta property=\"og:url\" content=\"https:\/\/audaces.com\/pt-br\/blog\/medidas-anatomicas\" \/>\n<meta property=\"og:site_name\" content=\"Audaces\" \/>\n<meta property=\"article:publisher\" content=\"https:\/\/www.facebook.com\/audaces.pt\" \/>\n<meta property=\"article:published_time\" content=\"2025-04-23T18:31:57+00:00\" \/>\n<meta property=\"article:modified_time\" content=\"2025-04-28T22:09:22+00:00\" \/>\n<meta property=\"og:image\" content=\"https:\/\/audaces.com\/wp-content\/uploads\/2015\/07\/medidas-anatomicas-destaque.webp\" \/>\n\t<meta property=\"og:image:width\" content=\"1500\" \/>\n\t<meta property=\"og:image:height\" content=\"1019\" \/>\n\t<meta property=\"og:image:type\" content=\"image\/webp\" \/>\n<meta name=\"author\" content=\"Audara\" \/>\n<meta name=\"twitter:card\" content=\"summary_large_image\" \/>\n<meta name=\"twitter:label1\" content=\"Escrito por\" \/>\n\t<meta name=\"twitter:data1\" content=\"Audara\" \/>\n\t<meta name=\"twitter:label2\" content=\"Est. tempo de leitura\" \/>\n\t<meta name=\"twitter:data2\" content=\"11 minutos\" \/>\n<script type=\"application\/ld+json\" class=\"yoast-schema-graph\">{\"@context\":\"https:\\\/\\\/schema.org\",\"@graph\":[{\"@type\":\"Article\",\"@id\":\"https:\\\/\\\/audaces.com\\\/pt-br\\\/blog\\\/medidas-anatomicas#article\",\"isPartOf\":{\"@id\":\"https:\\\/\\\/audaces.com\\\/pt-br\\\/blog\\\/medidas-anatomicas\"},\"author\":{\"name\":\"Audara\",\"@id\":\"https:\\\/\\\/audaces.com\\\/pt-br\\\/#\\\/schema\\\/person\\\/64fd4e45d55c0765a8d3193a2dfe4a8b\"},\"headline\":\"O que s\u00e3o as medidas anat\u00f4micas na modelagem de roupas?\u00a0\",\"datePublished\":\"2025-04-23T18:31:57+00:00\",\"dateModified\":\"2025-04-28T22:09:22+00:00\",\"mainEntityOfPage\":{\"@id\":\"https:\\\/\\\/audaces.com\\\/pt-br\\\/blog\\\/medidas-anatomicas\"},\"wordCount\":2137,\"commentCount\":0,\"publisher\":{\"@id\":\"https:\\\/\\\/audaces.com\\\/pt-br\\\/#organization\"},\"image\":{\"@id\":\"https:\\\/\\\/audaces.com\\\/pt-br\\\/blog\\\/medidas-anatomicas#primaryimage\"},\"thumbnailUrl\":\"https:\\\/\\\/audaces.com\\\/wp-content\\\/uploads\\\/2015\\\/07\\\/medidas-anatomicas-destaque.webp\",\"articleSection\":[\"Modelagem\"],\"inLanguage\":\"pt-BR\",\"potentialAction\":[{\"@type\":\"CommentAction\",\"name\":\"Comment\",\"target\":[\"https:\\\/\\\/audaces.com\\\/pt-br\\\/blog\\\/medidas-anatomicas#respond\"]}]},{\"@type\":[\"WebPage\",\"FAQPage\"],\"@id\":\"https:\\\/\\\/audaces.com\\\/pt-br\\\/blog\\\/medidas-anatomicas\",\"url\":\"https:\\\/\\\/audaces.com\\\/pt-br\\\/blog\\\/medidas-anatomicas\",\"name\":\"Medidas anat\u00f4micas: o que s\u00e3o e sua import\u00e2ncia na modelagem\",\"isPartOf\":{\"@id\":\"https:\\\/\\\/audaces.com\\\/pt-br\\\/#website\"},\"primaryImageOfPage\":{\"@id\":\"https:\\\/\\\/audaces.com\\\/pt-br\\\/blog\\\/medidas-anatomicas#primaryimage\"},\"image\":{\"@id\":\"https:\\\/\\\/audaces.com\\\/pt-br\\\/blog\\\/medidas-anatomicas#primaryimage\"},\"thumbnailUrl\":\"https:\\\/\\\/audaces.com\\\/wp-content\\\/uploads\\\/2015\\\/07\\\/medidas-anatomicas-destaque.webp\",\"datePublished\":\"2025-04-23T18:31:57+00:00\",\"dateModified\":\"2025-04-28T22:09:22+00:00\",\"description\":\"Conhe\u00e7a a import\u00e2ncia das medidas anat\u00f4micas e como elas podem ajudar a criar uma tabela padronizada para sua confec\u00e7\u00e3o. Leia o artigo!\",\"breadcrumb\":{\"@id\":\"https:\\\/\\\/audaces.com\\\/pt-br\\\/blog\\\/medidas-anatomicas#breadcrumb\"},\"mainEntity\":[{\"@id\":\"https:\\\/\\\/audaces.com\\\/pt-br\\\/blog\\\/medidas-anatomicas#faq-question-1745431494164\"},{\"@id\":\"https:\\\/\\\/audaces.com\\\/pt-br\\\/blog\\\/medidas-anatomicas#faq-question-1745431506944\"},{\"@id\":\"https:\\\/\\\/audaces.com\\\/pt-br\\\/blog\\\/medidas-anatomicas#faq-question-1745431520970\"}],\"inLanguage\":\"pt-BR\",\"potentialAction\":[{\"@type\":\"ReadAction\",\"target\":[\"https:\\\/\\\/audaces.com\\\/pt-br\\\/blog\\\/medidas-anatomicas\"]}]},{\"@type\":\"ImageObject\",\"inLanguage\":\"pt-BR\",\"@id\":\"https:\\\/\\\/audaces.com\\\/pt-br\\\/blog\\\/medidas-anatomicas#primaryimage\",\"url\":\"https:\\\/\\\/audaces.com\\\/wp-content\\\/uploads\\\/2015\\\/07\\\/medidas-anatomicas-destaque.webp\",\"contentUrl\":\"https:\\\/\\\/audaces.com\\\/wp-content\\\/uploads\\\/2015\\\/07\\\/medidas-anatomicas-destaque.webp\",\"width\":1500,\"height\":1019,\"caption\":\"Descubra a import\u00e2ncia das medidas anat\u00f4micas para a modelagem\"},{\"@type\":\"BreadcrumbList\",\"@id\":\"https:\\\/\\\/audaces.com\\\/pt-br\\\/blog\\\/medidas-anatomicas#breadcrumb\",\"itemListElement\":[{\"@type\":\"ListItem\",\"position\":1,\"name\":\"INIZIO\",\"item\":\"https:\\\/\\\/audaces.com\\\/pt-br\"},{\"@type\":\"ListItem\",\"position\":2,\"name\":\"O que s\u00e3o as medidas anat\u00f4micas na modelagem de roupas?\u00a0\"}]},{\"@type\":\"WebSite\",\"@id\":\"https:\\\/\\\/audaces.com\\\/pt-br\\\/#website\",\"url\":\"https:\\\/\\\/audaces.com\\\/pt-br\\\/\",\"name\":\"Audaces\",\"description\":\"We are the Industry 4.0\",\"publisher\":{\"@id\":\"https:\\\/\\\/audaces.com\\\/pt-br\\\/#organization\"},\"potentialAction\":[{\"@type\":\"SearchAction\",\"target\":{\"@type\":\"EntryPoint\",\"urlTemplate\":\"https:\\\/\\\/audaces.com\\\/pt-br\\\/?s={search_term_string}\"},\"query-input\":{\"@type\":\"PropertyValueSpecification\",\"valueRequired\":true,\"valueName\":\"search_term_string\"}}],\"inLanguage\":\"pt-BR\"},{\"@type\":\"Organization\",\"@id\":\"https:\\\/\\\/audaces.com\\\/pt-br\\\/#organization\",\"name\":\"Audaces\",\"url\":\"https:\\\/\\\/audaces.com\\\/pt-br\\\/\",\"logo\":{\"@type\":\"ImageObject\",\"inLanguage\":\"pt-BR\",\"@id\":\"https:\\\/\\\/audaces.com\\\/pt-br\\\/#\\\/schema\\\/logo\\\/image\\\/\",\"url\":\"https:\\\/\\\/audaces.com\\\/wp-content\\\/uploads\\\/2022\\\/01\\\/cropped-cropped-logo-audace.png\",\"contentUrl\":\"https:\\\/\\\/audaces.com\\\/wp-content\\\/uploads\\\/2022\\\/01\\\/cropped-cropped-logo-audace.png\",\"width\":512,\"height\":512,\"caption\":\"Audaces\"},\"image\":{\"@id\":\"https:\\\/\\\/audaces.com\\\/pt-br\\\/#\\\/schema\\\/logo\\\/image\\\/\"},\"sameAs\":[\"https:\\\/\\\/www.facebook.com\\\/audaces.pt\"]},{\"@type\":\"Person\",\"@id\":\"https:\\\/\\\/audaces.com\\\/pt-br\\\/#\\\/schema\\\/person\\\/64fd4e45d55c0765a8d3193a2dfe4a8b\",\"name\":\"Audara\",\"image\":{\"@type\":\"ImageObject\",\"inLanguage\":\"pt-BR\",\"@id\":\"https:\\\/\\\/audaces.com\\\/wp-content\\\/uploads\\\/2025\\\/05\\\/cropped-audara-96x96.jpg\",\"url\":\"https:\\\/\\\/audaces.com\\\/wp-content\\\/uploads\\\/2025\\\/05\\\/cropped-audara-96x96.jpg\",\"contentUrl\":\"https:\\\/\\\/audaces.com\\\/wp-content\\\/uploads\\\/2025\\\/05\\\/cropped-audara-96x96.jpg\",\"caption\":\"Audara\"},\"description\":\"Fashion Tech Specialist at Audaces\",\"sameAs\":[\"https:\\\/\\\/audaces.com\"],\"url\":\"https:\\\/\\\/audaces.com\\\/pt-br\\\/blog\\\/author\\\/audara\"},{\"@type\":\"Question\",\"@id\":\"https:\\\/\\\/audaces.com\\\/pt-br\\\/blog\\\/medidas-anatomicas#faq-question-1745431494164\",\"position\":1,\"url\":\"https:\\\/\\\/audaces.com\\\/pt-br\\\/blog\\\/medidas-anatomicas#faq-question-1745431494164\",\"name\":\"Por que medidas anat\u00f4micas s\u00e3o importantes na moda?\",\"answerCount\":1,\"acceptedAnswer\":{\"@type\":\"Answer\",\"text\":\"Elas s\u00e3o importantes para ajudar no processo de modelagem, como na cria\u00e7\u00e3o de tabela de medidas.\",\"inLanguage\":\"pt-BR\"},\"inLanguage\":\"pt-BR\"},{\"@type\":\"Question\",\"@id\":\"https:\\\/\\\/audaces.com\\\/pt-br\\\/blog\\\/medidas-anatomicas#faq-question-1745431506944\",\"position\":2,\"url\":\"https:\\\/\\\/audaces.com\\\/pt-br\\\/blog\\\/medidas-anatomicas#faq-question-1745431506944\",\"name\":\"Quais medidas tirar para modelagem?\",\"answerCount\":1,\"acceptedAnswer\":{\"@type\":\"Answer\",\"text\":\"Tudo depende da pe\u00e7a que voc\u00ea vai criar. Podemos citar algumas como estatura, t\u00f3rax\\\/busto, cintura, quadril, extens\u00e3o do tronco, etc.\",\"inLanguage\":\"pt-BR\"},\"inLanguage\":\"pt-BR\"},{\"@type\":\"Question\",\"@id\":\"https:\\\/\\\/audaces.com\\\/pt-br\\\/blog\\\/medidas-anatomicas#faq-question-1745431520970\",\"position\":3,\"url\":\"https:\\\/\\\/audaces.com\\\/pt-br\\\/blog\\\/medidas-anatomicas#faq-question-1745431520970\",\"name\":\"Tirar medidas anat\u00f4micas ajuda a montar tabela de medidas?\",\"answerCount\":1,\"acceptedAnswer\":{\"@type\":\"Answer\",\"text\":\"Sim! Com a tecnologia, tamb\u00e9m \u00e9 poss\u00edvel montar uma tabela de medidas autom\u00e1tica atrav\u00e9s das medidas anat\u00f4micas.\",\"inLanguage\":\"pt-BR\"},\"inLanguage\":\"pt-BR\"}]}<\/script>\n<!-- \/ Yoast SEO Premium plugin. -->","yoast_head_json":{"title":"Medidas anat\u00f4micas: o que s\u00e3o e sua import\u00e2ncia na modelagem","description":"Conhe\u00e7a a import\u00e2ncia das medidas anat\u00f4micas e como elas podem ajudar a criar uma tabela padronizada para sua confec\u00e7\u00e3o. Leia o artigo!","robots":{"index":"index","follow":"follow","max-snippet":"max-snippet:-1","max-image-preview":"max-image-preview:large","max-video-preview":"max-video-preview:-1"},"canonical":"https:\/\/audaces.com\/pt-br\/blog\/medidas-anatomicas","og_locale":"pt_BR","og_type":"article","og_title":"Medidas anat\u00f4micas: o que s\u00e3o e sua import\u00e2ncia na modelagem","og_description":"Conhe\u00e7a a import\u00e2ncia das medidas anat\u00f4micas e como elas podem ajudar a criar uma tabela padronizada para sua confec\u00e7\u00e3o. Leia o artigo!","og_url":"https:\/\/audaces.com\/pt-br\/blog\/medidas-anatomicas","og_site_name":"Audaces","article_publisher":"https:\/\/www.facebook.com\/audaces.pt","article_published_time":"2025-04-23T18:31:57+00:00","article_modified_time":"2025-04-28T22:09:22+00:00","og_image":[{"width":1500,"height":1019,"url":"https:\/\/audaces.com\/wp-content\/uploads\/2015\/07\/medidas-anatomicas-destaque.webp","type":"image\/webp"}],"author":"Audara","twitter_card":"summary_large_image","twitter_misc":{"Escrito por":"Audara","Est. tempo de leitura":"11 minutos"},"schema":{"@context":"https:\/\/schema.org","@graph":[{"@type":"Article","@id":"https:\/\/audaces.com\/pt-br\/blog\/medidas-anatomicas#article","isPartOf":{"@id":"https:\/\/audaces.com\/pt-br\/blog\/medidas-anatomicas"},"author":{"name":"Audara","@id":"https:\/\/audaces.com\/pt-br\/#\/schema\/person\/64fd4e45d55c0765a8d3193a2dfe4a8b"},"headline":"O que s\u00e3o as medidas anat\u00f4micas na modelagem de roupas?\u00a0","datePublished":"2025-04-23T18:31:57+00:00","dateModified":"2025-04-28T22:09:22+00:00","mainEntityOfPage":{"@id":"https:\/\/audaces.com\/pt-br\/blog\/medidas-anatomicas"},"wordCount":2137,"commentCount":0,"publisher":{"@id":"https:\/\/audaces.com\/pt-br\/#organization"},"image":{"@id":"https:\/\/audaces.com\/pt-br\/blog\/medidas-anatomicas#primaryimage"},"thumbnailUrl":"https:\/\/audaces.com\/wp-content\/uploads\/2015\/07\/medidas-anatomicas-destaque.webp","articleSection":["Modelagem"],"inLanguage":"pt-BR","potentialAction":[{"@type":"CommentAction","name":"Comment","target":["https:\/\/audaces.com\/pt-br\/blog\/medidas-anatomicas#respond"]}]},{"@type":["WebPage","FAQPage"],"@id":"https:\/\/audaces.com\/pt-br\/blog\/medidas-anatomicas","url":"https:\/\/audaces.com\/pt-br\/blog\/medidas-anatomicas","name":"Medidas anat\u00f4micas: o que s\u00e3o e sua import\u00e2ncia na modelagem","isPartOf":{"@id":"https:\/\/audaces.com\/pt-br\/#website"},"primaryImageOfPage":{"@id":"https:\/\/audaces.com\/pt-br\/blog\/medidas-anatomicas#primaryimage"},"image":{"@id":"https:\/\/audaces.com\/pt-br\/blog\/medidas-anatomicas#primaryimage"},"thumbnailUrl":"https:\/\/audaces.com\/wp-content\/uploads\/2015\/07\/medidas-anatomicas-destaque.webp","datePublished":"2025-04-23T18:31:57+00:00","dateModified":"2025-04-28T22:09:22+00:00","description":"Conhe\u00e7a a import\u00e2ncia das medidas anat\u00f4micas e como elas podem ajudar a criar uma tabela padronizada para sua confec\u00e7\u00e3o. Leia o artigo!","breadcrumb":{"@id":"https:\/\/audaces.com\/pt-br\/blog\/medidas-anatomicas#breadcrumb"},"mainEntity":[{"@id":"https:\/\/audaces.com\/pt-br\/blog\/medidas-anatomicas#faq-question-1745431494164"},{"@id":"https:\/\/audaces.com\/pt-br\/blog\/medidas-anatomicas#faq-question-1745431506944"},{"@id":"https:\/\/audaces.com\/pt-br\/blog\/medidas-anatomicas#faq-question-1745431520970"}],"inLanguage":"pt-BR","potentialAction":[{"@type":"ReadAction","target":["https:\/\/audaces.com\/pt-br\/blog\/medidas-anatomicas"]}]},{"@type":"ImageObject","inLanguage":"pt-BR","@id":"https:\/\/audaces.com\/pt-br\/blog\/medidas-anatomicas#primaryimage","url":"https:\/\/audaces.com\/wp-content\/uploads\/2015\/07\/medidas-anatomicas-destaque.webp","contentUrl":"https:\/\/audaces.com\/wp-content\/uploads\/2015\/07\/medidas-anatomicas-destaque.webp","width":1500,"height":1019,"caption":"Descubra a import\u00e2ncia das medidas anat\u00f4micas para a modelagem"},{"@type":"BreadcrumbList","@id":"https:\/\/audaces.com\/pt-br\/blog\/medidas-anatomicas#breadcrumb","itemListElement":[{"@type":"ListItem","position":1,"name":"INIZIO","item":"https:\/\/audaces.com\/pt-br"},{"@type":"ListItem","position":2,"name":"O que s\u00e3o as medidas anat\u00f4micas na modelagem de roupas?\u00a0"}]},{"@type":"WebSite","@id":"https:\/\/audaces.com\/pt-br\/#website","url":"https:\/\/audaces.com\/pt-br\/","name":"Audaces","description":"We are the Industry 4.0","publisher":{"@id":"https:\/\/audaces.com\/pt-br\/#organization"},"potentialAction":[{"@type":"SearchAction","target":{"@type":"EntryPoint","urlTemplate":"https:\/\/audaces.com\/pt-br\/?s={search_term_string}"},"query-input":{"@type":"PropertyValueSpecification","valueRequired":true,"valueName":"search_term_string"}}],"inLanguage":"pt-BR"},{"@type":"Organization","@id":"https:\/\/audaces.com\/pt-br\/#organization","name":"Audaces","url":"https:\/\/audaces.com\/pt-br\/","logo":{"@type":"ImageObject","inLanguage":"pt-BR","@id":"https:\/\/audaces.com\/pt-br\/#\/schema\/logo\/image\/","url":"https:\/\/audaces.com\/wp-content\/uploads\/2022\/01\/cropped-cropped-logo-audace.png","contentUrl":"https:\/\/audaces.com\/wp-content\/uploads\/2022\/01\/cropped-cropped-logo-audace.png","width":512,"height":512,"caption":"Audaces"},"image":{"@id":"https:\/\/audaces.com\/pt-br\/#\/schema\/logo\/image\/"},"sameAs":["https:\/\/www.facebook.com\/audaces.pt"]},{"@type":"Person","@id":"https:\/\/audaces.com\/pt-br\/#\/schema\/person\/64fd4e45d55c0765a8d3193a2dfe4a8b","name":"Audara","image":{"@type":"ImageObject","inLanguage":"pt-BR","@id":"https:\/\/audaces.com\/wp-content\/uploads\/2025\/05\/cropped-audara-96x96.jpg","url":"https:\/\/audaces.com\/wp-content\/uploads\/2025\/05\/cropped-audara-96x96.jpg","contentUrl":"https:\/\/audaces.com\/wp-content\/uploads\/2025\/05\/cropped-audara-96x96.jpg","caption":"Audara"},"description":"Fashion Tech Specialist at Audaces","sameAs":["https:\/\/audaces.com"],"url":"https:\/\/audaces.com\/pt-br\/blog\/author\/audara"},{"@type":"Question","@id":"https:\/\/audaces.com\/pt-br\/blog\/medidas-anatomicas#faq-question-1745431494164","position":1,"url":"https:\/\/audaces.com\/pt-br\/blog\/medidas-anatomicas#faq-question-1745431494164","name":"Por que medidas anat\u00f4micas s\u00e3o importantes na moda?","answerCount":1,"acceptedAnswer":{"@type":"Answer","text":"Elas s\u00e3o importantes para ajudar no processo de modelagem, como na cria\u00e7\u00e3o de tabela de medidas.","inLanguage":"pt-BR"},"inLanguage":"pt-BR"},{"@type":"Question","@id":"https:\/\/audaces.com\/pt-br\/blog\/medidas-anatomicas#faq-question-1745431506944","position":2,"url":"https:\/\/audaces.com\/pt-br\/blog\/medidas-anatomicas#faq-question-1745431506944","name":"Quais medidas tirar para modelagem?","answerCount":1,"acceptedAnswer":{"@type":"Answer","text":"Tudo depende da pe\u00e7a que voc\u00ea vai criar. Podemos citar algumas como estatura, t\u00f3rax\/busto, cintura, quadril, extens\u00e3o do tronco, etc.","inLanguage":"pt-BR"},"inLanguage":"pt-BR"},{"@type":"Question","@id":"https:\/\/audaces.com\/pt-br\/blog\/medidas-anatomicas#faq-question-1745431520970","position":3,"url":"https:\/\/audaces.com\/pt-br\/blog\/medidas-anatomicas#faq-question-1745431520970","name":"Tirar medidas anat\u00f4micas ajuda a montar tabela de medidas?","answerCount":1,"acceptedAnswer":{"@type":"Answer","text":"Sim! Com a tecnologia, tamb\u00e9m \u00e9 poss\u00edvel montar uma tabela de medidas autom\u00e1tica atrav\u00e9s das medidas anat\u00f4micas.","inLanguage":"pt-BR"},"inLanguage":"pt-BR"}]}},"_links":{"self":[{"href":"https:\/\/audaces.com\/pt-br\/wp-json\/wp\/v2\/posts\/67697","targetHints":{"allow":["GET"]}}],"collection":[{"href":"https:\/\/audaces.com\/pt-br\/wp-json\/wp\/v2\/posts"}],"about":[{"href":"https:\/\/audaces.com\/pt-br\/wp-json\/wp\/v2\/types\/post"}],"author":[{"embeddable":true,"href":"https:\/\/audaces.com\/pt-br\/wp-json\/wp\/v2\/users\/54"}],"replies":[{"embeddable":true,"href":"https:\/\/audaces.com\/pt-br\/wp-json\/wp\/v2\/comments?post=67697"}],"version-history":[{"count":3,"href":"https:\/\/audaces.com\/pt-br\/wp-json\/wp\/v2\/posts\/67697\/revisions"}],"predecessor-version":[{"id":195060,"href":"https:\/\/audaces.com\/pt-br\/wp-json\/wp\/v2\/posts\/67697\/revisions\/195060"}],"wp:featuredmedia":[{"embeddable":true,"href":"https:\/\/audaces.com\/pt-br\/wp-json\/wp\/v2\/media\/194765"}],"wp:attachment":[{"href":"https:\/\/audaces.com\/pt-br\/wp-json\/wp\/v2\/media?parent=67697"}],"wp:term":[{"taxonomy":"category","embeddable":true,"href":"https:\/\/audaces.com\/pt-br\/wp-json\/wp\/v2\/categories?post=67697"},{"taxonomy":"post_tag","embeddable":true,"href":"https:\/\/audaces.com\/pt-br\/wp-json\/wp\/v2\/tags?post=67697"}],"curies":[{"name":"wp","href":"https:\/\/api.w.org\/{rel}","templated":true}]}}