{"id":67400,"date":"2014-09-03T00:00:00","date_gmt":"2014-09-03T03:00:00","guid":{"rendered":"http:\/\/site.audaces.com\/profissao-modelo-as-evolucoes-dos-padroes-de-beleza\/"},"modified":"2014-09-03T00:00:00","modified_gmt":"2014-09-03T03:00:00","slug":"profissao-modelo-as-evolucoes-dos-padroes-de-beleza","status":"publish","type":"post","link":"https:\/\/audaces.com\/pt-br\/blog\/profissao-modelo-as-evolucoes-dos-padroes-de-beleza","title":{"rendered":"Profiss\u00e3o modelo: as evolu\u00e7\u00f5es dos padr\u00f5es de beleza"},"content":{"rendered":"<p><strong>Por Eduardo Vilas B&ocirc;as<br \/>Professor de Moda do Senac SP<\/strong><\/p>\n<p>O primeiro referencial de beleza do homem parece ter sido os <strong>deuses gregos<\/strong>, ou seja, um padr&atilde;o imagin&aacute;rio, ainda que inspirado na fisionomia humana, criado como o maior modelo de perfei&ccedil;&atilde;o est&eacute;tica. S&eacute;culos mais tarde os artistas pl&aacute;sticos utilizavam-se de nobres, amigos e parentes, enquanto no s&eacute;culo XVIII, durante a Renascen&ccedil;a, os pintores pagavam pessoas para modelar. Ainda, por&eacute;m, n&atilde;o era um of&iacute;cio do qual podia sobreviver uma pessoa em fun&ccedil;&atilde;o da baixa demanda de servi&ccedil;os. Durante o reinado de Lu&iacute;s XIV, a corte francesa ainda enviava bonecas em propor&ccedil;&atilde;o ao tamanho natural de uma pessoa &agrave;s outras cortes europeias para que suas damas as reproduzissem. Essa pr&aacute;tica perdurou at&eacute; surgimento da C&acirc;mara Sindical de Alta Costura (1868).<\/p>\n<p>Charles Frederick Worth, criador da Alta Costura, tamb&eacute;m precisou pensar uma nova forma de apresentar &ndash; e valorizar &ndash; seus produtos inovadores e exclusivos. Inicialmente sua esposa, Marie Vernet, servia de &ldquo;modelo&rdquo;, mas ao sistematizar a apresenta&ccedil;&atilde;o dos produtos de moda em cole&ccedil;&otilde;es e desfiles, Worth criou tamb&eacute;m os <strong>desfiles de moda<\/strong> e profissionalizou o of&iacute;cio. Desfilar em passarela, por&eacute;m, n&atilde;o era uma atividade muito bem vista e apenas as atrizes sujeitavam-se a experi&ecirc;ncia. Apenas ao longo do s&eacute;culo XX que a profiss&atilde;o de modelo tomou forma, o que podemos atribuir ao crescimento industrial e as inven&ccedil;&otilde;es como a fotografia, a televis&atilde;o, as revistas coloridas e a internet. Nas &uacute;ltimas d&eacute;cadas a profiss&atilde;o se tornou muito mais valorizada, talvez em raz&atilde;o da evolu&ccedil;&atilde;o da moda e da publicidade, setores que ganharam maior import&acirc;ncia na economia de muitos pa&iacute;ses.<\/p>\n<p>Do culto ao belo surgiu essa profiss&atilde;o que faz da beleza seu produto principal. O que era uma eventual ocupa&ccedil;&atilde;o virou uma profiss&atilde;o. Mas, o conceito bastante din&acirc;mico de beleza afeta diretamente esse profissional, pois muda com o tempo e com a sociedade. Por exemplo, no s&eacute;culo XVII as mulheres mais gordinhas eram aclamadas e as formas de Gisele Bundchen trouxeram mais curvas ao padr&atilde;o de beleza do s&eacute;culo XXI. No entanto, apesar dos atuais recursos da cirurgia pl&aacute;stica, uma modelo tem que ter a sorte de nascer adequada para os padr&otilde;es est&eacute;ticos do seu tempo.<\/p>\n<p>A prop&oacute;sito, o padr&atilde;o de beleza que vigora, da modelo ainda mag&eacute;rrima e alta, n&atilde;o reflete o gosto das ruas. Essa <strong>ditadura da beleza<\/strong> &eacute; imposta por uma elite que inclui estilistas, produtores, publicit&aacute;rios, editores de moda e de revistas masculinas, que domina a concep&ccedil;&atilde;o e venda de imagens de moda &ndash; t&atilde;o valorizadas e influentes em nossa sociedade. Curiosamente, pesquisas mostram que os homens gostam mais das mulheres que t&ecirc;m uma propor&ccedil;&atilde;o de 70% ou menos entre cintura e quadril. Isto &eacute;, aqueles 90-60-90 (90 cm de busto, 60 cm de cintura e 90 cm de quadril) que os concursos de misses consideram como ideal de beleza representam 66%. A Mulher Melancia, capa da Playboy mais vendida em 2008, tinha 64% (75x119cm). Outra evid&ecirc;ncia foi apontada pelo psic&oacute;logo Devendra Singh, da Universidade do Texas, que mediu 286 esculturas antigas de mulheres, vindas da &Aacute;sia, da &Aacute;frica e da Europa, e viu que a propor&ccedil;&atilde;o entre cintura e quadril nas obras ficava exatamente nessa faixa.<\/p>\n<\/p>\n<p style='text-align:center'><img src='https:\/\/audaces.com.br\/mkt\/imagens-20131212\/evolu%C3%A7%C3%A3o+padroes+beleza+modelos1.png' \/><\/p>\n<\/p>\n<p style='text-align:center'><em>Desfiles de moda atuais<\/em><\/p>\n<\/p>\n<p style='text-align:center'><img src='https:\/\/audaces.com.br\/mkt\/imagens-20131212\/evolu%C3%A7%C3%A3o+padroes+beleza+modelos2.png' \/><\/p>\n<\/p>\n<p style='text-align:center'><em>Apresenta&ccedil;&atilde;o dos vestidos de Worth nas primeiras modelos vivas.<\/em><\/p>\n<\/p>\n<p style='text-align:center'><img src='https:\/\/audaces.com.br\/mkt\/imagens-20131212\/evolu%C3%A7%C3%A3o+padroes+beleza+modelos3.png' \/><\/p>\n<\/p>\n<p style='text-align:center'><em>A obra &ldquo;As Tr&ecirc;s Gra&ccedil;as&rdquo;, de Rubens, reflete o padr&atilde;o est&eacute;tico do s&eacute;culo XVII<\/em><\/p>\n<\/p>\n<p style='text-align:center'><img src='https:\/\/audaces.com.br\/mkt\/imagens-20131212\/evolu%C3%A7%C3%A3o+padroes+beleza+modelos4.png' \/><\/p>\n<\/p>\n<p style='text-align:center'><span style='font-size:8pt'>Bonecas de moda francesas originais do s&eacute;culo XVII e XVIII<\/span><\/p>\n<p style='text-align:center'>\n<p style='text-align:center'>\n<p style='text-align:center'><a href='https:\/\/audaces.com\/pt-br\/materiais-educativos' target='_blank' rel=\"noopener\"><img alt='' src='https:\/\/s3-sa-east-1.amazonaws.com\/wordpress-audaces-com\/images\/Banners\/banner_portal_464x258.gif' style='height:167px; width:300px' \/><\/a><\/p>\n","protected":false},"excerpt":{"rendered":"<p>Profiss\u00e3o modelo: as evolu\u00e7\u00f5es dos padr\u00f5es de beleza<\/p>\n","protected":false},"author":54,"featured_media":0,"comment_status":"open","ping_status":"open","sticky":false,"template":"","format":"standard","meta":{"footnotes":""},"categories":[26],"tags":[],"class_list":["post-67400","post","type-post","status-publish","format-standard","hentry","category-criacao-estilo"],"yoast_head":"<!-- This site is optimized with the Yoast SEO Premium plugin v27.4 (Yoast SEO v27.4) - https:\/\/yoast.com\/product\/yoast-seo-premium-wordpress\/ -->\n<title>Profiss\u00e3o modelo: as evolu\u00e7\u00f5es dos padr\u00f5es de beleza - Audaces<\/title>\n<meta name=\"description\" content=\"Profiss\u00e3o modelo: as evolu\u00e7\u00f5es dos padr\u00f5es de beleza -\" \/>\n<meta name=\"robots\" content=\"index, follow, max-snippet:-1, max-image-preview:large, max-video-preview:-1\" \/>\n<link rel=\"canonical\" href=\"https:\/\/audaces.com\/pt-br\/blog\/profissao-modelo-as-evolucoes-dos-padroes-de-beleza\" \/>\n<meta property=\"og:locale\" content=\"pt_BR\" \/>\n<meta property=\"og:type\" content=\"article\" \/>\n<meta property=\"og:title\" content=\"Profiss\u00e3o modelo: as evolu\u00e7\u00f5es dos padr\u00f5es de beleza - Audaces\" \/>\n<meta property=\"og:description\" content=\"Profiss\u00e3o modelo: as evolu\u00e7\u00f5es dos padr\u00f5es de beleza -\" \/>\n<meta property=\"og:url\" content=\"https:\/\/audaces.com\/pt-br\/blog\/profissao-modelo-as-evolucoes-dos-padroes-de-beleza\" \/>\n<meta property=\"og:site_name\" content=\"Audaces\" \/>\n<meta property=\"article:publisher\" content=\"https:\/\/www.facebook.com\/audaces.pt\" \/>\n<meta property=\"article:published_time\" content=\"2014-09-03T03:00:00+00:00\" \/>\n<meta property=\"og:image\" content=\"https:\/\/audaces.com.br\/mkt\/imagens-20131212\/evolu%C3%A7%C3%A3o+padroes+beleza+modelos1.png\" \/>\n<meta name=\"author\" content=\"Audara\" \/>\n<meta name=\"twitter:card\" content=\"summary_large_image\" \/>\n<meta name=\"twitter:label1\" content=\"Escrito por\" \/>\n\t<meta name=\"twitter:data1\" content=\"Audara\" \/>\n\t<meta name=\"twitter:label2\" content=\"Est. tempo de leitura\" \/>\n\t<meta name=\"twitter:data2\" content=\"4 minutos\" \/>\n<script type=\"application\/ld+json\" class=\"yoast-schema-graph\">{\"@context\":\"https:\\\/\\\/schema.org\",\"@graph\":[{\"@type\":\"Article\",\"@id\":\"https:\\\/\\\/audaces.com\\\/pt-br\\\/blog\\\/profissao-modelo-as-evolucoes-dos-padroes-de-beleza#article\",\"isPartOf\":{\"@id\":\"https:\\\/\\\/audaces.com\\\/pt-br\\\/blog\\\/profissao-modelo-as-evolucoes-dos-padroes-de-beleza\"},\"author\":{\"name\":\"Audara\",\"@id\":\"https:\\\/\\\/audaces.com\\\/pt-br\\\/#\\\/schema\\\/person\\\/64fd4e45d55c0765a8d3193a2dfe4a8b\"},\"headline\":\"Profiss\u00e3o modelo: as evolu\u00e7\u00f5es dos padr\u00f5es de beleza\",\"datePublished\":\"2014-09-03T03:00:00+00:00\",\"mainEntityOfPage\":{\"@id\":\"https:\\\/\\\/audaces.com\\\/pt-br\\\/blog\\\/profissao-modelo-as-evolucoes-dos-padroes-de-beleza\"},\"wordCount\":718,\"commentCount\":0,\"publisher\":{\"@id\":\"https:\\\/\\\/audaces.com\\\/pt-br\\\/#organization\"},\"image\":{\"@id\":\"https:\\\/\\\/audaces.com\\\/pt-br\\\/blog\\\/profissao-modelo-as-evolucoes-dos-padroes-de-beleza#primaryimage\"},\"thumbnailUrl\":\"https:\\\/\\\/audaces.com.br\\\/mkt\\\/imagens-20131212\\\/evolu%C3%A7%C3%A3o+padroes+beleza+modelos1.png\",\"articleSection\":[\"Cria\u00e7\u00e3o e Estilo\"],\"inLanguage\":\"pt-BR\",\"potentialAction\":[{\"@type\":\"CommentAction\",\"name\":\"Comment\",\"target\":[\"https:\\\/\\\/audaces.com\\\/pt-br\\\/blog\\\/profissao-modelo-as-evolucoes-dos-padroes-de-beleza#respond\"]}]},{\"@type\":\"WebPage\",\"@id\":\"https:\\\/\\\/audaces.com\\\/pt-br\\\/blog\\\/profissao-modelo-as-evolucoes-dos-padroes-de-beleza\",\"url\":\"https:\\\/\\\/audaces.com\\\/pt-br\\\/blog\\\/profissao-modelo-as-evolucoes-dos-padroes-de-beleza\",\"name\":\"Profiss\u00e3o modelo: as evolu\u00e7\u00f5es dos padr\u00f5es de beleza - Audaces\",\"isPartOf\":{\"@id\":\"https:\\\/\\\/audaces.com\\\/pt-br\\\/#website\"},\"primaryImageOfPage\":{\"@id\":\"https:\\\/\\\/audaces.com\\\/pt-br\\\/blog\\\/profissao-modelo-as-evolucoes-dos-padroes-de-beleza#primaryimage\"},\"image\":{\"@id\":\"https:\\\/\\\/audaces.com\\\/pt-br\\\/blog\\\/profissao-modelo-as-evolucoes-dos-padroes-de-beleza#primaryimage\"},\"thumbnailUrl\":\"https:\\\/\\\/audaces.com.br\\\/mkt\\\/imagens-20131212\\\/evolu%C3%A7%C3%A3o+padroes+beleza+modelos1.png\",\"datePublished\":\"2014-09-03T03:00:00+00:00\",\"description\":\"Profiss\u00e3o modelo: as evolu\u00e7\u00f5es dos padr\u00f5es de beleza -\",\"breadcrumb\":{\"@id\":\"https:\\\/\\\/audaces.com\\\/pt-br\\\/blog\\\/profissao-modelo-as-evolucoes-dos-padroes-de-beleza#breadcrumb\"},\"inLanguage\":\"pt-BR\",\"potentialAction\":[{\"@type\":\"ReadAction\",\"target\":[\"https:\\\/\\\/audaces.com\\\/pt-br\\\/blog\\\/profissao-modelo-as-evolucoes-dos-padroes-de-beleza\"]}]},{\"@type\":\"ImageObject\",\"inLanguage\":\"pt-BR\",\"@id\":\"https:\\\/\\\/audaces.com\\\/pt-br\\\/blog\\\/profissao-modelo-as-evolucoes-dos-padroes-de-beleza#primaryimage\",\"url\":\"https:\\\/\\\/audaces.com.br\\\/mkt\\\/imagens-20131212\\\/evolu%C3%A7%C3%A3o+padroes+beleza+modelos1.png\",\"contentUrl\":\"https:\\\/\\\/audaces.com.br\\\/mkt\\\/imagens-20131212\\\/evolu%C3%A7%C3%A3o+padroes+beleza+modelos1.png\"},{\"@type\":\"BreadcrumbList\",\"@id\":\"https:\\\/\\\/audaces.com\\\/pt-br\\\/blog\\\/profissao-modelo-as-evolucoes-dos-padroes-de-beleza#breadcrumb\",\"itemListElement\":[{\"@type\":\"ListItem\",\"position\":1,\"name\":\"INIZIO\",\"item\":\"https:\\\/\\\/audaces.com\\\/pt-br\"},{\"@type\":\"ListItem\",\"position\":2,\"name\":\"Profiss\u00e3o modelo: as evolu\u00e7\u00f5es dos padr\u00f5es de beleza\"}]},{\"@type\":\"WebSite\",\"@id\":\"https:\\\/\\\/audaces.com\\\/pt-br\\\/#website\",\"url\":\"https:\\\/\\\/audaces.com\\\/pt-br\\\/\",\"name\":\"Audaces\",\"description\":\"We are the Industry 4.0\",\"publisher\":{\"@id\":\"https:\\\/\\\/audaces.com\\\/pt-br\\\/#organization\"},\"potentialAction\":[{\"@type\":\"SearchAction\",\"target\":{\"@type\":\"EntryPoint\",\"urlTemplate\":\"https:\\\/\\\/audaces.com\\\/pt-br\\\/?s={search_term_string}\"},\"query-input\":{\"@type\":\"PropertyValueSpecification\",\"valueRequired\":true,\"valueName\":\"search_term_string\"}}],\"inLanguage\":\"pt-BR\"},{\"@type\":\"Organization\",\"@id\":\"https:\\\/\\\/audaces.com\\\/pt-br\\\/#organization\",\"name\":\"Audaces\",\"url\":\"https:\\\/\\\/audaces.com\\\/pt-br\\\/\",\"logo\":{\"@type\":\"ImageObject\",\"inLanguage\":\"pt-BR\",\"@id\":\"https:\\\/\\\/audaces.com\\\/pt-br\\\/#\\\/schema\\\/logo\\\/image\\\/\",\"url\":\"https:\\\/\\\/audaces.com\\\/wp-content\\\/uploads\\\/2022\\\/01\\\/cropped-cropped-logo-audace.png\",\"contentUrl\":\"https:\\\/\\\/audaces.com\\\/wp-content\\\/uploads\\\/2022\\\/01\\\/cropped-cropped-logo-audace.png\",\"width\":512,\"height\":512,\"caption\":\"Audaces\"},\"image\":{\"@id\":\"https:\\\/\\\/audaces.com\\\/pt-br\\\/#\\\/schema\\\/logo\\\/image\\\/\"},\"sameAs\":[\"https:\\\/\\\/www.facebook.com\\\/audaces.pt\"]},{\"@type\":\"Person\",\"@id\":\"https:\\\/\\\/audaces.com\\\/pt-br\\\/#\\\/schema\\\/person\\\/64fd4e45d55c0765a8d3193a2dfe4a8b\",\"name\":\"Audara\",\"image\":{\"@type\":\"ImageObject\",\"inLanguage\":\"pt-BR\",\"@id\":\"https:\\\/\\\/audaces.com\\\/wp-content\\\/uploads\\\/2025\\\/05\\\/cropped-audara-96x96.jpg\",\"url\":\"https:\\\/\\\/audaces.com\\\/wp-content\\\/uploads\\\/2025\\\/05\\\/cropped-audara-96x96.jpg\",\"contentUrl\":\"https:\\\/\\\/audaces.com\\\/wp-content\\\/uploads\\\/2025\\\/05\\\/cropped-audara-96x96.jpg\",\"caption\":\"Audara\"},\"description\":\"Fashion Tech Specialist at Audaces\",\"sameAs\":[\"https:\\\/\\\/audaces.com\"],\"url\":\"https:\\\/\\\/audaces.com\\\/pt-br\\\/blog\\\/author\\\/audara\"}]}<\/script>\n<!-- \/ Yoast SEO Premium plugin. -->","yoast_head_json":{"title":"Profiss\u00e3o modelo: as evolu\u00e7\u00f5es dos padr\u00f5es de beleza - Audaces","description":"Profiss\u00e3o modelo: as evolu\u00e7\u00f5es dos padr\u00f5es de beleza -","robots":{"index":"index","follow":"follow","max-snippet":"max-snippet:-1","max-image-preview":"max-image-preview:large","max-video-preview":"max-video-preview:-1"},"canonical":"https:\/\/audaces.com\/pt-br\/blog\/profissao-modelo-as-evolucoes-dos-padroes-de-beleza","og_locale":"pt_BR","og_type":"article","og_title":"Profiss\u00e3o modelo: as evolu\u00e7\u00f5es dos padr\u00f5es de beleza - Audaces","og_description":"Profiss\u00e3o modelo: as evolu\u00e7\u00f5es dos padr\u00f5es de beleza -","og_url":"https:\/\/audaces.com\/pt-br\/blog\/profissao-modelo-as-evolucoes-dos-padroes-de-beleza","og_site_name":"Audaces","article_publisher":"https:\/\/www.facebook.com\/audaces.pt","article_published_time":"2014-09-03T03:00:00+00:00","og_image":[{"url":"https:\/\/audaces.com.br\/mkt\/imagens-20131212\/evolu%C3%A7%C3%A3o+padroes+beleza+modelos1.png","type":"","width":"","height":""}],"author":"Audara","twitter_card":"summary_large_image","twitter_misc":{"Escrito por":"Audara","Est. tempo de leitura":"4 minutos"},"schema":{"@context":"https:\/\/schema.org","@graph":[{"@type":"Article","@id":"https:\/\/audaces.com\/pt-br\/blog\/profissao-modelo-as-evolucoes-dos-padroes-de-beleza#article","isPartOf":{"@id":"https:\/\/audaces.com\/pt-br\/blog\/profissao-modelo-as-evolucoes-dos-padroes-de-beleza"},"author":{"name":"Audara","@id":"https:\/\/audaces.com\/pt-br\/#\/schema\/person\/64fd4e45d55c0765a8d3193a2dfe4a8b"},"headline":"Profiss\u00e3o modelo: as evolu\u00e7\u00f5es dos padr\u00f5es de beleza","datePublished":"2014-09-03T03:00:00+00:00","mainEntityOfPage":{"@id":"https:\/\/audaces.com\/pt-br\/blog\/profissao-modelo-as-evolucoes-dos-padroes-de-beleza"},"wordCount":718,"commentCount":0,"publisher":{"@id":"https:\/\/audaces.com\/pt-br\/#organization"},"image":{"@id":"https:\/\/audaces.com\/pt-br\/blog\/profissao-modelo-as-evolucoes-dos-padroes-de-beleza#primaryimage"},"thumbnailUrl":"https:\/\/audaces.com.br\/mkt\/imagens-20131212\/evolu%C3%A7%C3%A3o+padroes+beleza+modelos1.png","articleSection":["Cria\u00e7\u00e3o e Estilo"],"inLanguage":"pt-BR","potentialAction":[{"@type":"CommentAction","name":"Comment","target":["https:\/\/audaces.com\/pt-br\/blog\/profissao-modelo-as-evolucoes-dos-padroes-de-beleza#respond"]}]},{"@type":"WebPage","@id":"https:\/\/audaces.com\/pt-br\/blog\/profissao-modelo-as-evolucoes-dos-padroes-de-beleza","url":"https:\/\/audaces.com\/pt-br\/blog\/profissao-modelo-as-evolucoes-dos-padroes-de-beleza","name":"Profiss\u00e3o modelo: as evolu\u00e7\u00f5es dos padr\u00f5es de beleza - Audaces","isPartOf":{"@id":"https:\/\/audaces.com\/pt-br\/#website"},"primaryImageOfPage":{"@id":"https:\/\/audaces.com\/pt-br\/blog\/profissao-modelo-as-evolucoes-dos-padroes-de-beleza#primaryimage"},"image":{"@id":"https:\/\/audaces.com\/pt-br\/blog\/profissao-modelo-as-evolucoes-dos-padroes-de-beleza#primaryimage"},"thumbnailUrl":"https:\/\/audaces.com.br\/mkt\/imagens-20131212\/evolu%C3%A7%C3%A3o+padroes+beleza+modelos1.png","datePublished":"2014-09-03T03:00:00+00:00","description":"Profiss\u00e3o modelo: as evolu\u00e7\u00f5es dos padr\u00f5es de beleza -","breadcrumb":{"@id":"https:\/\/audaces.com\/pt-br\/blog\/profissao-modelo-as-evolucoes-dos-padroes-de-beleza#breadcrumb"},"inLanguage":"pt-BR","potentialAction":[{"@type":"ReadAction","target":["https:\/\/audaces.com\/pt-br\/blog\/profissao-modelo-as-evolucoes-dos-padroes-de-beleza"]}]},{"@type":"ImageObject","inLanguage":"pt-BR","@id":"https:\/\/audaces.com\/pt-br\/blog\/profissao-modelo-as-evolucoes-dos-padroes-de-beleza#primaryimage","url":"https:\/\/audaces.com.br\/mkt\/imagens-20131212\/evolu%C3%A7%C3%A3o+padroes+beleza+modelos1.png","contentUrl":"https:\/\/audaces.com.br\/mkt\/imagens-20131212\/evolu%C3%A7%C3%A3o+padroes+beleza+modelos1.png"},{"@type":"BreadcrumbList","@id":"https:\/\/audaces.com\/pt-br\/blog\/profissao-modelo-as-evolucoes-dos-padroes-de-beleza#breadcrumb","itemListElement":[{"@type":"ListItem","position":1,"name":"INIZIO","item":"https:\/\/audaces.com\/pt-br"},{"@type":"ListItem","position":2,"name":"Profiss\u00e3o modelo: as evolu\u00e7\u00f5es dos padr\u00f5es de beleza"}]},{"@type":"WebSite","@id":"https:\/\/audaces.com\/pt-br\/#website","url":"https:\/\/audaces.com\/pt-br\/","name":"Audaces","description":"We are the Industry 4.0","publisher":{"@id":"https:\/\/audaces.com\/pt-br\/#organization"},"potentialAction":[{"@type":"SearchAction","target":{"@type":"EntryPoint","urlTemplate":"https:\/\/audaces.com\/pt-br\/?s={search_term_string}"},"query-input":{"@type":"PropertyValueSpecification","valueRequired":true,"valueName":"search_term_string"}}],"inLanguage":"pt-BR"},{"@type":"Organization","@id":"https:\/\/audaces.com\/pt-br\/#organization","name":"Audaces","url":"https:\/\/audaces.com\/pt-br\/","logo":{"@type":"ImageObject","inLanguage":"pt-BR","@id":"https:\/\/audaces.com\/pt-br\/#\/schema\/logo\/image\/","url":"https:\/\/audaces.com\/wp-content\/uploads\/2022\/01\/cropped-cropped-logo-audace.png","contentUrl":"https:\/\/audaces.com\/wp-content\/uploads\/2022\/01\/cropped-cropped-logo-audace.png","width":512,"height":512,"caption":"Audaces"},"image":{"@id":"https:\/\/audaces.com\/pt-br\/#\/schema\/logo\/image\/"},"sameAs":["https:\/\/www.facebook.com\/audaces.pt"]},{"@type":"Person","@id":"https:\/\/audaces.com\/pt-br\/#\/schema\/person\/64fd4e45d55c0765a8d3193a2dfe4a8b","name":"Audara","image":{"@type":"ImageObject","inLanguage":"pt-BR","@id":"https:\/\/audaces.com\/wp-content\/uploads\/2025\/05\/cropped-audara-96x96.jpg","url":"https:\/\/audaces.com\/wp-content\/uploads\/2025\/05\/cropped-audara-96x96.jpg","contentUrl":"https:\/\/audaces.com\/wp-content\/uploads\/2025\/05\/cropped-audara-96x96.jpg","caption":"Audara"},"description":"Fashion Tech Specialist at Audaces","sameAs":["https:\/\/audaces.com"],"url":"https:\/\/audaces.com\/pt-br\/blog\/author\/audara"}]}},"_links":{"self":[{"href":"https:\/\/audaces.com\/pt-br\/wp-json\/wp\/v2\/posts\/67400","targetHints":{"allow":["GET"]}}],"collection":[{"href":"https:\/\/audaces.com\/pt-br\/wp-json\/wp\/v2\/posts"}],"about":[{"href":"https:\/\/audaces.com\/pt-br\/wp-json\/wp\/v2\/types\/post"}],"author":[{"embeddable":true,"href":"https:\/\/audaces.com\/pt-br\/wp-json\/wp\/v2\/users\/54"}],"replies":[{"embeddable":true,"href":"https:\/\/audaces.com\/pt-br\/wp-json\/wp\/v2\/comments?post=67400"}],"version-history":[{"count":0,"href":"https:\/\/audaces.com\/pt-br\/wp-json\/wp\/v2\/posts\/67400\/revisions"}],"wp:attachment":[{"href":"https:\/\/audaces.com\/pt-br\/wp-json\/wp\/v2\/media?parent=67400"}],"wp:term":[{"taxonomy":"category","embeddable":true,"href":"https:\/\/audaces.com\/pt-br\/wp-json\/wp\/v2\/categories?post=67400"},{"taxonomy":"post_tag","embeddable":true,"href":"https:\/\/audaces.com\/pt-br\/wp-json\/wp\/v2\/tags?post=67400"}],"curies":[{"name":"wp","href":"https:\/\/api.w.org\/{rel}","templated":true}]}}