{"id":5325,"date":"2025-09-11T10:34:52","date_gmt":"2025-09-11T13:34:52","guid":{"rendered":"http:\/\/site.audaces.com\/branding-na-moda-proporciona-valor-e-significado-as-marcas\/"},"modified":"2025-09-22T17:20:22","modified_gmt":"2025-09-22T20:20:22","slug":"branding-marketing-moda","status":"publish","type":"post","link":"https:\/\/audaces.com\/pt-br\/blog\/branding-marketing-moda","title":{"rendered":"Por que investir em branding e marketing de moda?"},"content":{"rendered":"\n<p><strong>Resumo:<\/strong>&nbsp;<\/p>\n\n\n\n<ul class=\"wp-block-list\">\n<li>Investir em branding e marketing de moda \u00e9 essencial para confec\u00e7\u00f5es;&nbsp;<\/li>\n\n\n\n<li>Seguir o caminho certo pode dar mais visibilidade e credibilidade para sua marca;&nbsp;<\/li>\n\n\n\n<li>Confira outras dicas para neg\u00f3cios de moda na nossa newsletter. <a href=\"https:\/\/audaces.com\/pt-br\/newsletter\" target=\"_blank\" rel=\"noreferrer noopener\">Assine agora!<\/a>&nbsp;<\/li>\n<\/ul>\n\n\n\n<p>Marcas que se importam com estrat\u00e9gias de branding e marketing de moda saem na frente. Ter esse mapeamento \u00e9 muito importante para obter visibilidade e construir uma identidade forte no mercado.&nbsp;<\/p>\n\n\n\n<p>Se voc\u00ea ainda n\u00e3o investe na marca da sua confec\u00e7\u00e3o, n\u00e3o precisa se desesperar. Desde que voc\u00ea d\u00ea o primeiro passo hoje, com certeza conseguir\u00e1 colher frutos no futuro.&nbsp;<\/p>\n\n\n\n<p>Para te ajudar, escrevemos este artigo com tudo que voc\u00ea precisa saber sobre branding e marketing de moda. Das informa\u00e7\u00f5es b\u00e1sicas ao passo a passo e como acompanhar resultados, voc\u00ea sair\u00e1 daqui com um aprendizado muito \u00fatil.&nbsp;<\/p>\n\n\n\n<p>Boa leitura!&nbsp;<\/p><div id=\"ez-toc-container\" class=\"ez-toc-v2_0_82_2 ez-toc-wrap-left counter-hierarchy ez-toc-counter ez-toc-custom ez-toc-container-direction\">\n<div class=\"ez-toc-title-container\">\n<p class=\"ez-toc-title ez-toc-toggle\" style=\"cursor:pointer\">Sum\u00e1rio<\/p>\n<span class=\"ez-toc-title-toggle\"><\/span><\/div>\n<nav><ul class='ez-toc-list ez-toc-list-level-1 ' ><li class='ez-toc-page-1 ez-toc-heading-level-2'><a class=\"ez-toc-link ez-toc-heading-1\" href=\"https:\/\/audaces.com\/pt-br\/blog\/branding-marketing-moda\/#o-que-e-branding-e-marketing-de-moda\" >O que \u00e9 branding e marketing de moda?&nbsp;<\/a><\/li><li class='ez-toc-page-1 ez-toc-heading-level-2'><a class=\"ez-toc-link ez-toc-heading-2\" href=\"https:\/\/audaces.com\/pt-br\/blog\/branding-marketing-moda\/#qual-e-a-diferenca-entre-marketing-e-branding\" >Qual \u00e9 a diferen\u00e7a entre marketing e branding?&nbsp;<\/a><\/li><li class='ez-toc-page-1 ez-toc-heading-level-2'><a class=\"ez-toc-link ez-toc-heading-3\" href=\"https:\/\/audaces.com\/pt-br\/blog\/branding-marketing-moda\/#qual-e-a-importancia-do-branding-e-marketing-de-moda\" >Qual \u00e9 a import\u00e2ncia do branding e marketing de moda?&nbsp;<\/a><\/li><li class='ez-toc-page-1 ez-toc-heading-level-2'><a class=\"ez-toc-link ez-toc-heading-4\" href=\"https:\/\/audaces.com\/pt-br\/blog\/branding-marketing-moda\/#quem-e-o-responsavel-pelo-branding-de-uma-marca\" >Quem \u00e9 o respons\u00e1vel pelo branding de uma marca?&nbsp;<\/a><\/li><li class='ez-toc-page-1 ez-toc-heading-level-2'><a class=\"ez-toc-link ez-toc-heading-5\" href=\"https:\/\/audaces.com\/pt-br\/blog\/branding-marketing-moda\/#quanto-custa-o-branding-de-uma-marca\" >Quanto custa o branding de uma marca?&nbsp;<\/a><\/li><li class='ez-toc-page-1 ez-toc-heading-level-2'><a class=\"ez-toc-link ez-toc-heading-6\" href=\"https:\/\/audaces.com\/pt-br\/blog\/branding-marketing-moda\/#como-posso-fazer-branding-para-minha-marca\" >Como posso fazer branding para minha marca?&nbsp;<\/a><\/li><li class='ez-toc-page-1 ez-toc-heading-level-2'><a class=\"ez-toc-link ez-toc-heading-7\" href=\"https:\/\/audaces.com\/pt-br\/blog\/branding-marketing-moda\/#como-gerar-valor-com-branding-e-marketing-de-moda\" >Como gerar valor com branding e marketing de moda?&nbsp;<\/a><\/li><li class='ez-toc-page-1 ez-toc-heading-level-2'><a class=\"ez-toc-link ez-toc-heading-8\" href=\"https:\/\/audaces.com\/pt-br\/blog\/branding-marketing-moda\/#como-mensurar-os-resultados-de-branding-e-marketing\" >Como mensurar os resultados de branding e marketing?&nbsp;<\/a><\/li><li class='ez-toc-page-1 ez-toc-heading-level-2'><a class=\"ez-toc-link ez-toc-heading-9\" href=\"https:\/\/audaces.com\/pt-br\/blog\/branding-marketing-moda\/#crie-e-gerencie-colecoes-alinhadas-a-sua-marca-com-audaces\" >Crie e gerencie cole\u00e7\u00f5es alinhadas \u00e0 sua marca com Audaces&nbsp;<\/a><\/li><li class='ez-toc-page-1 ez-toc-heading-level-2'><a class=\"ez-toc-link ez-toc-heading-10\" href=\"https:\/\/audaces.com\/pt-br\/blog\/branding-marketing-moda\/#faq\" >FAQ<\/a><\/li><\/ul><\/nav><\/div>\n\n\n\n\n<h2 class=\"wp-block-heading\" id=\"h-o-que-e-branding-e-marketing-de-moda-nbsp\"><span class=\"ez-toc-section\" id=\"o-que-e-branding-e-marketing-de-moda\"><\/span><strong>O que \u00e9 branding e marketing de moda?&nbsp;<\/strong><span class=\"ez-toc-section-end\"><\/span><\/h2>\n\n\n\n<p>Branding e marketing de moda s\u00e3o dois conceitos diferentes, mas que trabalham juntos&nbsp;complementarmente&nbsp;para fortalecer uma confec\u00e7\u00e3o. &nbsp;<\/p>\n\n\n\n<p>O branding cria a identidade da marca, enquanto o marketing a promove, garantindo que essa mensagem chegue \u00e0s pessoas certas no momento certo.&nbsp;<\/p>\n\n\n\n<p>O branding envolve valores, posicionamento e personalidade. Ele define como sua confec\u00e7\u00e3o deseja ser percebida, criando uma base s\u00f3lida para todas as comunica\u00e7\u00f5es futuras. &nbsp;<\/p>\n\n\n\n<p>J\u00e1 o marketing de moda trabalha para levar essa mensagem ao p\u00fablico por diferentes canais de comunica\u00e7\u00e3o, construindo relacionamentos diretos com potenciais clientes.&nbsp;<\/p>\n\n\n\n<p>Quando bem alinhados, branding e marketing de moda ajudam a confec\u00e7\u00e3o a conquistar espa\u00e7o no mercado, tornando-se refer\u00eancia. &nbsp;<\/p>\n\n\n\n<p>Essa combina\u00e7\u00e3o permite que a marca seja lembrada n\u00e3o apenas pelo produto, mas tamb\u00e9m pela experi\u00eancia que proporciona, criando conex\u00f5es emocionais.&nbsp;<\/p>\n\n\n\n<p>Al\u00e9m disso, o branding garante consist\u00eancia no longo prazo, enquanto o marketing possibilita agilidade no curto prazo. Essa dupla permite equilibrar identidade est\u00e1vel com a\u00e7\u00f5es pr\u00e1ticas. &nbsp;<\/p>\n\n\n\n<p>Marcas que dominam esse equil\u00edbrio conseguem n\u00e3o apenas vender mais, mas tamb\u00e9m construir valor duradouro dentro de um setor competitivo.&nbsp;<\/p>\n\n\n\n<h2 class=\"wp-block-heading\" id=\"h-qual-e-a-diferenca-entre-marketing-e-branding-nbsp\"><span class=\"ez-toc-section\" id=\"qual-e-a-diferenca-entre-marketing-e-branding\"><\/span><strong>Qual \u00e9 a diferen\u00e7a entre marketing e branding?&nbsp;<\/strong><span class=\"ez-toc-section-end\"><\/span><\/h2>\n\n\n\n<figure class=\"wp-block-image size-large\"><img fetchpriority=\"high\" decoding=\"async\" width=\"1024\" height=\"683\" src=\"https:\/\/audaces.com\/wp-content\/uploads\/2013\/08\/branding-marketing-moda-diferenca-1024x683.webp\" alt=\"Profissional de moda tirando fotos das roupas que vende. A divulga\u00e7\u00e3o faz parte do branding e marketing de moda.\" class=\"wp-image-202943\" srcset=\"https:\/\/audaces.com\/wp-content\/uploads\/2013\/08\/branding-marketing-moda-diferenca-1024x683.webp 1024w, https:\/\/audaces.com\/wp-content\/uploads\/2013\/08\/branding-marketing-moda-diferenca-300x200.webp 300w, https:\/\/audaces.com\/wp-content\/uploads\/2013\/08\/branding-marketing-moda-diferenca-768x512.webp 768w, https:\/\/audaces.com\/wp-content\/uploads\/2013\/08\/branding-marketing-moda-diferenca-150x100.webp 150w, https:\/\/audaces.com\/wp-content\/uploads\/2013\/08\/branding-marketing-moda-diferenca.webp 1500w\" sizes=\"(max-width: 1024px) 100vw, 1024px\" \/><\/figure>\n\n\n\n<p>A principal diferen\u00e7a \u00e9 que o marketing de moda olha para fora, buscando clientes, enquanto o branding olha para dentro, estruturando a marca.&nbsp;<\/p>\n\n\n\n<p>Marketing de moda envolve campanhas, promo\u00e7\u00f5es e rela\u00e7\u00e3o direta. Branding foca na ess\u00eancia da empresa, construindo confian\u00e7a, hist\u00f3ria e prop\u00f3sito duradouro.&nbsp;<\/p>\n\n\n\n<p>Se voc\u00ea entende os dois, consegue usar estrat\u00e9gias de marketing alinhadas \u00e0 sua identidade, sem perder autenticidade e relev\u00e2ncia no setor.&nbsp;<\/p>\n\n\n\n<p><strong>Leia mais:<\/strong> <a href=\"https:\/\/audaces.com\/pt-br\/blog\/como-vender-mais-melhor-roupas\" target=\"_blank\" rel=\"noreferrer noopener\">10 dicas de como vender mais e melhor roupas da sua confec\u00e7\u00e3o<\/a>&nbsp;<\/p>\n\n\n\n<h2 class=\"wp-block-heading\" id=\"h-qual-e-a-importancia-do-branding-e-marketing-de-moda-nbsp\"><span class=\"ez-toc-section\" id=\"qual-e-a-importancia-do-branding-e-marketing-de-moda\"><\/span><strong>Qual \u00e9 a import\u00e2ncia do branding e marketing de moda?&nbsp;<\/strong><span class=\"ez-toc-section-end\"><\/span><\/h2>\n\n\n\n<p>Ter uma confec\u00e7\u00e3o com identidade clara aumenta suas chances de reconhecimento no mercado. As pessoas se conectam com marcas que t\u00eam personalidade.&nbsp;<\/p>\n\n\n\n<p>O branding fortalece sua presen\u00e7a, enquanto o marketing de moda amplia o alcance, principalmente atrav\u00e9s das redes sociais e canais digitais.&nbsp;<\/p>\n\n\n\n<p>Sem esses dois pilares, sua confec\u00e7\u00e3o corre o risco de ser s\u00f3 mais uma. Com eles, voc\u00ea conquista relev\u00e2ncia e diferencia\u00e7\u00e3o.&nbsp;<\/p>\n\n\n\n<p><strong>Leia mais:<\/strong> <a href=\"https:\/\/audaces.com\/pt-br\/blog\/nicho-mercado\" target=\"_blank\" rel=\"noreferrer noopener\">7 dicas para escolher seu nicho de mercado de moda<\/a>&nbsp;<\/p>\n\n\n\n<h2 class=\"wp-block-heading\" id=\"h-quem-e-o-responsavel-pelo-branding-de-uma-marca-nbsp\"><span class=\"ez-toc-section\" id=\"quem-e-o-responsavel-pelo-branding-de-uma-marca\"><\/span><strong>Quem \u00e9 o respons\u00e1vel pelo branding de uma marca?&nbsp;<\/strong><span class=\"ez-toc-section-end\"><\/span><\/h2>\n\n\n\n<p>Uma pessoa n\u00e3o \u00e9 a \u00fanica respons\u00e1vel pelo branding, mas sim todos que participam da empresa, desde a dire\u00e7\u00e3o at\u00e9 os vendedores.&nbsp;<\/p>\n\n\n\n<p>O time de marketing normalmente lidera o processo, mas decis\u00f5es estrat\u00e9gicas precisam do envolvimento da gest\u00e3o, garantindo coer\u00eancia em todos os pontos.&nbsp;<\/p>\n\n\n\n<p>Cada colaborador se torna um porta-voz da marca. Por isso, \u00e9 fundamental alinhar toda a equipe com valores e prop\u00f3sitos definidos.&nbsp;<\/p>\n\n\n\n<p><strong>Leia mais: <\/strong><a href=\"https:\/\/audaces.com\/pt-br\/blog\/como-funciona-confeccao-roupas\" target=\"_blank\" rel=\"noreferrer noopener\">Tudo sobre o funcionamento de uma confec\u00e7\u00e3o de roupas<\/a>&nbsp;<\/p>\n\n\n\n<h2 class=\"wp-block-heading\" id=\"h-quanto-custa-o-branding-de-uma-marca-nbsp\"><span class=\"ez-toc-section\" id=\"quanto-custa-o-branding-de-uma-marca\"><\/span><strong>Quanto custa o branding de uma marca?&nbsp;<\/strong><span class=\"ez-toc-section-end\"><\/span><\/h2>\n\n\n\n<p>O investimento em branding pode variar bastante, dependendo do tamanho da confec\u00e7\u00e3o e do n\u00edvel de estrutura que j\u00e1 existe.&nbsp;<\/p>\n\n\n\n<p>Pequenas marcas podem come\u00e7ar com valores acess\u00edveis, focando em identidade visual, redes sociais e comunica\u00e7\u00e3o clara. Grandes marcas exigem planejamento mais robusto.&nbsp;<\/p>\n\n\n\n<p>O mais importante \u00e9 entender que branding n\u00e3o \u00e9 gasto, mas sim investimento, capaz de gerar retorno e valor ao longo do tempo.&nbsp;<\/p>\n\n\n\n<h2 class=\"wp-block-heading\" id=\"h-como-posso-fazer-branding-para-minha-marca-nbsp\"><span class=\"ez-toc-section\" id=\"como-posso-fazer-branding-para-minha-marca\"><\/span><strong>Como posso fazer branding para minha marca?&nbsp;<\/strong><span class=\"ez-toc-section-end\"><\/span><\/h2>\n\n\n\n<p>Fazer branding exige planejamento, clareza e disciplina. N\u00e3o se trata apenas de criar um logotipo, mas sim de construir uma identidade.&nbsp;<\/p>\n\n\n\n<p>Voc\u00ea deve pensar em como sua confec\u00e7\u00e3o quer ser lembrada. Esse processo inclui identidade visual, comunica\u00e7\u00e3o e experi\u00eancia oferecida.&nbsp;<\/p>\n\n\n\n<p>Seguindo os passos abaixo, voc\u00ea conseguir\u00e1 estruturar sua marca de forma simples, pr\u00e1tica e com resultados consistentes ao longo do tempo:&nbsp;<\/p>\n\n\n\n<h3 class=\"wp-block-heading\" id=\"h-1-defina-a-identidade-da-sua-marca-nbsp\">1) Defina a identidade da sua marca&nbsp;<\/h3>\n\n\n\n<p>Sua marca precisa transmitir quem voc\u00ea \u00e9 e o que defende. Escolha valores, prop\u00f3sito e posicionamento que representem sua confec\u00e7\u00e3o.&nbsp;<\/p>\n\n\n\n<p>Essa identidade ser\u00e1 a base para todas as decis\u00f5es futuras. Quando ela est\u00e1 bem definida, o p\u00fablico percebe autenticidade e confian\u00e7a.&nbsp;<\/p>\n\n\n\n<p>N\u00e3o tenha medo de assumir sua ess\u00eancia. Marcas que se destacam n\u00e3o tentam agradar a todos, mas falam com clareza ao p\u00fablico certo.&nbsp;<\/p>\n\n\n\n<h3 class=\"wp-block-heading\" id=\"h-2-conheca-o-seu-publico-alvo-nbsp\">2) Conhe\u00e7a o seu p\u00fablico-alvo&nbsp;<\/h3>\n\n\n\n<p>Para se comunicar bem, voc\u00ea precisa <a href=\"https:\/\/pt.semrush.com\/blog\/publico-alvo\/\" target=\"_blank\" rel=\"noreferrer noopener\">conhecer quem compra<\/a> suas pe\u00e7as. Entenda faixa et\u00e1ria, estilo de vida, desejos e necessidades. <\/p>\n\n\n\n<p>Quanto mais informa\u00e7\u00f5es voc\u00ea tiver, mais f\u00e1cil ser\u00e1 criar campanhas que falam diretamente com quem realmente importa para sua confec\u00e7\u00e3o.&nbsp;<\/p>\n\n\n\n<p>Assim, voc\u00ea evita esfor\u00e7os desnecess\u00e1rios e direciona energia para atrair clientes que realmente se identificam com a sua proposta de valor.&nbsp;<\/p>\n\n\n\n<h3 class=\"wp-block-heading\" id=\"h-3-crie-uma-proposta-de-valor-unica-nbsp\">3) Crie uma proposta de valor \u00fanica&nbsp;<\/h3>\n\n\n\n<p>Sua confec\u00e7\u00e3o precisa ter um diferencial. Pense no que torna sua marca especial e como isso resolve o problema do seu cliente.&nbsp;<\/p>\n\n\n\n<p>A proposta de valor \u00e9 como uma promessa. Ela mostra por que algu\u00e9m deve escolher suas pe\u00e7as ao inv\u00e9s das de outra marca.&nbsp;<\/p>\n\n\n\n<p>Quando clara, essa promessa ajuda a criar fidelidade. Seus clientes entender\u00e3o o que esperar de voc\u00ea e voltar\u00e3o sempre que precisarem.&nbsp;<\/p>\n\n\n\n<h3 class=\"wp-block-heading\" id=\"h-4-desenvolva-uma-identidade-visual-nbsp\">4) Desenvolva uma identidade visual&nbsp;<\/h3>\n\n\n\n<p>A <a href=\"https:\/\/sebrae.com.br\/sites\/PortalSebrae\/artigos\/posicionamento-de-marca-a-importancia-da-identidade-visual,95cdcf1a03fe5810VgnVCM1000001b00320aRCRD\" target=\"_blank\" rel=\"noreferrer noopener\">identidade visual<\/a> vai al\u00e9m de um logotipo. Inclui cores, tipografia e elementos gr\u00e1ficos que representam a alma da sua confec\u00e7\u00e3o.&nbsp;<\/p>\n\n\n\n<p>Ela deve transmitir consist\u00eancia e profissionalismo em todos os materiais de comunica\u00e7\u00e3o. Isso ajuda sua marca a ser lembrada mais facilmente.&nbsp;<\/p>\n\n\n\n<p>Invista em uma identidade visual simples e marcante. Essa \u00e9 a primeira impress\u00e3o que muitos clientes ter\u00e3o da sua empresa de moda.&nbsp;<\/p>\n\n\n\n<h3 class=\"wp-block-heading\" id=\"h-5-crie-uma-plataforma-de-marca-nbsp\">5) Crie uma plataforma de marca&nbsp;<\/h3>\n\n\n\n<p>A plataforma de marca re\u00fane todos os elementos importantes: miss\u00e3o, vis\u00e3o, valores, posicionamento e diferenciais. \u00c9 o guia estrat\u00e9gico da confec\u00e7\u00e3o.&nbsp;<\/p>\n\n\n\n<p>Ela ajuda a manter consist\u00eancia em todas as a\u00e7\u00f5es, desde campanhas at\u00e9 atendimento, garantindo que a marca seja sempre reconhecida.&nbsp;<\/p>\n\n\n\n<p>Com esse documento, todos os envolvidos entendem a ess\u00eancia da marca e conseguem comunicar a mesma mensagem em qualquer situa\u00e7\u00e3o.&nbsp;<\/p>\n\n\n\n<h3 class=\"wp-block-heading\" id=\"h-6-conte-uma-historia-nbsp\">6) Conte uma hist\u00f3ria&nbsp;<\/h3>\n\n\n\n<p>Toda marca precisa de uma boa hist\u00f3ria. Ela deve mostrar sua origem, seus desafios e o que motivou a cria\u00e7\u00e3o da confec\u00e7\u00e3o.&nbsp;<\/p>\n\n\n\n<p>Hist\u00f3rias criam conex\u00e3o emocional e fazem o p\u00fablico enxergar a marca al\u00e9m do produto. Isso fortalece v\u00ednculos e gera identifica\u00e7\u00e3o.&nbsp;<\/p>\n\n\n\n<p>Seja verdadeiro ao contar sua jornada. Pessoas se conectam mais com narrativas reais do que com hist\u00f3rias exageradas ou inventadas.&nbsp;<\/p>\n\n\n\n<h3 class=\"wp-block-heading\" id=\"h-7-seja-consistente-nbsp\">7) Seja consistente&nbsp;<\/h3>\n\n\n\n<p>A consist\u00eancia \u00e9 essencial no branding. Ela garante que a mensagem transmitida pela sua marca seja sempre a mesma em qualquer canal.&nbsp;<\/p>\n\n\n\n<p>Seus clientes precisam reconhecer sua marca de imediato, seja em uma vitrine, em um an\u00fancio ou no atendimento da equipe.&nbsp;<\/p>\n\n\n\n<p>Com consist\u00eancia, voc\u00ea constr\u00f3i confian\u00e7a. E confian\u00e7a \u00e9 um dos maiores diferenciais para uma confec\u00e7\u00e3o que deseja crescer e se destacar.&nbsp;<\/p>\n\n\n\n<h3 class=\"wp-block-heading\" id=\"h-8-invista-em-experiencia-do-cliente-nbsp\">8) Invista em experi\u00eancia do cliente&nbsp;<\/h3>\n\n\n\n<p>A experi\u00eancia do cliente \u00e9 t\u00e3o importante quanto o produto. Atendimento, embalagem e p\u00f3s-venda fazem parte da percep\u00e7\u00e3o sobre a marca.&nbsp;<\/p>\n\n\n\n<p>Clientes satisfeitos voltam a comprar e ainda indicam sua confec\u00e7\u00e3o para outras pessoas, ampliando o alcance de forma org\u00e2nica.&nbsp;<\/p>\n\n\n\n<p>Por isso, valorize cada contato. Trate o cliente como parte da sua hist\u00f3ria e ele far\u00e1 quest\u00e3o de permanecer fiel \u00e0 sua marca.&nbsp;<\/p>\n\n\n\n<p><strong>Leia mais: <\/strong><a href=\"https:\/\/audaces.com\/pt-br\/blog\/experiencia-compra\" target=\"_blank\" rel=\"noreferrer noopener\">5 dicas para melhorar a experi\u00eancia de compra da sua loja<\/a>&nbsp;<\/p>\n\n\n\n<h3 class=\"wp-block-heading\" id=\"h-9-monitore-e-adapte-nbsp\">9) Monitore e adapte&nbsp;<\/h3>\n\n\n\n<p>O mercado de moda muda constantemente. Por isso, acompanhar os resultados e ajustar estrat\u00e9gias deve fazer parte da rotina da confec\u00e7\u00e3o.&nbsp;<\/p>\n\n\n\n<p>Use ferramentas para medir engajamento, vendas e satisfa\u00e7\u00e3o. Analise o que funciona e corrija rapidamente o que n\u00e3o traz retorno.&nbsp;<\/p>\n\n\n\n<p>Assim, sua marca continua relevante e preparada para lidar com novas tend\u00eancias, sempre pronta para responder \u00e0s mudan\u00e7as do p\u00fablico.&nbsp;<\/p>\n\n\n\n<h2 class=\"wp-block-heading\" id=\"h-como-gerar-valor-com-branding-e-marketing-de-moda-nbsp\"><span class=\"ez-toc-section\" id=\"como-gerar-valor-com-branding-e-marketing-de-moda\"><\/span><strong>Como gerar valor com branding e marketing de moda?&nbsp;<\/strong><span class=\"ez-toc-section-end\"><\/span><\/h2>\n\n\n\n<p>Gerar valor significa ir al\u00e9m de vender roupas. \u00c9 criar uma marca que as pessoas admirem, respeitem e desejem acompanhar sempre.&nbsp;<\/p>\n\n\n\n<p>O branding d\u00e1 prop\u00f3sito \u00e0 sua confec\u00e7\u00e3o, enquanto o marketing de moda faz essa mensagem chegar ao p\u00fablico certo. Juntos, s\u00e3o poderosos.&nbsp;<\/p>\n\n\n\n<p>Marcas que unem identidade clara e boas estrat\u00e9gias de marketing conseguem construir valor, aumentar fidelidade e conquistar crescimento sustent\u00e1vel ao longo do tempo.&nbsp;<\/p>\n\n\n\n<h2 class=\"wp-block-heading\" id=\"h-como-mensurar-os-resultados-de-branding-e-marketing-nbsp\"><span class=\"ez-toc-section\" id=\"como-mensurar-os-resultados-de-branding-e-marketing\"><\/span><strong>Como mensurar os resultados de branding e marketing?&nbsp;<\/strong><span class=\"ez-toc-section-end\"><\/span><\/h2>\n\n\n\n<figure class=\"wp-block-image size-large\"><img decoding=\"async\" width=\"1024\" height=\"613\" src=\"https:\/\/audaces.com\/wp-content\/uploads\/2013\/08\/branding-marketing-moda-mensurar-1024x613.webp\" alt=\"Profissional de moda mensurando resultados em um tablet, etapa importante do branding e marketing de moda.\" class=\"wp-image-202947\" srcset=\"https:\/\/audaces.com\/wp-content\/uploads\/2013\/08\/branding-marketing-moda-mensurar-1024x613.webp 1024w, https:\/\/audaces.com\/wp-content\/uploads\/2013\/08\/branding-marketing-moda-mensurar-300x180.webp 300w, https:\/\/audaces.com\/wp-content\/uploads\/2013\/08\/branding-marketing-moda-mensurar-768x460.webp 768w, https:\/\/audaces.com\/wp-content\/uploads\/2013\/08\/branding-marketing-moda-mensurar-150x90.webp 150w, https:\/\/audaces.com\/wp-content\/uploads\/2013\/08\/branding-marketing-moda-mensurar.webp 1500w\" sizes=\"(max-width: 1024px) 100vw, 1024px\" \/><\/figure>\n\n\n\n<p>Medir resultados \u00e9 fundamental para entender se os esfor\u00e7os est\u00e3o trazendo retorno. Use indicadores como engajamento, vendas, reconhecimento de marca e satisfa\u00e7\u00e3o.&nbsp;<\/p>\n\n\n\n<p>Esses dados mostram se a comunica\u00e7\u00e3o da sua confec\u00e7\u00e3o realmente conecta com o p\u00fablico e se as campanhas atingem os objetivos planejados.&nbsp;<\/p>\n\n\n\n<p>Ferramentas digitais permitem acompanhar m\u00e9tricas em tempo real, mostrando o impacto das a\u00e7\u00f5es e ajudando a decidir pr\u00f3ximos passos da confec\u00e7\u00e3o.&nbsp;<\/p>\n\n\n\n<p>Com relat\u00f3rios claros, voc\u00ea consegue comparar per\u00edodos, entender tend\u00eancias e ajustar suas campanhas antes que os resultados sejam comprometidos.&nbsp;<\/p>\n\n\n\n<p>\u00c9 importante definir metas de desempenho desde o in\u00edcio, como aumentar engajamento, gerar mais leads ou conquistar determinado n\u00famero de vendas.&nbsp;<\/p>\n\n\n\n<p>Assim, cada indicador analisado ter\u00e1 sentido e ajudar\u00e1 a comprovar se as estrat\u00e9gias aplicadas realmente est\u00e3o entregando os resultados esperados.&nbsp;<\/p>\n\n\n\n<p>Com essa an\u00e1lise, voc\u00ea entende o que gera valor de verdade e pode melhorar continuamente suas estrat\u00e9gias de branding e marketing de moda.&nbsp;<\/p>\n\n\n\n<p>Marcas que monitoram e ajustam suas a\u00e7\u00f5es conseguem crescer com mais consist\u00eancia e constroem uma presen\u00e7a s\u00f3lida no mercado competitivo.&nbsp;<\/p>\n\n\n\n<p><strong>Leia mais:<\/strong> <a href=\"https:\/\/audaces.com\/pt-br\/blog\/como-fazer-relatorio\" target=\"_blank\" rel=\"noreferrer noopener\">Como fazer um relat\u00f3rio da sua cole\u00e7\u00e3o em 5 passos?<\/a>&nbsp;<\/p>\n\n\n\n<h2 class=\"wp-block-heading\" id=\"h-crie-e-gerencie-colecoes-alinhadas-a-sua-marca-com-audaces-nbsp\"><span class=\"ez-toc-section\" id=\"crie-e-gerencie-colecoes-alinhadas-a-sua-marca-com-audaces\"><\/span><strong>Crie e gerencie cole\u00e7\u00f5es alinhadas \u00e0 sua marca com Audaces&nbsp;<\/strong><span class=\"ez-toc-section-end\"><\/span><\/h2>\n\n\n\n<p>Al\u00e9m de estruturar o branding, sua confec\u00e7\u00e3o precisa alinhar o desenvolvimento de cole\u00e7\u00f5es \u00e0 identidade da marca. E a Audaces pode ajudar.&nbsp;<\/p>\n\n\n\n<p>Com solu\u00e7\u00f5es digitais, voc\u00ea ganha produtividade, agilidade e seguran\u00e7a para criar pe\u00e7as que reforcem sua proposta de valor no mercado.&nbsp;<\/p>\n\n\n\n<p>Conhe\u00e7a abaixo duas ferramentas exclusivas que podem transformar sua rotina, ajudando voc\u00ea a unir branding, design e gest\u00e3o de moda:&nbsp;<\/p>\n\n\n\n<h3 class=\"wp-block-heading\" id=\"h-audaces-fashion-studio-nbsp\">Audaces Fashion Studio&nbsp;<\/h3>\n\n\n\n<p>O <a href=\"https:\/\/audaces.com\/pt-br\/solucoes\/fashion-studio\" target=\"_blank\" rel=\"noreferrer noopener\">Audaces Fashion Studio<\/a> permite criar cole\u00e7\u00f5es digitais realistas com agilidade. Ele ajuda a testar ideias sem gastar tecido ou tempo.&nbsp;<\/p>\n\n\n\n<p>Assim, sua confec\u00e7\u00e3o consegue visualizar pe\u00e7as antes da produ\u00e7\u00e3o, garantindo que elas estejam alinhadas ao estilo e prop\u00f3sito da marca.&nbsp;<\/p>\n\n\n\n<p>Essa tecnologia reduz custos, aumenta a precis\u00e3o e fortalece a identidade da confec\u00e7\u00e3o dentro de um setor competitivo como o da moda.&nbsp;<\/p>\n\n\n\n<h3 class=\"wp-block-heading\" id=\"h-audaces-isa-nbsp\">Audaces Isa&nbsp;<\/h3>\n\n\n\n<p>O <a href=\"https:\/\/audaces.com\/pt-br\/solucoes\/isa\" target=\"_blank\" rel=\"noreferrer noopener\">Audaces Isa<\/a> \u00e9 um assistente inteligente que organiza cole\u00e7\u00f5es, acompanha prazos e conecta o time em um s\u00f3 ambiente digital.&nbsp;<\/p>\n\n\n\n<p>Ele ajuda na gest\u00e3o completa, desde o planejamento at\u00e9 a entrega, garantindo coer\u00eancia entre identidade de marca e produtos criados.&nbsp;<\/p>\n\n\n\n<p>Com o Isa, voc\u00ea reduz erros, ganha produtividade e mant\u00e9m sua confec\u00e7\u00e3o pronta para competir com grandes players do setor de moda.&nbsp;<\/p>\n\n\n\n<p><strong>Quer uma ajuda para fazer um planejamento de cole\u00e7\u00e3o completo, robusto e conectado? Baixe o material gratuito abaixo! <\/strong><\/p>\n\n\n\n<div role=\"main\" id=\"form-planejamento-colecao-canva-gestao-0ed1616126b21737deb2\"><\/div><script type=\"text\/javascript\" src=\"https:\/\/d335luupugsy2.cloudfront.net\/js\/rdstation-forms\/stable\/rdstation-forms.min.js\"><\/script><script type=\"text\/javascript\"> new RDStationForms('form-planejamento-colecao-canva-gestao-0ed1616126b21737deb2', 'UA-78634938-2').createForm();<\/script>\n\n\n\n<h2 class=\"wp-block-heading\" id=\"h-faq\"><span class=\"ez-toc-section\" id=\"faq\"><\/span>FAQ<span class=\"ez-toc-section-end\"><\/span><\/h2>\n\n\n\n<div class=\"schema-faq wp-block-yoast-faq-block\"><div class=\"schema-faq-section\" id=\"faq-question-1757596111058\"><strong class=\"schema-faq-question\">Branding e marketing de moda servem apenas para grandes marcas?<\/strong> <p class=\"schema-faq-answer\">N\u00e3o. Pequenas confec\u00e7\u00f5es tamb\u00e9m podem se destacar ao aplicar branding e marketing de moda de forma simples e consistente.<\/p> <\/div> <div class=\"schema-faq-section\" id=\"faq-question-1757596129623\"><strong class=\"schema-faq-question\">Quanto tempo leva para ver resultados em branding e marketing de moda?<\/strong> <p class=\"schema-faq-answer\">Os resultados aparecem no m\u00e9dio prazo, quando a confec\u00e7\u00e3o mant\u00e9m consist\u00eancia na comunica\u00e7\u00e3o e investe em relacionamento com os clientes.<\/p> <\/div> <div class=\"schema-faq-section\" id=\"faq-question-1757596144532\"><strong class=\"schema-faq-question\">Branding e marketing de moda ajudam na fideliza\u00e7\u00e3o de clientes?<\/strong> <p class=\"schema-faq-answer\">Sim. Eles criam conex\u00e3o emocional com o p\u00fablico, fortalecem a confian\u00e7a e incentivam compras recorrentes dentro da sua confec\u00e7\u00e3o.<\/p> <\/div> <\/div>\n\n\n\n<p><\/p>\n","protected":false},"excerpt":{"rendered":"<p>Descubra por que voc\u00ea precisa investir e fazer branding e marketing de moda na sua confec\u00e7\u00e3o. Leia o artigo agora!<\/p>\n","protected":false},"author":52,"featured_media":202939,"comment_status":"open","ping_status":"open","sticky":false,"template":"","format":"standard","meta":{"footnotes":""},"categories":[61],"tags":[],"class_list":["post-5325","post","type-post","status-publish","format-standard","has-post-thumbnail","hentry","category-gestao-negocios-moda"],"yoast_head":"<!-- This site is optimized with the Yoast SEO Premium plugin v27.4 (Yoast SEO v27.5) - https:\/\/yoast.com\/product\/yoast-seo-premium-wordpress\/ -->\n<title>Branding e marketing de moda: por que \u00e9 t\u00e3o importante?<\/title>\n<meta name=\"description\" content=\"Descubra por que voc\u00ea precisa investir e fazer branding e marketing de moda na sua confec\u00e7\u00e3o. Leia o artigo agora!\" \/>\n<meta name=\"robots\" content=\"index, follow, max-snippet:-1, max-image-preview:large, max-video-preview:-1\" \/>\n<link rel=\"canonical\" href=\"https:\/\/audaces.com\/pt-br\/blog\/branding-marketing-moda\" \/>\n<meta property=\"og:locale\" content=\"pt_BR\" \/>\n<meta property=\"og:type\" content=\"article\" \/>\n<meta property=\"og:title\" content=\"Branding e marketing de moda: por que \u00e9 t\u00e3o importante?\" \/>\n<meta property=\"og:description\" content=\"Descubra por que voc\u00ea precisa investir e fazer branding e marketing de moda na sua confec\u00e7\u00e3o. Leia o artigo agora!\" \/>\n<meta property=\"og:url\" content=\"https:\/\/audaces.com\/pt-br\/blog\/branding-marketing-moda\" \/>\n<meta property=\"og:site_name\" content=\"Audaces\" \/>\n<meta property=\"article:publisher\" content=\"https:\/\/www.facebook.com\/audaces.pt\" \/>\n<meta property=\"article:published_time\" content=\"2025-09-11T13:34:52+00:00\" \/>\n<meta property=\"article:modified_time\" content=\"2025-09-22T20:20:22+00:00\" \/>\n<meta property=\"og:image\" content=\"https:\/\/audaces.com\/wp-content\/uploads\/2013\/08\/branding-marketing-moda-destaque.webp\" \/>\n\t<meta property=\"og:image:width\" content=\"1500\" \/>\n\t<meta property=\"og:image:height\" content=\"1000\" \/>\n\t<meta property=\"og:image:type\" content=\"image\/webp\" \/>\n<meta name=\"author\" content=\"Daniela Ribeiro Cunha\" \/>\n<meta name=\"twitter:card\" content=\"summary_large_image\" \/>\n<meta name=\"twitter:label1\" content=\"Escrito por\" \/>\n\t<meta name=\"twitter:data1\" content=\"Daniela Ribeiro Cunha\" \/>\n\t<meta name=\"twitter:label2\" content=\"Est. tempo de leitura\" \/>\n\t<meta name=\"twitter:data2\" content=\"12 minutos\" \/>\n<script type=\"application\/ld+json\" class=\"yoast-schema-graph\">{\"@context\":\"https:\\\/\\\/schema.org\",\"@graph\":[{\"@type\":\"Article\",\"@id\":\"https:\\\/\\\/audaces.com\\\/pt-br\\\/blog\\\/branding-marketing-moda#article\",\"isPartOf\":{\"@id\":\"https:\\\/\\\/audaces.com\\\/pt-br\\\/blog\\\/branding-marketing-moda\"},\"author\":{\"name\":\"Daniela Ribeiro Cunha\",\"@id\":\"https:\\\/\\\/audaces.com\\\/pt-br\\\/#\\\/schema\\\/person\\\/f713e4c03d181da254aa1491ee813ed5\"},\"headline\":\"Por que investir em branding e marketing de moda?\",\"datePublished\":\"2025-09-11T13:34:52+00:00\",\"dateModified\":\"2025-09-22T20:20:22+00:00\",\"mainEntityOfPage\":{\"@id\":\"https:\\\/\\\/audaces.com\\\/pt-br\\\/blog\\\/branding-marketing-moda\"},\"wordCount\":2201,\"commentCount\":0,\"publisher\":{\"@id\":\"https:\\\/\\\/audaces.com\\\/pt-br\\\/#organization\"},\"image\":{\"@id\":\"https:\\\/\\\/audaces.com\\\/pt-br\\\/blog\\\/branding-marketing-moda#primaryimage\"},\"thumbnailUrl\":\"https:\\\/\\\/audaces.com\\\/wp-content\\\/uploads\\\/2013\\\/08\\\/branding-marketing-moda-destaque.webp\",\"articleSection\":[\"Gest\u00e3o e Neg\u00f3cios de Moda\"],\"inLanguage\":\"pt-BR\",\"potentialAction\":[{\"@type\":\"CommentAction\",\"name\":\"Comment\",\"target\":[\"https:\\\/\\\/audaces.com\\\/pt-br\\\/blog\\\/branding-marketing-moda#respond\"]}]},{\"@type\":[\"WebPage\",\"FAQPage\"],\"@id\":\"https:\\\/\\\/audaces.com\\\/pt-br\\\/blog\\\/branding-marketing-moda\",\"url\":\"https:\\\/\\\/audaces.com\\\/pt-br\\\/blog\\\/branding-marketing-moda\",\"name\":\"Branding e marketing de moda: por que \u00e9 t\u00e3o importante?\",\"isPartOf\":{\"@id\":\"https:\\\/\\\/audaces.com\\\/pt-br\\\/#website\"},\"primaryImageOfPage\":{\"@id\":\"https:\\\/\\\/audaces.com\\\/pt-br\\\/blog\\\/branding-marketing-moda#primaryimage\"},\"image\":{\"@id\":\"https:\\\/\\\/audaces.com\\\/pt-br\\\/blog\\\/branding-marketing-moda#primaryimage\"},\"thumbnailUrl\":\"https:\\\/\\\/audaces.com\\\/wp-content\\\/uploads\\\/2013\\\/08\\\/branding-marketing-moda-destaque.webp\",\"datePublished\":\"2025-09-11T13:34:52+00:00\",\"dateModified\":\"2025-09-22T20:20:22+00:00\",\"description\":\"Descubra por que voc\u00ea precisa investir e fazer branding e marketing de moda na sua confec\u00e7\u00e3o. Leia o artigo agora!\",\"breadcrumb\":{\"@id\":\"https:\\\/\\\/audaces.com\\\/pt-br\\\/blog\\\/branding-marketing-moda#breadcrumb\"},\"mainEntity\":[{\"@id\":\"https:\\\/\\\/audaces.com\\\/pt-br\\\/blog\\\/branding-marketing-moda#faq-question-1757596111058\"},{\"@id\":\"https:\\\/\\\/audaces.com\\\/pt-br\\\/blog\\\/branding-marketing-moda#faq-question-1757596129623\"},{\"@id\":\"https:\\\/\\\/audaces.com\\\/pt-br\\\/blog\\\/branding-marketing-moda#faq-question-1757596144532\"}],\"inLanguage\":\"pt-BR\",\"potentialAction\":[{\"@type\":\"ReadAction\",\"target\":[\"https:\\\/\\\/audaces.com\\\/pt-br\\\/blog\\\/branding-marketing-moda\"]}]},{\"@type\":\"ImageObject\",\"inLanguage\":\"pt-BR\",\"@id\":\"https:\\\/\\\/audaces.com\\\/pt-br\\\/blog\\\/branding-marketing-moda#primaryimage\",\"url\":\"https:\\\/\\\/audaces.com\\\/wp-content\\\/uploads\\\/2013\\\/08\\\/branding-marketing-moda-destaque.webp\",\"contentUrl\":\"https:\\\/\\\/audaces.com\\\/wp-content\\\/uploads\\\/2013\\\/08\\\/branding-marketing-moda-destaque.webp\",\"width\":1500,\"height\":1000,\"caption\":\"Imagem de uma dona de confec\u00e7\u00e3o mexendo em um notebook, cuidando do branding e marketing de moda da marca.\"},{\"@type\":\"BreadcrumbList\",\"@id\":\"https:\\\/\\\/audaces.com\\\/pt-br\\\/blog\\\/branding-marketing-moda#breadcrumb\",\"itemListElement\":[{\"@type\":\"ListItem\",\"position\":1,\"name\":\"INIZIO\",\"item\":\"https:\\\/\\\/audaces.com\\\/pt-br\"},{\"@type\":\"ListItem\",\"position\":2,\"name\":\"Por que investir em branding e marketing de moda?\"}]},{\"@type\":\"WebSite\",\"@id\":\"https:\\\/\\\/audaces.com\\\/pt-br\\\/#website\",\"url\":\"https:\\\/\\\/audaces.com\\\/pt-br\\\/\",\"name\":\"Audaces\",\"description\":\"We are the Industry 4.0\",\"publisher\":{\"@id\":\"https:\\\/\\\/audaces.com\\\/pt-br\\\/#organization\"},\"potentialAction\":[{\"@type\":\"SearchAction\",\"target\":{\"@type\":\"EntryPoint\",\"urlTemplate\":\"https:\\\/\\\/audaces.com\\\/pt-br\\\/?s={search_term_string}\"},\"query-input\":{\"@type\":\"PropertyValueSpecification\",\"valueRequired\":true,\"valueName\":\"search_term_string\"}}],\"inLanguage\":\"pt-BR\"},{\"@type\":\"Organization\",\"@id\":\"https:\\\/\\\/audaces.com\\\/pt-br\\\/#organization\",\"name\":\"Audaces\",\"url\":\"https:\\\/\\\/audaces.com\\\/pt-br\\\/\",\"logo\":{\"@type\":\"ImageObject\",\"inLanguage\":\"pt-BR\",\"@id\":\"https:\\\/\\\/audaces.com\\\/pt-br\\\/#\\\/schema\\\/logo\\\/image\\\/\",\"url\":\"https:\\\/\\\/audaces.com\\\/wp-content\\\/uploads\\\/2022\\\/01\\\/cropped-cropped-logo-audace.png\",\"contentUrl\":\"https:\\\/\\\/audaces.com\\\/wp-content\\\/uploads\\\/2022\\\/01\\\/cropped-cropped-logo-audace.png\",\"width\":512,\"height\":512,\"caption\":\"Audaces\"},\"image\":{\"@id\":\"https:\\\/\\\/audaces.com\\\/pt-br\\\/#\\\/schema\\\/logo\\\/image\\\/\"},\"sameAs\":[\"https:\\\/\\\/www.facebook.com\\\/audaces.pt\"]},{\"@type\":\"Person\",\"@id\":\"https:\\\/\\\/audaces.com\\\/pt-br\\\/#\\\/schema\\\/person\\\/f713e4c03d181da254aa1491ee813ed5\",\"name\":\"Daniela Ribeiro Cunha\",\"image\":{\"@type\":\"ImageObject\",\"inLanguage\":\"pt-BR\",\"@id\":\"https:\\\/\\\/audaces.com\\\/wp-content\\\/uploads\\\/2025\\\/05\\\/cropped-daniela-96x96.png\",\"url\":\"https:\\\/\\\/audaces.com\\\/wp-content\\\/uploads\\\/2025\\\/05\\\/cropped-daniela-96x96.png\",\"contentUrl\":\"https:\\\/\\\/audaces.com\\\/wp-content\\\/uploads\\\/2025\\\/05\\\/cropped-daniela-96x96.png\",\"caption\":\"Daniela Ribeiro Cunha\"},\"description\":\"Copywriter Audaces\",\"sameAs\":[\"https:\\\/\\\/audaces.com\"],\"url\":\"https:\\\/\\\/audaces.com\\\/pt-br\\\/blog\\\/author\\\/daniela\"},{\"@type\":\"Question\",\"@id\":\"https:\\\/\\\/audaces.com\\\/pt-br\\\/blog\\\/branding-marketing-moda#faq-question-1757596111058\",\"position\":1,\"url\":\"https:\\\/\\\/audaces.com\\\/pt-br\\\/blog\\\/branding-marketing-moda#faq-question-1757596111058\",\"name\":\"Branding e marketing de moda servem apenas para grandes marcas?\",\"answerCount\":1,\"acceptedAnswer\":{\"@type\":\"Answer\",\"text\":\"N\u00e3o. Pequenas confec\u00e7\u00f5es tamb\u00e9m podem se destacar ao aplicar branding e marketing de moda de forma simples e consistente.\",\"inLanguage\":\"pt-BR\"},\"inLanguage\":\"pt-BR\"},{\"@type\":\"Question\",\"@id\":\"https:\\\/\\\/audaces.com\\\/pt-br\\\/blog\\\/branding-marketing-moda#faq-question-1757596129623\",\"position\":2,\"url\":\"https:\\\/\\\/audaces.com\\\/pt-br\\\/blog\\\/branding-marketing-moda#faq-question-1757596129623\",\"name\":\"Quanto tempo leva para ver resultados em branding e marketing de moda?\",\"answerCount\":1,\"acceptedAnswer\":{\"@type\":\"Answer\",\"text\":\"Os resultados aparecem no m\u00e9dio prazo, quando a confec\u00e7\u00e3o mant\u00e9m consist\u00eancia na comunica\u00e7\u00e3o e investe em relacionamento com os clientes.\",\"inLanguage\":\"pt-BR\"},\"inLanguage\":\"pt-BR\"},{\"@type\":\"Question\",\"@id\":\"https:\\\/\\\/audaces.com\\\/pt-br\\\/blog\\\/branding-marketing-moda#faq-question-1757596144532\",\"position\":3,\"url\":\"https:\\\/\\\/audaces.com\\\/pt-br\\\/blog\\\/branding-marketing-moda#faq-question-1757596144532\",\"name\":\"Branding e marketing de moda ajudam na fideliza\u00e7\u00e3o de clientes?\",\"answerCount\":1,\"acceptedAnswer\":{\"@type\":\"Answer\",\"text\":\"Sim. Eles criam conex\u00e3o emocional com o p\u00fablico, fortalecem a confian\u00e7a e incentivam compras recorrentes dentro da sua confec\u00e7\u00e3o.\",\"inLanguage\":\"pt-BR\"},\"inLanguage\":\"pt-BR\"}]}<\/script>\n<!-- \/ Yoast SEO Premium plugin. -->","yoast_head_json":{"title":"Branding e marketing de moda: por que \u00e9 t\u00e3o importante?","description":"Descubra por que voc\u00ea precisa investir e fazer branding e marketing de moda na sua confec\u00e7\u00e3o. Leia o artigo agora!","robots":{"index":"index","follow":"follow","max-snippet":"max-snippet:-1","max-image-preview":"max-image-preview:large","max-video-preview":"max-video-preview:-1"},"canonical":"https:\/\/audaces.com\/pt-br\/blog\/branding-marketing-moda","og_locale":"pt_BR","og_type":"article","og_title":"Branding e marketing de moda: por que \u00e9 t\u00e3o importante?","og_description":"Descubra por que voc\u00ea precisa investir e fazer branding e marketing de moda na sua confec\u00e7\u00e3o. Leia o artigo agora!","og_url":"https:\/\/audaces.com\/pt-br\/blog\/branding-marketing-moda","og_site_name":"Audaces","article_publisher":"https:\/\/www.facebook.com\/audaces.pt","article_published_time":"2025-09-11T13:34:52+00:00","article_modified_time":"2025-09-22T20:20:22+00:00","og_image":[{"width":1500,"height":1000,"url":"https:\/\/audaces.com\/wp-content\/uploads\/2013\/08\/branding-marketing-moda-destaque.webp","type":"image\/webp"}],"author":"Daniela Ribeiro Cunha","twitter_card":"summary_large_image","twitter_misc":{"Escrito por":"Daniela Ribeiro Cunha","Est. tempo de leitura":"12 minutos"},"schema":{"@context":"https:\/\/schema.org","@graph":[{"@type":"Article","@id":"https:\/\/audaces.com\/pt-br\/blog\/branding-marketing-moda#article","isPartOf":{"@id":"https:\/\/audaces.com\/pt-br\/blog\/branding-marketing-moda"},"author":{"name":"Daniela Ribeiro Cunha","@id":"https:\/\/audaces.com\/pt-br\/#\/schema\/person\/f713e4c03d181da254aa1491ee813ed5"},"headline":"Por que investir em branding e marketing de moda?","datePublished":"2025-09-11T13:34:52+00:00","dateModified":"2025-09-22T20:20:22+00:00","mainEntityOfPage":{"@id":"https:\/\/audaces.com\/pt-br\/blog\/branding-marketing-moda"},"wordCount":2201,"commentCount":0,"publisher":{"@id":"https:\/\/audaces.com\/pt-br\/#organization"},"image":{"@id":"https:\/\/audaces.com\/pt-br\/blog\/branding-marketing-moda#primaryimage"},"thumbnailUrl":"https:\/\/audaces.com\/wp-content\/uploads\/2013\/08\/branding-marketing-moda-destaque.webp","articleSection":["Gest\u00e3o e Neg\u00f3cios de Moda"],"inLanguage":"pt-BR","potentialAction":[{"@type":"CommentAction","name":"Comment","target":["https:\/\/audaces.com\/pt-br\/blog\/branding-marketing-moda#respond"]}]},{"@type":["WebPage","FAQPage"],"@id":"https:\/\/audaces.com\/pt-br\/blog\/branding-marketing-moda","url":"https:\/\/audaces.com\/pt-br\/blog\/branding-marketing-moda","name":"Branding e marketing de moda: por que \u00e9 t\u00e3o importante?","isPartOf":{"@id":"https:\/\/audaces.com\/pt-br\/#website"},"primaryImageOfPage":{"@id":"https:\/\/audaces.com\/pt-br\/blog\/branding-marketing-moda#primaryimage"},"image":{"@id":"https:\/\/audaces.com\/pt-br\/blog\/branding-marketing-moda#primaryimage"},"thumbnailUrl":"https:\/\/audaces.com\/wp-content\/uploads\/2013\/08\/branding-marketing-moda-destaque.webp","datePublished":"2025-09-11T13:34:52+00:00","dateModified":"2025-09-22T20:20:22+00:00","description":"Descubra por que voc\u00ea precisa investir e fazer branding e marketing de moda na sua confec\u00e7\u00e3o. Leia o artigo agora!","breadcrumb":{"@id":"https:\/\/audaces.com\/pt-br\/blog\/branding-marketing-moda#breadcrumb"},"mainEntity":[{"@id":"https:\/\/audaces.com\/pt-br\/blog\/branding-marketing-moda#faq-question-1757596111058"},{"@id":"https:\/\/audaces.com\/pt-br\/blog\/branding-marketing-moda#faq-question-1757596129623"},{"@id":"https:\/\/audaces.com\/pt-br\/blog\/branding-marketing-moda#faq-question-1757596144532"}],"inLanguage":"pt-BR","potentialAction":[{"@type":"ReadAction","target":["https:\/\/audaces.com\/pt-br\/blog\/branding-marketing-moda"]}]},{"@type":"ImageObject","inLanguage":"pt-BR","@id":"https:\/\/audaces.com\/pt-br\/blog\/branding-marketing-moda#primaryimage","url":"https:\/\/audaces.com\/wp-content\/uploads\/2013\/08\/branding-marketing-moda-destaque.webp","contentUrl":"https:\/\/audaces.com\/wp-content\/uploads\/2013\/08\/branding-marketing-moda-destaque.webp","width":1500,"height":1000,"caption":"Imagem de uma dona de confec\u00e7\u00e3o mexendo em um notebook, cuidando do branding e marketing de moda da marca."},{"@type":"BreadcrumbList","@id":"https:\/\/audaces.com\/pt-br\/blog\/branding-marketing-moda#breadcrumb","itemListElement":[{"@type":"ListItem","position":1,"name":"INIZIO","item":"https:\/\/audaces.com\/pt-br"},{"@type":"ListItem","position":2,"name":"Por que investir em branding e marketing de moda?"}]},{"@type":"WebSite","@id":"https:\/\/audaces.com\/pt-br\/#website","url":"https:\/\/audaces.com\/pt-br\/","name":"Audaces","description":"We are the Industry 4.0","publisher":{"@id":"https:\/\/audaces.com\/pt-br\/#organization"},"potentialAction":[{"@type":"SearchAction","target":{"@type":"EntryPoint","urlTemplate":"https:\/\/audaces.com\/pt-br\/?s={search_term_string}"},"query-input":{"@type":"PropertyValueSpecification","valueRequired":true,"valueName":"search_term_string"}}],"inLanguage":"pt-BR"},{"@type":"Organization","@id":"https:\/\/audaces.com\/pt-br\/#organization","name":"Audaces","url":"https:\/\/audaces.com\/pt-br\/","logo":{"@type":"ImageObject","inLanguage":"pt-BR","@id":"https:\/\/audaces.com\/pt-br\/#\/schema\/logo\/image\/","url":"https:\/\/audaces.com\/wp-content\/uploads\/2022\/01\/cropped-cropped-logo-audace.png","contentUrl":"https:\/\/audaces.com\/wp-content\/uploads\/2022\/01\/cropped-cropped-logo-audace.png","width":512,"height":512,"caption":"Audaces"},"image":{"@id":"https:\/\/audaces.com\/pt-br\/#\/schema\/logo\/image\/"},"sameAs":["https:\/\/www.facebook.com\/audaces.pt"]},{"@type":"Person","@id":"https:\/\/audaces.com\/pt-br\/#\/schema\/person\/f713e4c03d181da254aa1491ee813ed5","name":"Daniela Ribeiro Cunha","image":{"@type":"ImageObject","inLanguage":"pt-BR","@id":"https:\/\/audaces.com\/wp-content\/uploads\/2025\/05\/cropped-daniela-96x96.png","url":"https:\/\/audaces.com\/wp-content\/uploads\/2025\/05\/cropped-daniela-96x96.png","contentUrl":"https:\/\/audaces.com\/wp-content\/uploads\/2025\/05\/cropped-daniela-96x96.png","caption":"Daniela Ribeiro Cunha"},"description":"Copywriter Audaces","sameAs":["https:\/\/audaces.com"],"url":"https:\/\/audaces.com\/pt-br\/blog\/author\/daniela"},{"@type":"Question","@id":"https:\/\/audaces.com\/pt-br\/blog\/branding-marketing-moda#faq-question-1757596111058","position":1,"url":"https:\/\/audaces.com\/pt-br\/blog\/branding-marketing-moda#faq-question-1757596111058","name":"Branding e marketing de moda servem apenas para grandes marcas?","answerCount":1,"acceptedAnswer":{"@type":"Answer","text":"N\u00e3o. Pequenas confec\u00e7\u00f5es tamb\u00e9m podem se destacar ao aplicar branding e marketing de moda de forma simples e consistente.","inLanguage":"pt-BR"},"inLanguage":"pt-BR"},{"@type":"Question","@id":"https:\/\/audaces.com\/pt-br\/blog\/branding-marketing-moda#faq-question-1757596129623","position":2,"url":"https:\/\/audaces.com\/pt-br\/blog\/branding-marketing-moda#faq-question-1757596129623","name":"Quanto tempo leva para ver resultados em branding e marketing de moda?","answerCount":1,"acceptedAnswer":{"@type":"Answer","text":"Os resultados aparecem no m\u00e9dio prazo, quando a confec\u00e7\u00e3o mant\u00e9m consist\u00eancia na comunica\u00e7\u00e3o e investe em relacionamento com os clientes.","inLanguage":"pt-BR"},"inLanguage":"pt-BR"},{"@type":"Question","@id":"https:\/\/audaces.com\/pt-br\/blog\/branding-marketing-moda#faq-question-1757596144532","position":3,"url":"https:\/\/audaces.com\/pt-br\/blog\/branding-marketing-moda#faq-question-1757596144532","name":"Branding e marketing de moda ajudam na fideliza\u00e7\u00e3o de clientes?","answerCount":1,"acceptedAnswer":{"@type":"Answer","text":"Sim. Eles criam conex\u00e3o emocional com o p\u00fablico, fortalecem a confian\u00e7a e incentivam compras recorrentes dentro da sua confec\u00e7\u00e3o.","inLanguage":"pt-BR"},"inLanguage":"pt-BR"}]}},"_links":{"self":[{"href":"https:\/\/audaces.com\/pt-br\/wp-json\/wp\/v2\/posts\/5325","targetHints":{"allow":["GET"]}}],"collection":[{"href":"https:\/\/audaces.com\/pt-br\/wp-json\/wp\/v2\/posts"}],"about":[{"href":"https:\/\/audaces.com\/pt-br\/wp-json\/wp\/v2\/types\/post"}],"author":[{"embeddable":true,"href":"https:\/\/audaces.com\/pt-br\/wp-json\/wp\/v2\/users\/52"}],"replies":[{"embeddable":true,"href":"https:\/\/audaces.com\/pt-br\/wp-json\/wp\/v2\/comments?post=5325"}],"version-history":[{"count":3,"href":"https:\/\/audaces.com\/pt-br\/wp-json\/wp\/v2\/posts\/5325\/revisions"}],"predecessor-version":[{"id":203583,"href":"https:\/\/audaces.com\/pt-br\/wp-json\/wp\/v2\/posts\/5325\/revisions\/203583"}],"wp:featuredmedia":[{"embeddable":true,"href":"https:\/\/audaces.com\/pt-br\/wp-json\/wp\/v2\/media\/202939"}],"wp:attachment":[{"href":"https:\/\/audaces.com\/pt-br\/wp-json\/wp\/v2\/media?parent=5325"}],"wp:term":[{"taxonomy":"category","embeddable":true,"href":"https:\/\/audaces.com\/pt-br\/wp-json\/wp\/v2\/categories?post=5325"},{"taxonomy":"post_tag","embeddable":true,"href":"https:\/\/audaces.com\/pt-br\/wp-json\/wp\/v2\/tags?post=5325"}],"curies":[{"name":"wp","href":"https:\/\/api.w.org\/{rel}","templated":true}]}}