{"id":52869,"date":"2022-08-10T16:23:56","date_gmt":"2022-08-10T16:23:56","guid":{"rendered":"https:\/\/audaces.com\/?p=52869"},"modified":"2025-06-04T16:16:20","modified_gmt":"2025-06-04T19:16:20","slug":"mesa-corte-tecido","status":"publish","type":"post","link":"https:\/\/audaces.com\/pt-br\/blog\/mesa-corte-tecido","title":{"rendered":"9 dicas para escolher a melhor mesa de corte de tecido"},"content":{"rendered":"\t\t<div data-elementor-type=\"wp-post\" data-elementor-id=\"52869\" class=\"elementor elementor-52869\" data-elementor-post-type=\"post\">\n\t\t\t\t\t\t<section class=\"elementor-section elementor-top-section elementor-element elementor-element-4d5cdfe1 elementor-section-boxed elementor-section-height-default elementor-section-height-default\" data-id=\"4d5cdfe1\" data-element_type=\"section\">\n\t\t\t\t\t\t<div class=\"elementor-container elementor-column-gap-default\">\n\t\t\t\t\t<div class=\"elementor-column elementor-col-100 elementor-top-column elementor-element elementor-element-1ce161a7\" data-id=\"1ce161a7\" data-element_type=\"column\">\n\t\t\t<div class=\"elementor-widget-wrap elementor-element-populated\">\n\t\t\t\t\t\t<div class=\"elementor-element elementor-element-46624a07 elementor-widget elementor-widget-text-editor\" data-id=\"46624a07\" data-element_type=\"widget\" data-widget_type=\"text-editor.default\">\n\t\t\t\t<div class=\"elementor-widget-container\">\n\t\t\t\t\t\t\t\t\tO setor t\u00eaxtil \u00e9 caracterizado por um mercado extremamente competitivo, com prazos, necessidades e desafios constantes em termos de flexibilidade de produ\u00e7\u00e3o e resposta r\u00e1pida \u00e0 mudan\u00e7a.\n\nSe sua empresa est\u00e1 pensando em comprar ou substituir uma mesa de corte de tecido para otimizar o tempo de produ\u00e7\u00e3o e atingir metas, h\u00e1 algumas considera\u00e7\u00f5es necess\u00e1rias para alcan\u00e7ar um ROI positivo.\n\nN\u00f3s identificamos nove delas e gostar\u00edamos de prop\u00f4-las a voc\u00ea no artigo de hoje.\n<h2><span class=\"ez-toc-section\" id=\"para-que-serve-a-mesa-de-corte-de-tecido\"><\/span><strong>Para que serve a mesa de corte de tecido?<\/strong><span class=\"ez-toc-section-end\"><\/span><\/h2>\nBanco e m\u00e1quina de corte s\u00e3o usados nas ind\u00fastrias t\u00eaxteis para cortar peda\u00e7os de material a partir de rolos ou camadas de tecido.\n<figure class=\"wp-block-embed is-type-video is-provider-youtube wp-block-embed-youtube wp-embed-aspect-16-9 wp-has-aspect-ratio\">\n<div class=\"wp-block-embed__wrapper\">https:\/\/youtu.be\/ZaABg-wKgQc<\/div><\/figure>\nNos pr\u00f3ximos par\u00e1grafos analisaremos todas as fun\u00e7\u00f5es e particularidades a serem avaliadas na escolha de uma mesa de corte de tecido que permita dar um salto qualitativo, otimizando tempo e custos de produ\u00e7\u00e3o.\n\nClique no t\u00f3pico de seu interesse para ir diretamente para o par\u00e1grafo dedicado.\n\nA introdu\u00e7\u00e3o de m\u00e1quinas de corte e a aplica\u00e7\u00e3o de tecnologias cada vez mais inovadoras a estas ferramentas representaram uma verdadeira revolu\u00e7\u00e3o para a ind\u00fastria t\u00eaxtil, levando a uma melhor efici\u00eancia e precis\u00e3o de processamento.\n\nComecemos por analisar as fun\u00e7\u00f5es que agregam bastante valor para as empresas.\n<h2><span class=\"ez-toc-section\" id=\"como-escolher-a-melhor-mesa-de-corte-de-tecido\"><\/span>Como escolher a melhor mesa de corte de tecido?<span class=\"ez-toc-section-end\"><\/span><\/h2>\n<h3><strong>1. Reconhecimento autom\u00e1tico da espessura e do material<\/strong><\/h3>\n<figure class=\"wp-block-image aligncenter size-large is-resized\"><img fetchpriority=\"high\" decoding=\"async\" class=\"wp-image-52877\" src=\"https:\/\/audaces.com\/wp-content\/uploads\/2022\/08\/MTS7459_alta-1024x683.jpg\" alt=\"\" width=\"619\" height=\"413\" srcset=\"https:\/\/audaces.com\/wp-content\/uploads\/2022\/08\/MTS7459_alta-1024x683.jpg 1024w, https:\/\/audaces.com\/wp-content\/uploads\/2022\/08\/MTS7459_alta-300x200.jpg 300w, https:\/\/audaces.com\/wp-content\/uploads\/2022\/08\/MTS7459_alta-768x512.jpg 768w, https:\/\/audaces.com\/wp-content\/uploads\/2022\/08\/MTS7459_alta-1536x1024.jpg 1536w, https:\/\/audaces.com\/wp-content\/uploads\/2022\/08\/MTS7459_alta-2048x1365.jpg 2048w, https:\/\/audaces.com\/wp-content\/uploads\/2022\/08\/MTS7459_alta-scaled.jpg 1620w\" sizes=\"(max-width: 619px) 100vw, 619px\" \/><\/figure>\nGra\u00e7as aos sensores, a cabe\u00e7a de corte se torna um c\u00e9rebro eletr\u00f4nico real que adota automaticamente a melhor condi\u00e7\u00e3o de corte espec\u00edfica para o tipo de material e a altura de enfesto calculada pelo cortador.\n\nDesta forma, n\u00e3o s\u00f3 a qualidade de corte \u00e9 garantida em cada tecido, couro ou material t\u00e9cnico, mas a l\u00e2mina \u00e9 preservada do estresse excessivo e quebra.\n<h3><strong>2. Qualidade do corte e zero espa\u00e7amento entre as pe\u00e7as<\/strong><\/h3>\nEspecificamente, a qualidade de corte consiste na press\u00e3o e dobra corretas da l\u00e2mina, para ser aplicada aos materiais mais ou menos pesados e aos tecidos mais ou menos delicados.\n\nEsta aten\u00e7\u00e3o ao detalhe, combinada com a possibilidade de a m\u00e1quina definir automaticamente os pontos de partida do processamento, reduzindo a zero o espa\u00e7amento necess\u00e1rio entre as pe\u00e7as, elimina o desperd\u00edcio de mat\u00e9rias-primas.\n\nO impacto nos custos \u00e9 \u00f3bvio, porque o material \u00e9 otimizado ao m\u00e1ximo e voc\u00ea pode evitar disputas do cliente ou da empresa que segue o pr\u00f3ximo est\u00e1gio da embalagem.\n\nMesmo as pe\u00e7as mais complexas podem ser feitas com marca\u00e7\u00f5es e contornos extremamente precisos, permitindo que as empresas respondam rapidamente a solicita\u00e7\u00f5es de amostras, prot\u00f3tipos ou quantidades limitadas.\n<h3><strong>3. Monitoramento da tens\u00e3o da l\u00e2mina<\/strong><\/h3>\n<figure class=\"wp-block-image aligncenter size-full is-resized\"><img decoding=\"async\" class=\"wp-image-14192\" src=\"https:\/\/audaces.com\/wp-content\/uploads\/2018\/08\/Sensor-lamina.jpg\" alt=\"\" width=\"619\" height=\"446\" srcset=\"https:\/\/audaces.com\/wp-content\/uploads\/2018\/08\/Sensor-lamina.jpg 780w, https:\/\/audaces.com\/wp-content\/uploads\/2018\/08\/Sensor-lamina-300x216.jpg 300w, https:\/\/audaces.com\/wp-content\/uploads\/2018\/08\/Sensor-lamina-768x552.jpg 768w\" sizes=\"(max-width: 619px) 100vw, 619px\" \/><\/figure>\nComo vimos, as cabe\u00e7as de corte equipadas com intelig\u00eancia artificial permitem um monitoramento cont\u00ednuo das condi\u00e7\u00f5es de trabalho e das l\u00e2minas.\n\nDesta forma, o tempo de substitui\u00e7\u00e3o ou afia\u00e7\u00e3o da l\u00e2mina pode ser calculado com anteced\u00eancia, dependendo da rigidez do tecido, do n\u00famero de camadas do rolo e das pe\u00e7as a serem produzidas.\n<h3><strong>4. Facilidade de utiliza\u00e7\u00e3o e programa\u00e7\u00e3o<\/strong><\/h3>\nToda a tecnologia contida nas novas m\u00e1quinas poderia levar a pensar que, para sua programa\u00e7\u00e3o, a mesa de corte deve necessariamente ser gerenciada por t\u00e9cnicos especializados e pessoal treinado.\n\nNada disso: a verdadeira revolu\u00e7\u00e3o reside na capacidade da m\u00e1quina de tomar decis\u00f5es e definir par\u00e2metros de forma totalmente aut\u00f4noma. As fun\u00e7\u00f5es a serem ativadas pela equipe da sala de corte, pelo contr\u00e1rio, s\u00e3o muito simples gra\u00e7as \u00e0s telas extremamente intuitivas.\n\nConectar e compartilhar dados operacionais na nuvem tamb\u00e9m permite que os fabricantes intervenham remotamente, simplificando a manuten\u00e7\u00e3o.\n<h3><strong>5. Necessidade de manuten\u00e7\u00e3o<\/strong><\/h3>\nEm termos de manuten\u00e7\u00e3o &#8211; sem d\u00favida um dos aspectos que tem o maior impacto sobre o custo total da m\u00e1quina e sobre a possibilidade de amortiz\u00e1-la em um curto espa\u00e7o de tempo para come\u00e7ar a obter um retorno sobre o investimento &#8211; a possibilidade de realizar interven\u00e7\u00f5es tamb\u00e9m remotamente \u00e9 um valor agregado not\u00e1vel para os fornecedores de m\u00e1quinas.\n<figure class=\"wp-block-image aligncenter size-large is-resized\"><img decoding=\"async\" class=\"wp-image-46543\" src=\"https:\/\/audaces.com\/wp-content\/uploads\/2022\/01\/inteligencia-artificial-automacao-na-moda-1024x599.jpg\" alt=\"Intelig\u00eancia Artificial: automa\u00e7\u00e3o na moda\" width=\"628\" height=\"368\" \/><\/figure>\nGra\u00e7as \u00e0 computa\u00e7\u00e3o em nuvem, o compartilhamento \u00e9 imediato: todos os alertas s\u00e3o enviados em tempo real da m\u00e1quina de corte para o aplicativo dedicado e tamb\u00e9m podem ser gerenciados pelo fornecedor para apoiar a manuten\u00e7\u00e3o.\n\nN\u00e3o h\u00e1 mais interrup\u00e7\u00f5es desnecess\u00e1rias para garantir a m\u00e1xima efici\u00eancia.\n<h3><strong>6. Seguran\u00e7a das opera\u00e7\u00f5es<\/strong><\/h3>\nN\u00e3o pode haver progresso real sem maior seguran\u00e7a para toda a equipe na sala de corte. Hoje em dia, a efici\u00eancia e a inova\u00e7\u00e3o devem estar ligadas de duas formas a uma preven\u00e7\u00e3o cont\u00ednua de acidentes e les\u00f5es.\n<h4>Como \u00e9 garantida a seguran\u00e7a das m\u00e1quinas?<\/h4>\nA \u00e1rea de trabalho \u00e9 cercada por sensores que a delimitam com uma grade virtual (representada no exemplo da imagem) e causam a interrup\u00e7\u00e3o imediata das opera\u00e7\u00f5es se a presen\u00e7a de uma pessoa for percebida.\n\nA efici\u00eancia \u00e9 garantida pela restaura\u00e7\u00e3o aut\u00f4noma assim que a \u00e1rea de trabalho estiver livre novamente.\n<h3><strong>7. Custos de m\u00e1quinas e mat\u00e9ria-prima<\/strong><\/h3>\nNa avalia\u00e7\u00e3o da compra de uma mesa de corte e uma m\u00e1quina autom\u00e1tica, al\u00e9m dos custos e benef\u00edcios da transi\u00e7\u00e3o do corte manual para o mec\u00e2nico (ou o aumento da produtividade no caso de uma substitui\u00e7\u00e3o de um sistema desatualizado), o foco deve estar nos custos de manuten\u00e7\u00e3o e no pre\u00e7o de mercado das mat\u00e9rias-primas.\n\nAl\u00e9m de verificar que existe a possibilidade de comprar pe\u00e7as de reposi\u00e7\u00e3o facilmente dispon\u00edveis no mercado e mat\u00e9rias-primas gen\u00e9ricas, para reduzir custos, \u00e9 aconselh\u00e1vel ser apoiado pelo fornecedor tamb\u00e9m na an\u00e1lise e c\u00e1lculo preventivo do ROI.\n\nSua disponibilidade e experi\u00eancia servir\u00e3o para medir a qualidade do produto e o n\u00edvel de atendimento ao cliente.\n<h3><strong>8. Consumo de eletricidade<\/strong><\/h3>\nA economia de energia \u00e9 uma quest\u00e3o importante em muitos aspectos. Em primeiro lugar, a efici\u00eancia e o consumo reduzido das m\u00e1quinas de \u00faltima gera\u00e7\u00e3o n\u00e3o limitam o campo da inova\u00e7\u00e3o apenas \u00e0s empresas que sempre trabalharam com corte autom\u00e1tico.\n\nMesmo pequenos laborat\u00f3rios, na verdade, podem aproveitar todas as vantagens da automa\u00e7\u00e3o. Aqueles que precisam substituir m\u00e1quinas de corte mais antigas podem contar com economias de energia t\u00e3o substanciais que amortizam rapidamente o investimento.\n\nO segundo ponto que merece um olhar mais atento \u00e9 o da sustentabilidade da produ\u00e7\u00e3o. Falamos sobre isso no pr\u00f3ximo par\u00e1grafo.\n<h3><strong>9. Sustentabilidade<\/strong><\/h3>\nH\u00e1 cada vez mais marcas que dependem de ideais verdes, tanto em termos de escolha de mat\u00e9rias-primas, quanto de rastreabilidade e certifica\u00e7\u00e3o da cadeia de suprimentos.\n\nUm dos aspectos a destacar, ao propor sua oferta aos clientes para a fase de corte, \u00e9 o respeito ao meio ambiente, do ponto de vista da economia de energia e do cuidado no uso de mat\u00e9rias-primas, para minimizar o desperd\u00edcio da produ\u00e7\u00e3o.\n<h2><span class=\"ez-toc-section\" id=\"conclusao\"><\/span>Conclus\u00e3o<span class=\"ez-toc-section-end\"><\/span><\/h2>\nResumindo, todas as fun\u00e7\u00f5es e caracter\u00edsticas de efici\u00eancia da mesa de corte devem ser inclu\u00eddas nas inova\u00e7\u00f5es da quarta revolu\u00e7\u00e3o industrial, onde a automa\u00e7\u00e3o da usinagem evoluiu de forma independente, gra\u00e7as ao desenvolvimento de tecnologias como:\n<ul>\n \t<li>Nuvem;<\/li>\n<\/ul>\n<ul>\n \t<li>Intelig\u00eancia artificial;<\/li>\n<\/ul>\n<ul>\n \t<li>Internet das coisas;<\/li>\n<\/ul>\n<ul>\n \t<li>Sensores inteligentes;<\/li>\n<\/ul>\n<ul>\n \t<li>Impress\u00e3o 3D.<\/li>\n<\/ul>\n<h2><span class=\"ez-toc-section\" id=\"pensou-em-solucoes-tecnologicas-para-a-sua-confeccao-de-moda-pensou-audaces\"><\/span>Pensou em solu\u00e7\u00f5es tecnol\u00f3gicas para a sua confec\u00e7\u00e3o de moda? Pensou Audaces!<span class=\"ez-toc-section-end\"><\/span><\/h2>\nOs dados est\u00e3o no centro do processamento t\u00eaxtil (e n\u00e3o apenas) porque permitem um planejamento eficiente, tempos de produ\u00e7\u00e3o cronometrados, otimizados, alinhados com os objetivos e sempre dispon\u00edveis. As decis\u00f5es s\u00e3o r\u00e1pidas e seguras, permitindo que voc\u00ea responda \u00e0s solicita\u00e7\u00f5es dos clientes e inicie a produ\u00e7\u00e3o rapidamente.\n\nO monitoramento cont\u00ednuo, ainda melhor se por meio de um aplicativo m\u00f3vel integrado, d\u00e1 acesso \u00e0 an\u00e1lise das condi\u00e7\u00f5es de trabalho, permite uma solu\u00e7\u00e3o r\u00e1pida de qualquer situa\u00e7\u00e3o, mesmo remotamente, e otimiza as opera\u00e7\u00f5es de manuten\u00e7\u00e3o.\n\nCom mais de 30 anos de experi\u00eancia internacional e mais de 20 produtos projetados especificamente para o mundo da moda, a Audaces se destaca como refer\u00eancia em termos de inova\u00e7\u00e3o tecnol\u00f3gica na ind\u00fastria t\u00eaxtil.\n\nQuer saber mais e descobrir como podemos apoiar a transforma\u00e7\u00e3o tecnol\u00f3gica do seu neg\u00f3cio? Entre em contato com um consultor Audaces e descubra mais sobre nossas solu\u00e7\u00f5es.\n<div id=\"form-ebook-sala-de-corte-automatizada-confeccao-49efb68a60a76b1a7817\" role=\"main\"><\/div>\n<script type=\"text\/javascript\" src=\"https:\/\/d335luupugsy2.cloudfront.net\/js\/rdstation-forms\/stable\/rdstation-forms.min.js\"><\/script><script type=\"text\/javascript\"> new RDStationForms('form-ebook-sala-de-corte-automatizada-confeccao-49efb68a60a76b1a7817', 'UA-78634938-2').createForm();<\/script>\n\t\t\t\t\t\t\t\t<\/div>\n\t\t\t\t<\/div>\n\t\t\t\t\t<\/div>\n\t\t<\/div>\n\t\t\t\t\t<\/div>\n\t\t<\/section>\n\t\t\t\t<\/div>\n\t\t","protected":false},"excerpt":{"rendered":"<p>Mesa de corte de tecido: se sua empresa est\u00e1 pensando em comprar ou substituir uma, \u00e9 preciso considerar alguns fatores. Veja quais s\u00e3o!<\/p>\n","protected":false},"author":54,"featured_media":0,"comment_status":"open","ping_status":"closed","sticky":true,"template":"","format":"standard","meta":{"footnotes":""},"categories":[28],"tags":[119,71],"class_list":["post-52869","post","type-post","status-publish","format-standard","hentry","category-producao-moda","tag-industria-da-moda","tag-producao-de-moda"],"yoast_head":"<!-- This site is optimized with the Yoast SEO Premium plugin v27.4 (Yoast SEO v27.5) - https:\/\/yoast.com\/product\/yoast-seo-premium-wordpress\/ -->\n<title>Mesa de corte de tecido: 9 dicas para escolher a melhor<\/title>\n<meta name=\"description\" content=\"Mesa de corte de tecido: se sua empresa est\u00e1 pensando em comprar ou substituir uma, \u00e9 preciso considerar alguns fatores. Veja quais s\u00e3o!\" \/>\n<meta name=\"robots\" content=\"index, follow, max-snippet:-1, max-image-preview:large, max-video-preview:-1\" \/>\n<link rel=\"canonical\" href=\"https:\/\/audaces.com\/pt-br\/blog\/mesa-corte-tecido\" \/>\n<meta property=\"og:locale\" content=\"pt_BR\" \/>\n<meta property=\"og:type\" content=\"article\" \/>\n<meta property=\"og:title\" content=\"Mesa de corte de tecido: 9 dicas para escolher a melhor\" \/>\n<meta property=\"og:description\" content=\"Mesa de corte de tecido: se sua empresa est\u00e1 pensando em comprar ou substituir uma, \u00e9 preciso considerar alguns fatores. Veja quais s\u00e3o!\" \/>\n<meta property=\"og:url\" content=\"https:\/\/audaces.com\/pt-br\/blog\/mesa-corte-tecido\" \/>\n<meta property=\"og:site_name\" content=\"Audaces\" \/>\n<meta property=\"article:publisher\" content=\"https:\/\/www.facebook.com\/audaces.pt\" \/>\n<meta property=\"article:published_time\" content=\"2022-08-10T16:23:56+00:00\" \/>\n<meta property=\"article:modified_time\" content=\"2025-06-04T19:16:20+00:00\" \/>\n<meta property=\"og:image\" content=\"https:\/\/audaces.com\/wp-content\/uploads\/2022\/08\/MTS7459_alta-1024x683.jpg\" \/>\n<meta name=\"author\" content=\"Audara\" \/>\n<meta name=\"twitter:card\" content=\"summary_large_image\" \/>\n<meta name=\"twitter:label1\" content=\"Escrito por\" \/>\n\t<meta name=\"twitter:data1\" content=\"Audara\" \/>\n\t<meta name=\"twitter:label2\" content=\"Est. tempo de leitura\" \/>\n\t<meta name=\"twitter:data2\" content=\"8 minutos\" \/>\n<script type=\"application\/ld+json\" class=\"yoast-schema-graph\">{\"@context\":\"https:\\\/\\\/schema.org\",\"@graph\":[{\"@type\":\"Article\",\"@id\":\"https:\\\/\\\/audaces.com\\\/pt-br\\\/blog\\\/mesa-corte-tecido#article\",\"isPartOf\":{\"@id\":\"https:\\\/\\\/audaces.com\\\/pt-br\\\/blog\\\/mesa-corte-tecido\"},\"author\":{\"name\":\"Audara\",\"@id\":\"https:\\\/\\\/audaces.com\\\/pt-br\\\/#\\\/schema\\\/person\\\/64fd4e45d55c0765a8d3193a2dfe4a8b\"},\"headline\":\"9 dicas para escolher a melhor mesa de corte de tecido\",\"datePublished\":\"2022-08-10T16:23:56+00:00\",\"dateModified\":\"2025-06-04T19:16:20+00:00\",\"mainEntityOfPage\":{\"@id\":\"https:\\\/\\\/audaces.com\\\/pt-br\\\/blog\\\/mesa-corte-tecido\"},\"wordCount\":1459,\"commentCount\":0,\"publisher\":{\"@id\":\"https:\\\/\\\/audaces.com\\\/pt-br\\\/#organization\"},\"image\":{\"@id\":\"https:\\\/\\\/audaces.com\\\/pt-br\\\/blog\\\/mesa-corte-tecido#primaryimage\"},\"thumbnailUrl\":\"https:\\\/\\\/audaces.com\\\/wp-content\\\/uploads\\\/2022\\\/08\\\/MTS7459_alta-1024x683.jpg\",\"keywords\":[\"ind\u00fastria da moda\",\"produ\u00e7\u00e3o de moda\"],\"articleSection\":[\"Produ\u00e7\u00e3o de Moda\"],\"inLanguage\":\"pt-BR\",\"potentialAction\":[{\"@type\":\"CommentAction\",\"name\":\"Comment\",\"target\":[\"https:\\\/\\\/audaces.com\\\/pt-br\\\/blog\\\/mesa-corte-tecido#respond\"]}]},{\"@type\":\"WebPage\",\"@id\":\"https:\\\/\\\/audaces.com\\\/pt-br\\\/blog\\\/mesa-corte-tecido\",\"url\":\"https:\\\/\\\/audaces.com\\\/pt-br\\\/blog\\\/mesa-corte-tecido\",\"name\":\"Mesa de corte de tecido: 9 dicas para escolher a melhor\",\"isPartOf\":{\"@id\":\"https:\\\/\\\/audaces.com\\\/pt-br\\\/#website\"},\"primaryImageOfPage\":{\"@id\":\"https:\\\/\\\/audaces.com\\\/pt-br\\\/blog\\\/mesa-corte-tecido#primaryimage\"},\"image\":{\"@id\":\"https:\\\/\\\/audaces.com\\\/pt-br\\\/blog\\\/mesa-corte-tecido#primaryimage\"},\"thumbnailUrl\":\"https:\\\/\\\/audaces.com\\\/wp-content\\\/uploads\\\/2022\\\/08\\\/MTS7459_alta-1024x683.jpg\",\"datePublished\":\"2022-08-10T16:23:56+00:00\",\"dateModified\":\"2025-06-04T19:16:20+00:00\",\"description\":\"Mesa de corte de tecido: se sua empresa est\u00e1 pensando em comprar ou substituir uma, \u00e9 preciso considerar alguns fatores. Veja quais s\u00e3o!\",\"breadcrumb\":{\"@id\":\"https:\\\/\\\/audaces.com\\\/pt-br\\\/blog\\\/mesa-corte-tecido#breadcrumb\"},\"inLanguage\":\"pt-BR\",\"potentialAction\":[{\"@type\":\"ReadAction\",\"target\":[\"https:\\\/\\\/audaces.com\\\/pt-br\\\/blog\\\/mesa-corte-tecido\"]}]},{\"@type\":\"ImageObject\",\"inLanguage\":\"pt-BR\",\"@id\":\"https:\\\/\\\/audaces.com\\\/pt-br\\\/blog\\\/mesa-corte-tecido#primaryimage\",\"url\":\"https:\\\/\\\/audaces.com\\\/wp-content\\\/uploads\\\/2022\\\/08\\\/MTS7459_alta-1024x683.jpg\",\"contentUrl\":\"https:\\\/\\\/audaces.com\\\/wp-content\\\/uploads\\\/2022\\\/08\\\/MTS7459_alta-1024x683.jpg\"},{\"@type\":\"BreadcrumbList\",\"@id\":\"https:\\\/\\\/audaces.com\\\/pt-br\\\/blog\\\/mesa-corte-tecido#breadcrumb\",\"itemListElement\":[{\"@type\":\"ListItem\",\"position\":1,\"name\":\"INIZIO\",\"item\":\"https:\\\/\\\/audaces.com\\\/pt-br\"},{\"@type\":\"ListItem\",\"position\":2,\"name\":\"9 dicas para escolher a melhor mesa de corte de tecido\"}]},{\"@type\":\"WebSite\",\"@id\":\"https:\\\/\\\/audaces.com\\\/pt-br\\\/#website\",\"url\":\"https:\\\/\\\/audaces.com\\\/pt-br\\\/\",\"name\":\"Audaces\",\"description\":\"We are the Industry 4.0\",\"publisher\":{\"@id\":\"https:\\\/\\\/audaces.com\\\/pt-br\\\/#organization\"},\"potentialAction\":[{\"@type\":\"SearchAction\",\"target\":{\"@type\":\"EntryPoint\",\"urlTemplate\":\"https:\\\/\\\/audaces.com\\\/pt-br\\\/?s={search_term_string}\"},\"query-input\":{\"@type\":\"PropertyValueSpecification\",\"valueRequired\":true,\"valueName\":\"search_term_string\"}}],\"inLanguage\":\"pt-BR\"},{\"@type\":\"Organization\",\"@id\":\"https:\\\/\\\/audaces.com\\\/pt-br\\\/#organization\",\"name\":\"Audaces\",\"url\":\"https:\\\/\\\/audaces.com\\\/pt-br\\\/\",\"logo\":{\"@type\":\"ImageObject\",\"inLanguage\":\"pt-BR\",\"@id\":\"https:\\\/\\\/audaces.com\\\/pt-br\\\/#\\\/schema\\\/logo\\\/image\\\/\",\"url\":\"https:\\\/\\\/audaces.com\\\/wp-content\\\/uploads\\\/2022\\\/01\\\/cropped-cropped-logo-audace.png\",\"contentUrl\":\"https:\\\/\\\/audaces.com\\\/wp-content\\\/uploads\\\/2022\\\/01\\\/cropped-cropped-logo-audace.png\",\"width\":512,\"height\":512,\"caption\":\"Audaces\"},\"image\":{\"@id\":\"https:\\\/\\\/audaces.com\\\/pt-br\\\/#\\\/schema\\\/logo\\\/image\\\/\"},\"sameAs\":[\"https:\\\/\\\/www.facebook.com\\\/audaces.pt\"]},{\"@type\":\"Person\",\"@id\":\"https:\\\/\\\/audaces.com\\\/pt-br\\\/#\\\/schema\\\/person\\\/64fd4e45d55c0765a8d3193a2dfe4a8b\",\"name\":\"Audara\",\"image\":{\"@type\":\"ImageObject\",\"inLanguage\":\"pt-BR\",\"@id\":\"https:\\\/\\\/audaces.com\\\/wp-content\\\/uploads\\\/2025\\\/05\\\/cropped-audara-96x96.jpg\",\"url\":\"https:\\\/\\\/audaces.com\\\/wp-content\\\/uploads\\\/2025\\\/05\\\/cropped-audara-96x96.jpg\",\"contentUrl\":\"https:\\\/\\\/audaces.com\\\/wp-content\\\/uploads\\\/2025\\\/05\\\/cropped-audara-96x96.jpg\",\"caption\":\"Audara\"},\"description\":\"Fashion Tech Specialist at Audaces\",\"sameAs\":[\"https:\\\/\\\/audaces.com\"],\"url\":\"https:\\\/\\\/audaces.com\\\/pt-br\\\/blog\\\/author\\\/audara\"}]}<\/script>\n<!-- \/ Yoast SEO Premium plugin. -->","yoast_head_json":{"title":"Mesa de corte de tecido: 9 dicas para escolher a melhor","description":"Mesa de corte de tecido: se sua empresa est\u00e1 pensando em comprar ou substituir uma, \u00e9 preciso considerar alguns fatores. Veja quais s\u00e3o!","robots":{"index":"index","follow":"follow","max-snippet":"max-snippet:-1","max-image-preview":"max-image-preview:large","max-video-preview":"max-video-preview:-1"},"canonical":"https:\/\/audaces.com\/pt-br\/blog\/mesa-corte-tecido","og_locale":"pt_BR","og_type":"article","og_title":"Mesa de corte de tecido: 9 dicas para escolher a melhor","og_description":"Mesa de corte de tecido: se sua empresa est\u00e1 pensando em comprar ou substituir uma, \u00e9 preciso considerar alguns fatores. Veja quais s\u00e3o!","og_url":"https:\/\/audaces.com\/pt-br\/blog\/mesa-corte-tecido","og_site_name":"Audaces","article_publisher":"https:\/\/www.facebook.com\/audaces.pt","article_published_time":"2022-08-10T16:23:56+00:00","article_modified_time":"2025-06-04T19:16:20+00:00","og_image":[{"url":"https:\/\/audaces.com\/wp-content\/uploads\/2022\/08\/MTS7459_alta-1024x683.jpg","type":"","width":"","height":""}],"author":"Audara","twitter_card":"summary_large_image","twitter_misc":{"Escrito por":"Audara","Est. tempo de leitura":"8 minutos"},"schema":{"@context":"https:\/\/schema.org","@graph":[{"@type":"Article","@id":"https:\/\/audaces.com\/pt-br\/blog\/mesa-corte-tecido#article","isPartOf":{"@id":"https:\/\/audaces.com\/pt-br\/blog\/mesa-corte-tecido"},"author":{"name":"Audara","@id":"https:\/\/audaces.com\/pt-br\/#\/schema\/person\/64fd4e45d55c0765a8d3193a2dfe4a8b"},"headline":"9 dicas para escolher a melhor mesa de corte de tecido","datePublished":"2022-08-10T16:23:56+00:00","dateModified":"2025-06-04T19:16:20+00:00","mainEntityOfPage":{"@id":"https:\/\/audaces.com\/pt-br\/blog\/mesa-corte-tecido"},"wordCount":1459,"commentCount":0,"publisher":{"@id":"https:\/\/audaces.com\/pt-br\/#organization"},"image":{"@id":"https:\/\/audaces.com\/pt-br\/blog\/mesa-corte-tecido#primaryimage"},"thumbnailUrl":"https:\/\/audaces.com\/wp-content\/uploads\/2022\/08\/MTS7459_alta-1024x683.jpg","keywords":["ind\u00fastria da moda","produ\u00e7\u00e3o de moda"],"articleSection":["Produ\u00e7\u00e3o de Moda"],"inLanguage":"pt-BR","potentialAction":[{"@type":"CommentAction","name":"Comment","target":["https:\/\/audaces.com\/pt-br\/blog\/mesa-corte-tecido#respond"]}]},{"@type":"WebPage","@id":"https:\/\/audaces.com\/pt-br\/blog\/mesa-corte-tecido","url":"https:\/\/audaces.com\/pt-br\/blog\/mesa-corte-tecido","name":"Mesa de corte de tecido: 9 dicas para escolher a melhor","isPartOf":{"@id":"https:\/\/audaces.com\/pt-br\/#website"},"primaryImageOfPage":{"@id":"https:\/\/audaces.com\/pt-br\/blog\/mesa-corte-tecido#primaryimage"},"image":{"@id":"https:\/\/audaces.com\/pt-br\/blog\/mesa-corte-tecido#primaryimage"},"thumbnailUrl":"https:\/\/audaces.com\/wp-content\/uploads\/2022\/08\/MTS7459_alta-1024x683.jpg","datePublished":"2022-08-10T16:23:56+00:00","dateModified":"2025-06-04T19:16:20+00:00","description":"Mesa de corte de tecido: se sua empresa est\u00e1 pensando em comprar ou substituir uma, \u00e9 preciso considerar alguns fatores. Veja quais s\u00e3o!","breadcrumb":{"@id":"https:\/\/audaces.com\/pt-br\/blog\/mesa-corte-tecido#breadcrumb"},"inLanguage":"pt-BR","potentialAction":[{"@type":"ReadAction","target":["https:\/\/audaces.com\/pt-br\/blog\/mesa-corte-tecido"]}]},{"@type":"ImageObject","inLanguage":"pt-BR","@id":"https:\/\/audaces.com\/pt-br\/blog\/mesa-corte-tecido#primaryimage","url":"https:\/\/audaces.com\/wp-content\/uploads\/2022\/08\/MTS7459_alta-1024x683.jpg","contentUrl":"https:\/\/audaces.com\/wp-content\/uploads\/2022\/08\/MTS7459_alta-1024x683.jpg"},{"@type":"BreadcrumbList","@id":"https:\/\/audaces.com\/pt-br\/blog\/mesa-corte-tecido#breadcrumb","itemListElement":[{"@type":"ListItem","position":1,"name":"INIZIO","item":"https:\/\/audaces.com\/pt-br"},{"@type":"ListItem","position":2,"name":"9 dicas para escolher a melhor mesa de corte de tecido"}]},{"@type":"WebSite","@id":"https:\/\/audaces.com\/pt-br\/#website","url":"https:\/\/audaces.com\/pt-br\/","name":"Audaces","description":"We are the Industry 4.0","publisher":{"@id":"https:\/\/audaces.com\/pt-br\/#organization"},"potentialAction":[{"@type":"SearchAction","target":{"@type":"EntryPoint","urlTemplate":"https:\/\/audaces.com\/pt-br\/?s={search_term_string}"},"query-input":{"@type":"PropertyValueSpecification","valueRequired":true,"valueName":"search_term_string"}}],"inLanguage":"pt-BR"},{"@type":"Organization","@id":"https:\/\/audaces.com\/pt-br\/#organization","name":"Audaces","url":"https:\/\/audaces.com\/pt-br\/","logo":{"@type":"ImageObject","inLanguage":"pt-BR","@id":"https:\/\/audaces.com\/pt-br\/#\/schema\/logo\/image\/","url":"https:\/\/audaces.com\/wp-content\/uploads\/2022\/01\/cropped-cropped-logo-audace.png","contentUrl":"https:\/\/audaces.com\/wp-content\/uploads\/2022\/01\/cropped-cropped-logo-audace.png","width":512,"height":512,"caption":"Audaces"},"image":{"@id":"https:\/\/audaces.com\/pt-br\/#\/schema\/logo\/image\/"},"sameAs":["https:\/\/www.facebook.com\/audaces.pt"]},{"@type":"Person","@id":"https:\/\/audaces.com\/pt-br\/#\/schema\/person\/64fd4e45d55c0765a8d3193a2dfe4a8b","name":"Audara","image":{"@type":"ImageObject","inLanguage":"pt-BR","@id":"https:\/\/audaces.com\/wp-content\/uploads\/2025\/05\/cropped-audara-96x96.jpg","url":"https:\/\/audaces.com\/wp-content\/uploads\/2025\/05\/cropped-audara-96x96.jpg","contentUrl":"https:\/\/audaces.com\/wp-content\/uploads\/2025\/05\/cropped-audara-96x96.jpg","caption":"Audara"},"description":"Fashion Tech Specialist at Audaces","sameAs":["https:\/\/audaces.com"],"url":"https:\/\/audaces.com\/pt-br\/blog\/author\/audara"}]}},"_links":{"self":[{"href":"https:\/\/audaces.com\/pt-br\/wp-json\/wp\/v2\/posts\/52869","targetHints":{"allow":["GET"]}}],"collection":[{"href":"https:\/\/audaces.com\/pt-br\/wp-json\/wp\/v2\/posts"}],"about":[{"href":"https:\/\/audaces.com\/pt-br\/wp-json\/wp\/v2\/types\/post"}],"author":[{"embeddable":true,"href":"https:\/\/audaces.com\/pt-br\/wp-json\/wp\/v2\/users\/54"}],"replies":[{"embeddable":true,"href":"https:\/\/audaces.com\/pt-br\/wp-json\/wp\/v2\/comments?post=52869"}],"version-history":[{"count":1,"href":"https:\/\/audaces.com\/pt-br\/wp-json\/wp\/v2\/posts\/52869\/revisions"}],"predecessor-version":[{"id":197658,"href":"https:\/\/audaces.com\/pt-br\/wp-json\/wp\/v2\/posts\/52869\/revisions\/197658"}],"wp:attachment":[{"href":"https:\/\/audaces.com\/pt-br\/wp-json\/wp\/v2\/media?parent=52869"}],"wp:term":[{"taxonomy":"category","embeddable":true,"href":"https:\/\/audaces.com\/pt-br\/wp-json\/wp\/v2\/categories?post=52869"},{"taxonomy":"post_tag","embeddable":true,"href":"https:\/\/audaces.com\/pt-br\/wp-json\/wp\/v2\/tags?post=52869"}],"curies":[{"name":"wp","href":"https:\/\/api.w.org\/{rel}","templated":true}]}}