{"id":48974,"date":"2026-08-17T17:17:29","date_gmt":"2026-08-17T20:17:29","guid":{"rendered":"https:\/\/audaces.com\/?p=48974"},"modified":"2026-08-17T17:19:58","modified_gmt":"2026-08-17T20:19:58","slug":"empreendedorismo-feminino","status":"publish","type":"post","link":"https:\/\/audaces.com\/pt-br\/blog\/empreendedorismo-feminino","title":{"rendered":"Desafios e oportunidades do empreendedorismo feminino na moda"},"content":{"rendered":"\n<p class=\"wp-block-paragraph\"><strong>Resumo:<\/strong><\/p>\n\n\n\n<ul class=\"wp-block-list\">\n<li>O empreendedorismo feminino \u00e9 de grande import\u00e2ncia na moda;<\/li>\n\n\n\n<li>Mulheres comp\u00f5em 60% a 75% da for\u00e7a de trabalho nas confec\u00e7\u00f5es, mas ainda ocupam poucos cargos de lideran\u00e7a;<\/li>\n\n\n\n<li>Descubra como o <a href=\"https:\/\/audaces.com\/pt-br\/solucoes\/audaces-360\" target=\"_blank\" rel=\"noreferrer noopener\">Audaces360<\/a> pode te ajudar a impulsionar as cria\u00e7\u00f5es da sua confec\u00e7\u00e3o.<\/li>\n<\/ul>\n\n\n\n<p class=\"wp-block-paragraph\">Apesar de o empreendedorismo n\u00e3o estar restrito \u00e0 discuss\u00f5es de g\u00eanero, sabemos que, por raz\u00f5es hist\u00f3ricas, pol\u00edticas e sociais, o empreendedorismo feminino \u00e9 uma quest\u00e3o que apenas recentemente tem sido discutida, analisada e impulsionada.<\/p>\n\n\n\n<p class=\"wp-block-paragraph\">Historicamente, a predomin\u00e2ncia de empreendimentos liderados por homens criou um ambiente desfavor\u00e1vel para mulheres que desejavam empreender ou ocupar cargos e posi\u00e7\u00f5es de lideran\u00e7a.<\/p>\n\n\n\n<p class=\"wp-block-paragraph\">No entanto, com a intensifica\u00e7\u00e3o dos debates em rela\u00e7\u00e3o \u00e0 equidade de g\u00eanero, o empreendedorismo tem aberto suas portas para a participa\u00e7\u00e3o e protagonismo de mulheres cada vez mais.<\/p>\n\n\n\n<p class=\"wp-block-paragraph\">Acompanhe o conte\u00fado a seguir e saiba mais sobre o assunto:<\/p><div id=\"ez-toc-container\" class=\"ez-toc-v2_0_87 ez-toc-wrap-left counter-hierarchy ez-toc-counter ez-toc-custom ez-toc-container-direction\">\n<div class=\"ez-toc-title-container\">\n<p class=\"ez-toc-title ez-toc-toggle\" style=\"cursor:pointer\">Sum\u00e1rio<\/p>\n<span class=\"ez-toc-title-toggle\"><\/span><\/div>\n<nav><ul class='ez-toc-list ez-toc-list-level-1 ' ><li class='ez-toc-page-1 ez-toc-heading-level-2'><a class=\"ez-toc-link ez-toc-heading-1\" href=\"https:\/\/audaces.com\/pt-br\/blog\/empreendedorismo-feminino\/#por-que-o-empreendedorismo-feminino-e-importante-para-a-industria-da-moda\" >Por que o empreendedorismo feminino \u00e9 importante para a ind\u00fastria da moda?<\/a><\/li><li class='ez-toc-page-1 ez-toc-heading-level-2'><a class=\"ez-toc-link ez-toc-heading-2\" href=\"https:\/\/audaces.com\/pt-br\/blog\/empreendedorismo-feminino\/#o-que-e-empreendedorismo-feminino\" >O que \u00e9 empreendedorismo feminino?<\/a><\/li><li class='ez-toc-page-1 ez-toc-heading-level-2'><a class=\"ez-toc-link ez-toc-heading-3\" href=\"https:\/\/audaces.com\/pt-br\/blog\/empreendedorismo-feminino\/#quais-os-desafios-do-empreendedorismo-feminino\" >Quais os desafios do empreendedorismo feminino?<\/a><\/li><li class='ez-toc-page-1 ez-toc-heading-level-2'><a class=\"ez-toc-link ez-toc-heading-4\" href=\"https:\/\/audaces.com\/pt-br\/blog\/empreendedorismo-feminino\/#qual-a-importancia-do-apoio-ao-empreendedorismo-feminino\" >Qual a import\u00e2ncia do apoio ao empreendedorismo feminino?<\/a><\/li><li class='ez-toc-page-1 ez-toc-heading-level-2'><a class=\"ez-toc-link ez-toc-heading-5\" href=\"https:\/\/audaces.com\/pt-br\/blog\/empreendedorismo-feminino\/#um-panorama-sobre-empreendedorismo-feminino-no-brasil\" >Um panorama sobre empreendedorismo feminino no Brasil<\/a><\/li><li class='ez-toc-page-1 ez-toc-heading-level-2'><a class=\"ez-toc-link ez-toc-heading-6\" href=\"https:\/\/audaces.com\/pt-br\/blog\/empreendedorismo-feminino\/#qual-e-o-dia-do-empreendedorismo-feminino\" >Qual \u00e9 o Dia do Empreendedorismo Feminino?<\/a><\/li><li class='ez-toc-page-1 ez-toc-heading-level-2'><a class=\"ez-toc-link ez-toc-heading-7\" href=\"https:\/\/audaces.com\/pt-br\/blog\/empreendedorismo-feminino\/#exemplos-de-mulheres-que-chegaram-ao-topo\" >Exemplos de mulheres que chegaram ao topo<\/a><\/li><li class='ez-toc-page-1 ez-toc-heading-level-2'><a class=\"ez-toc-link ez-toc-heading-8\" href=\"https:\/\/audaces.com\/pt-br\/blog\/empreendedorismo-feminino\/#frases-sobre-empreendedorismo-feminino-que-marcaram-o-mundo\" >Frases sobre empreendedorismo feminino que marcaram o mundo<\/a><\/li><li class='ez-toc-page-1 ez-toc-heading-level-2'><a class=\"ez-toc-link ez-toc-heading-9\" href=\"https:\/\/audaces.com\/pt-br\/blog\/empreendedorismo-feminino\/#dicas-para-buscar-o-seu-protagonismo-no-mundo-dos-negocios\" >Dicas para buscar o seu protagonismo no mundo dos neg\u00f3cios<\/a><\/li><li class='ez-toc-page-1 ez-toc-heading-level-2'><a class=\"ez-toc-link ez-toc-heading-10\" href=\"https:\/\/audaces.com\/pt-br\/blog\/empreendedorismo-feminino\/#conte-com-as-solucoes-da-audaces-para-empreender-do-mundo-da-moda\" >Conte com as solu\u00e7\u00f5es da Audaces para empreender do mundo da moda<\/a><\/li><li class='ez-toc-page-1 ez-toc-heading-level-2'><a class=\"ez-toc-link ez-toc-heading-11\" href=\"https:\/\/audaces.com\/pt-br\/blog\/empreendedorismo-feminino\/#faq\" >FAQ<\/a><\/li><\/ul><\/nav><\/div>\n\n\n\n\n<h2 id=\"h-por-que-o-empreendedorismo-feminino-e-importante-para-a-industria-da-moda\" class=\"wp-block-heading\"><span class=\"ez-toc-section\" id=\"por-que-o-empreendedorismo-feminino-e-importante-para-a-industria-da-moda\"><\/span><strong>Por que o empreendedorismo feminino \u00e9 importante para a ind\u00fastria da moda?<\/strong><span class=\"ez-toc-section-end\"><\/span><\/h2>\n\n\n\n<p class=\"wp-block-paragraph\">A moda \u00e9 um dos setores em que a presen\u00e7a feminina mais se destaca, tanto na produ\u00e7\u00e3o quanto no consumo. Ainda assim, cargos de lideran\u00e7a em confec\u00e7\u00f5es e marcas seguem concentrados majoritariamente em homens.<\/p>\n\n\n\n<p class=\"wp-block-paragraph\">Incentivar o empreendedorismo feminino nesse contexto significa aproximar a gest\u00e3o dos neg\u00f3cios da pr\u00f3pria realidade do p\u00fablico consumidor. Mulheres que empreendem na moda trazem sensibilidade de mercado, inova\u00e7\u00e3o em produtos e novos modelos de gest\u00e3o.<\/p>\n\n\n\n<p class=\"wp-block-paragraph\">Al\u00e9m disso, confec\u00e7\u00f5es lideradas por mulheres tendem a gerar mais empregos para outras mulheres, criando um ciclo positivo de renda e representatividade dentro da cadeia produtiva t\u00eaxtil.<\/p>\n\n\n\n<p class=\"wp-block-paragraph\"><strong>Leia mais:<\/strong> <a href=\"https:\/\/audaces.com\/pt-br\/blog\/alfaiataria-feminina\" target=\"_blank\" rel=\"noreferrer noopener\">Descubra se vale a pena investir em alfaiataria feminina<\/a>.<\/p>\n\n\n\n<h2 id=\"h-o-que-e-empreendedorismo-feminino\" class=\"wp-block-heading\"><span class=\"ez-toc-section\" id=\"o-que-e-empreendedorismo-feminino\"><\/span><strong>O que \u00e9 empreendedorismo feminino?<\/strong><span class=\"ez-toc-section-end\"><\/span><\/h2>\n\n\n\n<figure class=\"wp-block-image size-large\"><img fetchpriority=\"high\" decoding=\"async\" width=\"1024\" height=\"683\" src=\"https:\/\/audaces.com\/wp-content\/uploads\/2022\/04\/empreendedorismo-feminino-o-que-e-1024x683.webp\" alt=\"Empreendedorismo feminino. Duas mulheres colaborando e trabalhando juntas, concentradas em uma tarefa.\" class=\"wp-image-221081\" srcset=\"https:\/\/audaces.com\/wp-content\/uploads\/2022\/04\/empreendedorismo-feminino-o-que-e-1024x683.webp 1024w, https:\/\/audaces.com\/wp-content\/uploads\/2022\/04\/empreendedorismo-feminino-o-que-e-300x200.webp 300w, https:\/\/audaces.com\/wp-content\/uploads\/2022\/04\/empreendedorismo-feminino-o-que-e-768x512.webp 768w, https:\/\/audaces.com\/wp-content\/uploads\/2022\/04\/empreendedorismo-feminino-o-que-e-150x100.webp 150w, https:\/\/audaces.com\/wp-content\/uploads\/2022\/04\/empreendedorismo-feminino-o-que-e.webp 1500w\" sizes=\"(max-width: 1024px) 100vw, 1024px\" \/><\/figure>\n\n\n\n<p class=\"wp-block-paragraph\">O empreendedorismo feminino pode ser definido como o processo de <strong>iniciativa a empreendimentos comandados por uma ou mais mulheres<\/strong>, bem como as iniciativas de lideran\u00e7a em que mulheres ocupam altos cargos dentro de empresas \u2013 gest\u00e3o, lideran\u00e7a, presid\u00eancia e afins.<\/p>\n\n\n\n<p class=\"wp-block-paragraph\">Na pr\u00e1tica, trata-se de uma forma de empreendedorismo tal qual a conhecemos \u2013 identificar problemas e criar neg\u00f3cios que ofere\u00e7am a solu\u00e7\u00e3o para eles \u2013 na perspectiva e protagonismo de mulheres empreendedoras.<\/p>\n\n\n\n<p class=\"wp-block-paragraph\">E, n\u00e3o se engane: apesar de o assunto vir \u00e0 tona apenas recentemente, especialmente com a pandemia,<strong> mulheres empreendedoras existem desde sempre<\/strong>. <\/p>\n\n\n\n<p class=\"wp-block-paragraph\">De acordo com a <a href=\"https:\/\/www.gemconsortium.org\/reports\/womens-entrepreneurship\">pesquisa do GEM<\/a> (Monitor do Empreendedorismo Mundial, em tradu\u00e7\u00e3o livre), havia cerca de 274 milh\u00f5es de mulheres envolvidas com neg\u00f3cios e startups e 139 milh\u00f5es de gerentes e donas de neg\u00f3cio no mundo em 2020.<\/p>\n\n\n\n<p class=\"wp-block-paragraph\">Esse n\u00famero revela como a participa\u00e7\u00e3o feminina em neg\u00f3cios e no empreendedorismo tem criado um ecossistema empreendedor com um imenso potencial de crescimento e gera\u00e7\u00e3o de novas solu\u00e7\u00f5es para os problemas do mundo globalizado.<\/p>\n\n\n\n<h2 id=\"h-quais-os-desafios-do-empreendedorismo-feminino\" class=\"wp-block-heading\"><span class=\"ez-toc-section\" id=\"quais-os-desafios-do-empreendedorismo-feminino\"><\/span><strong>Quais os desafios do empreendedorismo feminino?<\/strong><span class=\"ez-toc-section-end\"><\/span><\/h2>\n\n\n\n<p class=\"wp-block-paragraph\">Apesar de o n\u00famero de mulheres empreendedoras ter aumentado nos \u00faltimos anos, ainda h\u00e1 muito o que ser alcan\u00e7ado para que haja equidade entre os empreendimentos idealizados por homens e os idealizados por mulheres.<\/p>\n\n\n\n<p class=\"wp-block-paragraph\">Ainda segundo o estudo do GEM, existem dois tipos de fatores que influenciam diretamente no empreendedorismo feminino: <strong>fatores estruturais e fatores culturais<\/strong>.<\/p>\n\n\n\n<p class=\"wp-block-paragraph\">Os fatores estruturais envolvem a forma como o mercado funciona \u2013 globalmente, mulheres s\u00e3o<strong> mais prov\u00e1veis a liderarem neg\u00f3cios menores<\/strong>, se comparadas aos homens. Da mesma forma, elas s\u00e3o 24,6% mais prov\u00e1veis a come\u00e7arem um neg\u00f3cio sozinhas, o que aumenta os desafios a serem superados para que a empresa prospere.<\/p>\n\n\n\n<p class=\"wp-block-paragraph\">Al\u00e9m disso, a<strong> segmenta\u00e7\u00e3o de g\u00eanero <\/strong>nas empresas e ind\u00fastrias influenciam a percep\u00e7\u00e3o sobre quem (ou melhor, o g\u00eanero de quem) deve ocupar posi\u00e7\u00f5es de lideran\u00e7a, de maneira que, globalmente, as mulheres s\u00e3o 50% menos propensas a ocuparem pap\u00e9is de alta ger\u00eancia.<\/p>\n\n\n\n<p class=\"wp-block-paragraph\">J\u00e1 os fatores culturais envolvem a maneira pela qual a sociedade percebe e interpreta o chamado <strong>papel de g\u00eanero<\/strong>, isto \u00e9, como homens e mulheres devem trilhar suas trajet\u00f3rias profissionais e quais locais devem ocupar na sociedade.<\/p>\n\n\n\n<h2 id=\"h-qual-a-importancia-do-apoio-ao-empreendedorismo-feminino\" class=\"wp-block-heading\"><span class=\"ez-toc-section\" id=\"qual-a-importancia-do-apoio-ao-empreendedorismo-feminino\"><\/span><strong>Qual a import\u00e2ncia do apoio ao empreendedorismo feminino?<\/strong><span class=\"ez-toc-section-end\"><\/span><\/h2>\n\n\n\n<p class=\"wp-block-paragraph\">O incentivo ao empreendedorismo<strong> \u00e9 fundamental <\/strong>por diversos motivos, sendo que o principal deles \u00e9 a elimina\u00e7\u00e3o da desigualdade de g\u00eanero e a gera\u00e7\u00e3o de oportunidades iguais entre homens e mulheres \u2013 tendo em vista que a aptid\u00e3o e as compet\u00eancias de lideran\u00e7a n\u00e3o dependem desse fator.<\/p>\n\n\n\n<p class=\"wp-block-paragraph\">Al\u00e9m disso, estimular o protagonismo feminino em empreendimentos \u00e9 importante pelos seguintes motivos:<\/p>\n\n\n\n<ul class=\"wp-block-list\">\n<li><strong>Diversifica\u00e7\u00e3o<\/strong> do ambiente empreendedor por meio da inser\u00e7\u00e3o de novas lideran\u00e7as, nichos e \u00e1reas de atua\u00e7\u00e3o;<\/li>\n\n\n\n<li><strong>Oxigena\u00e7\u00e3o do mercado<\/strong>, gra\u00e7as ao surgimento de novos empreendimentos e ideias que contribuem para a economia como um todo;<\/li>\n\n\n\n<li><strong>Valoriza\u00e7\u00e3o dos talentos<\/strong> e <em>soft skills<\/em> femininos;<\/li>\n\n\n\n<li><strong>Amplia\u00e7\u00e3o do ecossistema empreendedor<\/strong>, gerando novas oportunidades de trabalho e estimulando o consumo;<\/li>\n\n\n\n<li><strong>Independ\u00eancia financeira feminina<\/strong> \u2013 mulheres empreendedoras contratam, naturalmente, outras mulheres.<\/li>\n<\/ul>\n\n\n\n<p class=\"wp-block-paragraph\">O desenvolvimento do empreendedorismo feminino n\u00e3o \u00e9 s\u00f3 importante para a sociedade e para o mercado como um todo, mas tamb\u00e9m extremamente ben\u00e9fico, pois, <strong>diminuindo-se os <\/strong><strong><em>gaps<\/em><\/strong><strong> de g\u00eanero<\/strong>, tem-se uma sociedade mais igualit\u00e1ria e plural em ideias, neg\u00f3cios e oportunidades.<\/p>\n\n\n\n<p class=\"wp-block-paragraph\"><strong>Quer complementar esse assunto com uma conversa incr\u00edvel sobre mulheres e carreiras na moda? Assista o v\u00eddeo!<\/strong><\/p>\n\n\n\n<figure class=\"wp-block-embed is-type-video is-provider-youtube wp-block-embed-youtube wp-embed-aspect-16-9 wp-has-aspect-ratio\"><div class=\"wp-block-embed__wrapper\">\n<iframe title=\"Mulheres &amp; Carreiras na Moda com Rayama Dias | Carreira, maternidade e inova\u00e7\u00e3o na ind\u00fastria da moda\" width=\"800\" height=\"450\" src=\"https:\/\/www.youtube.com\/embed\/l5Vc3rceZUs?feature=oembed&#038;enablejsapi=1&#038;origin=https:\/\/audaces.com\" frameborder=\"0\" allow=\"accelerometer; autoplay; clipboard-write; encrypted-media; gyroscope; picture-in-picture; web-share\" referrerpolicy=\"strict-origin-when-cross-origin\" allowfullscreen><\/iframe>\n<\/div><\/figure>\n\n\n\n<h2 id=\"h-um-panorama-sobre-empreendedorismo-feminino-no-brasil\" class=\"wp-block-heading\"><span class=\"ez-toc-section\" id=\"um-panorama-sobre-empreendedorismo-feminino-no-brasil\"><\/span><strong>Um panorama sobre empreendedorismo feminino no Brasil<\/strong><span class=\"ez-toc-section-end\"><\/span><\/h2>\n\n\n\n<p class=\"wp-block-paragraph\">No Brasil, o cen\u00e1rio do empreendedorismo mostra diversos contrastes. Por exemplo, de acordo com a pesquisa do GEM, com fonte em 49 pa\u00edses, o Brasil saiu em<strong> 7\u00aa posi\u00e7\u00e3o <\/strong>na lista de pa\u00edses com<strong> maior propor\u00e7\u00e3o de mulheres empreendedoras<\/strong>.<\/p>\n\n\n\n<p class=\"wp-block-paragraph\">Ao mesmo tempo, apesar de terem escolaridade 16% superior, os neg\u00f3cios liderados por <strong>mulheres faturam 22% a menos<\/strong> que os liderados por homens. Isso aponta para os desafios citados anteriormente \u2013 tanto estruturais quanto culturais.<\/p>\n\n\n\n<p class=\"wp-block-paragraph\">\u00c9 fato que, no Brasil, a desigualdade de g\u00eanero \u00e9 bastante percept\u00edvel, especialmente devido \u00e0 chamada<strong> dupla jornada <\/strong>\u2013 muitas das mulheres que desejam empreender tamb\u00e9m est\u00e3o \u00e0 frente de casa ou s\u00e3o chefes de fam\u00edlia, o que aumenta ainda mais os desafios de se empreender.<\/p>\n\n\n\n<p class=\"wp-block-paragraph\">No entanto, os dados apontam que o empreendedorismo feminino no Brasil mostra sinais de avan\u00e7o. Hoje, elas representam 48% dos microempreendedores individuais (MEIs) do pa\u00eds, e tamb\u00e9m foram as maiores respons\u00e1veis por empreendimentos no per\u00edodo pand\u00eamico.<\/p>\n\n\n\n<p class=\"wp-block-paragraph\">Ali\u00e1s, apesar dos preju\u00edzos econ\u00f4micos globais causados pela pandemia, vale ressaltar que, de todas as donas de pequenos e m\u00e9dios neg\u00f3cios, 26% abriram seus neg\u00f3cios j\u00e1 no per\u00edodo pand\u00eamico.<\/p>\n\n\n\n<p class=\"wp-block-paragraph\"><strong>Quer ter um panorama maior sobre empreendedorismo na moda? Baixe o material gratuito!<\/strong><\/p>\n\n\n\n<div role=\"main\" id=\"form-infogafico-empreender-na-moda-2e56277d758d5699c27c\"><\/div><script type=\"text\/javascript\" src=\"https:\/\/d335luupugsy2.cloudfront.net\/js\/rdstation-forms\/stable\/rdstation-forms.min.js\"><\/script><script type=\"text\/javascript\"> new RDStationForms('form-infogafico-empreender-na-moda-2e56277d758d5699c27c', 'UA-78634938-2').createForm();<\/script>\n\n\n\n<h2 id=\"h-qual-e-o-dia-do-empreendedorismo-feminino\" class=\"wp-block-heading\"><span class=\"ez-toc-section\" id=\"qual-e-o-dia-do-empreendedorismo-feminino\"><\/span><strong>Qual \u00e9 o Dia do Empreendedorismo Feminino?<\/strong><span class=\"ez-toc-section-end\"><\/span><\/h2>\n\n\n\n<p class=\"wp-block-paragraph\">O dia do empreendedorismo feminino \u00e9 celebrado em <strong>19 de novembro<\/strong>. A data foi escolhida em 2014 pela ONU (Organiza\u00e7\u00e3o das Na\u00e7\u00f5es Unidas) em uma iniciativa liderada pela ONU Mulheres.<\/p>\n\n\n\n<p class=\"wp-block-paragraph\">O objetivo da data \u00e9 reunir pa\u00edses, empresas e institui\u00e7\u00f5es em busca de apoio para acabar com a desigualdade salarial entre homens e mulheres e incentivar o protagonismo feminino na lideran\u00e7a de neg\u00f3cios.<\/p>\n\n\n\n<h2 id=\"h-exemplos-de-mulheres-que-chegaram-ao-topo\" class=\"wp-block-heading\"><span class=\"ez-toc-section\" id=\"exemplos-de-mulheres-que-chegaram-ao-topo\"><\/span><strong>Exemplos de mulheres que chegaram ao topo<\/strong><span class=\"ez-toc-section-end\"><\/span><\/h2>\n\n\n\n<p class=\"wp-block-paragraph\">Apesar do grande esfor\u00e7o e dos desafios enfrentados por mulheres empreendedoras, devemos destacar alguns exemplos de protagonismo feminino que atingiram o topo \u2013 seja pelo reconhecimento, pelo trabalho excepcional ou por diversos outros motivos. Confira:<\/p>\n\n\n\n<h3 id=\"h-zuzu-angel\" class=\"wp-block-heading\">Zuzu Angel<\/h3>\n\n\n\n<p class=\"wp-block-paragraph\">Considerada a <strong>m\u00e3e da moda brasileira<\/strong>, Zuzu Angel foi uma das mais importantes estilistas do pa\u00eds, sendo conhecida pela originalidade e por sua ativa participa\u00e7\u00e3o social \u2013 atuando diretamente contra o regime de opress\u00e3o da Ditadura Militar.<\/p>\n\n\n\n<p class=\"wp-block-paragraph\">Durante a d\u00e9cada de 40, mudou-se para o Rio de Janeiro em busca de independ\u00eancia financeira, e foi a\u00ed que come\u00e7aram os empreendimentos em seu ateli\u00ea de costura, que, j\u00e1 na d\u00e9cada de 70 era conhecido nacional e internacionalmente.<\/p>\n\n\n\n<p class=\"wp-block-paragraph\">Temos um artigo completo sobre a <a href=\"https:\/\/audaces.com\/zuzu-angel-e-a-moda-como-protesto\/\">vida e obra de Zuzu Angel<\/a> aqui no blog Audace \u2013 n\u00e3o deixe de conferi-lo!<\/p>\n\n\n\n<h3 id=\"h-luiza-helena-trajano\" class=\"wp-block-heading\">Luiza Helena Trajano<\/h3>\n\n\n\n<p class=\"wp-block-paragraph\">Uma das f<strong>iguras mais importantes do empreendedorismo feminino atual<\/strong>, Luiza Helena Trajano \u00e9 uma das mulheres mais bem-sucedidas do pa\u00eds, estando \u00e0 frente do Magazine Luiza por 24 anos e transformando-o em uma das maiores marcas de varejo do Brasil.<\/p>\n\n\n\n<p class=\"wp-block-paragraph\">Al\u00e9m disso, Luiza tamb\u00e9m investe, mentora e inspira dezenas de empreendimentos por todo o Brasil, contribuindo ativamente pelo incentivo ao protagonismo feminino nas empresas e neg\u00f3cios.<\/p>\n\n\n\n<h3 id=\"h-rihanna\" class=\"wp-block-heading\">Rihanna<\/h3>\n\n\n\n<p class=\"wp-block-paragraph\">A cantora e empreendedora Rihanna tornou-se, em 2021, <strong>a mais nova bilion\u00e1ria do mundo<\/strong>! Isso \u00e0 frente de sua marca de cosm\u00e9ticos, a Fenty Beauty, lan\u00e7ada em 2017 e que, desde ent\u00e3o, tem-se tornado uma refer\u00eancia em cosm\u00e9ticos inclusivos para todas as tonalidades de pele.<\/p>\n\n\n\n<p class=\"wp-block-paragraph\">Tornando-se a primeira mulher negra \u00e0 frente de uma marca de luxo, Rihanna consolidou-se como empreendedora e a prova de que o empreendedorismo pode abordar diferentes segmentos \u2013 como a moda, ind\u00fastria musical e muitos outros.<\/p>\n\n\n\n<h3 id=\"h-coco-chanel\" class=\"wp-block-heading\">Coco Chanel<\/h3>\n\n\n\n<p class=\"wp-block-paragraph\">Considerada<strong> uma das pessoas mais importantes do s\u00e9culo XX <\/strong>pela revista Time, Coco Chanel \u00e9 a idealizadora do que pode ser considerada uma das maiores marcas de luxo do mundo \u2013 a Chanel.<\/p>\n\n\n\n<p class=\"wp-block-paragraph\">Como influenciadora, ela influenciou todo o mercado fashion da \u00e9poca, lan\u00e7ou tend\u00eancias atemporais e deixou como legado uma das marcas mais desejadas e com valor agregado do planeta.<\/p>\n\n\n\n<h2 class=\"wp-block-heading\"><span class=\"ez-toc-section\" id=\"frases-sobre-empreendedorismo-feminino-que-marcaram-o-mundo\"><\/span><strong>Frases sobre empreendedorismo feminino que marcaram o mundo<\/strong><span class=\"ez-toc-section-end\"><\/span><\/h2>\n\n\n\n<p class=\"wp-block-paragraph\">Al\u00e9m de exemplos concretos, algumas frases ajudam a resumir o esp\u00edrito do empreendedorismo feminino e podem inspirar quem est\u00e1 come\u00e7ando ou consolidando seu neg\u00f3cio:<\/p>\n\n\n\n<ul class=\"wp-block-list\">\n<li><strong>Coco Chanel:<\/strong> &#8220;Seja irreverente, nunca banal&#8221;;<\/li>\n\n\n\n<li><strong>Anita Roddick<\/strong>, fundadora da The Body Shop: &#8220;Se voc\u00ea acha que \u00e9 pequena demais para fazer diferen\u00e7a, tente dormir com um mosquito&#8221;;<\/li>\n\n\n\n<li><strong>Sara Blakely<\/strong>, criadora da Spanx: &#8220;N\u00e3o deixe que o medo de falhar te impe\u00e7a de tentar&#8221;;<\/li>\n\n\n\n<li><strong>Oprah Winfrey:<\/strong> &#8220;Pense grande, tenha coragem e esteja disposta a correr riscos&#8221;.<\/li>\n<\/ul>\n\n\n\n<p class=\"wp-block-paragraph\">Essas mensagens refor\u00e7am um ponto em comum: coragem, originalidade e resili\u00eancia s\u00e3o caracter\u00edsticas centrais de quem decide empreender.<\/p>\n\n\n\n<p class=\"wp-block-paragraph\"><strong>Leia mais:<\/strong> <a href=\"https:\/\/audaces.com\/pt-br\/blog\/construcao-marca\">9 passos para fazer a constru\u00e7\u00e3o de marca da sua confec\u00e7\u00e3o<\/a><\/p>\n\n\n\n<h2 id=\"h-dicas-para-buscar-o-seu-protagonismo-no-mundo-dos-negocios\" class=\"wp-block-heading\"><span class=\"ez-toc-section\" id=\"dicas-para-buscar-o-seu-protagonismo-no-mundo-dos-negocios\"><\/span><strong>Dicas para buscar o seu protagonismo no mundo dos neg\u00f3cios<\/strong><span class=\"ez-toc-section-end\"><\/span><\/h2>\n\n\n\n<figure class=\"wp-block-image size-large\"><img decoding=\"async\" width=\"1024\" height=\"669\" src=\"https:\/\/audaces.com\/wp-content\/uploads\/2022\/04\/empreendedorismo-feminino-dicas-1024x669.webp\" alt=\"Mulher empreendedora concentrada trabalhando\" class=\"wp-image-221085\" srcset=\"https:\/\/audaces.com\/wp-content\/uploads\/2022\/04\/empreendedorismo-feminino-dicas-1024x669.webp 1024w, https:\/\/audaces.com\/wp-content\/uploads\/2022\/04\/empreendedorismo-feminino-dicas-300x196.webp 300w, https:\/\/audaces.com\/wp-content\/uploads\/2022\/04\/empreendedorismo-feminino-dicas-768x502.webp 768w, https:\/\/audaces.com\/wp-content\/uploads\/2022\/04\/empreendedorismo-feminino-dicas-150x98.webp 150w, https:\/\/audaces.com\/wp-content\/uploads\/2022\/04\/empreendedorismo-feminino-dicas.webp 1500w\" sizes=\"(max-width: 1024px) 100vw, 1024px\" \/><\/figure>\n\n\n\n<p class=\"wp-block-paragraph\">Inserir-se no universo do empreendedorismo n\u00e3o \u00e9 necessariamente uma tarefa f\u00e1cil, por todos os motivos que vimos anteriormente. Por\u00e9m, por meio de estrat\u00e9gias e a\u00e7\u00f5es pr\u00e1ticas \u00e9 poss\u00edvel dar os primeiros passos rumo a um neg\u00f3cio de sucesso.<\/p>\n\n\n\n<p class=\"wp-block-paragraph\">Quer saber como? Confira as principais dicas preparadas pelo blog Audaces:<\/p>\n\n\n\n<h3 id=\"h-descubra-sua-area-de-atuacao\" class=\"wp-block-heading\">Descubra sua \u00e1rea de atua\u00e7\u00e3o<\/h3>\n\n\n\n<p class=\"wp-block-paragraph\">O in\u00edcio da carreira empreendedora  come\u00e7a com uma avalia\u00e7\u00e3o muito importante, pois \u00e9 ela que definir\u00e1 quais os pr\u00f3ximos passos em dire\u00e7\u00e3o ao sucesso, e se trata da defini\u00e7\u00e3o da \u00e1rea de atua\u00e7\u00e3o.<\/p>\n\n\n\n<p class=\"wp-block-paragraph\">Nesse sentido, procurar por<strong> \u00e1reas pouco exploradas<\/strong> ou que ofere\u00e7am maiores oportunidades de crescimento pode ser uma solu\u00e7\u00e3o inteligente para superar as adversidades de abrir um novo empreendimento.<\/p>\n\n\n\n<p class=\"wp-block-paragraph\">Da mesma forma, oferecer <strong>solu\u00e7\u00f5es inovadoras<\/strong> para \u00e1reas j\u00e1 bastante exploradas, como a <a href=\"https:\/\/audaces.com\/conheca-as-previsoes-para-a-industria-da-moda-ate-2025\/\">Ind\u00fastria da Moda<\/a>, por exemplo, na qual a participa\u00e7\u00e3o feminina \u00e9 bastante ativa, tamb\u00e9m pode ser uma forma de garantir o sucesso do empreendimento.<\/p>\n\n\n\n<h3 id=\"h-organize-se\" class=\"wp-block-heading\">Organize-se<\/h3>\n\n\n\n<p class=\"wp-block-paragraph\">A organiza\u00e7\u00e3o \u00e9 um atributo indispens\u00e1vel tanto para empreendedoras quanto para seus empreendimentos. Ter um planejamento inicial que se renove periodicamente <strong>\u00e9 um<\/strong> <strong>passo-chave<\/strong> para estabelecer-se no mercado.<\/p>\n\n\n\n<h3 id=\"h-aprimore-se-constantemente\" class=\"wp-block-heading\">Aprimore-se constantemente<\/h3>\n\n\n\n<p class=\"wp-block-paragraph\">A crescente demanda por profissionaliza\u00e7\u00e3o, especialmente dos chamados <a href=\"https:\/\/audaces.com\/profissional-4-0-moda-futuro\/\">profissionais 4.0<\/a>, soma-se \u00e0s necessidades de um empreendimento que deseja crescer e atingir a estabilidade financeira em um per\u00edodo de tempo moderado.<\/p>\n\n\n\n<p class=\"wp-block-paragraph\">Por isso, estar constantemente aprimorada sobre o mercado, finan\u00e7as, gest\u00e3o e empreendedorismo \u00e9 uma das formas de garantir que o seu neg\u00f3cio esteja sempre <strong>\u00e0 frente da concorr\u00eancia<\/strong>.<\/p>\n\n\n\n<h3 id=\"h-nao-espere-a-aprovacao-de-todos\" class=\"wp-block-heading\">N\u00e3o espere a aprova\u00e7\u00e3o de todos<\/h3>\n\n\n\n<p class=\"wp-block-paragraph\">Como pudemos conhecer, o cen\u00e1rio do empreendedorismo feminino no Brasil ainda \u00e9 contrastante e vai muito de encontro \u00e0<strong> realidade s\u00f3cio-pol\u00edtica do pa\u00eds<\/strong>, ent\u00e3o, h\u00e1 de se esperar a influ\u00eancia desses fatores em novos empreendimentos liderados por mulheres.<\/p>\n\n\n\n<p class=\"wp-block-paragraph\">Enfrentar essas dificuldades e super\u00e1-las \u00e9 fundamental no caminho para um neg\u00f3cio bem-sucedido. Sendo assim, n\u00e3o espere a aprova\u00e7\u00e3o de todos, mas tenha sempre uma <strong>rede de apoio<\/strong>, parceiros e parceiras para contar.<\/p>\n\n\n\n<h3 id=\"h-procure-investidores\" class=\"wp-block-heading\">Procure investidores<\/h3>\n\n\n\n<p class=\"wp-block-paragraph\">Os investimentos em empreendedorismo t\u00eam crescido de uma forma geral. A procura por cr\u00e9dito e<strong> investidores p\u00fablicos e privados<\/strong> \u00e9 uma solu\u00e7\u00e3o para superar as adversidades financeiras, sobretudo no in\u00edcio do empreendimento.<\/p>\n\n\n\n<h3 id=\"h-aposte-em-networking\" class=\"wp-block-heading\">Aposte em networking<\/h3>\n\n\n\n<p class=\"wp-block-paragraph\">O ecossistema empreendedor \u00e9 cheio de oportunidades para networkings \u2013 nele \u00e9 poss\u00edvel <strong>encontrar e firmar parcerias<\/strong> com fornecedores, prestadores de servi\u00e7os, funcion\u00e1rios qualificados, empresas parceiras e muito mais.<\/p>\n\n\n\n<h3 id=\"h-use-a-tecnologia-como-fator-potencializador-dos-seus-resultados\" class=\"wp-block-heading\">Use a tecnologia como fator potencializador dos seus resultados<\/h3>\n\n\n\n<p class=\"wp-block-paragraph\">Empreendimentos conectados ao<strong> mundo digital<\/strong> t\u00eam mais chances de serem bem-sucedidos que aqueles que n\u00e3o investem em tecnologia. A transforma\u00e7\u00e3o digital \u00e9 uma realidade e, por meio dela, \u00e9 poss\u00edvel potencializar os resultados de qualquer empreendimento.<\/p>\n\n\n\n<p class=\"wp-block-paragraph\">J\u00e1 falamos sobre como a <a href=\"https:\/\/audaces.com\/transformacao-digital\/\">transforma\u00e7\u00e3o digital<\/a> tem impactado o mundo dos neg\u00f3cios aqui no blog Audaces, n\u00e3o deixe de conferir!<\/p>\n\n\n\n<p class=\"wp-block-paragraph\"><strong>Quer mais dicas? Confira essa conversa com Am\u00e9lia Malheiros, refer\u00eancia em lideran\u00e7a no mundo da moda:<\/strong><\/p>\n\n\n\n<figure class=\"wp-block-embed is-type-video is-provider-youtube wp-block-embed-youtube wp-embed-aspect-16-9 wp-has-aspect-ratio\"><div class=\"wp-block-embed__wrapper\">\n<iframe title=\"Mulheres &amp; Carreiras na Moda com Am\u00e9lia Malheiros | Lideran\u00e7a, autoconhecimento e sustentabilidade\" width=\"800\" height=\"450\" src=\"https:\/\/www.youtube.com\/embed\/Z2ZwYMyaQUM?feature=oembed&#038;enablejsapi=1&#038;origin=https:\/\/audaces.com\" frameborder=\"0\" allow=\"accelerometer; autoplay; clipboard-write; encrypted-media; gyroscope; picture-in-picture; web-share\" referrerpolicy=\"strict-origin-when-cross-origin\" allowfullscreen><\/iframe>\n<\/div><\/figure>\n\n\n\n<h2 id=\"h-conte-com-as-solucoes-da-audaces-para-empreender-do-mundo-da-moda\" class=\"wp-block-heading\"><span class=\"ez-toc-section\" id=\"conte-com-as-solucoes-da-audaces-para-empreender-do-mundo-da-moda\"><\/span><strong>Conte com as solu\u00e7\u00f5es da Audaces para empreender do mundo da moda<\/strong><span class=\"ez-toc-section-end\"><\/span><\/h2>\n\n\n\n<p class=\"wp-block-paragraph\">Se o seu empreendimento \u00e9 voltado para a Ind\u00fastria da Moda e das confec\u00e7\u00f5es, o uso das ferramentas do <a href=\"https:\/\/audaces.com\/pt-br\/solucoes\/audaces-360\">Audaces360<\/a> podem te ajudar a potencializar os resultados do seu neg\u00f3cio. Por meio das tecnologias 4.0, facilitamos as etapas criativas, t\u00e9cnicas e operacionais das confec\u00e7\u00f5es, deixando-os totalmente digitais e integrados.<\/p>\n\n\n\n<p class=\"wp-block-paragraph\">O empreendedorismo feminino \u00e9 uma das principais formas de se eliminar a desigualdade de g\u00eanero no ambiente empresarial e de emancipar financeiramente as mulheres, capazes de oferecer novas ideias e oxigenar o mercado mundial com suas ideias e lideran\u00e7a.<\/p>\n\n\n\n<p class=\"wp-block-paragraph\">Agora que voc\u00ea j\u00e1 sabe tudo sobre o assunto, <strong>continue acompanhando o blog Audaces<\/strong> e n\u00e3o perca nenhuma atualiza\u00e7\u00e3o de conte\u00fado. At\u00e9 a pr\u00f3xima!<\/p>\n\n\n\n<h2 id=\"h-faq\" class=\"wp-block-heading\"><span class=\"ez-toc-section\" id=\"faq\"><\/span>FAQ<span class=\"ez-toc-section-end\"><\/span><\/h2>\n\n\n\n<div class=\"schema-faq wp-block-yoast-faq-block\"><div class=\"schema-faq-section\" id=\"faq-question-1786997162722\"><strong class=\"schema-faq-question\">O que caracteriza o empreendedorismo feminino?<\/strong> <p class=\"schema-faq-answer\">O empreendedorismo feminino \u00e9 caracterizado pela lideran\u00e7a de mulheres \u00e0 frente de neg\u00f3cios pr\u00f3prios ou de altos cargos em empresas.<\/p> <\/div> <div class=\"schema-faq-section\" id=\"faq-question-1786997198968\"><strong class=\"schema-faq-question\">Por que o empreendedorismo feminino ainda enfrenta tantos desafios?<\/strong> <p class=\"schema-faq-answer\">O empreendedorismo feminino enfrenta desafios estruturais e culturais que limitam o acesso de mulheres a cargos de lideran\u00e7a e a recursos financeiros.<\/p> <\/div> <div class=\"schema-faq-section\" id=\"faq-question-1786997209144\"><strong class=\"schema-faq-question\">Como a tecnologia pode ajudar o empreendedorismo feminino na moda?<\/strong> <p class=\"schema-faq-answer\">O empreendedorismo feminino na moda ganha mais competitividade quando apoiado por ferramentas de gest\u00e3o e produ\u00e7\u00e3o digitais, como as solu\u00e7\u00f5es da Audaces360.<\/p> <\/div> <\/div>\n<\/p>","protected":false},"excerpt":{"rendered":"<p>O protagonismo femininio no empreendedorismo \u00e9 um assunto que deve ser tratado. Confira o cen\u00e1rio e as dicas no blog Audaces.<\/p>\n","protected":false},"author":52,"featured_media":69546,"comment_status":"open","ping_status":"closed","sticky":false,"template":"","format":"standard","meta":{"footnotes":""},"categories":[61],"tags":[53,97,3871],"class_list":["post-48974","post","type-post","status-publish","format-standard","has-post-thumbnail","hentry","category-gestao-negocios-moda","tag-audaces","tag-audaces-360","tag-empreendedorismo-feminino"],"yoast_head":"<!-- This site is optimized with the Yoast SEO Premium plugin v27.4 (Yoast SEO v28.4) - https:\/\/yoast.com\/product\/yoast-seo-premium-wordpress\/ -->\n<title>Empreendedorismo feminino: desafios e oportunidades na moda<\/title>\n<meta name=\"description\" content=\"O protagonismo femininio no empreendedorismo \u00e9 um assunto que deve ser tratado. Confira o cen\u00e1rio e as dicas no blog Audaces.\" \/>\n<meta name=\"robots\" content=\"index, follow, max-snippet:-1, max-image-preview:large, max-video-preview:-1\" \/>\n<link rel=\"canonical\" href=\"https:\/\/audaces.com\/pt-br\/blog\/empreendedorismo-feminino\" \/>\n<meta property=\"og:locale\" content=\"pt_BR\" \/>\n<meta property=\"og:type\" content=\"article\" \/>\n<meta property=\"og:title\" content=\"Empreendedorismo feminino: desafios e oportunidades na moda\" \/>\n<meta property=\"og:description\" content=\"O protagonismo femininio no empreendedorismo \u00e9 um assunto que deve ser tratado. Confira o cen\u00e1rio e as dicas no blog Audaces.\" \/>\n<meta property=\"og:url\" content=\"https:\/\/audaces.com\/pt-br\/blog\/empreendedorismo-feminino\" \/>\n<meta property=\"og:site_name\" content=\"Audaces\" \/>\n<meta property=\"article:publisher\" content=\"https:\/\/www.facebook.com\/audaces.pt\" \/>\n<meta property=\"article:published_time\" content=\"2026-08-17T20:17:29+00:00\" \/>\n<meta property=\"article:modified_time\" content=\"2026-08-17T20:19:58+00:00\" \/>\n<meta property=\"og:image\" content=\"https:\/\/audaces.com\/wp-content\/uploads\/2022\/04\/beautiful-curly-brunette-dark-skinned-fashion-designer-poses-office-leans-table-min-1-1-1536x1024-1.jpg\" \/>\n\t<meta property=\"og:image:width\" content=\"1536\" \/>\n\t<meta property=\"og:image:height\" content=\"1024\" \/>\n\t<meta property=\"og:image:type\" content=\"image\/jpeg\" \/>\n<meta name=\"author\" content=\"Daniela Ribeiro Cunha\" \/>\n<meta name=\"twitter:card\" content=\"summary_large_image\" \/>\n<meta name=\"twitter:label1\" content=\"Escrito por\" \/>\n\t<meta name=\"twitter:data1\" content=\"Daniela Ribeiro Cunha\" \/>\n\t<meta name=\"twitter:label2\" content=\"Est. tempo de leitura\" \/>\n\t<meta name=\"twitter:data2\" content=\"13 minutos\" \/>\n<script type=\"application\/ld+json\" class=\"yoast-schema-graph\">{\"@context\":\"https:\\\/\\\/schema.org\",\"@graph\":[{\"@type\":\"Article\",\"@id\":\"https:\\\/\\\/audaces.com\\\/pt-br\\\/blog\\\/empreendedorismo-feminino#article\",\"isPartOf\":{\"@id\":\"https:\\\/\\\/audaces.com\\\/pt-br\\\/blog\\\/empreendedorismo-feminino\"},\"author\":{\"name\":\"Daniela Ribeiro Cunha\",\"@id\":\"https:\\\/\\\/audaces.com\\\/pt-br\\\/#\\\/schema\\\/person\\\/f713e4c03d181da254aa1491ee813ed5\"},\"headline\":\"Desafios e oportunidades do empreendedorismo feminino na moda\",\"datePublished\":\"2026-08-17T20:17:29+00:00\",\"dateModified\":\"2026-08-17T20:19:58+00:00\",\"mainEntityOfPage\":{\"@id\":\"https:\\\/\\\/audaces.com\\\/pt-br\\\/blog\\\/empreendedorismo-feminino\"},\"wordCount\":2447,\"commentCount\":0,\"publisher\":{\"@id\":\"https:\\\/\\\/audaces.com\\\/pt-br\\\/#organization\"},\"image\":{\"@id\":\"https:\\\/\\\/audaces.com\\\/pt-br\\\/blog\\\/empreendedorismo-feminino#primaryimage\"},\"thumbnailUrl\":\"https:\\\/\\\/audaces.com\\\/wp-content\\\/uploads\\\/2022\\\/04\\\/beautiful-curly-brunette-dark-skinned-fashion-designer-poses-office-leans-table-min-1-1-1536x1024-1.jpg\",\"keywords\":[\"Audaces\",\"Audaces 360\",\"empreendedorismo feminino\"],\"articleSection\":[\"Gest\u00e3o e Neg\u00f3cios de Moda\"],\"inLanguage\":\"pt-BR\",\"potentialAction\":[{\"@type\":\"CommentAction\",\"name\":\"Comment\",\"target\":[\"https:\\\/\\\/audaces.com\\\/pt-br\\\/blog\\\/empreendedorismo-feminino#respond\"]}]},{\"@type\":[\"WebPage\",\"FAQPage\"],\"@id\":\"https:\\\/\\\/audaces.com\\\/pt-br\\\/blog\\\/empreendedorismo-feminino\",\"url\":\"https:\\\/\\\/audaces.com\\\/pt-br\\\/blog\\\/empreendedorismo-feminino\",\"name\":\"Empreendedorismo feminino: desafios e oportunidades na moda\",\"isPartOf\":{\"@id\":\"https:\\\/\\\/audaces.com\\\/pt-br\\\/#website\"},\"primaryImageOfPage\":{\"@id\":\"https:\\\/\\\/audaces.com\\\/pt-br\\\/blog\\\/empreendedorismo-feminino#primaryimage\"},\"image\":{\"@id\":\"https:\\\/\\\/audaces.com\\\/pt-br\\\/blog\\\/empreendedorismo-feminino#primaryimage\"},\"thumbnailUrl\":\"https:\\\/\\\/audaces.com\\\/wp-content\\\/uploads\\\/2022\\\/04\\\/beautiful-curly-brunette-dark-skinned-fashion-designer-poses-office-leans-table-min-1-1-1536x1024-1.jpg\",\"datePublished\":\"2026-08-17T20:17:29+00:00\",\"dateModified\":\"2026-08-17T20:19:58+00:00\",\"description\":\"O protagonismo femininio no empreendedorismo \u00e9 um assunto que deve ser tratado. Confira o cen\u00e1rio e as dicas no blog Audaces.\",\"breadcrumb\":{\"@id\":\"https:\\\/\\\/audaces.com\\\/pt-br\\\/blog\\\/empreendedorismo-feminino#breadcrumb\"},\"mainEntity\":[{\"@id\":\"https:\\\/\\\/audaces.com\\\/pt-br\\\/blog\\\/empreendedorismo-feminino#faq-question-1786997162722\"},{\"@id\":\"https:\\\/\\\/audaces.com\\\/pt-br\\\/blog\\\/empreendedorismo-feminino#faq-question-1786997198968\"},{\"@id\":\"https:\\\/\\\/audaces.com\\\/pt-br\\\/blog\\\/empreendedorismo-feminino#faq-question-1786997209144\"}],\"inLanguage\":\"pt-BR\",\"potentialAction\":[{\"@type\":\"ReadAction\",\"target\":[\"https:\\\/\\\/audaces.com\\\/pt-br\\\/blog\\\/empreendedorismo-feminino\"]}]},{\"@type\":\"ImageObject\",\"inLanguage\":\"pt-BR\",\"@id\":\"https:\\\/\\\/audaces.com\\\/pt-br\\\/blog\\\/empreendedorismo-feminino#primaryimage\",\"url\":\"https:\\\/\\\/audaces.com\\\/wp-content\\\/uploads\\\/2022\\\/04\\\/beautiful-curly-brunette-dark-skinned-fashion-designer-poses-office-leans-table-min-1-1-1536x1024-1.jpg\",\"contentUrl\":\"https:\\\/\\\/audaces.com\\\/wp-content\\\/uploads\\\/2022\\\/04\\\/beautiful-curly-brunette-dark-skinned-fashion-designer-poses-office-leans-table-min-1-1-1536x1024-1.jpg\",\"width\":1536,\"height\":1024},{\"@type\":\"BreadcrumbList\",\"@id\":\"https:\\\/\\\/audaces.com\\\/pt-br\\\/blog\\\/empreendedorismo-feminino#breadcrumb\",\"itemListElement\":[{\"@type\":\"ListItem\",\"position\":1,\"name\":\"INIZIO\",\"item\":\"https:\\\/\\\/audaces.com\\\/pt-br\"},{\"@type\":\"ListItem\",\"position\":2,\"name\":\"Desafios e oportunidades do empreendedorismo feminino na moda\"}]},{\"@type\":\"WebSite\",\"@id\":\"https:\\\/\\\/audaces.com\\\/pt-br\\\/#website\",\"url\":\"https:\\\/\\\/audaces.com\\\/pt-br\\\/\",\"name\":\"Audaces\",\"description\":\"We are the Industry 4.0\",\"publisher\":{\"@id\":\"https:\\\/\\\/audaces.com\\\/pt-br\\\/#organization\"},\"potentialAction\":[{\"@type\":\"SearchAction\",\"target\":{\"@type\":\"EntryPoint\",\"urlTemplate\":\"https:\\\/\\\/audaces.com\\\/pt-br\\\/?s={search_term_string}\"},\"query-input\":{\"@type\":\"PropertyValueSpecification\",\"valueRequired\":true,\"valueName\":\"search_term_string\"}}],\"inLanguage\":\"pt-BR\"},{\"@type\":\"Organization\",\"@id\":\"https:\\\/\\\/audaces.com\\\/pt-br\\\/#organization\",\"name\":\"Audaces\",\"url\":\"https:\\\/\\\/audaces.com\\\/pt-br\\\/\",\"logo\":{\"@type\":\"ImageObject\",\"inLanguage\":\"pt-BR\",\"@id\":\"https:\\\/\\\/audaces.com\\\/pt-br\\\/#\\\/schema\\\/logo\\\/image\\\/\",\"url\":\"https:\\\/\\\/audaces.com\\\/wp-content\\\/uploads\\\/2022\\\/01\\\/cropped-cropped-logo-audace.png\",\"contentUrl\":\"https:\\\/\\\/audaces.com\\\/wp-content\\\/uploads\\\/2022\\\/01\\\/cropped-cropped-logo-audace.png\",\"width\":512,\"height\":512,\"caption\":\"Audaces\"},\"image\":{\"@id\":\"https:\\\/\\\/audaces.com\\\/pt-br\\\/#\\\/schema\\\/logo\\\/image\\\/\"},\"sameAs\":[\"https:\\\/\\\/www.facebook.com\\\/audaces.pt\"]},{\"@type\":\"Person\",\"@id\":\"https:\\\/\\\/audaces.com\\\/pt-br\\\/#\\\/schema\\\/person\\\/f713e4c03d181da254aa1491ee813ed5\",\"name\":\"Daniela Ribeiro Cunha\",\"image\":{\"@type\":\"ImageObject\",\"inLanguage\":\"pt-BR\",\"@id\":\"https:\\\/\\\/audaces.com\\\/wp-content\\\/uploads\\\/2025\\\/05\\\/cropped-daniela-96x96.png\",\"url\":\"https:\\\/\\\/audaces.com\\\/wp-content\\\/uploads\\\/2025\\\/05\\\/cropped-daniela-96x96.png\",\"contentUrl\":\"https:\\\/\\\/audaces.com\\\/wp-content\\\/uploads\\\/2025\\\/05\\\/cropped-daniela-96x96.png\",\"caption\":\"Daniela Ribeiro Cunha\"},\"description\":\"Copywriter Audaces\",\"sameAs\":[\"https:\\\/\\\/audaces.com\"],\"url\":\"https:\\\/\\\/audaces.com\\\/pt-br\\\/blog\\\/author\\\/daniela\"},{\"@type\":\"Question\",\"@id\":\"https:\\\/\\\/audaces.com\\\/pt-br\\\/blog\\\/empreendedorismo-feminino#faq-question-1786997162722\",\"position\":1,\"url\":\"https:\\\/\\\/audaces.com\\\/pt-br\\\/blog\\\/empreendedorismo-feminino#faq-question-1786997162722\",\"name\":\"O que caracteriza o empreendedorismo feminino?\",\"answerCount\":1,\"acceptedAnswer\":{\"@type\":\"Answer\",\"text\":\"O empreendedorismo feminino \u00e9 caracterizado pela lideran\u00e7a de mulheres \u00e0 frente de neg\u00f3cios pr\u00f3prios ou de altos cargos em empresas.\",\"inLanguage\":\"pt-BR\"},\"inLanguage\":\"pt-BR\"},{\"@type\":\"Question\",\"@id\":\"https:\\\/\\\/audaces.com\\\/pt-br\\\/blog\\\/empreendedorismo-feminino#faq-question-1786997198968\",\"position\":2,\"url\":\"https:\\\/\\\/audaces.com\\\/pt-br\\\/blog\\\/empreendedorismo-feminino#faq-question-1786997198968\",\"name\":\"Por que o empreendedorismo feminino ainda enfrenta tantos desafios?\",\"answerCount\":1,\"acceptedAnswer\":{\"@type\":\"Answer\",\"text\":\"O empreendedorismo feminino enfrenta desafios estruturais e culturais que limitam o acesso de mulheres a cargos de lideran\u00e7a e a recursos financeiros.\",\"inLanguage\":\"pt-BR\"},\"inLanguage\":\"pt-BR\"},{\"@type\":\"Question\",\"@id\":\"https:\\\/\\\/audaces.com\\\/pt-br\\\/blog\\\/empreendedorismo-feminino#faq-question-1786997209144\",\"position\":3,\"url\":\"https:\\\/\\\/audaces.com\\\/pt-br\\\/blog\\\/empreendedorismo-feminino#faq-question-1786997209144\",\"name\":\"Como a tecnologia pode ajudar o empreendedorismo feminino na moda?\",\"answerCount\":1,\"acceptedAnswer\":{\"@type\":\"Answer\",\"text\":\"O empreendedorismo feminino na moda ganha mais competitividade quando apoiado por ferramentas de gest\u00e3o e produ\u00e7\u00e3o digitais, como as solu\u00e7\u00f5es da Audaces360.\",\"inLanguage\":\"pt-BR\"},\"inLanguage\":\"pt-BR\"}]}<\/script>\n<!-- \/ Yoast SEO Premium plugin. -->","yoast_head_json":{"title":"Empreendedorismo feminino: desafios e oportunidades na moda","description":"O protagonismo femininio no empreendedorismo \u00e9 um assunto que deve ser tratado. Confira o cen\u00e1rio e as dicas no blog Audaces.","robots":{"index":"index","follow":"follow","max-snippet":"max-snippet:-1","max-image-preview":"max-image-preview:large","max-video-preview":"max-video-preview:-1"},"canonical":"https:\/\/audaces.com\/pt-br\/blog\/empreendedorismo-feminino","og_locale":"pt_BR","og_type":"article","og_title":"Empreendedorismo feminino: desafios e oportunidades na moda","og_description":"O protagonismo femininio no empreendedorismo \u00e9 um assunto que deve ser tratado. Confira o cen\u00e1rio e as dicas no blog Audaces.","og_url":"https:\/\/audaces.com\/pt-br\/blog\/empreendedorismo-feminino","og_site_name":"Audaces","article_publisher":"https:\/\/www.facebook.com\/audaces.pt","article_published_time":"2026-08-17T20:17:29+00:00","article_modified_time":"2026-08-17T20:19:58+00:00","og_image":[{"width":1536,"height":1024,"url":"https:\/\/audaces.com\/wp-content\/uploads\/2022\/04\/beautiful-curly-brunette-dark-skinned-fashion-designer-poses-office-leans-table-min-1-1-1536x1024-1.jpg","type":"image\/jpeg"}],"author":"Daniela Ribeiro Cunha","twitter_card":"summary_large_image","twitter_misc":{"Escrito por":"Daniela Ribeiro Cunha","Est. tempo de leitura":"13 minutos"},"schema":{"@context":"https:\/\/schema.org","@graph":[{"@type":"Article","@id":"https:\/\/audaces.com\/pt-br\/blog\/empreendedorismo-feminino#article","isPartOf":{"@id":"https:\/\/audaces.com\/pt-br\/blog\/empreendedorismo-feminino"},"author":{"name":"Daniela Ribeiro Cunha","@id":"https:\/\/audaces.com\/pt-br\/#\/schema\/person\/f713e4c03d181da254aa1491ee813ed5"},"headline":"Desafios e oportunidades do empreendedorismo feminino na moda","datePublished":"2026-08-17T20:17:29+00:00","dateModified":"2026-08-17T20:19:58+00:00","mainEntityOfPage":{"@id":"https:\/\/audaces.com\/pt-br\/blog\/empreendedorismo-feminino"},"wordCount":2447,"commentCount":0,"publisher":{"@id":"https:\/\/audaces.com\/pt-br\/#organization"},"image":{"@id":"https:\/\/audaces.com\/pt-br\/blog\/empreendedorismo-feminino#primaryimage"},"thumbnailUrl":"https:\/\/audaces.com\/wp-content\/uploads\/2022\/04\/beautiful-curly-brunette-dark-skinned-fashion-designer-poses-office-leans-table-min-1-1-1536x1024-1.jpg","keywords":["Audaces","Audaces 360","empreendedorismo feminino"],"articleSection":["Gest\u00e3o e Neg\u00f3cios de Moda"],"inLanguage":"pt-BR","potentialAction":[{"@type":"CommentAction","name":"Comment","target":["https:\/\/audaces.com\/pt-br\/blog\/empreendedorismo-feminino#respond"]}]},{"@type":["WebPage","FAQPage"],"@id":"https:\/\/audaces.com\/pt-br\/blog\/empreendedorismo-feminino","url":"https:\/\/audaces.com\/pt-br\/blog\/empreendedorismo-feminino","name":"Empreendedorismo feminino: desafios e oportunidades na moda","isPartOf":{"@id":"https:\/\/audaces.com\/pt-br\/#website"},"primaryImageOfPage":{"@id":"https:\/\/audaces.com\/pt-br\/blog\/empreendedorismo-feminino#primaryimage"},"image":{"@id":"https:\/\/audaces.com\/pt-br\/blog\/empreendedorismo-feminino#primaryimage"},"thumbnailUrl":"https:\/\/audaces.com\/wp-content\/uploads\/2022\/04\/beautiful-curly-brunette-dark-skinned-fashion-designer-poses-office-leans-table-min-1-1-1536x1024-1.jpg","datePublished":"2026-08-17T20:17:29+00:00","dateModified":"2026-08-17T20:19:58+00:00","description":"O protagonismo femininio no empreendedorismo \u00e9 um assunto que deve ser tratado. Confira o cen\u00e1rio e as dicas no blog Audaces.","breadcrumb":{"@id":"https:\/\/audaces.com\/pt-br\/blog\/empreendedorismo-feminino#breadcrumb"},"mainEntity":[{"@id":"https:\/\/audaces.com\/pt-br\/blog\/empreendedorismo-feminino#faq-question-1786997162722"},{"@id":"https:\/\/audaces.com\/pt-br\/blog\/empreendedorismo-feminino#faq-question-1786997198968"},{"@id":"https:\/\/audaces.com\/pt-br\/blog\/empreendedorismo-feminino#faq-question-1786997209144"}],"inLanguage":"pt-BR","potentialAction":[{"@type":"ReadAction","target":["https:\/\/audaces.com\/pt-br\/blog\/empreendedorismo-feminino"]}]},{"@type":"ImageObject","inLanguage":"pt-BR","@id":"https:\/\/audaces.com\/pt-br\/blog\/empreendedorismo-feminino#primaryimage","url":"https:\/\/audaces.com\/wp-content\/uploads\/2022\/04\/beautiful-curly-brunette-dark-skinned-fashion-designer-poses-office-leans-table-min-1-1-1536x1024-1.jpg","contentUrl":"https:\/\/audaces.com\/wp-content\/uploads\/2022\/04\/beautiful-curly-brunette-dark-skinned-fashion-designer-poses-office-leans-table-min-1-1-1536x1024-1.jpg","width":1536,"height":1024},{"@type":"BreadcrumbList","@id":"https:\/\/audaces.com\/pt-br\/blog\/empreendedorismo-feminino#breadcrumb","itemListElement":[{"@type":"ListItem","position":1,"name":"INIZIO","item":"https:\/\/audaces.com\/pt-br"},{"@type":"ListItem","position":2,"name":"Desafios e oportunidades do empreendedorismo feminino na moda"}]},{"@type":"WebSite","@id":"https:\/\/audaces.com\/pt-br\/#website","url":"https:\/\/audaces.com\/pt-br\/","name":"Audaces","description":"We are the Industry 4.0","publisher":{"@id":"https:\/\/audaces.com\/pt-br\/#organization"},"potentialAction":[{"@type":"SearchAction","target":{"@type":"EntryPoint","urlTemplate":"https:\/\/audaces.com\/pt-br\/?s={search_term_string}"},"query-input":{"@type":"PropertyValueSpecification","valueRequired":true,"valueName":"search_term_string"}}],"inLanguage":"pt-BR"},{"@type":"Organization","@id":"https:\/\/audaces.com\/pt-br\/#organization","name":"Audaces","url":"https:\/\/audaces.com\/pt-br\/","logo":{"@type":"ImageObject","inLanguage":"pt-BR","@id":"https:\/\/audaces.com\/pt-br\/#\/schema\/logo\/image\/","url":"https:\/\/audaces.com\/wp-content\/uploads\/2022\/01\/cropped-cropped-logo-audace.png","contentUrl":"https:\/\/audaces.com\/wp-content\/uploads\/2022\/01\/cropped-cropped-logo-audace.png","width":512,"height":512,"caption":"Audaces"},"image":{"@id":"https:\/\/audaces.com\/pt-br\/#\/schema\/logo\/image\/"},"sameAs":["https:\/\/www.facebook.com\/audaces.pt"]},{"@type":"Person","@id":"https:\/\/audaces.com\/pt-br\/#\/schema\/person\/f713e4c03d181da254aa1491ee813ed5","name":"Daniela Ribeiro Cunha","image":{"@type":"ImageObject","inLanguage":"pt-BR","@id":"https:\/\/audaces.com\/wp-content\/uploads\/2025\/05\/cropped-daniela-96x96.png","url":"https:\/\/audaces.com\/wp-content\/uploads\/2025\/05\/cropped-daniela-96x96.png","contentUrl":"https:\/\/audaces.com\/wp-content\/uploads\/2025\/05\/cropped-daniela-96x96.png","caption":"Daniela Ribeiro Cunha"},"description":"Copywriter Audaces","sameAs":["https:\/\/audaces.com"],"url":"https:\/\/audaces.com\/pt-br\/blog\/author\/daniela"},{"@type":"Question","@id":"https:\/\/audaces.com\/pt-br\/blog\/empreendedorismo-feminino#faq-question-1786997162722","position":1,"url":"https:\/\/audaces.com\/pt-br\/blog\/empreendedorismo-feminino#faq-question-1786997162722","name":"O que caracteriza o empreendedorismo feminino?","answerCount":1,"acceptedAnswer":{"@type":"Answer","text":"O empreendedorismo feminino \u00e9 caracterizado pela lideran\u00e7a de mulheres \u00e0 frente de neg\u00f3cios pr\u00f3prios ou de altos cargos em empresas.","inLanguage":"pt-BR"},"inLanguage":"pt-BR"},{"@type":"Question","@id":"https:\/\/audaces.com\/pt-br\/blog\/empreendedorismo-feminino#faq-question-1786997198968","position":2,"url":"https:\/\/audaces.com\/pt-br\/blog\/empreendedorismo-feminino#faq-question-1786997198968","name":"Por que o empreendedorismo feminino ainda enfrenta tantos desafios?","answerCount":1,"acceptedAnswer":{"@type":"Answer","text":"O empreendedorismo feminino enfrenta desafios estruturais e culturais que limitam o acesso de mulheres a cargos de lideran\u00e7a e a recursos financeiros.","inLanguage":"pt-BR"},"inLanguage":"pt-BR"},{"@type":"Question","@id":"https:\/\/audaces.com\/pt-br\/blog\/empreendedorismo-feminino#faq-question-1786997209144","position":3,"url":"https:\/\/audaces.com\/pt-br\/blog\/empreendedorismo-feminino#faq-question-1786997209144","name":"Como a tecnologia pode ajudar o empreendedorismo feminino na moda?","answerCount":1,"acceptedAnswer":{"@type":"Answer","text":"O empreendedorismo feminino na moda ganha mais competitividade quando apoiado por ferramentas de gest\u00e3o e produ\u00e7\u00e3o digitais, como as solu\u00e7\u00f5es da Audaces360.","inLanguage":"pt-BR"},"inLanguage":"pt-BR"}]}},"_links":{"self":[{"href":"https:\/\/audaces.com\/pt-br\/wp-json\/wp\/v2\/posts\/48974","targetHints":{"allow":["GET"]}}],"collection":[{"href":"https:\/\/audaces.com\/pt-br\/wp-json\/wp\/v2\/posts"}],"about":[{"href":"https:\/\/audaces.com\/pt-br\/wp-json\/wp\/v2\/types\/post"}],"author":[{"embeddable":true,"href":"https:\/\/audaces.com\/pt-br\/wp-json\/wp\/v2\/users\/52"}],"replies":[{"embeddable":true,"href":"https:\/\/audaces.com\/pt-br\/wp-json\/wp\/v2\/comments?post=48974"}],"version-history":[{"count":4,"href":"https:\/\/audaces.com\/pt-br\/wp-json\/wp\/v2\/posts\/48974\/revisions"}],"predecessor-version":[{"id":221091,"href":"https:\/\/audaces.com\/pt-br\/wp-json\/wp\/v2\/posts\/48974\/revisions\/221091"}],"wp:featuredmedia":[{"embeddable":true,"href":"https:\/\/audaces.com\/pt-br\/wp-json\/wp\/v2\/media\/69546"}],"wp:attachment":[{"href":"https:\/\/audaces.com\/pt-br\/wp-json\/wp\/v2\/media?parent=48974"}],"wp:term":[{"taxonomy":"category","embeddable":true,"href":"https:\/\/audaces.com\/pt-br\/wp-json\/wp\/v2\/categories?post=48974"},{"taxonomy":"post_tag","embeddable":true,"href":"https:\/\/audaces.com\/pt-br\/wp-json\/wp\/v2\/tags?post=48974"}],"curies":[{"name":"wp","href":"https:\/\/api.w.org\/{rel}","templated":true}]}}