{"id":26639,"date":"2020-12-10T11:26:00","date_gmt":"2020-12-10T14:26:00","guid":{"rendered":"https:\/\/audaces.com\/?p=26639"},"modified":"2025-05-08T18:12:14","modified_gmt":"2025-05-08T21:12:14","slug":"aviso-descontinuidade-coprocessador-audaces","status":"publish","type":"post","link":"https:\/\/audaces.com\/pt-br\/blog\/aviso-descontinuidade-coprocessador-audaces","title":{"rendered":"Aviso de descontinuidade do coprocessador Audaces"},"content":{"rendered":"\n<p><span style=\"font-weight: 400;\">Prezado<\/span> cliente<span style=\"font-weight: 400;\">,<\/span><\/p>\n\n\n\n<p><span style=\"font-weight: 400;\">A AUDACES, no uso de suas atribui\u00e7\u00f5es como desenvolvedora e detentora dos direitos autorais do software e hardware\u202f<\/span><b>COPROCESSADOR AUDACES<\/b><span style=\"font-weight: 400;\">, tendo deixado de comercializar o<\/span> <b>Coprocessador Audaces desde 2017<\/b><span style=\"font-weight: 400;\">, <\/span><b>COMUNICA<\/b><span style=\"font-weight: 400;\"> que, a partir do dia<\/span><b> 26\/02\/2018<\/b> <b>far\u00e1 a descontinua\u00e7\u00e3o oficial e irrevog\u00e1vel <\/b><span style=\"font-weight: 400;\">da vers\u00e3o acima citada do referido software, encerrando, portanto, o suporte t\u00e9cnico e comercializa\u00e7\u00e3o do aparelho <\/span><b>Coprocessador Audaces<\/b><span style=\"font-weight: 400;\"> para gest\u00e3o das licen\u00e7as Audaces. <\/span><\/p>\n\n\n\n<p><span style=\"font-weight: 400;\">A Audaces disponibiliza, a todos os seus clientes e usu\u00e1rios, tecnologia e vers\u00f5es superiores do Coprocessador Audaces, que j\u00e1 se encontram no mercado dispon\u00edveis para aquisi\u00e7\u00e3o e atualiza\u00e7\u00e3o, sendo o gerenciador de licen\u00e7as nomeado como <\/span><b>Audaces GO<\/b><span style=\"font-weight: 400;\">.<\/span><\/p>\n\n\n\n<p><span style=\"font-weight: 400;\">O ato de descontinua\u00e7\u00e3o est\u00e1 amparado pela Lei do Software, pela Lei dos Direitos Autorais, e pela Lei da Propriedade Intelectual e Industrial, e da Lei Internacional de Copyrights. (L n. 9.609\/98 art. 8, L n.9.610\/98, art. 7, XII c\/c 24, I, VI, c\/c 27, 28, 30 e 37; EC Software Directive of 14 May 1991, 91\/250\/EEC, publicada no Official Journal of the EEC de 17\/05\/91, L122\/42).&nbsp;&nbsp;<\/span><\/p>\n\n\n\n<p><span style=\"font-weight: 400;\">Salienta-se que os softwares e hardwares Coprocessador Audaces s\u00e3o, e sempre foram, de propriedade da AUDACES, direito de propriedade intransfer\u00edvel pela sua natureza jur\u00eddica. A Audaces disponibiliza para clientes e usu\u00e1rios t\u00e3o somente a\u202f<\/span><b>LICEN\u00c7A DE USO<\/b><span style=\"font-weight: 400;\">\u202fe pode a qualquer momento ser revogada pelo detentor dos direitos autorais. Al\u00e9m da licen\u00e7a de uso n\u00e3o transferir propriedade, t\u00e3o somente autorizar o uso do produto autoral e intelectual de outrem, impede a venda, aliena\u00e7\u00e3o, transfer\u00eancia ou doa\u00e7\u00e3o a terceiro, situa\u00e7\u00f5es estas j\u00e1 previstas em Lei espec\u00edfica e, inclusive, no contrato de licen\u00e7a de uso. <\/span><\/p>\n\n\n\n<p><b>Em caso de queima, perda, extravio, roubo, ou qualquer esp\u00e9cie de defeito ou dano nestes insumos, a AUDACES n\u00e3o poder\u00e1 de nenhuma forma substituir ou indeniz\u00e1-los ao usu\u00e1rio, pois n\u00e3o s\u00e3o mais produzidos e comercializados, sendo de total responsabilidade do usu\u00e1rio que optou por n\u00e3o atualizar a sua vers\u00e3o do sistema e do hardware.<\/b><span style=\"font-weight: 400;\">&nbsp;<\/span><\/p>\n\n\n\n<p><span style=\"font-weight: 400;\">O direito do consumidor foi plenamente garantido pela publicidade e comunica\u00e7\u00e3o pr\u00e9via do ato de descontinuidade. Pela natureza jur\u00eddica do bem em quest\u00e3o e pela previs\u00e3o de Lei Espec\u00edfica, a descontinua\u00e7\u00e3o \u00e9 plenamente vi\u00e1vel, uma vez que comunicada previamente ao usu\u00e1rio, exatamente como a <\/span><b>AUDACES<\/b><span style=\"font-weight: 400;\"> tem procedido. <\/span><\/p>\n\n\n\n<p>Em caso de d\u00favidas, entre em contato atrav\u00e9s dos nossos canais:<\/p>\n\n\n\n<p><a href=\"https:\/\/www.facebook.com\/audaces.pt?utm_source=search&amp;utm_medium=organic&amp;utm_content=facebook\" target=\"_blank\" rel=\"noreferrer noopener\">Facebook<\/a>&nbsp;|&nbsp;<a href=\"https:\/\/www.instagram.com\/audaces\/?utm_source=search&amp;utm_medium=organic&amp;utm_content=instagram\" target=\"_blank\" rel=\"noreferrer noopener\">Instagram<\/a>&nbsp;|&nbsp;<a href=\"https:\/\/www.youtube.com\/user\/AudacesBrasil?utm_source=search&amp;utm_medium=organic&amp;utm_content=youtube\" target=\"_blank\" rel=\"noreferrer noopener\">YouTube<\/a>&nbsp;|&nbsp;<a href=\"https:\/\/www.linkedin.com\/company\/audaces-we-are-the-industry-4-0\/?utm_source=search&amp;utm_medium=organic&amp;utm_content=linkedin\" target=\"_blank\" rel=\"noreferrer noopener\">LinkedIn<\/a>&nbsp;|&nbsp;<a href=\"https:\/\/audaces.com\/pt-br?utm_source=search&amp;utm_medium=organic&amp;utm_content=site\" target=\"_blank\" rel=\"noreferrer noopener\">Site<\/a><\/p>\n\n\n\n<p>Permanecemos \u00e0 disposi\u00e7\u00e3o para qualquer esclarecimento.<\/p>\n\n\n\n<p>Atenciosamente,<\/p>\n","protected":false},"excerpt":{"rendered":"<p>A AUDACES, tendo deixado de comercializar o Coprocessador Audaces desde 2017, COMUNICA que, a partir do dia 26\/02\/2018 far\u00e1 a descontinua\u00e7\u00e3o oficial e irrevog\u00e1vel da vers\u00e3o acima citada do referido software, encerrando, portanto, o suporte t\u00e9cnico e comercializa\u00e7\u00e3o do aparelho Coprocessador Audaces para gest\u00e3o das licen\u00e7as Audaces.\u00a0<\/p>\n","protected":false},"author":54,"featured_media":138922,"comment_status":"open","ping_status":"closed","sticky":false,"template":"","format":"standard","meta":{"footnotes":""},"categories":[29],"tags":[53,97,2331],"class_list":["post-26639","post","type-post","status-publish","format-standard","has-post-thumbnail","hentry","category-institucional","tag-audaces","tag-audaces-360","tag-coprocessador-audaces"],"yoast_head":"<!-- This site is optimized with the Yoast SEO Premium plugin v27.4 (Yoast SEO v27.5) - https:\/\/yoast.com\/product\/yoast-seo-premium-wordpress\/ -->\n<title>Coprocessador Audaces: mais detalhes sobre a descontinuidade<\/title>\n<meta name=\"description\" content=\"A AUDACES, tendo deixado de comercializar o Coprocessador Audaces desde 2017, COMUNICA que, a partir do dia 26\/02\/2018 far\u00e1 a descontinua\u00e7\u00e3o oficial e irrevog\u00e1vel da vers\u00e3o acima citada do referido software, encerrando, portanto, o suporte t\u00e9cnico e comercializa\u00e7\u00e3o do aparelho Coprocessador Audaces para gest\u00e3o das licen\u00e7as Audaces.\u00a0\" \/>\n<meta name=\"robots\" content=\"index, follow, max-snippet:-1, max-image-preview:large, max-video-preview:-1\" \/>\n<link rel=\"canonical\" href=\"https:\/\/audaces.com\/pt-br\/blog\/aviso-descontinuidade-coprocessador-audaces\" \/>\n<meta property=\"og:locale\" content=\"pt_BR\" \/>\n<meta property=\"og:type\" content=\"article\" \/>\n<meta property=\"og:title\" content=\"Coprocessador Audaces: mais detalhes sobre a descontinuidade\" \/>\n<meta property=\"og:description\" content=\"A AUDACES, tendo deixado de comercializar o Coprocessador Audaces desde 2017, COMUNICA que, a partir do dia 26\/02\/2018 far\u00e1 a descontinua\u00e7\u00e3o oficial e irrevog\u00e1vel da vers\u00e3o acima citada do referido software, encerrando, portanto, o suporte t\u00e9cnico e comercializa\u00e7\u00e3o do aparelho Coprocessador Audaces para gest\u00e3o das licen\u00e7as Audaces.\u00a0\" \/>\n<meta property=\"og:url\" content=\"https:\/\/audaces.com\/pt-br\/blog\/aviso-descontinuidade-coprocessador-audaces\" \/>\n<meta property=\"og:site_name\" content=\"Audaces\" \/>\n<meta property=\"article:publisher\" content=\"https:\/\/www.facebook.com\/audaces.pt\" \/>\n<meta property=\"article:published_time\" content=\"2020-12-10T14:26:00+00:00\" \/>\n<meta property=\"article:modified_time\" content=\"2025-05-08T21:12:14+00:00\" \/>\n<meta property=\"og:image\" content=\"https:\/\/audaces.com\/wp-content\/uploads\/2023\/03\/notice-of-discontinuation-audaces-supera.webp\" \/>\n\t<meta property=\"og:image:width\" content=\"1024\" \/>\n\t<meta property=\"og:image:height\" content=\"683\" \/>\n\t<meta property=\"og:image:type\" content=\"image\/webp\" \/>\n<meta name=\"author\" content=\"Audara\" \/>\n<meta name=\"twitter:card\" content=\"summary_large_image\" \/>\n<meta name=\"twitter:label1\" content=\"Escrito por\" \/>\n\t<meta name=\"twitter:data1\" content=\"Audara\" \/>\n\t<meta name=\"twitter:label2\" content=\"Est. tempo de leitura\" \/>\n\t<meta name=\"twitter:data2\" content=\"3 minutos\" \/>\n<script type=\"application\/ld+json\" class=\"yoast-schema-graph\">{\"@context\":\"https:\\\/\\\/schema.org\",\"@graph\":[{\"@type\":\"Article\",\"@id\":\"https:\\\/\\\/audaces.com\\\/pt-br\\\/blog\\\/aviso-descontinuidade-coprocessador-audaces#article\",\"isPartOf\":{\"@id\":\"https:\\\/\\\/audaces.com\\\/pt-br\\\/blog\\\/aviso-descontinuidade-coprocessador-audaces\"},\"author\":{\"name\":\"Audara\",\"@id\":\"https:\\\/\\\/audaces.com\\\/pt-br\\\/#\\\/schema\\\/person\\\/64fd4e45d55c0765a8d3193a2dfe4a8b\"},\"headline\":\"Aviso de descontinuidade do coprocessador Audaces\",\"datePublished\":\"2020-12-10T14:26:00+00:00\",\"dateModified\":\"2025-05-08T21:12:14+00:00\",\"mainEntityOfPage\":{\"@id\":\"https:\\\/\\\/audaces.com\\\/pt-br\\\/blog\\\/aviso-descontinuidade-coprocessador-audaces\"},\"wordCount\":444,\"commentCount\":2,\"publisher\":{\"@id\":\"https:\\\/\\\/audaces.com\\\/pt-br\\\/#organization\"},\"image\":{\"@id\":\"https:\\\/\\\/audaces.com\\\/pt-br\\\/blog\\\/aviso-descontinuidade-coprocessador-audaces#primaryimage\"},\"thumbnailUrl\":\"https:\\\/\\\/audaces.com\\\/wp-content\\\/uploads\\\/2023\\\/03\\\/notice-of-discontinuation-audaces-supera.webp\",\"keywords\":[\"Audaces\",\"Audaces 360\",\"coprocessador audaces\"],\"articleSection\":[\"Institucional\"],\"inLanguage\":\"pt-BR\",\"potentialAction\":[{\"@type\":\"CommentAction\",\"name\":\"Comment\",\"target\":[\"https:\\\/\\\/audaces.com\\\/pt-br\\\/blog\\\/aviso-descontinuidade-coprocessador-audaces#respond\"]}]},{\"@type\":\"WebPage\",\"@id\":\"https:\\\/\\\/audaces.com\\\/pt-br\\\/blog\\\/aviso-descontinuidade-coprocessador-audaces\",\"url\":\"https:\\\/\\\/audaces.com\\\/pt-br\\\/blog\\\/aviso-descontinuidade-coprocessador-audaces\",\"name\":\"Coprocessador Audaces: mais detalhes sobre a descontinuidade\",\"isPartOf\":{\"@id\":\"https:\\\/\\\/audaces.com\\\/pt-br\\\/#website\"},\"primaryImageOfPage\":{\"@id\":\"https:\\\/\\\/audaces.com\\\/pt-br\\\/blog\\\/aviso-descontinuidade-coprocessador-audaces#primaryimage\"},\"image\":{\"@id\":\"https:\\\/\\\/audaces.com\\\/pt-br\\\/blog\\\/aviso-descontinuidade-coprocessador-audaces#primaryimage\"},\"thumbnailUrl\":\"https:\\\/\\\/audaces.com\\\/wp-content\\\/uploads\\\/2023\\\/03\\\/notice-of-discontinuation-audaces-supera.webp\",\"datePublished\":\"2020-12-10T14:26:00+00:00\",\"dateModified\":\"2025-05-08T21:12:14+00:00\",\"description\":\"A AUDACES, tendo deixado de comercializar o Coprocessador Audaces desde 2017, COMUNICA que, a partir do dia 26\\\/02\\\/2018 far\u00e1 a descontinua\u00e7\u00e3o oficial e irrevog\u00e1vel da vers\u00e3o acima citada do referido software, encerrando, portanto, o suporte t\u00e9cnico e comercializa\u00e7\u00e3o do aparelho Coprocessador Audaces para gest\u00e3o das licen\u00e7as Audaces.\u00a0\",\"breadcrumb\":{\"@id\":\"https:\\\/\\\/audaces.com\\\/pt-br\\\/blog\\\/aviso-descontinuidade-coprocessador-audaces#breadcrumb\"},\"inLanguage\":\"pt-BR\",\"potentialAction\":[{\"@type\":\"ReadAction\",\"target\":[\"https:\\\/\\\/audaces.com\\\/pt-br\\\/blog\\\/aviso-descontinuidade-coprocessador-audaces\"]}]},{\"@type\":\"ImageObject\",\"inLanguage\":\"pt-BR\",\"@id\":\"https:\\\/\\\/audaces.com\\\/pt-br\\\/blog\\\/aviso-descontinuidade-coprocessador-audaces#primaryimage\",\"url\":\"https:\\\/\\\/audaces.com\\\/wp-content\\\/uploads\\\/2023\\\/03\\\/notice-of-discontinuation-audaces-supera.webp\",\"contentUrl\":\"https:\\\/\\\/audaces.com\\\/wp-content\\\/uploads\\\/2023\\\/03\\\/notice-of-discontinuation-audaces-supera.webp\",\"width\":1024,\"height\":683,\"caption\":\"Audaces Supera coprocessor is no longer available to buy, having been discontinued from production.\"},{\"@type\":\"BreadcrumbList\",\"@id\":\"https:\\\/\\\/audaces.com\\\/pt-br\\\/blog\\\/aviso-descontinuidade-coprocessador-audaces#breadcrumb\",\"itemListElement\":[{\"@type\":\"ListItem\",\"position\":1,\"name\":\"INIZIO\",\"item\":\"https:\\\/\\\/audaces.com\\\/pt-br\"},{\"@type\":\"ListItem\",\"position\":2,\"name\":\"Aviso de descontinuidade do coprocessador Audaces\"}]},{\"@type\":\"WebSite\",\"@id\":\"https:\\\/\\\/audaces.com\\\/pt-br\\\/#website\",\"url\":\"https:\\\/\\\/audaces.com\\\/pt-br\\\/\",\"name\":\"Audaces\",\"description\":\"We are the Industry 4.0\",\"publisher\":{\"@id\":\"https:\\\/\\\/audaces.com\\\/pt-br\\\/#organization\"},\"potentialAction\":[{\"@type\":\"SearchAction\",\"target\":{\"@type\":\"EntryPoint\",\"urlTemplate\":\"https:\\\/\\\/audaces.com\\\/pt-br\\\/?s={search_term_string}\"},\"query-input\":{\"@type\":\"PropertyValueSpecification\",\"valueRequired\":true,\"valueName\":\"search_term_string\"}}],\"inLanguage\":\"pt-BR\"},{\"@type\":\"Organization\",\"@id\":\"https:\\\/\\\/audaces.com\\\/pt-br\\\/#organization\",\"name\":\"Audaces\",\"url\":\"https:\\\/\\\/audaces.com\\\/pt-br\\\/\",\"logo\":{\"@type\":\"ImageObject\",\"inLanguage\":\"pt-BR\",\"@id\":\"https:\\\/\\\/audaces.com\\\/pt-br\\\/#\\\/schema\\\/logo\\\/image\\\/\",\"url\":\"https:\\\/\\\/audaces.com\\\/wp-content\\\/uploads\\\/2022\\\/01\\\/cropped-cropped-logo-audace.png\",\"contentUrl\":\"https:\\\/\\\/audaces.com\\\/wp-content\\\/uploads\\\/2022\\\/01\\\/cropped-cropped-logo-audace.png\",\"width\":512,\"height\":512,\"caption\":\"Audaces\"},\"image\":{\"@id\":\"https:\\\/\\\/audaces.com\\\/pt-br\\\/#\\\/schema\\\/logo\\\/image\\\/\"},\"sameAs\":[\"https:\\\/\\\/www.facebook.com\\\/audaces.pt\"]},{\"@type\":\"Person\",\"@id\":\"https:\\\/\\\/audaces.com\\\/pt-br\\\/#\\\/schema\\\/person\\\/64fd4e45d55c0765a8d3193a2dfe4a8b\",\"name\":\"Audara\",\"image\":{\"@type\":\"ImageObject\",\"inLanguage\":\"pt-BR\",\"@id\":\"https:\\\/\\\/audaces.com\\\/wp-content\\\/uploads\\\/2025\\\/05\\\/cropped-audara-96x96.jpg\",\"url\":\"https:\\\/\\\/audaces.com\\\/wp-content\\\/uploads\\\/2025\\\/05\\\/cropped-audara-96x96.jpg\",\"contentUrl\":\"https:\\\/\\\/audaces.com\\\/wp-content\\\/uploads\\\/2025\\\/05\\\/cropped-audara-96x96.jpg\",\"caption\":\"Audara\"},\"description\":\"Fashion Tech Specialist at Audaces\",\"sameAs\":[\"https:\\\/\\\/audaces.com\"],\"url\":\"https:\\\/\\\/audaces.com\\\/pt-br\\\/blog\\\/author\\\/audara\"}]}<\/script>\n<!-- \/ Yoast SEO Premium plugin. -->","yoast_head_json":{"title":"Coprocessador Audaces: mais detalhes sobre a descontinuidade","description":"A AUDACES, tendo deixado de comercializar o Coprocessador Audaces desde 2017, COMUNICA que, a partir do dia 26\/02\/2018 far\u00e1 a descontinua\u00e7\u00e3o oficial e irrevog\u00e1vel da vers\u00e3o acima citada do referido software, encerrando, portanto, o suporte t\u00e9cnico e comercializa\u00e7\u00e3o do aparelho Coprocessador Audaces para gest\u00e3o das licen\u00e7as Audaces.\u00a0","robots":{"index":"index","follow":"follow","max-snippet":"max-snippet:-1","max-image-preview":"max-image-preview:large","max-video-preview":"max-video-preview:-1"},"canonical":"https:\/\/audaces.com\/pt-br\/blog\/aviso-descontinuidade-coprocessador-audaces","og_locale":"pt_BR","og_type":"article","og_title":"Coprocessador Audaces: mais detalhes sobre a descontinuidade","og_description":"A AUDACES, tendo deixado de comercializar o Coprocessador Audaces desde 2017, COMUNICA que, a partir do dia 26\/02\/2018 far\u00e1 a descontinua\u00e7\u00e3o oficial e irrevog\u00e1vel da vers\u00e3o acima citada do referido software, encerrando, portanto, o suporte t\u00e9cnico e comercializa\u00e7\u00e3o do aparelho Coprocessador Audaces para gest\u00e3o das licen\u00e7as Audaces.\u00a0","og_url":"https:\/\/audaces.com\/pt-br\/blog\/aviso-descontinuidade-coprocessador-audaces","og_site_name":"Audaces","article_publisher":"https:\/\/www.facebook.com\/audaces.pt","article_published_time":"2020-12-10T14:26:00+00:00","article_modified_time":"2025-05-08T21:12:14+00:00","og_image":[{"width":1024,"height":683,"url":"https:\/\/audaces.com\/wp-content\/uploads\/2023\/03\/notice-of-discontinuation-audaces-supera.webp","type":"image\/webp"}],"author":"Audara","twitter_card":"summary_large_image","twitter_misc":{"Escrito por":"Audara","Est. tempo de leitura":"3 minutos"},"schema":{"@context":"https:\/\/schema.org","@graph":[{"@type":"Article","@id":"https:\/\/audaces.com\/pt-br\/blog\/aviso-descontinuidade-coprocessador-audaces#article","isPartOf":{"@id":"https:\/\/audaces.com\/pt-br\/blog\/aviso-descontinuidade-coprocessador-audaces"},"author":{"name":"Audara","@id":"https:\/\/audaces.com\/pt-br\/#\/schema\/person\/64fd4e45d55c0765a8d3193a2dfe4a8b"},"headline":"Aviso de descontinuidade do coprocessador Audaces","datePublished":"2020-12-10T14:26:00+00:00","dateModified":"2025-05-08T21:12:14+00:00","mainEntityOfPage":{"@id":"https:\/\/audaces.com\/pt-br\/blog\/aviso-descontinuidade-coprocessador-audaces"},"wordCount":444,"commentCount":2,"publisher":{"@id":"https:\/\/audaces.com\/pt-br\/#organization"},"image":{"@id":"https:\/\/audaces.com\/pt-br\/blog\/aviso-descontinuidade-coprocessador-audaces#primaryimage"},"thumbnailUrl":"https:\/\/audaces.com\/wp-content\/uploads\/2023\/03\/notice-of-discontinuation-audaces-supera.webp","keywords":["Audaces","Audaces 360","coprocessador audaces"],"articleSection":["Institucional"],"inLanguage":"pt-BR","potentialAction":[{"@type":"CommentAction","name":"Comment","target":["https:\/\/audaces.com\/pt-br\/blog\/aviso-descontinuidade-coprocessador-audaces#respond"]}]},{"@type":"WebPage","@id":"https:\/\/audaces.com\/pt-br\/blog\/aviso-descontinuidade-coprocessador-audaces","url":"https:\/\/audaces.com\/pt-br\/blog\/aviso-descontinuidade-coprocessador-audaces","name":"Coprocessador Audaces: mais detalhes sobre a descontinuidade","isPartOf":{"@id":"https:\/\/audaces.com\/pt-br\/#website"},"primaryImageOfPage":{"@id":"https:\/\/audaces.com\/pt-br\/blog\/aviso-descontinuidade-coprocessador-audaces#primaryimage"},"image":{"@id":"https:\/\/audaces.com\/pt-br\/blog\/aviso-descontinuidade-coprocessador-audaces#primaryimage"},"thumbnailUrl":"https:\/\/audaces.com\/wp-content\/uploads\/2023\/03\/notice-of-discontinuation-audaces-supera.webp","datePublished":"2020-12-10T14:26:00+00:00","dateModified":"2025-05-08T21:12:14+00:00","description":"A AUDACES, tendo deixado de comercializar o Coprocessador Audaces desde 2017, COMUNICA que, a partir do dia 26\/02\/2018 far\u00e1 a descontinua\u00e7\u00e3o oficial e irrevog\u00e1vel da vers\u00e3o acima citada do referido software, encerrando, portanto, o suporte t\u00e9cnico e comercializa\u00e7\u00e3o do aparelho Coprocessador Audaces para gest\u00e3o das licen\u00e7as Audaces.\u00a0","breadcrumb":{"@id":"https:\/\/audaces.com\/pt-br\/blog\/aviso-descontinuidade-coprocessador-audaces#breadcrumb"},"inLanguage":"pt-BR","potentialAction":[{"@type":"ReadAction","target":["https:\/\/audaces.com\/pt-br\/blog\/aviso-descontinuidade-coprocessador-audaces"]}]},{"@type":"ImageObject","inLanguage":"pt-BR","@id":"https:\/\/audaces.com\/pt-br\/blog\/aviso-descontinuidade-coprocessador-audaces#primaryimage","url":"https:\/\/audaces.com\/wp-content\/uploads\/2023\/03\/notice-of-discontinuation-audaces-supera.webp","contentUrl":"https:\/\/audaces.com\/wp-content\/uploads\/2023\/03\/notice-of-discontinuation-audaces-supera.webp","width":1024,"height":683,"caption":"Audaces Supera coprocessor is no longer available to buy, having been discontinued from production."},{"@type":"BreadcrumbList","@id":"https:\/\/audaces.com\/pt-br\/blog\/aviso-descontinuidade-coprocessador-audaces#breadcrumb","itemListElement":[{"@type":"ListItem","position":1,"name":"INIZIO","item":"https:\/\/audaces.com\/pt-br"},{"@type":"ListItem","position":2,"name":"Aviso de descontinuidade do coprocessador Audaces"}]},{"@type":"WebSite","@id":"https:\/\/audaces.com\/pt-br\/#website","url":"https:\/\/audaces.com\/pt-br\/","name":"Audaces","description":"We are the Industry 4.0","publisher":{"@id":"https:\/\/audaces.com\/pt-br\/#organization"},"potentialAction":[{"@type":"SearchAction","target":{"@type":"EntryPoint","urlTemplate":"https:\/\/audaces.com\/pt-br\/?s={search_term_string}"},"query-input":{"@type":"PropertyValueSpecification","valueRequired":true,"valueName":"search_term_string"}}],"inLanguage":"pt-BR"},{"@type":"Organization","@id":"https:\/\/audaces.com\/pt-br\/#organization","name":"Audaces","url":"https:\/\/audaces.com\/pt-br\/","logo":{"@type":"ImageObject","inLanguage":"pt-BR","@id":"https:\/\/audaces.com\/pt-br\/#\/schema\/logo\/image\/","url":"https:\/\/audaces.com\/wp-content\/uploads\/2022\/01\/cropped-cropped-logo-audace.png","contentUrl":"https:\/\/audaces.com\/wp-content\/uploads\/2022\/01\/cropped-cropped-logo-audace.png","width":512,"height":512,"caption":"Audaces"},"image":{"@id":"https:\/\/audaces.com\/pt-br\/#\/schema\/logo\/image\/"},"sameAs":["https:\/\/www.facebook.com\/audaces.pt"]},{"@type":"Person","@id":"https:\/\/audaces.com\/pt-br\/#\/schema\/person\/64fd4e45d55c0765a8d3193a2dfe4a8b","name":"Audara","image":{"@type":"ImageObject","inLanguage":"pt-BR","@id":"https:\/\/audaces.com\/wp-content\/uploads\/2025\/05\/cropped-audara-96x96.jpg","url":"https:\/\/audaces.com\/wp-content\/uploads\/2025\/05\/cropped-audara-96x96.jpg","contentUrl":"https:\/\/audaces.com\/wp-content\/uploads\/2025\/05\/cropped-audara-96x96.jpg","caption":"Audara"},"description":"Fashion Tech Specialist at Audaces","sameAs":["https:\/\/audaces.com"],"url":"https:\/\/audaces.com\/pt-br\/blog\/author\/audara"}]}},"_links":{"self":[{"href":"https:\/\/audaces.com\/pt-br\/wp-json\/wp\/v2\/posts\/26639","targetHints":{"allow":["GET"]}}],"collection":[{"href":"https:\/\/audaces.com\/pt-br\/wp-json\/wp\/v2\/posts"}],"about":[{"href":"https:\/\/audaces.com\/pt-br\/wp-json\/wp\/v2\/types\/post"}],"author":[{"embeddable":true,"href":"https:\/\/audaces.com\/pt-br\/wp-json\/wp\/v2\/users\/54"}],"replies":[{"embeddable":true,"href":"https:\/\/audaces.com\/pt-br\/wp-json\/wp\/v2\/comments?post=26639"}],"version-history":[{"count":1,"href":"https:\/\/audaces.com\/pt-br\/wp-json\/wp\/v2\/posts\/26639\/revisions"}],"predecessor-version":[{"id":195646,"href":"https:\/\/audaces.com\/pt-br\/wp-json\/wp\/v2\/posts\/26639\/revisions\/195646"}],"wp:featuredmedia":[{"embeddable":true,"href":"https:\/\/audaces.com\/pt-br\/wp-json\/wp\/v2\/media\/138922"}],"wp:attachment":[{"href":"https:\/\/audaces.com\/pt-br\/wp-json\/wp\/v2\/media?parent=26639"}],"wp:term":[{"taxonomy":"category","embeddable":true,"href":"https:\/\/audaces.com\/pt-br\/wp-json\/wp\/v2\/categories?post=26639"},{"taxonomy":"post_tag","embeddable":true,"href":"https:\/\/audaces.com\/pt-br\/wp-json\/wp\/v2\/tags?post=26639"}],"curies":[{"name":"wp","href":"https:\/\/api.w.org\/{rel}","templated":true}]}}