{"id":188406,"date":"2025-02-05T10:00:00","date_gmt":"2025-02-05T13:00:00","guid":{"rendered":"https:\/\/audaces.com\/?p=188406"},"modified":"2026-01-09T16:28:49","modified_gmt":"2026-01-09T19:28:49","slug":"alexandre-herchcovitch","status":"publish","type":"post","link":"https:\/\/audaces.com\/pt-br\/blog\/alexandre-herchcovitch","title":{"rendered":"Conhe\u00e7a a trajet\u00f3ria e carreira de Alexandre Herchcovitch"},"content":{"rendered":"\n<p><strong>Resumo:<\/strong>&nbsp;<\/p>\n\n\n\n<ul class=\"wp-block-list\">\n<li>Alexandre Herchcovitch \u00e9 um dos maiores estilistas brasileiros contempor\u00e2neos;&nbsp;<\/li>\n\n\n\n<li>Com 30 anos de carreira, ele j\u00e1 adota a tecnologia para otimizar suas cria\u00e7\u00f5es;&nbsp;<\/li>\n\n\n\n<li>Fa\u00e7a como Alexandre Herchcovitch e seja um estilista de sucesso com o <a href=\"https:\/\/audaces.com\/pt-br\/solucoes\/audaces-360\" target=\"_blank\" rel=\"noreferrer noopener\">Audaces360!<\/a><\/li>\n<\/ul>\n\n\n\n<p><strong>Quer economizar tempo? D\u00ea play e ou\u00e7a nosso conte\u00fado agora!<\/strong><\/p>\n\n\n\n<iframe width=\"100%\" height=\"83\" scrolling=\"no\" src=\"https:\/\/go.vooozer.com\/embed\/04e80a4d\" frameborder=\"0\" title=\"Narra\u00e7\u00e3o humana do artigo\" style=\"height: 83px !important;\" allowfullscreen><\/iframe>\n\n\n\n<p>O Brasil \u00e9 lugar de um dos maiores mercados de moda. Somos a quinta maior ind\u00fastria t\u00eaxtil do planeta e temos a maior cadeia t\u00eaxtil do Ocidente. Naturalmente, tamb\u00e9m temos estilistas que s\u00e3o refer\u00eancia nos quatro cantos do mundo.&nbsp;<\/p>\n\n\n\n<p>Alexandre Herchcovitch \u00e9 um deles. Com seus designs subversivos e marcantes, Herchcovitch tem uma hist\u00f3ria inspiradora e visuais que v\u00e3o al\u00e9m da moda. Ele tamb\u00e9m fez cole\u00e7\u00f5es de decora\u00e7\u00e3o com est\u00e9ticas interessantes.&nbsp;<\/p>\n\n\n\n<p>Quer saber mais sobre o estilista, seu impacto na moda e sua rela\u00e7\u00e3o com tecnologia? Leia, a seguir!<\/p><div id=\"ez-toc-container\" class=\"ez-toc-v2_0_82_2 ez-toc-wrap-left counter-hierarchy ez-toc-counter ez-toc-custom ez-toc-container-direction\">\n<div class=\"ez-toc-title-container\">\n<p class=\"ez-toc-title ez-toc-toggle\" style=\"cursor:pointer\">Sum\u00e1rio<\/p>\n<span class=\"ez-toc-title-toggle\"><\/span><\/div>\n<nav><ul class='ez-toc-list ez-toc-list-level-1 ' ><li class='ez-toc-page-1 ez-toc-heading-level-2'><a class=\"ez-toc-link ez-toc-heading-1\" href=\"https:\/\/audaces.com\/pt-br\/blog\/alexandre-herchcovitch\/#quem-e-alexandre-herchcovitch\" >Quem \u00e9 Alexandre Herchcovitch?&nbsp;<\/a><\/li><li class='ez-toc-page-1 ez-toc-heading-level-2'><a class=\"ez-toc-link ez-toc-heading-2\" href=\"https:\/\/audaces.com\/pt-br\/blog\/alexandre-herchcovitch\/#para-quem-alexandre-herchcovitch-desenhou\" >Para quem Alexandre Herchcovitch desenhou?&nbsp;&nbsp;<\/a><\/li><li class='ez-toc-page-1 ez-toc-heading-level-2'><a class=\"ez-toc-link ez-toc-heading-3\" href=\"https:\/\/audaces.com\/pt-br\/blog\/alexandre-herchcovitch\/#onde-e-possivel-encontrar-as-criacoes-de-alexandre-herchcovitch\" >Onde \u00e9 poss\u00edvel encontrar as cria\u00e7\u00f5es de Alexandre Herchcovitch?&nbsp;<\/a><\/li><li class='ez-toc-page-1 ez-toc-heading-level-2'><a class=\"ez-toc-link ez-toc-heading-4\" href=\"https:\/\/audaces.com\/pt-br\/blog\/alexandre-herchcovitch\/#quais-sao-os-designs-mais-famosos-de-alexandre-herchcovitch\" >Quais s\u00e3o os designs mais famosos de Alexandre Herchcovitch?&nbsp;<\/a><\/li><li class='ez-toc-page-1 ez-toc-heading-level-2'><a class=\"ez-toc-link ez-toc-heading-5\" href=\"https:\/\/audaces.com\/pt-br\/blog\/alexandre-herchcovitch\/#a-historia-da-marca-herchcovitch-alexandre\" >A hist\u00f3ria da marca Herchcovitch; Alexandre&nbsp;<\/a><\/li><li class='ez-toc-page-1 ez-toc-heading-level-2'><a class=\"ez-toc-link ez-toc-heading-6\" href=\"https:\/\/audaces.com\/pt-br\/blog\/alexandre-herchcovitch\/#como-e-a-relacao-de-alexandre-herchcovitch-com-a-tecnologia\" >Como \u00e9 a rela\u00e7\u00e3o de Alexandre Herchcovitch com a tecnologia?&nbsp;<\/a><\/li><li class='ez-toc-page-1 ez-toc-heading-level-2'><a class=\"ez-toc-link ez-toc-heading-7\" href=\"https:\/\/audaces.com\/pt-br\/blog\/alexandre-herchcovitch\/#alexandre-herchcovitch-e-audaces-uma-parceria-de-sucesso\" >Alexandre Herchcovitch e Audaces: uma parceria de sucesso&nbsp;<\/a><\/li><li class='ez-toc-page-1 ez-toc-heading-level-2'><a class=\"ez-toc-link ez-toc-heading-8\" href=\"https:\/\/audaces.com\/pt-br\/blog\/alexandre-herchcovitch\/#inspire-se-em-alexandre-herchcovitch-para-criar-com-excelencia\" >Inspire-se em Alexandre Herchcovitch para criar com excel\u00eancia!&nbsp;<\/a><\/li><li class='ez-toc-page-1 ez-toc-heading-level-2'><a class=\"ez-toc-link ez-toc-heading-9\" href=\"https:\/\/audaces.com\/pt-br\/blog\/alexandre-herchcovitch\/#faq\" >FAQ<\/a><\/li><\/ul><\/nav><\/div>\n\n\n\n\n<h2 class=\"wp-block-heading\" id=\"h-quem-e-alexandre-herchcovitch-nbsp\"><span class=\"ez-toc-section\" id=\"quem-e-alexandre-herchcovitch\"><\/span><strong>Quem \u00e9 Alexandre Herchcovitch?&nbsp;<\/strong><span class=\"ez-toc-section-end\"><\/span><\/h2>\n\n\n\n<p>Alexandre Herchcovitch \u00e9 um estilista brasileiro que nasceu em 21 de julho de 1973, na cidade de S\u00e3o Paulo. Se apaixonou pela moda ainda novo, quando acompanhava a sua m\u00e3e que trabalhava no ramo de lingeries.&nbsp;<\/p>\n\n\n\n<p>Com a ajuda da m\u00e3e, aprendeu corte e costura e fez um vestido de organza com apenas 16 anos de idade. Se formou em moda aos 22 anos pela Faculdade Santa Marcelina e teve grande sucesso no seu desfile de formatura.&nbsp;<\/p>\n\n\n\n<p>Seus designs disruptivos que desafiam o <em>status quo <\/em>chamaram a aten\u00e7\u00e3o e sua carreira logo decolou. Em 1994, estreou a marca Herchtovitch; Alexandre no evento que deu origem ao S\u00e3o Paulo Fashion Week.&nbsp;<\/p>\n\n\n\n<p><strong>Leia mais: <\/strong><a href=\"https:\/\/audaces.com\/pt-br\/blog\/patricia-bonaldi\" target=\"_blank\" rel=\"noreferrer noopener\">Conhe\u00e7a a trajet\u00f3ria da estilista Patr\u00edcia Bonaldi<\/a>&nbsp;<\/p>\n\n\n\n<h2 class=\"wp-block-heading\" id=\"h-para-quem-alexandre-herchcovitch-desenhou-nbsp-nbsp\"><span class=\"ez-toc-section\" id=\"para-quem-alexandre-herchcovitch-desenhou\"><\/span><strong>Para quem Alexandre Herchcovitch desenhou?&nbsp;&nbsp;<\/strong><span class=\"ez-toc-section-end\"><\/span><\/h2>\n\n\n\n<p>Alexandre Herchcovitch j\u00e1 desenhou para diversas celebridades not\u00e1veis. O estilista tamb\u00e9m j\u00e1 assinou colabora\u00e7\u00f5es com grandes redes de lojas e at\u00e9 com linhas a\u00e9reas.&nbsp;<\/p>\n\n\n\n<p>Aqui est\u00e3o algumas marcas para as quais ele desenhou:&nbsp;<\/p>\n\n\n\n<h3 class=\"wp-block-heading\" id=\"h-herchcovitch-alexandre-nbsp\">Herchcovitch; Alexandre&nbsp;<\/h3>\n\n\n\n<p>Sua marca autoral criada nos anos 90. A Herchcovitch; Alexandre abra\u00e7ou todos os ideais do estilista e tinha seus designs inspirados na est\u00e9tica <em>grunge <\/em>e LGBTQIA+.&nbsp;<\/p>\n\n\n\n<p>Ele rompeu com a marca em 2016 ap\u00f3s uma aquisi\u00e7\u00e3o da InBrands. Entretanto, por decis\u00f5es criativas da InBrands que causaram o decl\u00ednio da marca, Alexandre voltou ao comando em 2022.&nbsp;<\/p>\n\n\n\n<h3 class=\"wp-block-heading\" id=\"h-gol-nbsp\">GOL&nbsp;<\/h3>\n\n\n\n<figure class=\"wp-block-image size-large\"><img fetchpriority=\"high\" decoding=\"async\" width=\"1024\" height=\"683\" src=\"https:\/\/audaces.com\/wp-content\/uploads\/2025\/02\/alexandre-herchcovitch-quem-e-1024x683.webp\" alt=\"Alexandre Herchcovitch no an\u00fancio de sua parceria com a GOL\" class=\"wp-image-188421\" srcset=\"https:\/\/audaces.com\/wp-content\/uploads\/2025\/02\/alexandre-herchcovitch-quem-e-1024x683.webp 1024w, https:\/\/audaces.com\/wp-content\/uploads\/2025\/02\/alexandre-herchcovitch-quem-e-300x200.webp 300w, https:\/\/audaces.com\/wp-content\/uploads\/2025\/02\/alexandre-herchcovitch-quem-e-768x512.webp 768w, https:\/\/audaces.com\/wp-content\/uploads\/2025\/02\/alexandre-herchcovitch-quem-e-150x100.webp 150w, https:\/\/audaces.com\/wp-content\/uploads\/2025\/02\/alexandre-herchcovitch-quem-e.webp 1200w\" sizes=\"(max-width: 1024px) 100vw, 1024px\" \/><figcaption class=\"wp-element-caption\">Cr\u00e9ditos: GOL<\/figcaption><\/figure>\n\n\n\n<p><a href=\"https:\/\/www.uol.com.br\/nossa\/viagem\/noticias\/2020\/01\/15\/gol-apresenta-os-novos-uniformes-assinados-por-alexandre-herchcovitch.htm\" target=\"_blank\" rel=\"noreferrer noopener\">O estilista assinou os novos uniformes da GOL<\/a>, linha a\u00e9rea muito popular no Brasil. A GOL se inspirou em outras linhas a\u00e9reas que chamaram estilistas para renovar seus uniformes, como Delta e Alitalia.&nbsp;<\/p>\n\n\n\n<p>Os uniformes foram desenhados considerando os diferentes climas que os funcion\u00e1rios enfrentam. Tamb\u00e9m foram consideradas funcionalidade, conforto e, claro, o estilo.&nbsp;<\/p>\n\n\n\n<h3 class=\"wp-block-heading\" id=\"h-colaboracao-com-lojas-de-fast-fashion-nbsp\">Colabora\u00e7\u00e3o com lojas de fast fashion&nbsp;<\/h3>\n\n\n\n<p>Alexandre tamb\u00e9m j\u00e1 colaborou com marcas de fast fashion, <a href=\"https:\/\/br.fashionnetwork.com\/news\/Conheca-a-colecao-de-alexandre-herchcovitch-para-a-c-a,680852.html\" target=\"_blank\" rel=\"noreferrer noopener\">como a C&amp;A<\/a>. A cole\u00e7\u00e3o foi lan\u00e7ada em 2016 e possu\u00eda elementos ic\u00f4nicos da carreira do estilista.&nbsp;<\/p>\n\n\n\n<p>Voltada ao p\u00fablico mais jovem e urbano, os visuais alternativos, cl\u00e1ssicos da Herchcovitch; Alexandre, conquistaram os consumidores da C&amp;A.&nbsp;&nbsp;<\/p>\n\n\n\n<h3 class=\"wp-block-heading\" id=\"h-colaboracao-com-rosa-cha-nbsp\">Colabora\u00e7\u00e3o com Rosa Ch\u00e1&nbsp;<\/h3>\n\n\n\n<p>Alexandre Herchcovitch foi o estilista principal respons\u00e1vel pela cole\u00e7\u00e3o primavera-ver\u00e3o da <a href=\"https:\/\/ffw.uol.com.br\/desfiles\/spfw\/inverno-2010-rtw\/rosa-cha\/rosa-cha-12\/?i=1\" target=\"_blank\" rel=\"noreferrer noopener\">Rosa Ch\u00e1<\/a> em 2010. Ele conseguiu colocar seu DNA ousado em uma marca conhecida pela sua delicadeza.&nbsp;<\/p>\n\n\n\n<h3 class=\"wp-block-heading\" id=\"h-ivete-sangalo-nbsp\">Ivete Sangalo&nbsp;<\/h3>\n\n\n\n<p>Ivete Sangalo \u00e9 uma das celebridades mais not\u00e1veis no c\u00edrculo de Alexandre Herchcovitch. A artista j\u00e1 usou <em>looks <\/em>assinados por Alexandre diversas vezes.&nbsp;&nbsp;<\/p>\n\n\n\n<p>Ela tamb\u00e9m j\u00e1 foi fotografada com roupas da \u00c0 La Gar\u00e7onne, a qual Alexandre \u00e9 diretor criativo.&nbsp;&nbsp;<\/p>\n\n\n\n<h3 class=\"wp-block-heading\" id=\"h-preta-gil-nbsp\">Preta Gil&nbsp;<\/h3>\n\n\n\n<p>Preta Gil \u00e9 mais uma artista que j\u00e1 foi fotografada com roupas criadas por Alexandre Herchcovitch diversas vezes.&nbsp;<\/p>\n\n\n\n<p>Alexandre tamb\u00e9m j\u00e1 colaborou com outras marcas, como a Melissa e Aramis.&nbsp;<\/p>\n\n\n\n<p><strong>Leia mais: <\/strong><a href=\"https:\/\/audaces.com\/pt-br\/blog\/zuzu-angel\" target=\"_blank\" rel=\"noreferrer noopener\">Quem foi Zuzu Angel, a \u201cm\u00e3e da moda brasileira\u201d?<\/a><\/p>\n\n\n\n<h2 class=\"wp-block-heading\" id=\"h-onde-e-possivel-encontrar-as-criacoes-de-alexandre-herchcovitch-nbsp\"><span class=\"ez-toc-section\" id=\"onde-e-possivel-encontrar-as-criacoes-de-alexandre-herchcovitch\"><\/span><strong>Onde \u00e9 poss\u00edvel encontrar as cria\u00e7\u00f5es de Alexandre Herchcovitch?&nbsp;<\/strong><span class=\"ez-toc-section-end\"><\/span><\/h2>\n\n\n\n<p>\u00c9 poss\u00edvel encontrar as cria\u00e7\u00f5es de Alexandre Herchcovitch de diversas maneiras. A mais direta \u00e9 com a marca do estilista, a Herchcovitch; Alexandre.&nbsp;<\/p>\n\n\n\n<p>Alexandre tamb\u00e9m \u00e9 diretor criativo da \u00c0 La Gar\u00e7onne, <a href=\"https:\/\/vogue.globo.com\/moda\/noticia\/2021\/10\/30-anos-de-moda-de-alexandre-herchcovitch-legado-do-estilista-e-celebrado-nas-capas-digitais-de-vogue-e-gq.html#:~:text=Nesse%20mood%2C%20estreou%20no%20estilo%20da%20%C3%80%20La%20Gar%C3%A7onne%2C%20levantando%20a%20bandeira%20do%20upcycling%2C%20num%20resgate%20de%20habilidades%20do%20passado%2C%20quando%20fazia%20cal%C3%A7as%20de%20colchas%20de%20piqu%C3%AA.\" target=\"_blank\" rel=\"noreferrer noopener\">marca que foca em sustentabilidade e <em>upcycling<\/em><\/a>. Outra maneira \u00e9 adquirindo suas colabora\u00e7\u00f5es com outras marcas, como Aramis, Melissa e C&amp;A.&nbsp;<\/p>\n\n\n\n<p>O estilista tamb\u00e9m j\u00e1 assinou cole\u00e7\u00f5es com marcas de decora\u00e7\u00e3o e design de interiores, como Leroy Merlin e Tok&amp;Stok.&nbsp;&nbsp;&nbsp;<\/p>\n\n\n\n<p><strong>Leia mais: <\/strong><a href=\"https:\/\/audaces.com\/pt-br\/blog\/lojas-varejistas\" target=\"_blank\" rel=\"noreferrer noopener\">Conhe\u00e7a as 7 maiores lojas de varejo de moda do Brasil<\/a>&nbsp;<\/p>\n\n\n\n<h2 class=\"wp-block-heading\" id=\"h-quais-sao-os-designs-mais-famosos-de-alexandre-herchcovitch-nbsp\"><span class=\"ez-toc-section\" id=\"quais-sao-os-designs-mais-famosos-de-alexandre-herchcovitch\"><\/span><strong>Quais s\u00e3o os designs mais famosos de Alexandre Herchcovitch?&nbsp;<\/strong><span class=\"ez-toc-section-end\"><\/span><\/h2>\n\n\n\n<p>Alexandre Herchcovitch, em seus mais de 30 anos de carreira, desenhou roupas incr\u00edveis que ficaram no imagin\u00e1rio da moda brasileira. Podemos citar alguns como:&nbsp;<\/p>\n\n\n\n<h3 class=\"wp-block-heading\" id=\"h-vestido-caveira-nbsp\">Vestido caveira&nbsp;<\/h3>\n\n\n\n<figure class=\"wp-block-image size-full\"><img decoding=\"async\" width=\"984\" height=\"553\" src=\"https:\/\/audaces.com\/wp-content\/uploads\/2025\/02\/image.png\" alt=\"Desfile de retorno de Alexandre Herchcovitch na Herchcovitch; Alexandre\" class=\"wp-image-188408\" srcset=\"https:\/\/audaces.com\/wp-content\/uploads\/2025\/02\/image.png 984w, https:\/\/audaces.com\/wp-content\/uploads\/2025\/02\/image-300x169.png 300w, https:\/\/audaces.com\/wp-content\/uploads\/2025\/02\/image-768x432.png 768w, https:\/\/audaces.com\/wp-content\/uploads\/2025\/02\/image-150x84.png 150w\" sizes=\"(max-width: 984px) 100vw, 984px\" \/><figcaption class=\"wp-element-caption\">Cr\u00e9ditos: Marie Claire<\/figcaption><\/figure>\n\n\n\n<p>A caveira \u00e9 uma das grandes protagonistas da marca Herchcovitch; Alexandre. Elas geralmente s\u00e3o as primeiras citadas quando se fala sobre a marca e o impacto de Herchcovitch na moda brasileira.&nbsp;<\/p>\n\n\n\n<p>Uma das pe\u00e7as com caveira mais lembradas da cole\u00e7\u00e3o \u00e9 o vestido caveira. Ele \u00e9 um vestido, \u00e0 primeira vista, simples, mas com a estampa de uma caveira preta nas costas.&nbsp;<\/p>\n\n\n\n<h3 class=\"wp-block-heading\" id=\"h-corsets-estruturados-nbsp\">Corsets estruturados&nbsp;<\/h3>\n\n\n\n<p>Os corsets s\u00e3o pe\u00e7as recorrentes nas cole\u00e7\u00f5es de Herchcovitch. Seja como pe\u00e7a superior principal combinado com saias, ou por cima de uma camiseta, eles sempre marcam presen\u00e7a nos desfiles.&nbsp;<\/p>\n\n\n\n<h3 class=\"wp-block-heading\" id=\"h-vestidos-de-noiva-nbsp\">Vestidos de noiva&nbsp;<\/h3>\n\n\n\n<p>Na colabora\u00e7\u00e3o entre Herchcovitch; Alexandre e C&amp;A, o estilista desenhou um vestido de noiva de 300 reais para a <em>fast fashion<\/em>.&nbsp;<\/p>\n\n\n\n<p>Ele \u00e9 um vestido branco de poli\u00e9ster com toque e aspecto acetinado, com bolso frontal e uma tira para amarra\u00e7\u00e3o. Sua constru\u00e7\u00e3o no tronco \u00e9 similar \u00e0 de uma camiseta, com decote redondo e mangas curtas. &nbsp;<\/p>\n\n\n\n<h3 class=\"wp-block-heading\" id=\"h-alfaiataria-desconstruida-nbsp\">Alfaiataria desconstru\u00edda&nbsp;<\/h3>\n\n\n\n<p>A alfaiataria descontru\u00edda \u00e9 uma marca registrada da Herchcovitch; Alexandre. Essas pe\u00e7as consistem em alfaiatarias com cortes diferenciados e assim\u00e9tricos, conferindo um ar despojado \u00e0s cole\u00e7\u00f5es.&nbsp;<\/p>\n\n\n\n<p>\u00c9 tamb\u00e9m muito presente a alfaiataria desconstru\u00edda misturada com pe\u00e7as em couro ou estampas alternativas.&nbsp;<\/p>\n\n\n\n<h2 class=\"wp-block-heading\" id=\"h-a-historia-da-marca-herchcovitch-alexandre-nbsp\"><span class=\"ez-toc-section\" id=\"a-historia-da-marca-herchcovitch-alexandre\"><\/span><strong>A hist\u00f3ria da marca Herchcovitch; Alexandre<\/strong>&nbsp;<span class=\"ez-toc-section-end\"><\/span><\/h2>\n\n\n\n<p>Um ano ap\u00f3s sua formatura na Faculdade Santa Marcelina, Alexandre inaugurou a Herchcovitch; Alexandre na Phytoervas Fashion. A Phytoervas Fashion foi a primeira semana de moda no Brasil, e logo&nbsp;deu origem \u00e0 S\u00e3o Paulo Fashion Week.&nbsp;<\/p>\n\n\n\n<p>A marca carrega toda a identidade de Alexandre como estilista. J\u00e1 citamos anteriormente algumas pe\u00e7as ic\u00f4nicas, como as estampas de caveira e alfaiatarias desconstru\u00eddas. &nbsp;<\/p>\n\n\n\n<p>O uso de l\u00e1tex, couro, verniz e visuais inspirados na comunidade LGBTQIA+ marcaram a Herchcovitch; Alexandre. Em 2016, ap\u00f3s ser adquirida em totalidade pela InBrands, o estilista deixou o comando e a pr\u00f3pria marca.&nbsp;<\/p>\n\n\n\n<p>Com a sa\u00edda de Alexandre, a InBrands tomou decis\u00f5es que afastaram o p\u00fablico e que diminu\u00edram as vendas drasticamente. Algumas dessas decis\u00f5es inclu\u00edram a mudan\u00e7a do conceito da marca e a demiss\u00e3o de funcion\u00e1rios antigos.&nbsp;<\/p>\n\n\n\n<p>Percebendo a repercuss\u00e3o negativa, em 2022, Alexandre aceitou voltar para a Herchcovitch; Alexandre. O desfile que marcou seu retorno impressionou por n\u00e3o apenas voltar \u00e0s origens, mas por adapt\u00e1-las \u00e0 moda atual.&nbsp;<\/p>\n\n\n\n<p><strong>Leia mais: <\/strong><a href=\"https:\/\/audaces.com\/pt-br\/blog\/historia-moda\" target=\"_blank\" rel=\"noreferrer noopener\">Tudo sobre a hist\u00f3ria da moda e sua evolu\u00e7\u00e3o ao longo do tempo<\/a>&nbsp;<\/p>\n\n\n\n<h2 class=\"wp-block-heading\" id=\"h-como-e-a-relacao-de-alexandre-herchcovitch-com-a-tecnologia-nbsp\"><span class=\"ez-toc-section\" id=\"como-e-a-relacao-de-alexandre-herchcovitch-com-a-tecnologia\"><\/span><strong>Como \u00e9 a rela\u00e7\u00e3o de Alexandre Herchcovitch com a tecnologia?&nbsp;<\/strong><span class=\"ez-toc-section-end\"><\/span><\/h2>\n\n\n\n<p>Ele se formou em um curso muito tradicional de modelagem, mas tem adotado a tecnologia em suas cria\u00e7\u00f5es. Por ser um estilista sempre em busca da inova\u00e7\u00e3o em seus designs, era natural que logo esse conceito chegaria nas cria\u00e7\u00f5es.&nbsp;<\/p>\n\n\n\n<p>Desde ent\u00e3o, Alexandre agora usa a tecnologia para ajudar no desenho, cria\u00e7\u00e3o e gerenciamento de suas cole\u00e7\u00f5es.&nbsp;<\/p>\n\n\n\n<p><strong>Leia mais: <\/strong><a href=\"https:\/\/audaces.com\/pt-br\/blog\/empresas-moda\" target=\"_blank\" rel=\"noreferrer noopener\">Conhe\u00e7a os benef\u00edcios de adotar a tecnologia em empresas de moda<\/a>&nbsp;<\/p>\n\n\n\n<p><strong>Saiba mais sobre os benef\u00edcios da tecnologia, sobretudo no desenho de moda 3D, para estilistas. Baixe o e-book!<\/strong><\/p>\n\n\n\n<div role=\"main\" id=\"form-ebook-ebook-desenho-virtual-3d-moda-32afd26a75e8b1aec362\"><\/div><script type=\"text\/javascript\" src=\"https:\/\/d335luupugsy2.cloudfront.net\/js\/rdstation-forms\/stable\/rdstation-forms.min.js\"><\/script><script type=\"text\/javascript\"> new RDStationForms('form-ebook-ebook-desenho-virtual-3d-moda-32afd26a75e8b1aec362', 'UA-78634938-2').createForm();<\/script>\n\n\n\n<h2 class=\"wp-block-heading\" id=\"h-alexandre-herchcovitch-e-audaces-uma-parceria-de-sucesso-nbsp\"><span class=\"ez-toc-section\" id=\"alexandre-herchcovitch-e-audaces-uma-parceria-de-sucesso\"><\/span><strong>Alexandre Herchcovitch e Audaces: uma parceria de sucesso&nbsp;<\/strong><span class=\"ez-toc-section-end\"><\/span><\/h2>\n\n\n\n<p>Em 2022, na Febratex (Feira Brasileira para a Ind\u00fastria T\u00eaxtil), anunciamos a parceria entre Audaces e Alexandre Herchcovitch. Essa parceria selou o compromisso da Audaces com a moda brasileira, e o do estilista com a inova\u00e7\u00e3o.&nbsp;<\/p>\n\n\n\n<p>O estilista marcou presen\u00e7a no evento e expressou sua alegria em estar aprendendo a fazer seus designs com os softwares Audaces. Confira o v\u00eddeo desse momento especial:&nbsp;<\/p>\n\n\n\n<iframe width=\"560\" height=\"315\" src=\"https:\/\/www.youtube.com\/embed\/O6PjCesQgHY?si=vCDi1nUkXclm7C1y\" title=\"YouTube video player\" frameborder=\"0\" allow=\"accelerometer; autoplay; clipboard-write; encrypted-media; gyroscope; picture-in-picture; web-share\" referrerpolicy=\"strict-origin-when-cross-origin\" allowfullscreen><\/iframe>\n\n\n\n<h2 class=\"wp-block-heading\" id=\"h-inspire-se-em-alexandre-herchcovitch-para-criar-com-excelencia-nbsp\"><span class=\"ez-toc-section\" id=\"inspire-se-em-alexandre-herchcovitch-para-criar-com-excelencia\"><\/span><strong>Inspire-se em Alexandre Herchcovitch para criar com excel\u00eancia!&nbsp;<\/strong><span class=\"ez-toc-section-end\"><\/span><\/h2>\n\n\n\n<p>Voc\u00ea pode fazer como Alexandre e escalar suas cria\u00e7\u00f5es com os sistemas Audaces! Temos as ferramentas ideais para estilistas que desejam entregar cole\u00e7\u00f5es com cada vez mais qualidade, velocidade e tecnologia.&nbsp;<\/p>\n\n\n\n<p>Confira algumas delas:&nbsp;<\/p>\n\n\n\n<h3 class=\"wp-block-heading\" id=\"h-audaces-fashion-studio-nbsp\">Audaces Fashion Studio&nbsp;<\/h3>\n\n\n\n<p>O Audaces Fashion Studio \u00e9 uma ferramenta inovadora que permite que estilistas criem os <em>looks <\/em>em um ambiente tridimensional. Voc\u00ea pode fazer os desenhos diretamente em um avatar 3D.&nbsp;<\/p>\n\n\n\n<p>Esse <em>software <\/em>tem ferramentas avan\u00e7adas e um realismo incr\u00edvel. O Fashion Studio mostra a vestibilidade e o caimento real da pe\u00e7a. Com isso, \u00e9 poss\u00edvel dispensar a elabora\u00e7\u00e3o de prot\u00f3tipos f\u00edsicos e economizar tecido.&nbsp;<\/p>\n\n\n\n<p><a href=\"https:\/\/audaces.com\/pt-br\/solucoes\/fashion-studio\" target=\"_blank\" rel=\"noreferrer noopener\">Saiba mais sobre o Audaces Fashion Studio, clicando aqui.<\/a>&nbsp;<\/p>\n\n\n\n<h3 class=\"wp-block-heading\" id=\"h-audaces-idea-nbsp\">Audaces Idea&nbsp;<\/h3>\n\n\n\n<p>O Audaces Idea \u00e9 um dos queridinhos dos estilistas n\u00e3o \u00e0 toa. J\u00e1 imaginou fazer fichas t\u00e9cnicas e croquis diretamente do computador? Com informa\u00e7\u00f5es completas, pr\u00e9-custo autom\u00e1tico e <em>features <\/em>espec\u00edficas para o mercado da moda?&nbsp;<\/p>\n\n\n\n<p>Com o Idea, essa imagina\u00e7\u00e3o \u00e9 realidade! Acelere suas entregas ao mesmo tempo em que melhora a comunica\u00e7\u00e3o entre setores e economiza tempo, dinheiro e papel. <a href=\"https:\/\/audaces.com\/pt-br\/solucoes\/idea\" target=\"_blank\" rel=\"noreferrer noopener\">Saiba mais sobre o Audaces Idea!<\/a>&nbsp;<\/p>\n\n\n\n<h3 class=\"wp-block-heading\" id=\"h-audaces-sofia-nbsp\">Audaces Sofia&nbsp;<\/h3>\n\n\n\n<p>O Audaces Sofia \u00e9 uma das solu\u00e7\u00f5es mais inovadoras no mercado da moda. Ela \u00e9 a intelig\u00eancia artificial que vai te ajudar a vencer o bloqueio criativo e a entregar cole\u00e7\u00f5es impressionantes!&nbsp;<\/p>\n\n\n\n<p>Integre-a com o Idea e o Fashion Studio para conseguir mais ideias de estampas, combina\u00e7\u00f5es de <em>looks <\/em>e muito mais. Crie imagens realistas e aproveite o melhor da tecnologia em sua confec\u00e7\u00e3o.&nbsp;<\/p>\n\n\n\n<p><a href=\"https:\/\/audaces.com\/pt-br\/solucoes\/sofia\" target=\"_blank\" rel=\"noreferrer noopener\">Clique aqui para saber mais sobre a Sofia.<\/a>&nbsp;<\/p>\n\n\n\n<h2 class=\"wp-block-heading\" id=\"h-faq\"><span class=\"ez-toc-section\" id=\"faq\"><\/span>FAQ<span class=\"ez-toc-section-end\"><\/span><\/h2>\n\n\n\n<div class=\"schema-faq wp-block-yoast-faq-block\"><div class=\"schema-faq-section\" id=\"faq-question-1738692386462\"><strong class=\"schema-faq-question\">Quem \u00e9 Alexandre Herchcovitch?<\/strong> <p class=\"schema-faq-answer\">Alexandre Herchcovitch \u00e9 um famoso estilista brasileiro, conhecido pelas cria\u00e7\u00f5es ousadas e inspiradas no underground. Ele \u00e9 reconhecido internacionalmente e j\u00e1 criou em colabora\u00e7\u00e3o com C&amp;A, Melissa, Aramis, Leroy Merlin e Tok&amp;Stok.<\/p> <\/div> <div class=\"schema-faq-section\" id=\"faq-question-1738692416265\"><strong class=\"schema-faq-question\">Onde comprar roupas por Alexandre Herchcovitch?<\/strong> <p class=\"schema-faq-answer\">Voc\u00ea pode comprar roupas assinadas pelo estilista nas lojas da sua pr\u00f3pria marca, Herchcovitch; Alexandre, nos canais da \u00c0 La Gar\u00e7onne, marca na qual ele \u00e9 diretor criativo, e em algumas outras como a Aramis.<\/p> <\/div> <div class=\"schema-faq-section\" id=\"faq-question-1738692434482\"><strong class=\"schema-faq-question\">Qual \u00e9 o look mais ic\u00f4nico feito por Alexandre Herchcovitch?<\/strong> <p class=\"schema-faq-answer\">O estilista \u00e9 reconhecido pelos seus looks underground e inspirados na comunidade grunge e LGBTQIA+, como os vestidos e camisetas com estampas de caveira e as alfaiatarias desconstru\u00eddas.<\/p> <\/div> <\/div>\n\n\n\n<p><\/p>\n","protected":false},"excerpt":{"rendered":"<p>Conhe\u00e7a a trajet\u00f3ria e carreira do estilista Alexandre Herchcovitch. Descubra como ele usa a tecnologia para otimizar suas cria\u00e7\u00f5es.<\/p>\n","protected":false},"author":54,"featured_media":188417,"comment_status":"open","ping_status":"closed","sticky":false,"template":"","format":"standard","meta":{"footnotes":""},"categories":[26,1],"tags":[],"class_list":["post-188406","post","type-post","status-publish","format-standard","has-post-thumbnail","hentry","category-criacao-estilo","category-fashion-production"],"yoast_head":"<!-- This site is optimized with the Yoast SEO Premium plugin v27.4 (Yoast SEO v27.4) - https:\/\/yoast.com\/product\/yoast-seo-premium-wordpress\/ -->\n<title>Alexandre Herchcovitch: tudo sobre sua hist\u00f3ria e carreira na moda<\/title>\n<meta name=\"description\" content=\"Conhe\u00e7a a trajet\u00f3ria e carreira do estilista Alexandre Herchcovitch. Descubra como ele usa a tecnologia para otimizar suas cria\u00e7\u00f5es.\" \/>\n<meta name=\"robots\" content=\"index, follow, max-snippet:-1, max-image-preview:large, max-video-preview:-1\" \/>\n<link rel=\"canonical\" href=\"https:\/\/audaces.com\/pt-br\/blog\/alexandre-herchcovitch\" \/>\n<meta property=\"og:locale\" content=\"pt_BR\" \/>\n<meta property=\"og:type\" content=\"article\" \/>\n<meta property=\"og:title\" content=\"Alexandre Herchcovitch: tudo sobre sua hist\u00f3ria e carreira na moda\" \/>\n<meta property=\"og:description\" content=\"Conhe\u00e7a a trajet\u00f3ria e carreira do estilista Alexandre Herchcovitch. Descubra como ele usa a tecnologia para otimizar suas cria\u00e7\u00f5es.\" \/>\n<meta property=\"og:url\" content=\"https:\/\/audaces.com\/pt-br\/blog\/alexandre-herchcovitch\" \/>\n<meta property=\"og:site_name\" content=\"Audaces\" \/>\n<meta property=\"article:publisher\" content=\"https:\/\/www.facebook.com\/audaces.pt\" \/>\n<meta property=\"article:published_time\" content=\"2025-02-05T13:00:00+00:00\" \/>\n<meta property=\"article:modified_time\" content=\"2026-01-09T19:28:49+00:00\" \/>\n<meta property=\"og:image\" content=\"https:\/\/audaces.com\/wp-content\/uploads\/2025\/02\/alexandre-herchcovitch-destaque.webp\" \/>\n\t<meta property=\"og:image:width\" content=\"768\" \/>\n\t<meta property=\"og:image:height\" content=\"512\" \/>\n\t<meta property=\"og:image:type\" content=\"image\/webp\" \/>\n<meta name=\"author\" content=\"Audara\" \/>\n<meta name=\"twitter:card\" content=\"summary_large_image\" \/>\n<meta name=\"twitter:label1\" content=\"Escrito por\" \/>\n\t<meta name=\"twitter:data1\" content=\"Audara\" \/>\n\t<meta name=\"twitter:label2\" content=\"Est. tempo de leitura\" \/>\n\t<meta name=\"twitter:data2\" content=\"10 minutos\" \/>\n<script type=\"application\/ld+json\" class=\"yoast-schema-graph\">{\"@context\":\"https:\\\/\\\/schema.org\",\"@graph\":[{\"@type\":\"Article\",\"@id\":\"https:\\\/\\\/audaces.com\\\/pt-br\\\/blog\\\/alexandre-herchcovitch#article\",\"isPartOf\":{\"@id\":\"https:\\\/\\\/audaces.com\\\/pt-br\\\/blog\\\/alexandre-herchcovitch\"},\"author\":{\"name\":\"Audara\",\"@id\":\"https:\\\/\\\/audaces.com\\\/pt-br\\\/#\\\/schema\\\/person\\\/64fd4e45d55c0765a8d3193a2dfe4a8b\"},\"headline\":\"Conhe\u00e7a a trajet\u00f3ria e carreira de Alexandre Herchcovitch\",\"datePublished\":\"2025-02-05T13:00:00+00:00\",\"dateModified\":\"2026-01-09T19:28:49+00:00\",\"mainEntityOfPage\":{\"@id\":\"https:\\\/\\\/audaces.com\\\/pt-br\\\/blog\\\/alexandre-herchcovitch\"},\"wordCount\":1847,\"commentCount\":0,\"publisher\":{\"@id\":\"https:\\\/\\\/audaces.com\\\/pt-br\\\/#organization\"},\"image\":{\"@id\":\"https:\\\/\\\/audaces.com\\\/pt-br\\\/blog\\\/alexandre-herchcovitch#primaryimage\"},\"thumbnailUrl\":\"https:\\\/\\\/audaces.com\\\/wp-content\\\/uploads\\\/2025\\\/02\\\/alexandre-herchcovitch-destaque.webp\",\"articleSection\":[\"Cria\u00e7\u00e3o e Estilo\",\"Fashion Production\"],\"inLanguage\":\"pt-BR\",\"potentialAction\":[{\"@type\":\"CommentAction\",\"name\":\"Comment\",\"target\":[\"https:\\\/\\\/audaces.com\\\/pt-br\\\/blog\\\/alexandre-herchcovitch#respond\"]}]},{\"@type\":[\"WebPage\",\"FAQPage\"],\"@id\":\"https:\\\/\\\/audaces.com\\\/pt-br\\\/blog\\\/alexandre-herchcovitch\",\"url\":\"https:\\\/\\\/audaces.com\\\/pt-br\\\/blog\\\/alexandre-herchcovitch\",\"name\":\"Alexandre Herchcovitch: tudo sobre sua hist\u00f3ria e carreira na moda\",\"isPartOf\":{\"@id\":\"https:\\\/\\\/audaces.com\\\/pt-br\\\/#website\"},\"primaryImageOfPage\":{\"@id\":\"https:\\\/\\\/audaces.com\\\/pt-br\\\/blog\\\/alexandre-herchcovitch#primaryimage\"},\"image\":{\"@id\":\"https:\\\/\\\/audaces.com\\\/pt-br\\\/blog\\\/alexandre-herchcovitch#primaryimage\"},\"thumbnailUrl\":\"https:\\\/\\\/audaces.com\\\/wp-content\\\/uploads\\\/2025\\\/02\\\/alexandre-herchcovitch-destaque.webp\",\"datePublished\":\"2025-02-05T13:00:00+00:00\",\"dateModified\":\"2026-01-09T19:28:49+00:00\",\"description\":\"Conhe\u00e7a a trajet\u00f3ria e carreira do estilista Alexandre Herchcovitch. Descubra como ele usa a tecnologia para otimizar suas cria\u00e7\u00f5es.\",\"breadcrumb\":{\"@id\":\"https:\\\/\\\/audaces.com\\\/pt-br\\\/blog\\\/alexandre-herchcovitch#breadcrumb\"},\"mainEntity\":[{\"@id\":\"https:\\\/\\\/audaces.com\\\/pt-br\\\/blog\\\/alexandre-herchcovitch#faq-question-1738692386462\"},{\"@id\":\"https:\\\/\\\/audaces.com\\\/pt-br\\\/blog\\\/alexandre-herchcovitch#faq-question-1738692416265\"},{\"@id\":\"https:\\\/\\\/audaces.com\\\/pt-br\\\/blog\\\/alexandre-herchcovitch#faq-question-1738692434482\"}],\"inLanguage\":\"pt-BR\",\"potentialAction\":[{\"@type\":\"ReadAction\",\"target\":[\"https:\\\/\\\/audaces.com\\\/pt-br\\\/blog\\\/alexandre-herchcovitch\"]}]},{\"@type\":\"ImageObject\",\"inLanguage\":\"pt-BR\",\"@id\":\"https:\\\/\\\/audaces.com\\\/pt-br\\\/blog\\\/alexandre-herchcovitch#primaryimage\",\"url\":\"https:\\\/\\\/audaces.com\\\/wp-content\\\/uploads\\\/2025\\\/02\\\/alexandre-herchcovitch-destaque.webp\",\"contentUrl\":\"https:\\\/\\\/audaces.com\\\/wp-content\\\/uploads\\\/2025\\\/02\\\/alexandre-herchcovitch-destaque.webp\",\"width\":768,\"height\":512,\"caption\":\"Alexandre Herchcovitch em desfile de sua marca\"},{\"@type\":\"BreadcrumbList\",\"@id\":\"https:\\\/\\\/audaces.com\\\/pt-br\\\/blog\\\/alexandre-herchcovitch#breadcrumb\",\"itemListElement\":[{\"@type\":\"ListItem\",\"position\":1,\"name\":\"INIZIO\",\"item\":\"https:\\\/\\\/audaces.com\\\/pt-br\"},{\"@type\":\"ListItem\",\"position\":2,\"name\":\"Conhe\u00e7a a trajet\u00f3ria e carreira de Alexandre Herchcovitch\"}]},{\"@type\":\"WebSite\",\"@id\":\"https:\\\/\\\/audaces.com\\\/pt-br\\\/#website\",\"url\":\"https:\\\/\\\/audaces.com\\\/pt-br\\\/\",\"name\":\"Audaces\",\"description\":\"We are the Industry 4.0\",\"publisher\":{\"@id\":\"https:\\\/\\\/audaces.com\\\/pt-br\\\/#organization\"},\"potentialAction\":[{\"@type\":\"SearchAction\",\"target\":{\"@type\":\"EntryPoint\",\"urlTemplate\":\"https:\\\/\\\/audaces.com\\\/pt-br\\\/?s={search_term_string}\"},\"query-input\":{\"@type\":\"PropertyValueSpecification\",\"valueRequired\":true,\"valueName\":\"search_term_string\"}}],\"inLanguage\":\"pt-BR\"},{\"@type\":\"Organization\",\"@id\":\"https:\\\/\\\/audaces.com\\\/pt-br\\\/#organization\",\"name\":\"Audaces\",\"url\":\"https:\\\/\\\/audaces.com\\\/pt-br\\\/\",\"logo\":{\"@type\":\"ImageObject\",\"inLanguage\":\"pt-BR\",\"@id\":\"https:\\\/\\\/audaces.com\\\/pt-br\\\/#\\\/schema\\\/logo\\\/image\\\/\",\"url\":\"https:\\\/\\\/audaces.com\\\/wp-content\\\/uploads\\\/2022\\\/01\\\/cropped-cropped-logo-audace.png\",\"contentUrl\":\"https:\\\/\\\/audaces.com\\\/wp-content\\\/uploads\\\/2022\\\/01\\\/cropped-cropped-logo-audace.png\",\"width\":512,\"height\":512,\"caption\":\"Audaces\"},\"image\":{\"@id\":\"https:\\\/\\\/audaces.com\\\/pt-br\\\/#\\\/schema\\\/logo\\\/image\\\/\"},\"sameAs\":[\"https:\\\/\\\/www.facebook.com\\\/audaces.pt\"]},{\"@type\":\"Person\",\"@id\":\"https:\\\/\\\/audaces.com\\\/pt-br\\\/#\\\/schema\\\/person\\\/64fd4e45d55c0765a8d3193a2dfe4a8b\",\"name\":\"Audara\",\"image\":{\"@type\":\"ImageObject\",\"inLanguage\":\"pt-BR\",\"@id\":\"https:\\\/\\\/audaces.com\\\/wp-content\\\/uploads\\\/2025\\\/05\\\/cropped-audara-96x96.jpg\",\"url\":\"https:\\\/\\\/audaces.com\\\/wp-content\\\/uploads\\\/2025\\\/05\\\/cropped-audara-96x96.jpg\",\"contentUrl\":\"https:\\\/\\\/audaces.com\\\/wp-content\\\/uploads\\\/2025\\\/05\\\/cropped-audara-96x96.jpg\",\"caption\":\"Audara\"},\"description\":\"Fashion Tech Specialist at Audaces\",\"sameAs\":[\"https:\\\/\\\/audaces.com\"],\"url\":\"https:\\\/\\\/audaces.com\\\/pt-br\\\/blog\\\/author\\\/audara\"},{\"@type\":\"Question\",\"@id\":\"https:\\\/\\\/audaces.com\\\/pt-br\\\/blog\\\/alexandre-herchcovitch#faq-question-1738692386462\",\"position\":1,\"url\":\"https:\\\/\\\/audaces.com\\\/pt-br\\\/blog\\\/alexandre-herchcovitch#faq-question-1738692386462\",\"name\":\"Quem \u00e9 Alexandre Herchcovitch?\",\"answerCount\":1,\"acceptedAnswer\":{\"@type\":\"Answer\",\"text\":\"Alexandre Herchcovitch \u00e9 um famoso estilista brasileiro, conhecido pelas cria\u00e7\u00f5es ousadas e inspiradas no underground. Ele \u00e9 reconhecido internacionalmente e j\u00e1 criou em colabora\u00e7\u00e3o com C&amp;A, Melissa, Aramis, Leroy Merlin e Tok&amp;Stok.\",\"inLanguage\":\"pt-BR\"},\"inLanguage\":\"pt-BR\"},{\"@type\":\"Question\",\"@id\":\"https:\\\/\\\/audaces.com\\\/pt-br\\\/blog\\\/alexandre-herchcovitch#faq-question-1738692416265\",\"position\":2,\"url\":\"https:\\\/\\\/audaces.com\\\/pt-br\\\/blog\\\/alexandre-herchcovitch#faq-question-1738692416265\",\"name\":\"Onde comprar roupas por Alexandre Herchcovitch?\",\"answerCount\":1,\"acceptedAnswer\":{\"@type\":\"Answer\",\"text\":\"Voc\u00ea pode comprar roupas assinadas pelo estilista nas lojas da sua pr\u00f3pria marca, Herchcovitch; Alexandre, nos canais da \u00c0 La Gar\u00e7onne, marca na qual ele \u00e9 diretor criativo, e em algumas outras como a Aramis.\",\"inLanguage\":\"pt-BR\"},\"inLanguage\":\"pt-BR\"},{\"@type\":\"Question\",\"@id\":\"https:\\\/\\\/audaces.com\\\/pt-br\\\/blog\\\/alexandre-herchcovitch#faq-question-1738692434482\",\"position\":3,\"url\":\"https:\\\/\\\/audaces.com\\\/pt-br\\\/blog\\\/alexandre-herchcovitch#faq-question-1738692434482\",\"name\":\"Qual \u00e9 o look mais ic\u00f4nico feito por Alexandre Herchcovitch?\",\"answerCount\":1,\"acceptedAnswer\":{\"@type\":\"Answer\",\"text\":\"O estilista \u00e9 reconhecido pelos seus looks underground e inspirados na comunidade grunge e LGBTQIA+, como os vestidos e camisetas com estampas de caveira e as alfaiatarias desconstru\u00eddas.\",\"inLanguage\":\"pt-BR\"},\"inLanguage\":\"pt-BR\"}]}<\/script>\n<!-- \/ Yoast SEO Premium plugin. -->","yoast_head_json":{"title":"Alexandre Herchcovitch: tudo sobre sua hist\u00f3ria e carreira na moda","description":"Conhe\u00e7a a trajet\u00f3ria e carreira do estilista Alexandre Herchcovitch. Descubra como ele usa a tecnologia para otimizar suas cria\u00e7\u00f5es.","robots":{"index":"index","follow":"follow","max-snippet":"max-snippet:-1","max-image-preview":"max-image-preview:large","max-video-preview":"max-video-preview:-1"},"canonical":"https:\/\/audaces.com\/pt-br\/blog\/alexandre-herchcovitch","og_locale":"pt_BR","og_type":"article","og_title":"Alexandre Herchcovitch: tudo sobre sua hist\u00f3ria e carreira na moda","og_description":"Conhe\u00e7a a trajet\u00f3ria e carreira do estilista Alexandre Herchcovitch. Descubra como ele usa a tecnologia para otimizar suas cria\u00e7\u00f5es.","og_url":"https:\/\/audaces.com\/pt-br\/blog\/alexandre-herchcovitch","og_site_name":"Audaces","article_publisher":"https:\/\/www.facebook.com\/audaces.pt","article_published_time":"2025-02-05T13:00:00+00:00","article_modified_time":"2026-01-09T19:28:49+00:00","og_image":[{"width":768,"height":512,"url":"https:\/\/audaces.com\/wp-content\/uploads\/2025\/02\/alexandre-herchcovitch-destaque.webp","type":"image\/webp"}],"author":"Audara","twitter_card":"summary_large_image","twitter_misc":{"Escrito por":"Audara","Est. tempo de leitura":"10 minutos"},"schema":{"@context":"https:\/\/schema.org","@graph":[{"@type":"Article","@id":"https:\/\/audaces.com\/pt-br\/blog\/alexandre-herchcovitch#article","isPartOf":{"@id":"https:\/\/audaces.com\/pt-br\/blog\/alexandre-herchcovitch"},"author":{"name":"Audara","@id":"https:\/\/audaces.com\/pt-br\/#\/schema\/person\/64fd4e45d55c0765a8d3193a2dfe4a8b"},"headline":"Conhe\u00e7a a trajet\u00f3ria e carreira de Alexandre Herchcovitch","datePublished":"2025-02-05T13:00:00+00:00","dateModified":"2026-01-09T19:28:49+00:00","mainEntityOfPage":{"@id":"https:\/\/audaces.com\/pt-br\/blog\/alexandre-herchcovitch"},"wordCount":1847,"commentCount":0,"publisher":{"@id":"https:\/\/audaces.com\/pt-br\/#organization"},"image":{"@id":"https:\/\/audaces.com\/pt-br\/blog\/alexandre-herchcovitch#primaryimage"},"thumbnailUrl":"https:\/\/audaces.com\/wp-content\/uploads\/2025\/02\/alexandre-herchcovitch-destaque.webp","articleSection":["Cria\u00e7\u00e3o e Estilo","Fashion Production"],"inLanguage":"pt-BR","potentialAction":[{"@type":"CommentAction","name":"Comment","target":["https:\/\/audaces.com\/pt-br\/blog\/alexandre-herchcovitch#respond"]}]},{"@type":["WebPage","FAQPage"],"@id":"https:\/\/audaces.com\/pt-br\/blog\/alexandre-herchcovitch","url":"https:\/\/audaces.com\/pt-br\/blog\/alexandre-herchcovitch","name":"Alexandre Herchcovitch: tudo sobre sua hist\u00f3ria e carreira na moda","isPartOf":{"@id":"https:\/\/audaces.com\/pt-br\/#website"},"primaryImageOfPage":{"@id":"https:\/\/audaces.com\/pt-br\/blog\/alexandre-herchcovitch#primaryimage"},"image":{"@id":"https:\/\/audaces.com\/pt-br\/blog\/alexandre-herchcovitch#primaryimage"},"thumbnailUrl":"https:\/\/audaces.com\/wp-content\/uploads\/2025\/02\/alexandre-herchcovitch-destaque.webp","datePublished":"2025-02-05T13:00:00+00:00","dateModified":"2026-01-09T19:28:49+00:00","description":"Conhe\u00e7a a trajet\u00f3ria e carreira do estilista Alexandre Herchcovitch. Descubra como ele usa a tecnologia para otimizar suas cria\u00e7\u00f5es.","breadcrumb":{"@id":"https:\/\/audaces.com\/pt-br\/blog\/alexandre-herchcovitch#breadcrumb"},"mainEntity":[{"@id":"https:\/\/audaces.com\/pt-br\/blog\/alexandre-herchcovitch#faq-question-1738692386462"},{"@id":"https:\/\/audaces.com\/pt-br\/blog\/alexandre-herchcovitch#faq-question-1738692416265"},{"@id":"https:\/\/audaces.com\/pt-br\/blog\/alexandre-herchcovitch#faq-question-1738692434482"}],"inLanguage":"pt-BR","potentialAction":[{"@type":"ReadAction","target":["https:\/\/audaces.com\/pt-br\/blog\/alexandre-herchcovitch"]}]},{"@type":"ImageObject","inLanguage":"pt-BR","@id":"https:\/\/audaces.com\/pt-br\/blog\/alexandre-herchcovitch#primaryimage","url":"https:\/\/audaces.com\/wp-content\/uploads\/2025\/02\/alexandre-herchcovitch-destaque.webp","contentUrl":"https:\/\/audaces.com\/wp-content\/uploads\/2025\/02\/alexandre-herchcovitch-destaque.webp","width":768,"height":512,"caption":"Alexandre Herchcovitch em desfile de sua marca"},{"@type":"BreadcrumbList","@id":"https:\/\/audaces.com\/pt-br\/blog\/alexandre-herchcovitch#breadcrumb","itemListElement":[{"@type":"ListItem","position":1,"name":"INIZIO","item":"https:\/\/audaces.com\/pt-br"},{"@type":"ListItem","position":2,"name":"Conhe\u00e7a a trajet\u00f3ria e carreira de Alexandre Herchcovitch"}]},{"@type":"WebSite","@id":"https:\/\/audaces.com\/pt-br\/#website","url":"https:\/\/audaces.com\/pt-br\/","name":"Audaces","description":"We are the Industry 4.0","publisher":{"@id":"https:\/\/audaces.com\/pt-br\/#organization"},"potentialAction":[{"@type":"SearchAction","target":{"@type":"EntryPoint","urlTemplate":"https:\/\/audaces.com\/pt-br\/?s={search_term_string}"},"query-input":{"@type":"PropertyValueSpecification","valueRequired":true,"valueName":"search_term_string"}}],"inLanguage":"pt-BR"},{"@type":"Organization","@id":"https:\/\/audaces.com\/pt-br\/#organization","name":"Audaces","url":"https:\/\/audaces.com\/pt-br\/","logo":{"@type":"ImageObject","inLanguage":"pt-BR","@id":"https:\/\/audaces.com\/pt-br\/#\/schema\/logo\/image\/","url":"https:\/\/audaces.com\/wp-content\/uploads\/2022\/01\/cropped-cropped-logo-audace.png","contentUrl":"https:\/\/audaces.com\/wp-content\/uploads\/2022\/01\/cropped-cropped-logo-audace.png","width":512,"height":512,"caption":"Audaces"},"image":{"@id":"https:\/\/audaces.com\/pt-br\/#\/schema\/logo\/image\/"},"sameAs":["https:\/\/www.facebook.com\/audaces.pt"]},{"@type":"Person","@id":"https:\/\/audaces.com\/pt-br\/#\/schema\/person\/64fd4e45d55c0765a8d3193a2dfe4a8b","name":"Audara","image":{"@type":"ImageObject","inLanguage":"pt-BR","@id":"https:\/\/audaces.com\/wp-content\/uploads\/2025\/05\/cropped-audara-96x96.jpg","url":"https:\/\/audaces.com\/wp-content\/uploads\/2025\/05\/cropped-audara-96x96.jpg","contentUrl":"https:\/\/audaces.com\/wp-content\/uploads\/2025\/05\/cropped-audara-96x96.jpg","caption":"Audara"},"description":"Fashion Tech Specialist at Audaces","sameAs":["https:\/\/audaces.com"],"url":"https:\/\/audaces.com\/pt-br\/blog\/author\/audara"},{"@type":"Question","@id":"https:\/\/audaces.com\/pt-br\/blog\/alexandre-herchcovitch#faq-question-1738692386462","position":1,"url":"https:\/\/audaces.com\/pt-br\/blog\/alexandre-herchcovitch#faq-question-1738692386462","name":"Quem \u00e9 Alexandre Herchcovitch?","answerCount":1,"acceptedAnswer":{"@type":"Answer","text":"Alexandre Herchcovitch \u00e9 um famoso estilista brasileiro, conhecido pelas cria\u00e7\u00f5es ousadas e inspiradas no underground. Ele \u00e9 reconhecido internacionalmente e j\u00e1 criou em colabora\u00e7\u00e3o com C&amp;A, Melissa, Aramis, Leroy Merlin e Tok&amp;Stok.","inLanguage":"pt-BR"},"inLanguage":"pt-BR"},{"@type":"Question","@id":"https:\/\/audaces.com\/pt-br\/blog\/alexandre-herchcovitch#faq-question-1738692416265","position":2,"url":"https:\/\/audaces.com\/pt-br\/blog\/alexandre-herchcovitch#faq-question-1738692416265","name":"Onde comprar roupas por Alexandre Herchcovitch?","answerCount":1,"acceptedAnswer":{"@type":"Answer","text":"Voc\u00ea pode comprar roupas assinadas pelo estilista nas lojas da sua pr\u00f3pria marca, Herchcovitch; Alexandre, nos canais da \u00c0 La Gar\u00e7onne, marca na qual ele \u00e9 diretor criativo, e em algumas outras como a Aramis.","inLanguage":"pt-BR"},"inLanguage":"pt-BR"},{"@type":"Question","@id":"https:\/\/audaces.com\/pt-br\/blog\/alexandre-herchcovitch#faq-question-1738692434482","position":3,"url":"https:\/\/audaces.com\/pt-br\/blog\/alexandre-herchcovitch#faq-question-1738692434482","name":"Qual \u00e9 o look mais ic\u00f4nico feito por Alexandre Herchcovitch?","answerCount":1,"acceptedAnswer":{"@type":"Answer","text":"O estilista \u00e9 reconhecido pelos seus looks underground e inspirados na comunidade grunge e LGBTQIA+, como os vestidos e camisetas com estampas de caveira e as alfaiatarias desconstru\u00eddas.","inLanguage":"pt-BR"},"inLanguage":"pt-BR"}]}},"_links":{"self":[{"href":"https:\/\/audaces.com\/pt-br\/wp-json\/wp\/v2\/posts\/188406","targetHints":{"allow":["GET"]}}],"collection":[{"href":"https:\/\/audaces.com\/pt-br\/wp-json\/wp\/v2\/posts"}],"about":[{"href":"https:\/\/audaces.com\/pt-br\/wp-json\/wp\/v2\/types\/post"}],"author":[{"embeddable":true,"href":"https:\/\/audaces.com\/pt-br\/wp-json\/wp\/v2\/users\/54"}],"replies":[{"embeddable":true,"href":"https:\/\/audaces.com\/pt-br\/wp-json\/wp\/v2\/comments?post=188406"}],"version-history":[{"count":10,"href":"https:\/\/audaces.com\/pt-br\/wp-json\/wp\/v2\/posts\/188406\/revisions"}],"predecessor-version":[{"id":209477,"href":"https:\/\/audaces.com\/pt-br\/wp-json\/wp\/v2\/posts\/188406\/revisions\/209477"}],"wp:featuredmedia":[{"embeddable":true,"href":"https:\/\/audaces.com\/pt-br\/wp-json\/wp\/v2\/media\/188417"}],"wp:attachment":[{"href":"https:\/\/audaces.com\/pt-br\/wp-json\/wp\/v2\/media?parent=188406"}],"wp:term":[{"taxonomy":"category","embeddable":true,"href":"https:\/\/audaces.com\/pt-br\/wp-json\/wp\/v2\/categories?post=188406"},{"taxonomy":"post_tag","embeddable":true,"href":"https:\/\/audaces.com\/pt-br\/wp-json\/wp\/v2\/tags?post=188406"}],"curies":[{"name":"wp","href":"https:\/\/api.w.org\/{rel}","templated":true}]}}