{"id":181478,"date":"2024-10-16T10:00:00","date_gmt":"2024-10-16T13:00:00","guid":{"rendered":"https:\/\/audaces.com\/?p=181478"},"modified":"2024-10-28T11:31:49","modified_gmt":"2024-10-28T14:31:49","slug":"direito-moda","status":"publish","type":"post","link":"https:\/\/audaces.com\/pt-br\/blog\/direito-moda","title":{"rendered":"5 raz\u00f5es para conhecer e se adequar ao direito da moda"},"content":{"rendered":"\n<p><strong>Resumo<\/strong>&nbsp;<\/p>\n\n\n\n<ul class=\"wp-block-list\">\n<li>O direito da moda \u00e9 uma s\u00e9rie de regras e normas que protegem o trabalho de marcas e estilistas;<\/li>\n\n\n\n<li>Conhecer o assunto ajuda sua empresa a se manter em conformidade e n\u00e3o sofrer penalidades;<\/li>\n\n\n\n<li>Para todos os processos da sua confec\u00e7\u00e3o, conte com o melhor da tecnologia de moda. <a href=\"https:\/\/conteudo.audaces.com\/inscricao-trial-360\" target=\"_blank\" rel=\"noreferrer noopener\">Teste o Audaces360 de forma gratuita!<\/a>&nbsp;<\/li>\n<\/ul>\n\n\n\n<p>O direito da moda \u00e9 uma \u00e1rea que vem ganhando destaque no mundo empresarial. Com o f\u00e1cil acesso a informa\u00e7\u00f5es na internet, entender essas leis \u00e9 essencial para quem trabalha com moda.&nbsp;<\/p>\n\n\n\n<p>Afinal, empresas investem tempo e recursos na cria\u00e7\u00e3o de produtos \u00fanicos. No entanto, sem a devida prote\u00e7\u00e3o legal, essas cria\u00e7\u00f5es podem ser copiadas e usadas de forma indevida.&nbsp;<\/p>\n\n\n\n<p>Ao longo do texto, vamos explorar como o direito da moda se aplica no dia a dia das confec\u00e7\u00f5es. Descubra como proteger suas cria\u00e7\u00f5es e evitar o risco de replicar trabalhos de terceiros.&nbsp;<\/p>\n\n\n\n<p>Boa leitura!&nbsp;<\/p><div id=\"ez-toc-container\" class=\"ez-toc-v2_0_82_2 ez-toc-wrap-left counter-hierarchy ez-toc-counter ez-toc-custom ez-toc-container-direction\">\n<div class=\"ez-toc-title-container\">\n<p class=\"ez-toc-title ez-toc-toggle\" style=\"cursor:pointer\">Sum\u00e1rio<\/p>\n<span class=\"ez-toc-title-toggle\"><\/span><\/div>\n<nav><ul class='ez-toc-list ez-toc-list-level-1 ' ><li class='ez-toc-page-1 ez-toc-heading-level-2'><a class=\"ez-toc-link ez-toc-heading-1\" href=\"https:\/\/audaces.com\/pt-br\/blog\/direito-moda\/#por-que-voce-deve-entender-sobre-o-direito-da-moda\" >Por que voc\u00ea deve entender sobre o direito da moda?&nbsp;<\/a><\/li><li class='ez-toc-page-1 ez-toc-heading-level-2'><a class=\"ez-toc-link ez-toc-heading-2\" href=\"https:\/\/audaces.com\/pt-br\/blog\/direito-moda\/#o-que-e-direito-da-moda\" >O que \u00e9 direito da moda?&nbsp;<\/a><\/li><li class='ez-toc-page-1 ez-toc-heading-level-2'><a class=\"ez-toc-link ez-toc-heading-3\" href=\"https:\/\/audaces.com\/pt-br\/blog\/direito-moda\/#em-quais-areas-o-direito-da-moda-se-aplica\" >Em quais \u00e1reas o direito da moda se aplica?&nbsp;<\/a><\/li><li class='ez-toc-page-1 ez-toc-heading-level-2'><a class=\"ez-toc-link ez-toc-heading-4\" href=\"https:\/\/audaces.com\/pt-br\/blog\/direito-moda\/#5-vantagens-de-conhecer-e-se-adequar-as-leis-da-moda\" >5 vantagens de conhecer e se adequar \u00e0s leis da moda&nbsp;<\/a><\/li><li class='ez-toc-page-1 ez-toc-heading-level-2'><a class=\"ez-toc-link ez-toc-heading-5\" href=\"https:\/\/audaces.com\/pt-br\/blog\/direito-moda\/#crie-colecoes-dentro-do-direito-da-moda-com-audaces360\" >Crie cole\u00e7\u00f5es dentro do direito da moda com Audaces360<\/a><\/li><li class='ez-toc-page-1 ez-toc-heading-level-2'><a class=\"ez-toc-link ez-toc-heading-6\" href=\"https:\/\/audaces.com\/pt-br\/blog\/direito-moda\/#faq\" >FAQ<\/a><\/li><\/ul><\/nav><\/div>\n\n\n\n\n<h2 class=\"wp-block-heading\" id=\"h-por-que-voce-deve-entender-sobre-o-direito-da-moda-nbsp\"><span class=\"ez-toc-section\" id=\"por-que-voce-deve-entender-sobre-o-direito-da-moda\"><\/span><strong>Por que voc\u00ea deve entender sobre o direito da moda?&nbsp;<\/strong><span class=\"ez-toc-section-end\"><\/span><\/h2>\n\n\n\n<p>Ao conhecer o <a href=\"https:\/\/stealthelook.com.br\/o-que-e-fashion-law-e-como-e-trabalhar-com-direito-da-moda\/\" target=\"_blank\" rel=\"noreferrer noopener\">direito da moda<\/a>, voc\u00ea evita cometer erros que possam prejudicar o seu neg\u00f3cio. Copiar uma ideia sem querer ou usar uma marca que j\u00e1 \u00e9 registrada pode trazer s\u00e9rios preju\u00edzos.&nbsp;<\/p>\n\n\n\n<p>A \u00e1rea envolve a prote\u00e7\u00e3o de marcas e direitos autorais. Ter uma marca registrada, por exemplo, garante que ningu\u00e9m fa\u00e7a o uso indevido dela.&nbsp;<\/p>\n\n\n\n<p>Isso fortalece a identidade do seu neg\u00f3cio e evita problemas, como disputas judiciais. Estar bem informado protege sua empresa e permite que ela cres\u00e7a de forma segura e sustent\u00e1vel.<\/p>\n\n\n\n<p><strong>Leia mais:<\/strong> <a href=\"https:\/\/audaces.com\/pt-br\/blog\/comercio-moda\" target=\"_blank\" rel=\"noreferrer noopener\">Aprenda como criar vantagem competitiva para seu com\u00e9rcio de moda<\/a><\/p>\n\n\n\n<h2 class=\"wp-block-heading\" id=\"h-o-que-e-direito-da-moda-nbsp\"><span class=\"ez-toc-section\" id=\"o-que-e-direito-da-moda\"><\/span><strong>O que \u00e9 direito da moda?&nbsp;<\/strong><span class=\"ez-toc-section-end\"><\/span><\/h2>\n\n\n\n<p>O direito da moda \u00e9 a \u00e1rea jur\u00eddica que trata das quest\u00f5es legais relacionadas \u00e0 ind\u00fastria t\u00eaxtil.&nbsp;<\/p>\n\n\n\n<p>Marcas podem registrar suas cria\u00e7\u00f5es para evitar que outras pessoas usem ou copiem sem permiss\u00e3o.&nbsp;Assim, a marca tem o direito exclusivo sobre seus desenvolvimentos.&nbsp;<\/p>\n\n\n\n<p>Outro ponto importante do direito da moda \u00e9 a regulamenta\u00e7\u00e3o das rela\u00e7\u00f5es comerciais. Desde contratos com fornecedores at\u00e9 acordos de licenciamento.&nbsp;<\/p>\n\n\n\n<p>Os profissionais dessa \u00e1rea usam a lei para assegurar que todas as partes cumpram suas obriga\u00e7\u00f5es.&nbsp;<\/p>\n\n\n\n<p>Muitos optam por uma p\u00f3s-gradua\u00e7\u00e3o para aprofundar seus conhecimentos. Tamb\u00e9m \u00e9 necess\u00e1rio um amplo entendimento jur\u00eddico, incluindo direito civil e direito penal.&nbsp;<\/p>\n\n\n\n<h2 class=\"wp-block-heading\" id=\"h-em-quais-areas-o-direito-da-moda-se-aplica-nbsp\"><span class=\"ez-toc-section\" id=\"em-quais-areas-o-direito-da-moda-se-aplica\"><\/span><strong>Em quais \u00e1reas o direito da moda se aplica?&nbsp;<\/strong><span class=\"ez-toc-section-end\"><\/span><\/h2>\n\n\n\n<p>O direito da moda \u00e9 um campo que abrange v\u00e1rias \u00e1reas. As leis servem para proteger a criatividade e promover pr\u00e1ticas justas.&nbsp;<\/p>\n\n\n\n<p>Confira algumas das principais \u00e1reas em que se aplica:&nbsp;<\/p>\n\n\n\n<h3 class=\"wp-block-heading\" id=\"h-propriedade-intelectual-nbsp\">Propriedade intelectual&nbsp;<\/h3>\n\n\n\n<p>A \u00e1rea da propriedade intelectual protege cria\u00e7\u00f5es originais, como designs e marcas. Estilistas precisam garantir que suas ideias n\u00e3o sejam copiadas.&nbsp;<\/p>\n\n\n\n<p>O registro de marcas \u00e9 um passo importante nesse processo. Ele ajuda a evitar que outras pessoas usem suas cria\u00e7\u00f5es sem autoriza\u00e7\u00e3o.&nbsp;<\/p>\n\n\n\n<p>O fortalecimento das leis de propriedade intelectual ajuda a ind\u00fastria. \u00c9 uma forma de incentivar a inova\u00e7\u00e3o e ideias originais.&nbsp;<\/p>\n\n\n\n<p>Designers se sentem mais seguros para criar. Isso beneficia todo o setor, promovendo diversidade e qualidade.<\/p>\n\n\n\n<p><strong>Leia mais:<\/strong> <a href=\"https:\/\/audaces.com\/pt-br\/blog\/criacao-moda\" target=\"_blank\" rel=\"noreferrer noopener\">Descubra tudo o que voc\u00ea precisa saber sobre a cria\u00e7\u00e3o de moda<\/a><\/p>\n\n\n\n<h3 class=\"wp-block-heading\" id=\"h-trabalho-e-direitos-humanos\">Trabalho e direitos humanos<\/h3>\n\n\n\n<figure class=\"wp-block-image size-large\"><img fetchpriority=\"high\" decoding=\"async\" width=\"1024\" height=\"683\" src=\"https:\/\/audaces.com\/wp-content\/uploads\/2024\/10\/direito-moda-areas-1024x683.webp\" alt=\"O direito da moda defende condi\u00e7\u00f5es justas de trabalho.\" class=\"wp-image-181480\" srcset=\"https:\/\/audaces.com\/wp-content\/uploads\/2024\/10\/direito-moda-areas-1024x683.webp 1024w, https:\/\/audaces.com\/wp-content\/uploads\/2024\/10\/direito-moda-areas-300x200.webp 300w, https:\/\/audaces.com\/wp-content\/uploads\/2024\/10\/direito-moda-areas-768x512.webp 768w, https:\/\/audaces.com\/wp-content\/uploads\/2024\/10\/direito-moda-areas.webp 1500w\" sizes=\"(max-width: 1024px) 100vw, 1024px\" \/><\/figure>\n\n\n\n<p>Muitas vezes, trabalhadores da ind\u00fastria da moda enfrentam condi\u00e7\u00f5es dif\u00edceis. Entre elas, longas jornadas e sal\u00e1rios baixos.&nbsp;<\/p>\n\n\n\n<p>O direito da moda busca <a href=\"https:\/\/vogue.globo.com\/vogue-negocios\/noticia\/2024\/06\/agenda-climatica-e-direitos-humanos-na-moda-conheca-o-grupo-de-trabalho-do-pacto-global-da-onu-no-brasil.ghtml\" target=\"_blank\" rel=\"noreferrer noopener\">garantir direitos trabalhistas<\/a>. Ele promove condi\u00e7\u00f5es justas para todos os envolvidos.&nbsp;<\/p>\n\n\n\n<p>As marcas devem assegurar que toda sua cadeia de suprimento seja \u00e9tica. \u00c9 importante se certificar que terceirizados e fornecedores n\u00e3o fa\u00e7am explora\u00e7\u00e3o de m\u00e3o de obra.&nbsp;<\/p>\n\n\n\n<p>Al\u00e9m disso, o direito da moda tamb\u00e9m aborda a diversidade e a inclus\u00e3o para&nbsp;que todos tenham espa\u00e7o.&nbsp;<\/p>\n\n\n\n<p>A promo\u00e7\u00e3o da igualdade \u00e9 um passo importante para uma ind\u00fastria justa e com condi\u00e7\u00f5es de trabalho dignas.&nbsp;<\/p>\n\n\n\n<h3 class=\"wp-block-heading\" id=\"h-sustentabilidade-e-meio-ambiente-nbsp\">Sustentabilidade e meio ambiente&nbsp;<\/h3>\n\n\n\n<p>A ind\u00fastria da moda \u00e9 conhecida por seu impacto ambiental. Produ\u00e7\u00e3o em massa e desperd\u00edcio s\u00e3o assuntos s\u00e9rios e muito discutidos.&nbsp;<\/p>\n\n\n\n<p>O direito da moda busca promover pr\u00e1ticas mais ecol\u00f3gicas. Essa pr\u00e1tica incentiva a ind\u00fastria a adotar iniciativas mais sustent\u00e1veis.&nbsp;<\/p>\n\n\n\n<p>Algumas empresas exigem de seus fornecedores certifica\u00e7\u00f5es para fechar contratos. Nesses casos, \u00e9 preciso seguir uma s\u00e9rie de normas e estar dispon\u00edvel para inspe\u00e7\u00f5es peri\u00f3dicas.<\/p>\n\n\n\n<p><strong>Leia mais:<\/strong> <a href=\"https:\/\/audaces.com\/pt-br\/blog\/moda-sustentavel\" target=\"_blank\" rel=\"noreferrer noopener\">8 dicas para tornar sua confec\u00e7\u00e3o de moda mais sustent\u00e1vel<\/a><\/p>\n\n\n\n<h3 class=\"wp-block-heading\" id=\"h-moda-digital-e-tecnologia-nbsp\">Moda digital e tecnologia&nbsp;<\/h3>\n\n\n\n<p>A tecnologia est\u00e1 mudando como as pessoas compram e consomem moda. As marcas est\u00e3o investindo cada vez mais em lojas online e experi\u00eancias virtuais.&nbsp;<\/p>\n\n\n\n<p>A prote\u00e7\u00e3o de propriedade intelectual tamb\u00e9m se aplica ao digital. Estilistas precisam proteger suas cria\u00e7\u00f5es, mesmo as virtuais. Isso evita c\u00f3pias n\u00e3o autorizadas e garante seus direitos.&nbsp;<\/p>\n\n\n\n<p>Outra quest\u00e3o importante \u00e9 a \u00e9tica na tecnologia. O uso de dados dos consumidores deve sempre ser transparente.&nbsp;<\/p>\n\n\n\n<p>As empresas devem respeitar a privacidade dos usu\u00e1rios. Isso cria confian\u00e7a entre consumidores e marcas.<\/p>\n\n\n\n<p><strong>Leia mais:<\/strong> <a href=\"https:\/\/audaces.com\/pt-br\/blog\/moda-digital\" target=\"_blank\" rel=\"noreferrer noopener\">Entenda como funciona a moda digital e quais as vantagens para a confec\u00e7\u00e3o<\/a><\/p>\n\n\n\n<h3 class=\"wp-block-heading\" id=\"h-saude-e-seguranca-do-consumidor-nbsp\">Sa\u00fade e seguran\u00e7a do consumidor&nbsp;<\/h3>\n\n\n\n<p>A sa\u00fade e seguran\u00e7a do consumidor precisam ser prioridades na ind\u00fastria da moda. Produtos devem ser 100% seguros para uso.&nbsp;<\/p>\n\n\n\n<p>\u00c9 responsabilidade da empresa verificar a qualidade dos materiais usados em seus processos. Tecidos e aviamentos devem ser livres de subst\u00e2ncias t\u00f3xicas e prejudiciais \u00e0 sa\u00fade&nbsp;<\/p>\n\n\n\n<p>As leis tamb\u00e9m exigem informa\u00e7\u00f5es claras sobre cuidados e uso dos produtos. Dessa forma, os consumidores podem tomar decis\u00f5es informadas.<\/p>\n\n\n\n<p><strong>Quer saber como a tecnologia pode transformar sua confec\u00e7\u00e3o? Baixe agora nosso e-book gratuito e veja como fazer a transi\u00e7\u00e3o para o digital!<\/strong>&nbsp;<\/p>\n\n\n\n<div role=\"main\" id=\"form-ebook-audaces-360-febfb5ea2c1a24811282\"><\/div><script type=\"text\/javascript\" src=\"https:\/\/d335luupugsy2.cloudfront.net\/js\/rdstation-forms\/stable\/rdstation-forms.min.js\"><\/script><script type=\"text\/javascript\"> new RDStationForms('form-ebook-audaces-360-febfb5ea2c1a24811282', 'UA-78634938-2').createForm();<\/script>\n\n\n\n<h2 class=\"wp-block-heading\" id=\"h-5-vantagens-de-conhecer-e-se-adequar-as-leis-da-moda-nbsp\"><span class=\"ez-toc-section\" id=\"5-vantagens-de-conhecer-e-se-adequar-as-leis-da-moda\"><\/span><strong>5 vantagens de conhecer e se adequar \u00e0s leis da moda&nbsp;<\/strong><span class=\"ez-toc-section-end\"><\/span><\/h2>\n\n\n\n<p>Conhecer e se adequar \u00e0s leis da moda traz v\u00e1rias vantagens. Primeiro, protege a cria\u00e7\u00f5es e ideias da sua empresa. Em segundo lugar, ajuda a evitar problemas legais.&nbsp;<\/p>\n\n\n\n<p>Essas s\u00e3o as principais raz\u00f5es para voc\u00ea se manter informado sobre o assunto:&nbsp;<\/p>\n\n\n\n<h3 class=\"wp-block-heading\" id=\"h-1-protecao-das-suas-criacoes-nbsp\">1) Prote\u00e7\u00e3o das suas cria\u00e7\u00f5es&nbsp;<\/h3>\n\n\n\n<p>A prote\u00e7\u00e3o das suas cria\u00e7\u00f5es \u00e9 uma das principais vantagens. Registrar suas ideias impede que outras pessoas produzam c\u00f3pias.&nbsp;<\/p>\n\n\n\n<p>A prote\u00e7\u00e3o legal pode at\u00e9 aumentar o valor da sua marca. Quando suas cria\u00e7\u00f5es est\u00e3o protegidas, voc\u00ea pode licenciar ou vender suas ideias. Isso abre novas oportunidades de neg\u00f3cios.&nbsp;<\/p>\n\n\n\n<p>Outra vantagem \u00e9 a seguran\u00e7a em caso de disputas. Se algu\u00e9m usar suas cria\u00e7\u00f5es sem autoriza\u00e7\u00e3o, voc\u00ea pode tomar medidas legais. Ter uma base legal s\u00f3lida traz tranquilidade para voc\u00ea e sua empresa.&nbsp;<\/p>\n\n\n\n<p>A prote\u00e7\u00e3o das cria\u00e7\u00f5es tamb\u00e9m incentiva a inova\u00e7\u00e3o. Saber que suas ideias est\u00e3o protegidas motiva sua equipe na cria\u00e7\u00e3o de novas pe\u00e7as.&nbsp;<\/p>\n\n\n\n<h3 class=\"wp-block-heading\" id=\"h-2-conformidade-com-a-lei\">2) Conformidade com a lei<\/h3>\n\n\n\n<figure class=\"wp-block-image size-large\"><img decoding=\"async\" width=\"1024\" height=\"683\" src=\"https:\/\/audaces.com\/wp-content\/uploads\/2024\/10\/direito-moda-vantagens-1024x683.webp\" alt=\"Estar informado sobre o direito de moda evita problemas futuros.\" class=\"wp-image-181484\" srcset=\"https:\/\/audaces.com\/wp-content\/uploads\/2024\/10\/direito-moda-vantagens-1024x683.webp 1024w, https:\/\/audaces.com\/wp-content\/uploads\/2024\/10\/direito-moda-vantagens-300x200.webp 300w, https:\/\/audaces.com\/wp-content\/uploads\/2024\/10\/direito-moda-vantagens-768x512.webp 768w, https:\/\/audaces.com\/wp-content\/uploads\/2024\/10\/direito-moda-vantagens-1536x1024.webp 1536w, https:\/\/audaces.com\/wp-content\/uploads\/2024\/10\/direito-moda-vantagens-2048x1366.webp 2048w\" sizes=\"(max-width: 1024px) 100vw, 1024px\" \/><\/figure>\n\n\n\n<p>Seguir as normas do direito da moda ajuda a evitar problemas legais no futuro. A conformidade com a lei garante que voc\u00ea esteja operando dentro da legalidade.&nbsp;<\/p>\n\n\n\n<p>Isso tamb\u00e9m pode facilitar parcerias e colabora\u00e7\u00f5es. Muitas vezes, parceiros comerciais s\u00f3 trabalham com marcas que seguem todas as normas.&nbsp;<\/p>\n\n\n\n<p>Um ponto de aten\u00e7\u00e3o \u00e9 que a legisla\u00e7\u00e3o pode mudar ao longo do tempo. Por isso, \u00e9 importante manter-se atualizado. Altera\u00e7\u00f5es na lei podem abrir novas oportunidades ou desafios.&nbsp;<\/p>\n\n\n\n<h3 class=\"wp-block-heading\" id=\"h-3-melhor-gestao-de-riscos-nbsp\">3) Melhor gest\u00e3o de riscos&nbsp;<\/h3>\n\n\n\n<p>Conhecer as leis do direito da moda ajuda na gest\u00e3o de riscos. Voc\u00ea pode identificar poss\u00edveis problemas antes que eles ocorram.&nbsp;<\/p>\n\n\n\n<p>Assim, voc\u00ea pode tomar decis\u00f5es mais seguras para sua marca e evita surpresas desagrad\u00e1veis.&nbsp;<\/p>\n\n\n\n<p>Ter um bom planejamento legal tamb\u00e9m ajuda a lidar com situa\u00e7\u00f5es inesperadas. A preven\u00e7\u00e3o \u00e9 sempre melhor que a corre\u00e7\u00e3o.&nbsp;<\/p>\n\n\n\n<p>Al\u00e9m disso, a gest\u00e3o de riscos aumenta a confian\u00e7a do consumidor. Quando os clientes sabem que sua marca age de forma \u00e9tica, se sentem mais seguros.<\/p>\n\n\n\n<p><strong>Leia mais:<\/strong> <a href=\"https:\/\/audaces.com\/pt-br\/blog\/gestao-moda\" target=\"_blank\" rel=\"noreferrer noopener\">Entenda como potencializar a sua confec\u00e7\u00e3o atrav\u00e9s da gest\u00e3o de moda<\/a><\/p>\n\n\n\n<h3 class=\"wp-block-heading\" id=\"h-4-protecao-ao-consumidor-nbsp\">4) Prote\u00e7\u00e3o ao consumidor&nbsp;<\/h3>\n\n\n\n<p>A prote\u00e7\u00e3o ao consumidor \u00e9 muito importante no direito da moda. Ele garante que os produtos sejam seguros e de qualidade.&nbsp;<\/p>\n\n\n\n<p>Isso \u00e9 fundamental para a confian\u00e7a dos clientes. Quando os consumidores se sentem protegidos, tendem a comprar mais. Isso beneficia tanto os consumidores quanto as marcas.&nbsp;<\/p>\n\n\n\n<p>As leis tamb\u00e9m estipulam que as informa\u00e7\u00f5es sobre os produtos sejam claras. Transpar\u00eancia \u00e9 essencial para a satisfa\u00e7\u00e3o do cliente.<\/p>\n\n\n\n<p><strong>Leia mais:<\/strong> <a href=\"https:\/\/audaces.com\/pt-br\/blog\/simbologia-textil\" target=\"_blank\" rel=\"noreferrer noopener\">Conhe\u00e7a a simbologia t\u00eaxtil e os significados da etiqueta de roupas<\/a><\/p>\n\n\n\n<h3 class=\"wp-block-heading\" id=\"h-5-melhorias-na-relacao-trabalhista-nbsp\">5) Melhorias na rela\u00e7\u00e3o trabalhista&nbsp;<\/h3>\n\n\n\n<p>As leis da moda tamb\u00e9m promovem melhorias na rela\u00e7\u00e3o trabalhista. Quando as normas s\u00e3o seguidas, os direitos dos trabalhadores s\u00e3o respeitados.&nbsp;<\/p>\n\n\n\n<p>Uma boa rela\u00e7\u00e3o trabalhista, com sal\u00e1rios justos e condi\u00e7\u00f5es adequadas, resulta em um ambiente produtivo.&nbsp;<\/p>\n\n\n\n<p>Marcas que se preocupam com seus funcion\u00e1rios atraem talentos. Profissionais preferem trabalhar em empresas que valorizam seus direitos.&nbsp;<\/p>\n\n\n\n<p>Isso pode resultar em menor rotatividade de funcion\u00e1rios. Al\u00e9m disso, o cumprimento das leis trabalhistas reduz conflitos.&nbsp;<\/p>\n\n\n\n<p>Quando as normas s\u00e3o claras, \u00e9 mais f\u00e1cil resolver problemas. Voc\u00ea evita tens\u00f5es e cria um ambiente de trabalho colaborativo.&nbsp;<\/p>\n\n\n\n<h2 class=\"wp-block-heading\" id=\"h-crie-colecoes-dentro-do-direito-da-moda-com-audaces360\"><span class=\"ez-toc-section\" id=\"crie-colecoes-dentro-do-direito-da-moda-com-audaces360\"><\/span><strong>Crie cole\u00e7\u00f5es dentro do direito da moda com Audaces360<\/strong><span class=\"ez-toc-section-end\"><\/span><\/h2>\n\n\n\n<figure class=\"wp-block-image size-large\"><img decoding=\"async\" width=\"1024\" height=\"422\" src=\"https:\/\/audaces.com\/wp-content\/uploads\/2024\/10\/direito-moda-tecnologia-1024x422.webp\" alt=\"Use a tecnologia e crie cole\u00e7\u00f5es dentro do direito da moda.\" class=\"wp-image-181488\" srcset=\"https:\/\/audaces.com\/wp-content\/uploads\/2024\/10\/direito-moda-tecnologia-1024x422.webp 1024w, https:\/\/audaces.com\/wp-content\/uploads\/2024\/10\/direito-moda-tecnologia-300x124.webp 300w, https:\/\/audaces.com\/wp-content\/uploads\/2024\/10\/direito-moda-tecnologia-768x316.webp 768w, https:\/\/audaces.com\/wp-content\/uploads\/2024\/10\/direito-moda-tecnologia-1536x633.webp 1536w, https:\/\/audaces.com\/wp-content\/uploads\/2024\/10\/direito-moda-tecnologia.webp 1617w\" sizes=\"(max-width: 1024px) 100vw, 1024px\" \/><\/figure>\n\n\n\n<h3 class=\"wp-block-heading\" id=\"h-audaces360-nbsp\">Audaces360&nbsp;<\/h3>\n\n\n\n<p>O <a href=\"https:\/\/audaces.com\/pt-br\/solucoes\/audaces-360\" target=\"_blank\" rel=\"noreferrer noopener\">Audaces360<\/a> \u00e9 um conjunto de solu\u00e7\u00f5es criado para transformar a ind\u00fastria da moda. Ele torna todos os processos da confec\u00e7\u00e3o, da cria\u00e7\u00e3o a produ\u00e7\u00e3o, mais r\u00e1pidos e eficientes.&nbsp;<\/p>\n\n\n\n<p>Um dos principais benef\u00edcios do Audaces360 \u00e9 a integra\u00e7\u00e3o. Ele permite que diferentes setores da empresa trabalhem juntos de forma mais organizada. Isso reduz erros e melhora a comunica\u00e7\u00e3o entre as equipes.&nbsp;<\/p>\n\n\n\n<p>Simplifique processos e aumente a produtividade da sua f\u00e1brica de roupas infantis. \u00c9 a solu\u00e7\u00e3o para empresas que querem economizar recursos e aumentar a competitividade!&nbsp;<\/p>\n\n\n\n<p><strong>Experimente o futuro da tecnologia! <\/strong><a href=\"https:\/\/audaces.com\/pt-br\/solucoes\/audaces-360\" target=\"_blank\" rel=\"noreferrer noopener\"><strong>Explore o Audaces360<\/strong><\/a><strong> e descubra nossas solu\u00e7\u00f5es completas para a ind\u00fastria da moda.<\/strong><\/p>\n\n\n\n<h2 class=\"wp-block-heading\" id=\"h-faq\"><span class=\"ez-toc-section\" id=\"faq\"><\/span>FAQ<span class=\"ez-toc-section-end\"><\/span><\/h2>\n\n\n\n<div class=\"schema-faq wp-block-yoast-faq-block\"><div class=\"schema-faq-section\" id=\"faq-question-1728928608904\"><strong class=\"schema-faq-question\">Por que voc\u00ea deve entender sobre o direito da moda?<\/strong> <p class=\"schema-faq-answer\">Ao conhecer o direito da moda, voc\u00ea evita cometer erros que possam prejudicar o seu neg\u00f3cio. Copiar uma ideia sem querer ou usar uma marca que j\u00e1 \u00e9 registrada pode trazer s\u00e9rios preju\u00edzos.<\/p> <\/div> <div class=\"schema-faq-section\" id=\"faq-question-1728928636875\"><strong class=\"schema-faq-question\">O que \u00e9 direito da moda?<\/strong> <p class=\"schema-faq-answer\">O direito da moda \u00e9 a \u00e1rea jur\u00eddica que trata das quest\u00f5es legais relacionadas \u00e0 ind\u00fastria t\u00eaxtil. Marcas podem registrar suas cria\u00e7\u00f5es para evitar que outras pessoas usem ou copiem sem permiss\u00e3o.<\/p> <\/div> <div class=\"schema-faq-section\" id=\"faq-question-1728928648755\"><strong class=\"schema-faq-question\">Em quais \u00e1reas o direito da moda se aplica?<\/strong> <p class=\"schema-faq-answer\">Propriedade intelectual, trabalho e direitos humanos, sustentabilidade e meio ambiente, moda digital e tecnologia, sa\u00fade e seguran\u00e7a do consumidor.<\/p> <\/div> <\/div>\n\n\n\n<p><\/p>\n","protected":false},"excerpt":{"rendered":"<p>Sabia que o direito da moda impacta mais \u00e1reas da sua confec\u00e7\u00e3o do que voc\u00ea imagina? Descubra tudo neste guia completo!<\/p>\n","protected":false},"author":54,"featured_media":181492,"comment_status":"open","ping_status":"closed","sticky":false,"template":"","format":"standard","meta":{"footnotes":""},"categories":[61],"tags":[],"class_list":["post-181478","post","type-post","status-publish","format-standard","has-post-thumbnail","hentry","category-gestao-negocios-moda"],"yoast_head":"<!-- This site is optimized with the Yoast SEO Premium plugin v27.4 (Yoast SEO v27.4) - https:\/\/yoast.com\/product\/yoast-seo-premium-wordpress\/ -->\n<title>Direito da moda: onde se aplica e por que se adequar?<\/title>\n<meta name=\"description\" content=\"Sabia que o direito da moda impacta mais \u00e1reas da sua confec\u00e7\u00e3o do que voc\u00ea imagina? Descubra tudo neste guia completo!\" \/>\n<meta name=\"robots\" content=\"index, follow, max-snippet:-1, max-image-preview:large, max-video-preview:-1\" \/>\n<link rel=\"canonical\" href=\"https:\/\/audaces.com\/pt-br\/blog\/direito-moda\" \/>\n<meta property=\"og:locale\" content=\"pt_BR\" \/>\n<meta property=\"og:type\" content=\"article\" \/>\n<meta property=\"og:title\" content=\"Direito da moda: onde se aplica e por que se adequar?\" \/>\n<meta property=\"og:description\" content=\"Sabia que o direito da moda impacta mais \u00e1reas da sua confec\u00e7\u00e3o do que voc\u00ea imagina? Descubra tudo neste guia completo!\" \/>\n<meta property=\"og:url\" content=\"https:\/\/audaces.com\/pt-br\/blog\/direito-moda\" \/>\n<meta property=\"og:site_name\" content=\"Audaces\" \/>\n<meta property=\"article:publisher\" content=\"https:\/\/www.facebook.com\/audaces.pt\" \/>\n<meta property=\"article:published_time\" content=\"2024-10-16T13:00:00+00:00\" \/>\n<meta property=\"article:modified_time\" content=\"2024-10-28T14:31:49+00:00\" \/>\n<meta property=\"og:image\" content=\"https:\/\/audaces.com\/wp-content\/uploads\/2024\/10\/direito-moda-destaque.webp\" \/>\n\t<meta property=\"og:image:width\" content=\"1500\" \/>\n\t<meta property=\"og:image:height\" content=\"1000\" \/>\n\t<meta property=\"og:image:type\" content=\"image\/webp\" \/>\n<meta name=\"author\" content=\"Audara\" \/>\n<meta name=\"twitter:card\" content=\"summary_large_image\" \/>\n<meta name=\"twitter:label1\" content=\"Escrito por\" \/>\n\t<meta name=\"twitter:data1\" content=\"Audara\" \/>\n\t<meta name=\"twitter:label2\" content=\"Est. tempo de leitura\" \/>\n\t<meta name=\"twitter:data2\" content=\"10 minutos\" \/>\n<script type=\"application\/ld+json\" class=\"yoast-schema-graph\">{\"@context\":\"https:\\\/\\\/schema.org\",\"@graph\":[{\"@type\":\"Article\",\"@id\":\"https:\\\/\\\/audaces.com\\\/pt-br\\\/blog\\\/direito-moda#article\",\"isPartOf\":{\"@id\":\"https:\\\/\\\/audaces.com\\\/pt-br\\\/blog\\\/direito-moda\"},\"author\":{\"name\":\"Audara\",\"@id\":\"https:\\\/\\\/audaces.com\\\/pt-br\\\/#\\\/schema\\\/person\\\/64fd4e45d55c0765a8d3193a2dfe4a8b\"},\"headline\":\"5 raz\u00f5es para conhecer e se adequar ao direito da moda\",\"datePublished\":\"2024-10-16T13:00:00+00:00\",\"dateModified\":\"2024-10-28T14:31:49+00:00\",\"mainEntityOfPage\":{\"@id\":\"https:\\\/\\\/audaces.com\\\/pt-br\\\/blog\\\/direito-moda\"},\"wordCount\":1852,\"commentCount\":0,\"publisher\":{\"@id\":\"https:\\\/\\\/audaces.com\\\/pt-br\\\/#organization\"},\"image\":{\"@id\":\"https:\\\/\\\/audaces.com\\\/pt-br\\\/blog\\\/direito-moda#primaryimage\"},\"thumbnailUrl\":\"https:\\\/\\\/audaces.com\\\/wp-content\\\/uploads\\\/2024\\\/10\\\/direito-moda-destaque.webp\",\"articleSection\":[\"Gest\u00e3o e Neg\u00f3cios de Moda\"],\"inLanguage\":\"pt-BR\",\"potentialAction\":[{\"@type\":\"CommentAction\",\"name\":\"Comment\",\"target\":[\"https:\\\/\\\/audaces.com\\\/pt-br\\\/blog\\\/direito-moda#respond\"]}]},{\"@type\":[\"WebPage\",\"FAQPage\"],\"@id\":\"https:\\\/\\\/audaces.com\\\/pt-br\\\/blog\\\/direito-moda\",\"url\":\"https:\\\/\\\/audaces.com\\\/pt-br\\\/blog\\\/direito-moda\",\"name\":\"Direito da moda: onde se aplica e por que se adequar?\",\"isPartOf\":{\"@id\":\"https:\\\/\\\/audaces.com\\\/pt-br\\\/#website\"},\"primaryImageOfPage\":{\"@id\":\"https:\\\/\\\/audaces.com\\\/pt-br\\\/blog\\\/direito-moda#primaryimage\"},\"image\":{\"@id\":\"https:\\\/\\\/audaces.com\\\/pt-br\\\/blog\\\/direito-moda#primaryimage\"},\"thumbnailUrl\":\"https:\\\/\\\/audaces.com\\\/wp-content\\\/uploads\\\/2024\\\/10\\\/direito-moda-destaque.webp\",\"datePublished\":\"2024-10-16T13:00:00+00:00\",\"dateModified\":\"2024-10-28T14:31:49+00:00\",\"description\":\"Sabia que o direito da moda impacta mais \u00e1reas da sua confec\u00e7\u00e3o do que voc\u00ea imagina? Descubra tudo neste guia completo!\",\"breadcrumb\":{\"@id\":\"https:\\\/\\\/audaces.com\\\/pt-br\\\/blog\\\/direito-moda#breadcrumb\"},\"mainEntity\":[{\"@id\":\"https:\\\/\\\/audaces.com\\\/pt-br\\\/blog\\\/direito-moda#faq-question-1728928608904\"},{\"@id\":\"https:\\\/\\\/audaces.com\\\/pt-br\\\/blog\\\/direito-moda#faq-question-1728928636875\"},{\"@id\":\"https:\\\/\\\/audaces.com\\\/pt-br\\\/blog\\\/direito-moda#faq-question-1728928648755\"}],\"inLanguage\":\"pt-BR\",\"potentialAction\":[{\"@type\":\"ReadAction\",\"target\":[\"https:\\\/\\\/audaces.com\\\/pt-br\\\/blog\\\/direito-moda\"]}]},{\"@type\":\"ImageObject\",\"inLanguage\":\"pt-BR\",\"@id\":\"https:\\\/\\\/audaces.com\\\/pt-br\\\/blog\\\/direito-moda#primaryimage\",\"url\":\"https:\\\/\\\/audaces.com\\\/wp-content\\\/uploads\\\/2024\\\/10\\\/direito-moda-destaque.webp\",\"contentUrl\":\"https:\\\/\\\/audaces.com\\\/wp-content\\\/uploads\\\/2024\\\/10\\\/direito-moda-destaque.webp\",\"width\":1500,\"height\":1000,\"caption\":\"Descubra como o direito da moda pode proteger sua confec\u00e7\u00e3o.\"},{\"@type\":\"BreadcrumbList\",\"@id\":\"https:\\\/\\\/audaces.com\\\/pt-br\\\/blog\\\/direito-moda#breadcrumb\",\"itemListElement\":[{\"@type\":\"ListItem\",\"position\":1,\"name\":\"INIZIO\",\"item\":\"https:\\\/\\\/audaces.com\\\/pt-br\"},{\"@type\":\"ListItem\",\"position\":2,\"name\":\"5 raz\u00f5es para conhecer e se adequar ao direito da moda\"}]},{\"@type\":\"WebSite\",\"@id\":\"https:\\\/\\\/audaces.com\\\/pt-br\\\/#website\",\"url\":\"https:\\\/\\\/audaces.com\\\/pt-br\\\/\",\"name\":\"Audaces\",\"description\":\"We are the Industry 4.0\",\"publisher\":{\"@id\":\"https:\\\/\\\/audaces.com\\\/pt-br\\\/#organization\"},\"potentialAction\":[{\"@type\":\"SearchAction\",\"target\":{\"@type\":\"EntryPoint\",\"urlTemplate\":\"https:\\\/\\\/audaces.com\\\/pt-br\\\/?s={search_term_string}\"},\"query-input\":{\"@type\":\"PropertyValueSpecification\",\"valueRequired\":true,\"valueName\":\"search_term_string\"}}],\"inLanguage\":\"pt-BR\"},{\"@type\":\"Organization\",\"@id\":\"https:\\\/\\\/audaces.com\\\/pt-br\\\/#organization\",\"name\":\"Audaces\",\"url\":\"https:\\\/\\\/audaces.com\\\/pt-br\\\/\",\"logo\":{\"@type\":\"ImageObject\",\"inLanguage\":\"pt-BR\",\"@id\":\"https:\\\/\\\/audaces.com\\\/pt-br\\\/#\\\/schema\\\/logo\\\/image\\\/\",\"url\":\"https:\\\/\\\/audaces.com\\\/wp-content\\\/uploads\\\/2022\\\/01\\\/cropped-cropped-logo-audace.png\",\"contentUrl\":\"https:\\\/\\\/audaces.com\\\/wp-content\\\/uploads\\\/2022\\\/01\\\/cropped-cropped-logo-audace.png\",\"width\":512,\"height\":512,\"caption\":\"Audaces\"},\"image\":{\"@id\":\"https:\\\/\\\/audaces.com\\\/pt-br\\\/#\\\/schema\\\/logo\\\/image\\\/\"},\"sameAs\":[\"https:\\\/\\\/www.facebook.com\\\/audaces.pt\"]},{\"@type\":\"Person\",\"@id\":\"https:\\\/\\\/audaces.com\\\/pt-br\\\/#\\\/schema\\\/person\\\/64fd4e45d55c0765a8d3193a2dfe4a8b\",\"name\":\"Audara\",\"image\":{\"@type\":\"ImageObject\",\"inLanguage\":\"pt-BR\",\"@id\":\"https:\\\/\\\/audaces.com\\\/wp-content\\\/uploads\\\/2025\\\/05\\\/cropped-audara-96x96.jpg\",\"url\":\"https:\\\/\\\/audaces.com\\\/wp-content\\\/uploads\\\/2025\\\/05\\\/cropped-audara-96x96.jpg\",\"contentUrl\":\"https:\\\/\\\/audaces.com\\\/wp-content\\\/uploads\\\/2025\\\/05\\\/cropped-audara-96x96.jpg\",\"caption\":\"Audara\"},\"description\":\"Fashion Tech Specialist at Audaces\",\"sameAs\":[\"https:\\\/\\\/audaces.com\"],\"url\":\"https:\\\/\\\/audaces.com\\\/pt-br\\\/blog\\\/author\\\/audara\"},{\"@type\":\"Question\",\"@id\":\"https:\\\/\\\/audaces.com\\\/pt-br\\\/blog\\\/direito-moda#faq-question-1728928608904\",\"position\":1,\"url\":\"https:\\\/\\\/audaces.com\\\/pt-br\\\/blog\\\/direito-moda#faq-question-1728928608904\",\"name\":\"Por que voc\u00ea deve entender sobre o direito da moda?\",\"answerCount\":1,\"acceptedAnswer\":{\"@type\":\"Answer\",\"text\":\"Ao conhecer o direito da moda, voc\u00ea evita cometer erros que possam prejudicar o seu neg\u00f3cio. Copiar uma ideia sem querer ou usar uma marca que j\u00e1 \u00e9 registrada pode trazer s\u00e9rios preju\u00edzos.\",\"inLanguage\":\"pt-BR\"},\"inLanguage\":\"pt-BR\"},{\"@type\":\"Question\",\"@id\":\"https:\\\/\\\/audaces.com\\\/pt-br\\\/blog\\\/direito-moda#faq-question-1728928636875\",\"position\":2,\"url\":\"https:\\\/\\\/audaces.com\\\/pt-br\\\/blog\\\/direito-moda#faq-question-1728928636875\",\"name\":\"O que \u00e9 direito da moda?\",\"answerCount\":1,\"acceptedAnswer\":{\"@type\":\"Answer\",\"text\":\"O direito da moda \u00e9 a \u00e1rea jur\u00eddica que trata das quest\u00f5es legais relacionadas \u00e0 ind\u00fastria t\u00eaxtil. Marcas podem registrar suas cria\u00e7\u00f5es para evitar que outras pessoas usem ou copiem sem permiss\u00e3o.\",\"inLanguage\":\"pt-BR\"},\"inLanguage\":\"pt-BR\"},{\"@type\":\"Question\",\"@id\":\"https:\\\/\\\/audaces.com\\\/pt-br\\\/blog\\\/direito-moda#faq-question-1728928648755\",\"position\":3,\"url\":\"https:\\\/\\\/audaces.com\\\/pt-br\\\/blog\\\/direito-moda#faq-question-1728928648755\",\"name\":\"Em quais \u00e1reas o direito da moda se aplica?\",\"answerCount\":1,\"acceptedAnswer\":{\"@type\":\"Answer\",\"text\":\"Propriedade intelectual, trabalho e direitos humanos, sustentabilidade e meio ambiente, moda digital e tecnologia, sa\u00fade e seguran\u00e7a do consumidor.\",\"inLanguage\":\"pt-BR\"},\"inLanguage\":\"pt-BR\"}]}<\/script>\n<!-- \/ Yoast SEO Premium plugin. -->","yoast_head_json":{"title":"Direito da moda: onde se aplica e por que se adequar?","description":"Sabia que o direito da moda impacta mais \u00e1reas da sua confec\u00e7\u00e3o do que voc\u00ea imagina? Descubra tudo neste guia completo!","robots":{"index":"index","follow":"follow","max-snippet":"max-snippet:-1","max-image-preview":"max-image-preview:large","max-video-preview":"max-video-preview:-1"},"canonical":"https:\/\/audaces.com\/pt-br\/blog\/direito-moda","og_locale":"pt_BR","og_type":"article","og_title":"Direito da moda: onde se aplica e por que se adequar?","og_description":"Sabia que o direito da moda impacta mais \u00e1reas da sua confec\u00e7\u00e3o do que voc\u00ea imagina? Descubra tudo neste guia completo!","og_url":"https:\/\/audaces.com\/pt-br\/blog\/direito-moda","og_site_name":"Audaces","article_publisher":"https:\/\/www.facebook.com\/audaces.pt","article_published_time":"2024-10-16T13:00:00+00:00","article_modified_time":"2024-10-28T14:31:49+00:00","og_image":[{"width":1500,"height":1000,"url":"https:\/\/audaces.com\/wp-content\/uploads\/2024\/10\/direito-moda-destaque.webp","type":"image\/webp"}],"author":"Audara","twitter_card":"summary_large_image","twitter_misc":{"Escrito por":"Audara","Est. tempo de leitura":"10 minutos"},"schema":{"@context":"https:\/\/schema.org","@graph":[{"@type":"Article","@id":"https:\/\/audaces.com\/pt-br\/blog\/direito-moda#article","isPartOf":{"@id":"https:\/\/audaces.com\/pt-br\/blog\/direito-moda"},"author":{"name":"Audara","@id":"https:\/\/audaces.com\/pt-br\/#\/schema\/person\/64fd4e45d55c0765a8d3193a2dfe4a8b"},"headline":"5 raz\u00f5es para conhecer e se adequar ao direito da moda","datePublished":"2024-10-16T13:00:00+00:00","dateModified":"2024-10-28T14:31:49+00:00","mainEntityOfPage":{"@id":"https:\/\/audaces.com\/pt-br\/blog\/direito-moda"},"wordCount":1852,"commentCount":0,"publisher":{"@id":"https:\/\/audaces.com\/pt-br\/#organization"},"image":{"@id":"https:\/\/audaces.com\/pt-br\/blog\/direito-moda#primaryimage"},"thumbnailUrl":"https:\/\/audaces.com\/wp-content\/uploads\/2024\/10\/direito-moda-destaque.webp","articleSection":["Gest\u00e3o e Neg\u00f3cios de Moda"],"inLanguage":"pt-BR","potentialAction":[{"@type":"CommentAction","name":"Comment","target":["https:\/\/audaces.com\/pt-br\/blog\/direito-moda#respond"]}]},{"@type":["WebPage","FAQPage"],"@id":"https:\/\/audaces.com\/pt-br\/blog\/direito-moda","url":"https:\/\/audaces.com\/pt-br\/blog\/direito-moda","name":"Direito da moda: onde se aplica e por que se adequar?","isPartOf":{"@id":"https:\/\/audaces.com\/pt-br\/#website"},"primaryImageOfPage":{"@id":"https:\/\/audaces.com\/pt-br\/blog\/direito-moda#primaryimage"},"image":{"@id":"https:\/\/audaces.com\/pt-br\/blog\/direito-moda#primaryimage"},"thumbnailUrl":"https:\/\/audaces.com\/wp-content\/uploads\/2024\/10\/direito-moda-destaque.webp","datePublished":"2024-10-16T13:00:00+00:00","dateModified":"2024-10-28T14:31:49+00:00","description":"Sabia que o direito da moda impacta mais \u00e1reas da sua confec\u00e7\u00e3o do que voc\u00ea imagina? Descubra tudo neste guia completo!","breadcrumb":{"@id":"https:\/\/audaces.com\/pt-br\/blog\/direito-moda#breadcrumb"},"mainEntity":[{"@id":"https:\/\/audaces.com\/pt-br\/blog\/direito-moda#faq-question-1728928608904"},{"@id":"https:\/\/audaces.com\/pt-br\/blog\/direito-moda#faq-question-1728928636875"},{"@id":"https:\/\/audaces.com\/pt-br\/blog\/direito-moda#faq-question-1728928648755"}],"inLanguage":"pt-BR","potentialAction":[{"@type":"ReadAction","target":["https:\/\/audaces.com\/pt-br\/blog\/direito-moda"]}]},{"@type":"ImageObject","inLanguage":"pt-BR","@id":"https:\/\/audaces.com\/pt-br\/blog\/direito-moda#primaryimage","url":"https:\/\/audaces.com\/wp-content\/uploads\/2024\/10\/direito-moda-destaque.webp","contentUrl":"https:\/\/audaces.com\/wp-content\/uploads\/2024\/10\/direito-moda-destaque.webp","width":1500,"height":1000,"caption":"Descubra como o direito da moda pode proteger sua confec\u00e7\u00e3o."},{"@type":"BreadcrumbList","@id":"https:\/\/audaces.com\/pt-br\/blog\/direito-moda#breadcrumb","itemListElement":[{"@type":"ListItem","position":1,"name":"INIZIO","item":"https:\/\/audaces.com\/pt-br"},{"@type":"ListItem","position":2,"name":"5 raz\u00f5es para conhecer e se adequar ao direito da moda"}]},{"@type":"WebSite","@id":"https:\/\/audaces.com\/pt-br\/#website","url":"https:\/\/audaces.com\/pt-br\/","name":"Audaces","description":"We are the Industry 4.0","publisher":{"@id":"https:\/\/audaces.com\/pt-br\/#organization"},"potentialAction":[{"@type":"SearchAction","target":{"@type":"EntryPoint","urlTemplate":"https:\/\/audaces.com\/pt-br\/?s={search_term_string}"},"query-input":{"@type":"PropertyValueSpecification","valueRequired":true,"valueName":"search_term_string"}}],"inLanguage":"pt-BR"},{"@type":"Organization","@id":"https:\/\/audaces.com\/pt-br\/#organization","name":"Audaces","url":"https:\/\/audaces.com\/pt-br\/","logo":{"@type":"ImageObject","inLanguage":"pt-BR","@id":"https:\/\/audaces.com\/pt-br\/#\/schema\/logo\/image\/","url":"https:\/\/audaces.com\/wp-content\/uploads\/2022\/01\/cropped-cropped-logo-audace.png","contentUrl":"https:\/\/audaces.com\/wp-content\/uploads\/2022\/01\/cropped-cropped-logo-audace.png","width":512,"height":512,"caption":"Audaces"},"image":{"@id":"https:\/\/audaces.com\/pt-br\/#\/schema\/logo\/image\/"},"sameAs":["https:\/\/www.facebook.com\/audaces.pt"]},{"@type":"Person","@id":"https:\/\/audaces.com\/pt-br\/#\/schema\/person\/64fd4e45d55c0765a8d3193a2dfe4a8b","name":"Audara","image":{"@type":"ImageObject","inLanguage":"pt-BR","@id":"https:\/\/audaces.com\/wp-content\/uploads\/2025\/05\/cropped-audara-96x96.jpg","url":"https:\/\/audaces.com\/wp-content\/uploads\/2025\/05\/cropped-audara-96x96.jpg","contentUrl":"https:\/\/audaces.com\/wp-content\/uploads\/2025\/05\/cropped-audara-96x96.jpg","caption":"Audara"},"description":"Fashion Tech Specialist at Audaces","sameAs":["https:\/\/audaces.com"],"url":"https:\/\/audaces.com\/pt-br\/blog\/author\/audara"},{"@type":"Question","@id":"https:\/\/audaces.com\/pt-br\/blog\/direito-moda#faq-question-1728928608904","position":1,"url":"https:\/\/audaces.com\/pt-br\/blog\/direito-moda#faq-question-1728928608904","name":"Por que voc\u00ea deve entender sobre o direito da moda?","answerCount":1,"acceptedAnswer":{"@type":"Answer","text":"Ao conhecer o direito da moda, voc\u00ea evita cometer erros que possam prejudicar o seu neg\u00f3cio. Copiar uma ideia sem querer ou usar uma marca que j\u00e1 \u00e9 registrada pode trazer s\u00e9rios preju\u00edzos.","inLanguage":"pt-BR"},"inLanguage":"pt-BR"},{"@type":"Question","@id":"https:\/\/audaces.com\/pt-br\/blog\/direito-moda#faq-question-1728928636875","position":2,"url":"https:\/\/audaces.com\/pt-br\/blog\/direito-moda#faq-question-1728928636875","name":"O que \u00e9 direito da moda?","answerCount":1,"acceptedAnswer":{"@type":"Answer","text":"O direito da moda \u00e9 a \u00e1rea jur\u00eddica que trata das quest\u00f5es legais relacionadas \u00e0 ind\u00fastria t\u00eaxtil. Marcas podem registrar suas cria\u00e7\u00f5es para evitar que outras pessoas usem ou copiem sem permiss\u00e3o.","inLanguage":"pt-BR"},"inLanguage":"pt-BR"},{"@type":"Question","@id":"https:\/\/audaces.com\/pt-br\/blog\/direito-moda#faq-question-1728928648755","position":3,"url":"https:\/\/audaces.com\/pt-br\/blog\/direito-moda#faq-question-1728928648755","name":"Em quais \u00e1reas o direito da moda se aplica?","answerCount":1,"acceptedAnswer":{"@type":"Answer","text":"Propriedade intelectual, trabalho e direitos humanos, sustentabilidade e meio ambiente, moda digital e tecnologia, sa\u00fade e seguran\u00e7a do consumidor.","inLanguage":"pt-BR"},"inLanguage":"pt-BR"}]}},"_links":{"self":[{"href":"https:\/\/audaces.com\/pt-br\/wp-json\/wp\/v2\/posts\/181478","targetHints":{"allow":["GET"]}}],"collection":[{"href":"https:\/\/audaces.com\/pt-br\/wp-json\/wp\/v2\/posts"}],"about":[{"href":"https:\/\/audaces.com\/pt-br\/wp-json\/wp\/v2\/types\/post"}],"author":[{"embeddable":true,"href":"https:\/\/audaces.com\/pt-br\/wp-json\/wp\/v2\/users\/54"}],"replies":[{"embeddable":true,"href":"https:\/\/audaces.com\/pt-br\/wp-json\/wp\/v2\/comments?post=181478"}],"version-history":[{"count":7,"href":"https:\/\/audaces.com\/pt-br\/wp-json\/wp\/v2\/posts\/181478\/revisions"}],"predecessor-version":[{"id":182196,"href":"https:\/\/audaces.com\/pt-br\/wp-json\/wp\/v2\/posts\/181478\/revisions\/182196"}],"wp:featuredmedia":[{"embeddable":true,"href":"https:\/\/audaces.com\/pt-br\/wp-json\/wp\/v2\/media\/181492"}],"wp:attachment":[{"href":"https:\/\/audaces.com\/pt-br\/wp-json\/wp\/v2\/media?parent=181478"}],"wp:term":[{"taxonomy":"category","embeddable":true,"href":"https:\/\/audaces.com\/pt-br\/wp-json\/wp\/v2\/categories?post=181478"},{"taxonomy":"post_tag","embeddable":true,"href":"https:\/\/audaces.com\/pt-br\/wp-json\/wp\/v2\/tags?post=181478"}],"curies":[{"name":"wp","href":"https:\/\/api.w.org\/{rel}","templated":true}]}}