{"id":16609,"date":"2018-08-19T10:10:01","date_gmt":"2018-08-19T13:10:01","guid":{"rendered":"https:\/\/audaces.com\/?p=16609"},"modified":"2023-01-31T14:29:35","modified_gmt":"2023-01-31T14:29:35","slug":"aviso-descontinuidade-versoes-11-12-audaces-vestuario","status":"publish","type":"post","link":"https:\/\/audaces.com\/pt-br\/blog\/aviso-descontinuidade-versoes-11-12-audaces-vestuario","title":{"rendered":"Aviso de descontinuidade das vers\u00f5es 11 e 12 do Audaces Vestu\u00e1rio"},"content":{"rendered":"<p>Prezado <strong>CLIENTE<\/strong>,<\/p>\n<p>A <a href=\"https:\/\/audaces.com\/\" target=\"_blank\" rel=\"noopener\">AUDACES<\/a> no uso de suas atribui\u00e7\u00f5es como desenvolvedora e detentora dos direitos autorais dos softwares <strong>AUDACES VESTU\u00c1RIO VERS\u00c3O 11 (onze) e 12 (doze)<\/strong>, tendo deixado de comercializar o Audaces Vestu\u00e1rio nas vers\u00f5es 11 e 12, comunica que a partir do dia 10 de novembro de 2018 far\u00e1 a descontinua\u00e7\u00e3o oficial e irrevog\u00e1vel das vers\u00f5es acima citadas dos referidos softwares, encerrando, portanto, o suporte t\u00e9cnico e treinamentos para estes produtos.<\/p>\n<p>A Audaces disponibiliza a todos os seus clientes e usu\u00e1rios tecnologia e vers\u00f5es superiores dos softwares Audaces Vestu\u00e1rio 11 e 12, que j\u00e1 se encontram no mercado dispon\u00edveis para aquisi\u00e7\u00e3o.<\/p>\n<p>O ato de descontinua\u00e7\u00e3o est\u00e1 amparado pela Lei do Software, pela Lei dos Direitos Autorais, e pela Lei da Propriedade Intelectual e Industrial, e da Lei Internacional de Copyrights. (L n. 9.609\/98 art. 8, L n.9.610\/98, art. 7, XII c\/c 24, I, VI, c\/c 27, 28, 30 e 37; EC Software Directive of 14 May 1991, 91\/250\/EEC, publicada no Official Journal of the EEC de 17\/05\/91, L122\/42). Salienta-se que os softwares AUDACES VESTU\u00c1RIO \u00e9, e sempre foi de propriedade da AUDACES, direito de propriedade intransfer\u00edvel pela sua natureza jur\u00eddica. A Audaces disponibiliza para clientes e usu\u00e1rios t\u00e3o somente a <strong>LICEN\u00c7A DE USO<\/strong> e pode a qualquer momento ser revogada pelo detentor dos direitos autorais. Al\u00e9m da licen\u00e7a de uso n\u00e3o transferir propriedade, t\u00e3o somente autorizar o uso do produto autoral e intelectual de outrem, impede a venda, aliena\u00e7\u00e3o, transfer\u00eancia ou doa\u00e7\u00e3o a terceiro, situa\u00e7\u00e3o estas j\u00e1 previstas em Lei espec\u00edfica e, inclusive, no contrato de licen\u00e7a de uso.<\/p>\n<p><strong>Em caso de queima, perda, extravio, roubo, ou qualquer esp\u00e9cie de defeito ou dano nestes insumos, a AUDACES n\u00e3o poder\u00e1 de nenhuma forma substituir ou indeniz\u00e1-los ao usu\u00e1rio, pois n\u00e3o s\u00e3o mais produzidos, comercializados e totalmente descontinuados. Sendo de total responsabilidade do usu\u00e1rio que optou por n\u00e3o atualizar a sua vers\u00e3o do sistema e do hardware.<\/strong><\/p>\n<p>O direito do consumidor foi plenamente garantido pela publicidade e comunica\u00e7\u00e3o pr\u00e9via do ato de descontinuidade. Pela natureza jur\u00eddica do bem em quest\u00e3o e pela previs\u00e3o de Lei Espec\u00edfica, a descontinua\u00e7\u00e3o \u00e9 plenamente vi\u00e1vel uma vez que comunicada previamente ao usu\u00e1rio, exatamente como a AUDACES tem procedido.<\/p>\n","protected":false},"excerpt":{"rendered":"<p>A Audaces comunica que a partir do dia 10 de novembro de 2018 far\u00e1 a descontinua\u00e7\u00e3o oficial das vers\u00f5es 11 e 12 do software Audaces Vestu\u00e1rio. Saiba mais.<\/p>\n","protected":false},"author":54,"featured_media":16735,"comment_status":"open","ping_status":"open","sticky":false,"template":"","format":"standard","meta":{"footnotes":""},"categories":[29],"tags":[53,3093,3094,3095,118,119,120,3096,3097,162,792,3098,3099,3100],"class_list":["post-16609","post","type-post","status-publish","format-standard","has-post-thumbnail","hentry","category-institucional","tag-audaces","tag-audaces-vestuario","tag-descontinuidade-audaces-vestuario","tag-descontinuidade-versoes-softwares-audaces","tag-industria-da-confeccao","tag-industria-da-moda","tag-industria-do-vestuario","tag-software-audaces","tag-suporte-tecnico-audaces","tag-tecnologia-para-a-moda","tag-tecnologias-audaces","tag-treinamentos-audaces","tag-versao-11-audaces-vestuario","tag-versao-12-audaces-vestuario"],"yoast_head":"<!-- This site is optimized with the Yoast SEO Premium plugin v27.4 (Yoast SEO v27.5) - https:\/\/yoast.com\/product\/yoast-seo-premium-wordpress\/ -->\n<title>Aviso de descontinuidade das vers\u00f5es 11 e 12 do Audaces Vestu\u00e1rio<\/title>\n<meta name=\"description\" content=\"A Audaces comunica que a partir do dia 10 de novembro de 2018 far\u00e1 a descontinua\u00e7\u00e3o oficial das vers\u00f5es 11 e 12 do software Audaces Vestu\u00e1rio. Saiba mais.\" \/>\n<meta name=\"robots\" content=\"index, follow, max-snippet:-1, max-image-preview:large, max-video-preview:-1\" \/>\n<link rel=\"canonical\" href=\"https:\/\/audaces.com\/pt-br\/blog\/aviso-descontinuidade-versoes-11-12-audaces-vestuario\" \/>\n<meta property=\"og:locale\" content=\"pt_BR\" \/>\n<meta property=\"og:type\" content=\"article\" \/>\n<meta property=\"og:title\" content=\"Aviso de descontinuidade das vers\u00f5es 11 e 12 do Audaces Vestu\u00e1rio\" \/>\n<meta property=\"og:description\" content=\"A Audaces comunica que a partir do dia 10 de novembro de 2018 far\u00e1 a descontinua\u00e7\u00e3o oficial das vers\u00f5es 11 e 12 do software Audaces Vestu\u00e1rio. Saiba mais.\" \/>\n<meta property=\"og:url\" content=\"https:\/\/audaces.com\/pt-br\/blog\/aviso-descontinuidade-versoes-11-12-audaces-vestuario\" \/>\n<meta property=\"og:site_name\" content=\"Audaces\" \/>\n<meta property=\"article:publisher\" content=\"https:\/\/www.facebook.com\/audaces.pt\" \/>\n<meta property=\"article:published_time\" content=\"2018-08-19T13:10:01+00:00\" \/>\n<meta property=\"article:modified_time\" content=\"2023-01-31T14:29:35+00:00\" \/>\n<meta property=\"og:image\" content=\"https:\/\/audaces.com\/wp-content\/uploads\/2018\/09\/audaces-vestuario-descontinuidade-versoes-audaces.jpg\" \/>\n\t<meta property=\"og:image:width\" content=\"1440\" \/>\n\t<meta property=\"og:image:height\" content=\"888\" \/>\n\t<meta property=\"og:image:type\" content=\"image\/jpeg\" \/>\n<meta name=\"author\" content=\"Audara\" \/>\n<meta name=\"twitter:card\" content=\"summary_large_image\" \/>\n<meta name=\"twitter:label1\" content=\"Escrito por\" \/>\n\t<meta name=\"twitter:data1\" content=\"Audara\" \/>\n\t<meta name=\"twitter:label2\" content=\"Est. tempo de leitura\" \/>\n\t<meta name=\"twitter:data2\" content=\"3 minutos\" \/>\n<script type=\"application\/ld+json\" class=\"yoast-schema-graph\">{\"@context\":\"https:\\\/\\\/schema.org\",\"@graph\":[{\"@type\":\"Article\",\"@id\":\"https:\\\/\\\/audaces.com\\\/pt-br\\\/blog\\\/aviso-descontinuidade-versoes-11-12-audaces-vestuario#article\",\"isPartOf\":{\"@id\":\"https:\\\/\\\/audaces.com\\\/pt-br\\\/blog\\\/aviso-descontinuidade-versoes-11-12-audaces-vestuario\"},\"author\":{\"name\":\"Audara\",\"@id\":\"https:\\\/\\\/audaces.com\\\/pt-br\\\/#\\\/schema\\\/person\\\/64fd4e45d55c0765a8d3193a2dfe4a8b\"},\"headline\":\"Aviso de descontinuidade das vers\u00f5es 11 e 12 do Audaces Vestu\u00e1rio\",\"datePublished\":\"2018-08-19T13:10:01+00:00\",\"dateModified\":\"2023-01-31T14:29:35+00:00\",\"mainEntityOfPage\":{\"@id\":\"https:\\\/\\\/audaces.com\\\/pt-br\\\/blog\\\/aviso-descontinuidade-versoes-11-12-audaces-vestuario\"},\"wordCount\":404,\"commentCount\":4,\"publisher\":{\"@id\":\"https:\\\/\\\/audaces.com\\\/pt-br\\\/#organization\"},\"image\":{\"@id\":\"https:\\\/\\\/audaces.com\\\/pt-br\\\/blog\\\/aviso-descontinuidade-versoes-11-12-audaces-vestuario#primaryimage\"},\"thumbnailUrl\":\"https:\\\/\\\/audaces.com\\\/wp-content\\\/uploads\\\/2018\\\/09\\\/audaces-vestuario-descontinuidade-versoes-audaces.jpg\",\"keywords\":[\"Audaces\",\"Audaces Vestu\u00e1rio\",\"descontinuidade Audaces Vestu\u00e1rio\",\"descontinuidade vers\u00f5es softwares Audaces\",\"ind\u00fastria da confec\u00e7\u00e3o\",\"ind\u00fastria da moda\",\"ind\u00fastria do vestu\u00e1rio\",\"software Audaces\",\"suporte t\u00e9cnico Audaces\",\"tecnologia para a moda\",\"tecnologias Audaces\",\"treinamentos Audaces\",\"vers\u00e3o 11 Audaces Vestu\u00e1rio\",\"vers\u00e3o 12 Audaces Vestu\u00e1rio\"],\"articleSection\":[\"Institucional\"],\"inLanguage\":\"pt-BR\",\"potentialAction\":[{\"@type\":\"CommentAction\",\"name\":\"Comment\",\"target\":[\"https:\\\/\\\/audaces.com\\\/pt-br\\\/blog\\\/aviso-descontinuidade-versoes-11-12-audaces-vestuario#respond\"]}]},{\"@type\":\"WebPage\",\"@id\":\"https:\\\/\\\/audaces.com\\\/pt-br\\\/blog\\\/aviso-descontinuidade-versoes-11-12-audaces-vestuario\",\"url\":\"https:\\\/\\\/audaces.com\\\/pt-br\\\/blog\\\/aviso-descontinuidade-versoes-11-12-audaces-vestuario\",\"name\":\"Aviso de descontinuidade das vers\u00f5es 11 e 12 do Audaces Vestu\u00e1rio\",\"isPartOf\":{\"@id\":\"https:\\\/\\\/audaces.com\\\/pt-br\\\/#website\"},\"primaryImageOfPage\":{\"@id\":\"https:\\\/\\\/audaces.com\\\/pt-br\\\/blog\\\/aviso-descontinuidade-versoes-11-12-audaces-vestuario#primaryimage\"},\"image\":{\"@id\":\"https:\\\/\\\/audaces.com\\\/pt-br\\\/blog\\\/aviso-descontinuidade-versoes-11-12-audaces-vestuario#primaryimage\"},\"thumbnailUrl\":\"https:\\\/\\\/audaces.com\\\/wp-content\\\/uploads\\\/2018\\\/09\\\/audaces-vestuario-descontinuidade-versoes-audaces.jpg\",\"datePublished\":\"2018-08-19T13:10:01+00:00\",\"dateModified\":\"2023-01-31T14:29:35+00:00\",\"description\":\"A Audaces comunica que a partir do dia 10 de novembro de 2018 far\u00e1 a descontinua\u00e7\u00e3o oficial das vers\u00f5es 11 e 12 do software Audaces Vestu\u00e1rio. Saiba mais.\",\"breadcrumb\":{\"@id\":\"https:\\\/\\\/audaces.com\\\/pt-br\\\/blog\\\/aviso-descontinuidade-versoes-11-12-audaces-vestuario#breadcrumb\"},\"inLanguage\":\"pt-BR\",\"potentialAction\":[{\"@type\":\"ReadAction\",\"target\":[\"https:\\\/\\\/audaces.com\\\/pt-br\\\/blog\\\/aviso-descontinuidade-versoes-11-12-audaces-vestuario\"]}]},{\"@type\":\"ImageObject\",\"inLanguage\":\"pt-BR\",\"@id\":\"https:\\\/\\\/audaces.com\\\/pt-br\\\/blog\\\/aviso-descontinuidade-versoes-11-12-audaces-vestuario#primaryimage\",\"url\":\"https:\\\/\\\/audaces.com\\\/wp-content\\\/uploads\\\/2018\\\/09\\\/audaces-vestuario-descontinuidade-versoes-audaces.jpg\",\"contentUrl\":\"https:\\\/\\\/audaces.com\\\/wp-content\\\/uploads\\\/2018\\\/09\\\/audaces-vestuario-descontinuidade-versoes-audaces.jpg\",\"width\":1440,\"height\":888,\"caption\":\"audaces-vestuario-descontinuidade-versoes-audaces\"},{\"@type\":\"BreadcrumbList\",\"@id\":\"https:\\\/\\\/audaces.com\\\/pt-br\\\/blog\\\/aviso-descontinuidade-versoes-11-12-audaces-vestuario#breadcrumb\",\"itemListElement\":[{\"@type\":\"ListItem\",\"position\":1,\"name\":\"INIZIO\",\"item\":\"https:\\\/\\\/audaces.com\\\/pt-br\"},{\"@type\":\"ListItem\",\"position\":2,\"name\":\"Aviso de descontinuidade das vers\u00f5es 11 e 12 do Audaces Vestu\u00e1rio\"}]},{\"@type\":\"WebSite\",\"@id\":\"https:\\\/\\\/audaces.com\\\/pt-br\\\/#website\",\"url\":\"https:\\\/\\\/audaces.com\\\/pt-br\\\/\",\"name\":\"Audaces\",\"description\":\"We are the Industry 4.0\",\"publisher\":{\"@id\":\"https:\\\/\\\/audaces.com\\\/pt-br\\\/#organization\"},\"potentialAction\":[{\"@type\":\"SearchAction\",\"target\":{\"@type\":\"EntryPoint\",\"urlTemplate\":\"https:\\\/\\\/audaces.com\\\/pt-br\\\/?s={search_term_string}\"},\"query-input\":{\"@type\":\"PropertyValueSpecification\",\"valueRequired\":true,\"valueName\":\"search_term_string\"}}],\"inLanguage\":\"pt-BR\"},{\"@type\":\"Organization\",\"@id\":\"https:\\\/\\\/audaces.com\\\/pt-br\\\/#organization\",\"name\":\"Audaces\",\"url\":\"https:\\\/\\\/audaces.com\\\/pt-br\\\/\",\"logo\":{\"@type\":\"ImageObject\",\"inLanguage\":\"pt-BR\",\"@id\":\"https:\\\/\\\/audaces.com\\\/pt-br\\\/#\\\/schema\\\/logo\\\/image\\\/\",\"url\":\"https:\\\/\\\/audaces.com\\\/wp-content\\\/uploads\\\/2022\\\/01\\\/cropped-cropped-logo-audace.png\",\"contentUrl\":\"https:\\\/\\\/audaces.com\\\/wp-content\\\/uploads\\\/2022\\\/01\\\/cropped-cropped-logo-audace.png\",\"width\":512,\"height\":512,\"caption\":\"Audaces\"},\"image\":{\"@id\":\"https:\\\/\\\/audaces.com\\\/pt-br\\\/#\\\/schema\\\/logo\\\/image\\\/\"},\"sameAs\":[\"https:\\\/\\\/www.facebook.com\\\/audaces.pt\"]},{\"@type\":\"Person\",\"@id\":\"https:\\\/\\\/audaces.com\\\/pt-br\\\/#\\\/schema\\\/person\\\/64fd4e45d55c0765a8d3193a2dfe4a8b\",\"name\":\"Audara\",\"image\":{\"@type\":\"ImageObject\",\"inLanguage\":\"pt-BR\",\"@id\":\"https:\\\/\\\/audaces.com\\\/wp-content\\\/uploads\\\/2025\\\/05\\\/cropped-audara-96x96.jpg\",\"url\":\"https:\\\/\\\/audaces.com\\\/wp-content\\\/uploads\\\/2025\\\/05\\\/cropped-audara-96x96.jpg\",\"contentUrl\":\"https:\\\/\\\/audaces.com\\\/wp-content\\\/uploads\\\/2025\\\/05\\\/cropped-audara-96x96.jpg\",\"caption\":\"Audara\"},\"description\":\"Fashion Tech Specialist at Audaces\",\"sameAs\":[\"https:\\\/\\\/audaces.com\"],\"url\":\"https:\\\/\\\/audaces.com\\\/pt-br\\\/blog\\\/author\\\/audara\"}]}<\/script>\n<!-- \/ Yoast SEO Premium plugin. -->","yoast_head_json":{"title":"Aviso de descontinuidade das vers\u00f5es 11 e 12 do Audaces Vestu\u00e1rio","description":"A Audaces comunica que a partir do dia 10 de novembro de 2018 far\u00e1 a descontinua\u00e7\u00e3o oficial das vers\u00f5es 11 e 12 do software Audaces Vestu\u00e1rio. Saiba mais.","robots":{"index":"index","follow":"follow","max-snippet":"max-snippet:-1","max-image-preview":"max-image-preview:large","max-video-preview":"max-video-preview:-1"},"canonical":"https:\/\/audaces.com\/pt-br\/blog\/aviso-descontinuidade-versoes-11-12-audaces-vestuario","og_locale":"pt_BR","og_type":"article","og_title":"Aviso de descontinuidade das vers\u00f5es 11 e 12 do Audaces Vestu\u00e1rio","og_description":"A Audaces comunica que a partir do dia 10 de novembro de 2018 far\u00e1 a descontinua\u00e7\u00e3o oficial das vers\u00f5es 11 e 12 do software Audaces Vestu\u00e1rio. Saiba mais.","og_url":"https:\/\/audaces.com\/pt-br\/blog\/aviso-descontinuidade-versoes-11-12-audaces-vestuario","og_site_name":"Audaces","article_publisher":"https:\/\/www.facebook.com\/audaces.pt","article_published_time":"2018-08-19T13:10:01+00:00","article_modified_time":"2023-01-31T14:29:35+00:00","og_image":[{"width":1440,"height":888,"url":"https:\/\/audaces.com\/wp-content\/uploads\/2018\/09\/audaces-vestuario-descontinuidade-versoes-audaces.jpg","type":"image\/jpeg"}],"author":"Audara","twitter_card":"summary_large_image","twitter_misc":{"Escrito por":"Audara","Est. tempo de leitura":"3 minutos"},"schema":{"@context":"https:\/\/schema.org","@graph":[{"@type":"Article","@id":"https:\/\/audaces.com\/pt-br\/blog\/aviso-descontinuidade-versoes-11-12-audaces-vestuario#article","isPartOf":{"@id":"https:\/\/audaces.com\/pt-br\/blog\/aviso-descontinuidade-versoes-11-12-audaces-vestuario"},"author":{"name":"Audara","@id":"https:\/\/audaces.com\/pt-br\/#\/schema\/person\/64fd4e45d55c0765a8d3193a2dfe4a8b"},"headline":"Aviso de descontinuidade das vers\u00f5es 11 e 12 do Audaces Vestu\u00e1rio","datePublished":"2018-08-19T13:10:01+00:00","dateModified":"2023-01-31T14:29:35+00:00","mainEntityOfPage":{"@id":"https:\/\/audaces.com\/pt-br\/blog\/aviso-descontinuidade-versoes-11-12-audaces-vestuario"},"wordCount":404,"commentCount":4,"publisher":{"@id":"https:\/\/audaces.com\/pt-br\/#organization"},"image":{"@id":"https:\/\/audaces.com\/pt-br\/blog\/aviso-descontinuidade-versoes-11-12-audaces-vestuario#primaryimage"},"thumbnailUrl":"https:\/\/audaces.com\/wp-content\/uploads\/2018\/09\/audaces-vestuario-descontinuidade-versoes-audaces.jpg","keywords":["Audaces","Audaces Vestu\u00e1rio","descontinuidade Audaces Vestu\u00e1rio","descontinuidade vers\u00f5es softwares Audaces","ind\u00fastria da confec\u00e7\u00e3o","ind\u00fastria da moda","ind\u00fastria do vestu\u00e1rio","software Audaces","suporte t\u00e9cnico Audaces","tecnologia para a moda","tecnologias Audaces","treinamentos Audaces","vers\u00e3o 11 Audaces Vestu\u00e1rio","vers\u00e3o 12 Audaces Vestu\u00e1rio"],"articleSection":["Institucional"],"inLanguage":"pt-BR","potentialAction":[{"@type":"CommentAction","name":"Comment","target":["https:\/\/audaces.com\/pt-br\/blog\/aviso-descontinuidade-versoes-11-12-audaces-vestuario#respond"]}]},{"@type":"WebPage","@id":"https:\/\/audaces.com\/pt-br\/blog\/aviso-descontinuidade-versoes-11-12-audaces-vestuario","url":"https:\/\/audaces.com\/pt-br\/blog\/aviso-descontinuidade-versoes-11-12-audaces-vestuario","name":"Aviso de descontinuidade das vers\u00f5es 11 e 12 do Audaces Vestu\u00e1rio","isPartOf":{"@id":"https:\/\/audaces.com\/pt-br\/#website"},"primaryImageOfPage":{"@id":"https:\/\/audaces.com\/pt-br\/blog\/aviso-descontinuidade-versoes-11-12-audaces-vestuario#primaryimage"},"image":{"@id":"https:\/\/audaces.com\/pt-br\/blog\/aviso-descontinuidade-versoes-11-12-audaces-vestuario#primaryimage"},"thumbnailUrl":"https:\/\/audaces.com\/wp-content\/uploads\/2018\/09\/audaces-vestuario-descontinuidade-versoes-audaces.jpg","datePublished":"2018-08-19T13:10:01+00:00","dateModified":"2023-01-31T14:29:35+00:00","description":"A Audaces comunica que a partir do dia 10 de novembro de 2018 far\u00e1 a descontinua\u00e7\u00e3o oficial das vers\u00f5es 11 e 12 do software Audaces Vestu\u00e1rio. Saiba mais.","breadcrumb":{"@id":"https:\/\/audaces.com\/pt-br\/blog\/aviso-descontinuidade-versoes-11-12-audaces-vestuario#breadcrumb"},"inLanguage":"pt-BR","potentialAction":[{"@type":"ReadAction","target":["https:\/\/audaces.com\/pt-br\/blog\/aviso-descontinuidade-versoes-11-12-audaces-vestuario"]}]},{"@type":"ImageObject","inLanguage":"pt-BR","@id":"https:\/\/audaces.com\/pt-br\/blog\/aviso-descontinuidade-versoes-11-12-audaces-vestuario#primaryimage","url":"https:\/\/audaces.com\/wp-content\/uploads\/2018\/09\/audaces-vestuario-descontinuidade-versoes-audaces.jpg","contentUrl":"https:\/\/audaces.com\/wp-content\/uploads\/2018\/09\/audaces-vestuario-descontinuidade-versoes-audaces.jpg","width":1440,"height":888,"caption":"audaces-vestuario-descontinuidade-versoes-audaces"},{"@type":"BreadcrumbList","@id":"https:\/\/audaces.com\/pt-br\/blog\/aviso-descontinuidade-versoes-11-12-audaces-vestuario#breadcrumb","itemListElement":[{"@type":"ListItem","position":1,"name":"INIZIO","item":"https:\/\/audaces.com\/pt-br"},{"@type":"ListItem","position":2,"name":"Aviso de descontinuidade das vers\u00f5es 11 e 12 do Audaces Vestu\u00e1rio"}]},{"@type":"WebSite","@id":"https:\/\/audaces.com\/pt-br\/#website","url":"https:\/\/audaces.com\/pt-br\/","name":"Audaces","description":"We are the Industry 4.0","publisher":{"@id":"https:\/\/audaces.com\/pt-br\/#organization"},"potentialAction":[{"@type":"SearchAction","target":{"@type":"EntryPoint","urlTemplate":"https:\/\/audaces.com\/pt-br\/?s={search_term_string}"},"query-input":{"@type":"PropertyValueSpecification","valueRequired":true,"valueName":"search_term_string"}}],"inLanguage":"pt-BR"},{"@type":"Organization","@id":"https:\/\/audaces.com\/pt-br\/#organization","name":"Audaces","url":"https:\/\/audaces.com\/pt-br\/","logo":{"@type":"ImageObject","inLanguage":"pt-BR","@id":"https:\/\/audaces.com\/pt-br\/#\/schema\/logo\/image\/","url":"https:\/\/audaces.com\/wp-content\/uploads\/2022\/01\/cropped-cropped-logo-audace.png","contentUrl":"https:\/\/audaces.com\/wp-content\/uploads\/2022\/01\/cropped-cropped-logo-audace.png","width":512,"height":512,"caption":"Audaces"},"image":{"@id":"https:\/\/audaces.com\/pt-br\/#\/schema\/logo\/image\/"},"sameAs":["https:\/\/www.facebook.com\/audaces.pt"]},{"@type":"Person","@id":"https:\/\/audaces.com\/pt-br\/#\/schema\/person\/64fd4e45d55c0765a8d3193a2dfe4a8b","name":"Audara","image":{"@type":"ImageObject","inLanguage":"pt-BR","@id":"https:\/\/audaces.com\/wp-content\/uploads\/2025\/05\/cropped-audara-96x96.jpg","url":"https:\/\/audaces.com\/wp-content\/uploads\/2025\/05\/cropped-audara-96x96.jpg","contentUrl":"https:\/\/audaces.com\/wp-content\/uploads\/2025\/05\/cropped-audara-96x96.jpg","caption":"Audara"},"description":"Fashion Tech Specialist at Audaces","sameAs":["https:\/\/audaces.com"],"url":"https:\/\/audaces.com\/pt-br\/blog\/author\/audara"}]}},"_links":{"self":[{"href":"https:\/\/audaces.com\/pt-br\/wp-json\/wp\/v2\/posts\/16609","targetHints":{"allow":["GET"]}}],"collection":[{"href":"https:\/\/audaces.com\/pt-br\/wp-json\/wp\/v2\/posts"}],"about":[{"href":"https:\/\/audaces.com\/pt-br\/wp-json\/wp\/v2\/types\/post"}],"author":[{"embeddable":true,"href":"https:\/\/audaces.com\/pt-br\/wp-json\/wp\/v2\/users\/54"}],"replies":[{"embeddable":true,"href":"https:\/\/audaces.com\/pt-br\/wp-json\/wp\/v2\/comments?post=16609"}],"version-history":[{"count":0,"href":"https:\/\/audaces.com\/pt-br\/wp-json\/wp\/v2\/posts\/16609\/revisions"}],"wp:featuredmedia":[{"embeddable":true,"href":"https:\/\/audaces.com\/pt-br\/wp-json\/wp\/v2\/media\/16735"}],"wp:attachment":[{"href":"https:\/\/audaces.com\/pt-br\/wp-json\/wp\/v2\/media?parent=16609"}],"wp:term":[{"taxonomy":"category","embeddable":true,"href":"https:\/\/audaces.com\/pt-br\/wp-json\/wp\/v2\/categories?post=16609"},{"taxonomy":"post_tag","embeddable":true,"href":"https:\/\/audaces.com\/pt-br\/wp-json\/wp\/v2\/tags?post=16609"}],"curies":[{"name":"wp","href":"https:\/\/api.w.org\/{rel}","templated":true}]}}