{"id":146088,"date":"2023-07-24T10:00:00","date_gmt":"2023-07-24T10:00:00","guid":{"rendered":"https:\/\/audaces.com\/?p=146088"},"modified":"2023-10-18T12:04:24","modified_gmt":"2023-10-18T12:04:24","slug":"setor-textil","status":"publish","type":"post","link":"https:\/\/audaces.com\/pt-br\/blog\/setor-textil","title":{"rendered":"Saiba como a tecnologia auxilia na produtividade do setor t\u00eaxtil"},"content":{"rendered":"\n<p><strong>Resumo:<\/strong> <\/p>\n\n\n\n<ul class=\"wp-block-list\">\n<li>O setor t\u00eaxtil \u00e9 respons\u00e1vel pela produ\u00e7\u00e3o de tecidos, roupas e outros produtos; <\/li>\n\n\n\n<li>Ele vem sendo influenciado pelo avan\u00e7o de novas tecnologias na fabrica\u00e7\u00e3o t\u00eaxtil; <\/li>\n\n\n\n<li>Experimente gerenciar sua cole\u00e7\u00e3o <a href=\"https:\/\/conteudo.audaces.com\/inscricao-trial-360\" target=\"_blank\" rel=\"noreferrer noopener\">de forma gr\u00e1tis com a multissolu\u00e7\u00e3o Audaces360<\/a>! <\/li>\n<\/ul>\n\n\n\n<figure class=\"wp-block-gallery has-nested-images columns-default is-cropped wp-block-gallery-1 is-layout-flex wp-block-gallery-is-layout-flex\">\n<figure class=\"wp-block-image size-large\"><a href=\"https:\/\/conteudo.audaces.com\/inscricao-trial-360\" target=\"_blank\" rel=\"noreferrer noopener\"><img fetchpriority=\"high\" decoding=\"async\" width=\"1024\" height=\"342\" data-id=\"145163\" src=\"https:\/\/audaces.com\/wp-content\/uploads\/2023\/06\/headers-trial_BRASIL-1-1024x342.png\" alt=\"Trial 7 Dias Gr\u00e1tis \" class=\"wp-image-145163\" srcset=\"https:\/\/audaces.com\/wp-content\/uploads\/2023\/06\/headers-trial_BRASIL-1-1024x342.png 1024w, https:\/\/audaces.com\/wp-content\/uploads\/2023\/06\/headers-trial_BRASIL-1-300x100.png 300w, https:\/\/audaces.com\/wp-content\/uploads\/2023\/06\/headers-trial_BRASIL-1-768x256.png 768w, https:\/\/audaces.com\/wp-content\/uploads\/2023\/06\/headers-trial_BRASIL-1-1536x512.png 1536w, https:\/\/audaces.com\/wp-content\/uploads\/2023\/06\/headers-trial_BRASIL-1-2048x683.png 2048w, https:\/\/audaces.com\/wp-content\/uploads\/2023\/06\/headers-trial_BRASIL-1.png 1920w\" sizes=\"(max-width: 1024px) 100vw, 1024px\" \/><\/a><\/figure>\n<\/figure>\n\n\n\n<p>O setor t\u00eaxtil \u00e9 um dos mais importantes quando pensamos na economia mundial.  <\/p>\n\n\n\n<p>Ele \u00e9 respons\u00e1vel por entregar aos consumidores as pe\u00e7as que ir\u00e3o utilizar. Sendo assim, desde a mat\u00e9ria-prima at\u00e9 a distribui\u00e7\u00e3o para as lojas passa pelo setor t\u00eaxtil.  <\/p>\n\n\n\n<p>Por ser extremamente competitivo, se sua empresa deseja se destacar no meio, \u00e9 preciso entender como est\u00e1 o panorama no Brasil e no mundo, al\u00e9m de como a tecnologia pode fazer sua confec\u00e7\u00e3o se destacar no mercado.<\/p>\n\n\n\n<p>Fa\u00e7a uma excelente leitura!  <\/p><div id=\"ez-toc-container\" class=\"ez-toc-v2_0_82_2 ez-toc-wrap-left counter-hierarchy ez-toc-counter ez-toc-custom ez-toc-container-direction\">\n<div class=\"ez-toc-title-container\">\n<p class=\"ez-toc-title ez-toc-toggle\" style=\"cursor:pointer\">Sum\u00e1rio<\/p>\n<span class=\"ez-toc-title-toggle\"><\/span><\/div>\n<nav><ul class='ez-toc-list ez-toc-list-level-1 ' ><li class='ez-toc-page-1 ez-toc-heading-level-2'><a class=\"ez-toc-link ez-toc-heading-1\" href=\"https:\/\/audaces.com\/pt-br\/blog\/setor-textil\/#panorama-da-produtividade-do-setor-textil\" >Panorama da produtividade do setor t\u00eaxtil<\/a><\/li><li class='ez-toc-page-1 ez-toc-heading-level-2'><a class=\"ez-toc-link ez-toc-heading-2\" href=\"https:\/\/audaces.com\/pt-br\/blog\/setor-textil\/#como-esta-o-avanco-do-setor-textil-no-brasil-e-no-mundo\" >Como est\u00e1 o avan\u00e7o do setor t\u00eaxtil no Brasil e no mundo?<\/a><\/li><li class='ez-toc-page-1 ez-toc-heading-level-2'><a class=\"ez-toc-link ez-toc-heading-3\" href=\"https:\/\/audaces.com\/pt-br\/blog\/setor-textil\/#qual-a-importancia-da-tecnologia-para-a-produtividade-no-setor-textil\" >Qual a import\u00e2ncia da tecnologia para a produtividade no setor t\u00eaxtil?<\/a><\/li><li class='ez-toc-page-1 ez-toc-heading-level-2'><a class=\"ez-toc-link ez-toc-heading-4\" href=\"https:\/\/audaces.com\/pt-br\/blog\/setor-textil\/#quer-aumentar-a-produtividade-do-seu-negocio-a-audaces-te-ajuda\" >Quer aumentar a produtividade do seu neg\u00f3cio? A Audaces te ajuda!<\/a><\/li><li class='ez-toc-page-1 ez-toc-heading-level-2'><a class=\"ez-toc-link ez-toc-heading-5\" href=\"https:\/\/audaces.com\/pt-br\/blog\/setor-textil\/#faq\" >FAQ<\/a><\/li><\/ul><\/nav><\/div>\n\n\n\n\n<h2 class=\"wp-block-heading\" id=\"h-panorama-da-produtividade-do-setor-textil\"><span class=\"ez-toc-section\" id=\"panorama-da-produtividade-do-setor-textil\"><\/span><strong>Panorama da produtividade do setor t\u00eaxtil<\/strong> <span class=\"ez-toc-section-end\"><\/span><\/h2>\n\n\n\n<p>O setor t\u00eaxtil \u00e9 um componente importante da ind\u00fastria global, respons\u00e1vel pela produ\u00e7\u00e3o de tecidos, roupas e outros produtos relacionados.  <\/p>\n\n\n\n<p>Nos \u00faltimos anos, a produtividade no setor t\u00eaxtil tem sido influenciada por diversos fatores. Alguns deles s\u00e3o a automa\u00e7\u00e3o e a introdu\u00e7\u00e3o de novas tecnologias na fabrica\u00e7\u00e3o de tecidos.  <\/p>\n\n\n\n<p>M\u00e1quinas e equipamentos avan\u00e7ados permitem uma produ\u00e7\u00e3o mais eficiente e r\u00e1pida, reduzindo o tempo e os custos envolvidos. Al\u00e9m disso, a globaliza\u00e7\u00e3o e a expans\u00e3o do com\u00e9rcio internacional t\u00eam desempenhado um papel importante na produtividade do setor.  <\/p>\n\n\n\n<p>A terceiriza\u00e7\u00e3o da produ\u00e7\u00e3o para pa\u00edses com m\u00e3o de obra mais barata e regulamenta\u00e7\u00f5es menos r\u00edgidas tem sido uma pr\u00e1tica comum. Isso permite que as empresas reduzam custos de produ\u00e7\u00e3o, mas tamb\u00e9m resulta em press\u00f5es competitivas e desafios relacionados \u00e0 qualidade e aos direitos trabalhistas. <\/p>\n\n\n\n<p>\u00c9 importante ressaltar que o setor t\u00eaxtil enfrenta <a href=\"https:\/\/static.portaldaindustria.com.br\/media\/filer_public\/bb\/6f\/bb6fdd8d-8201-41ca-981d-deef4f58461f\/abit.pdf\" target=\"_blank\" rel=\"noreferrer noopener\">desafios significativos em rela\u00e7\u00e3o \u00e0 sustentabilidade<\/a>. O impacto ambiental da produ\u00e7\u00e3o t\u00eaxtil, incluindo o consumo de \u00e1gua, a polui\u00e7\u00e3o qu\u00edmica e o descarte inadequado de res\u00edduos tem sido uma preocupa\u00e7\u00e3o crescente.  <\/p>\n\n\n\n<p>No entanto, a demanda por produtos t\u00eaxteis continua alta, impulsionada pelo crescimento da popula\u00e7\u00e3o global, aumento da renda dispon\u00edvel e mudan\u00e7as nas tend\u00eancias de moda. Essa demanda oferece oportunidades para melhorias na produtividade e inova\u00e7\u00e3o no setor t\u00eaxtil. <\/p>\n\n\n\n<p><strong>Leia mais:<\/strong> <a href=\"https:\/\/audaces.com\/pt-br\/blog\/empresas-textil\" target=\"_blank\" rel=\"noreferrer noopener\">Veja como aumentar a produtividade na cadeia de empresas do ramo t\u00eaxtil<\/a> <\/p>\n\n\n\n<h2 class=\"wp-block-heading\"><span class=\"ez-toc-section\" id=\"como-esta-o-avanco-do-setor-textil-no-brasil-e-no-mundo\"><\/span><strong>Como est\u00e1 o avan\u00e7o do setor t\u00eaxtil no Brasil e no mundo?<\/strong> <span class=\"ez-toc-section-end\"><\/span><\/h2>\n\n\n\n<figure class=\"wp-block-image size-large\"><img decoding=\"async\" width=\"1024\" height=\"683\" src=\"https:\/\/audaces.com\/wp-content\/uploads\/2023\/07\/setor-textil-tecnologia-1024x683.jpg\" alt=\"Mulher utilizando tablet e mexendo em m\u00e1quina do setor t\u00eaxtil\" class=\"wp-image-146090\" srcset=\"https:\/\/audaces.com\/wp-content\/uploads\/2023\/07\/setor-textil-tecnologia-1024x683.jpg 1024w, https:\/\/audaces.com\/wp-content\/uploads\/2023\/07\/setor-textil-tecnologia-300x200.jpg 300w, https:\/\/audaces.com\/wp-content\/uploads\/2023\/07\/setor-textil-tecnologia-768x512.jpg 768w, https:\/\/audaces.com\/wp-content\/uploads\/2023\/07\/setor-textil-tecnologia-1536x1024.jpg 1536w, https:\/\/audaces.com\/wp-content\/uploads\/2023\/07\/setor-textil-tecnologia-2048x1365.jpg 2048w, https:\/\/audaces.com\/wp-content\/uploads\/2023\/07\/setor-textil-tecnologia-scaled.jpg 1620w\" sizes=\"(max-width: 1024px) 100vw, 1024px\" \/><\/figure>\n\n\n\n<p>No Brasil, o setor t\u00eaxtil desempenha um papel significativo na economia. <\/p>\n\n\n\n<p>Historicamente, o pa\u00eds tem uma ind\u00fastria t\u00eaxtil bem estabelecida, com base de produ\u00e7\u00e3o diversificada que abrange desde a produ\u00e7\u00e3o de fibras e fios at\u00e9 a fabrica\u00e7\u00e3o de tecidos e produtos acabados, como roupas e outros itens de moda. <\/p>\n\n\n\n<p>O <a href=\"https:\/\/www.abit.org.br\/cont\/perfil-do-setor\" target=\"_blank\" rel=\"noreferrer noopener\">avan\u00e7o do setor t\u00eaxtil no Brasil<\/a> tem impulsionado a busca por inova\u00e7\u00e3o, melhoria da produtividade e maior competitividade no mercado global.  <\/p>\n\n\n\n<p>As empresas est\u00e3o investindo em tecnologia e automa\u00e7\u00e3o para melhorar a efici\u00eancia e reduzir os custos de produ\u00e7\u00e3o. Al\u00e9m disso, o setor est\u00e1 se adaptando \u00e0s demandas dos consumidores por produtos de qualidade, que sejam sustent\u00e1veis e estejam alinhados com as tend\u00eancias de moda. <\/p>\n\n\n\n<p>Essa conscientiza\u00e7\u00e3o impulsionou o surgimento de pequenas empresas que priorizam a produ\u00e7\u00e3o local, materiais org\u00e2nicos\/reciclados e pr\u00e1ticas de com\u00e9rcio justo. <\/p>\n\n\n\n<p>Em termos de tecnologia, a ind\u00fastria t\u00eaxtil est\u00e1 sendo influenciada por avan\u00e7os como a impress\u00e3o 3D de tecidos, o uso de fibras inteligentes e a integra\u00e7\u00e3o da tecnologia na cadeia de suprimentos.  <\/p>\n\n\n\n<p>Essas inova\u00e7\u00f5es visam melhorar a efici\u00eancia e a flexibilidade da produ\u00e7\u00e3o, bem como permitir a personaliza\u00e7\u00e3o em massa. <\/p>\n\n\n\n<p><strong>Leia mais:<\/strong> <a href=\"https:\/\/audaces.com\/pt-br\/blog\/cadeia-textil\" target=\"_blank\" rel=\"noreferrer noopener\">Entenda os principais desafios da cadeia t\u00eaxtil e como super\u00e1-los<\/a> <\/p>\n\n\n\n<h2 class=\"wp-block-heading\"><span class=\"ez-toc-section\" id=\"qual-a-importancia-da-tecnologia-para-a-produtividade-no-setor-textil\"><\/span><strong>Qual a import\u00e2ncia da tecnologia para a produtividade no setor t\u00eaxtil?<\/strong> <span class=\"ez-toc-section-end\"><\/span><\/h2>\n\n\n\n<p>A tecnologia desempenha um papel fundamental na melhoria da produtividade no setor t\u00eaxtil.<\/p>\n\n\n\n<p>Ela proporciona uma s\u00e9rie de benef\u00edcios que impactam diretamente a efici\u00eancia, sustentabilidade, facilidade e organiza\u00e7\u00e3o das etapas produtivas.  <\/p>\n\n\n\n<p>A ado\u00e7\u00e3o de tecnologias avan\u00e7adas \u00e9 extremamente importante para enfrentar os desafios e aproveitar as oportunidades na ind\u00fastria t\u00eaxtil hoje. <\/p>\n\n\n\n<h3 class=\"wp-block-heading\">Sustentabilidade <\/h3>\n\n\n\n<figure class=\"wp-block-image size-large\"><img decoding=\"async\" width=\"1024\" height=\"683\" src=\"https:\/\/audaces.com\/wp-content\/uploads\/2023\/07\/setor-textil-sustentabilidade-1-1024x683.jpg\" alt=\"\" class=\"wp-image-146313\" srcset=\"https:\/\/audaces.com\/wp-content\/uploads\/2023\/07\/setor-textil-sustentabilidade-1-1024x683.jpg 1024w, https:\/\/audaces.com\/wp-content\/uploads\/2023\/07\/setor-textil-sustentabilidade-1-300x200.jpg 300w, https:\/\/audaces.com\/wp-content\/uploads\/2023\/07\/setor-textil-sustentabilidade-1-768x512.jpg 768w, https:\/\/audaces.com\/wp-content\/uploads\/2023\/07\/setor-textil-sustentabilidade-1-1536x1024.jpg 1536w, https:\/\/audaces.com\/wp-content\/uploads\/2023\/07\/setor-textil-sustentabilidade-1-2048x1365.jpg 2048w, https:\/\/audaces.com\/wp-content\/uploads\/2023\/07\/setor-textil-sustentabilidade-1-scaled.jpg 1620w\" sizes=\"(max-width: 1024px) 100vw, 1024px\" \/><\/figure>\n\n\n\n<p>A tecnologia tem um papel crucial na promo\u00e7\u00e3o da sustentabilidade no setor t\u00eaxtil. Isso porque ela permite a cria\u00e7\u00e3o e o uso de materiais mais ecol\u00f3gicos.  <\/p>\n\n\n\n<p>Por exemplo, h\u00e1 avan\u00e7os no desenvolvimento de fibras t\u00eaxteis a partir de fontes renov\u00e1veis, como algod\u00e3o org\u00e2nico, bambu e at\u00e9 materiais reciclados, como garrafas pl\u00e1sticas.  <\/p>\n\n\n\n<p>Al\u00e9m disso, tecnologias de tratamento de \u00e1gua e gest\u00e3o de res\u00edduos auxiliam na redu\u00e7\u00e3o do impacto ambiental da produ\u00e7\u00e3o t\u00eaxtil. <\/p>\n\n\n\n<p><strong>Leia mais:<\/strong> <a href=\"https:\/\/audaces.com\/pt-br\/blog\/o-que-e-esg\" target=\"_blank\" rel=\"noreferrer noopener\">Aprenda sobre o que \u00e9 ESG e como aplicar na sua confec\u00e7\u00e3o de moda<\/a> <\/p>\n\n\n\n<h3 class=\"wp-block-heading\">Efici\u00eancia <\/h3>\n\n\n\n<p>A a implementa\u00e7\u00e3o de tecnologias avan\u00e7adas, como maquin\u00e1rios e softwares especializados, aumentam a efici\u00eancia do processo produtivo.  <\/p>\n\n\n\n<p>M\u00e1quinas automatizadas podem executar tarefas com maior rapidez, precis\u00e3o e consist\u00eancia, reduzindo o tempo de produ\u00e7\u00e3o e minimizando erros.  <\/p>\n\n\n\n<p>Al\u00e9m disso, a tecnologia permite um melhor aproveitamento da mat\u00e9ria-prima, menos desperd\u00edcios e mais controle de qualidade. <\/p>\n\n\n\n<p><strong>Leia mais: <\/strong><a href=\"https:\/\/audaces.com\/pt-br\/blog\/eficiencia-produtiva\" target=\"_blank\" rel=\"noreferrer noopener\">O que \u00e9 efici\u00eancia produtiva e como implantar na sua confec\u00e7\u00e3o?<\/a> <\/p>\n\n\n\n<h3 class=\"wp-block-heading\">Facilidade <\/h3>\n\n\n\n<p>O uso de softwares de design e modelagem 3D permite que os designers e modelistas visualizem seus produtos antes mesmo da produ\u00e7\u00e3o f\u00edsica.  <\/p>\n\n\n\n<p>Isso acelera o processo de cria\u00e7\u00e3o e possibilita o feitio de ajustes de forma mais r\u00e1pida e precisa.  <\/p>\n\n\n\n<p>Al\u00e9m disso, a tecnologia simplifica a comunica\u00e7\u00e3o entre diferentes \u00e1reas e parceiros do setor t\u00eaxtil, agilizando os processos de produ\u00e7\u00e3o. <\/p>\n\n\n\n<h3 class=\"wp-block-heading\">Organiza\u00e7\u00e3o <\/h3>\n\n\n\n<p>A tecnologia auxilia na gest\u00e3o eficiente de processos do setor t\u00eaxtil. Sistemas de gerenciamento permitem uma vis\u00e3o abrangente e em tempo real de cada etapa da cadeia produtiva.  <\/p>\n\n\n\n<p>Isso facilita o controle de estoque, o acompanhamento de pedidos e a gest\u00e3o financeira, garantindo uma maior efici\u00eancia operacional. <\/p>\n\n\n\n<p><strong>Leia mais:<\/strong> <a href=\"https:\/\/audaces.com\/pt-br\/blog\/empresas-moda\" target=\"_blank\" rel=\"noreferrer noopener\">Conhe\u00e7a os benef\u00edcios de adotar a tecnologia em empresas de moda<\/a> <\/p>\n\n\n\n<h2 class=\"wp-block-heading\"><span class=\"ez-toc-section\" id=\"quer-aumentar-a-produtividade-do-seu-negocio-a-audaces-te-ajuda\"><\/span><strong>Quer aumentar a produtividade do seu neg\u00f3cio? A Audaces te ajuda!<\/strong> <span class=\"ez-toc-section-end\"><\/span><\/h2>\n\n\n\n<figure class=\"wp-block-gallery has-nested-images columns-default is-cropped wp-block-gallery-2 is-layout-flex wp-block-gallery-is-layout-flex\">\n<figure class=\"wp-block-image size-full\"><img loading=\"lazy\" decoding=\"async\" width=\"895\" height=\"544\" data-id=\"49826\" src=\"https:\/\/audaces.com\/wp-content\/uploads\/2022\/05\/audaces-360-ciclo-de-producao-new-1.png\" alt=\"Ciclo Audaces360\" class=\"wp-image-49826\" srcset=\"https:\/\/audaces.com\/wp-content\/uploads\/2022\/05\/audaces-360-ciclo-de-producao-new-1.png 895w, https:\/\/audaces.com\/wp-content\/uploads\/2022\/05\/audaces-360-ciclo-de-producao-new-1-300x182.png 300w, https:\/\/audaces.com\/wp-content\/uploads\/2022\/05\/audaces-360-ciclo-de-producao-new-1-768x467.png 768w\" sizes=\"(max-width: 895px) 100vw, 895px\" \/><\/figure>\n<\/figure>\n\n\n\n<p>O aumento da produtividade \u00e9 essencial para que uma empresa consiga se destacar no setor t\u00eaxtil. E claro, a tecnologia pode ser uma aliada neste momento.<\/p>\n\n\n\n<p>Conhe\u00e7a as solu\u00e7\u00f5es e produtos Audaces para agilizar e otimizar tempo, assim melhorando a qualidade da sua produ\u00e7\u00e3o. Entenda melhor: <\/p>\n\n\n\n<h3 class=\"wp-block-heading\">Audaces360 <\/h3>\n\n\n\n<p><a href=\"https:\/\/audaces.com\/pt-br\/solucoes\/audaces-360\" target=\"_blank\" rel=\"noreferrer noopener\">Audaces360<\/a> \u00e9 um ecossistema que integra as etapas criativa e produtiva, gerando mais assertividade e lucratividade para a sua confec\u00e7\u00e3o.       <\/p>\n\n\n\n<p>Ela fornece uma vis\u00e3o de todo o processo produtivo, trabalhando com ferramentas complementares para que cada etapa alimente a que vem logo na sequ\u00eancia. Tudo isso com informa\u00e7\u00f5es confi\u00e1veis e em tempo real, garantindo a tomada de decis\u00e3o de forma mais r\u00e1pida e eficiente.  <\/p>\n\n\n\n<p>As v\u00e1rias funcionalidades do Audaces360 oferecem agilidade na produ\u00e7\u00e3o das pe\u00e7as e possibilitam a personaliza\u00e7\u00e3o de pedidos.  <\/p>\n\n\n\n<h3 class=\"wp-block-heading\">Sala de Corte Audaces <\/h3>\n\n\n\n<p>A <a href=\"https:\/\/audaces.com\/pt-br\/produtos\/sala-corte-4-0\/\" target=\"_blank\" rel=\"noreferrer noopener\">Sala de Corte Audaces<\/a> \u00e9 a solu\u00e7\u00e3o mais completa em sistemas para a ind\u00fastria da moda. Com ela, a gest\u00e3o do corte de pe\u00e7as pode ser feita com dados precisos e integrados, fornecidos por equipamentos inteligentes em tempo real.   <\/p>\n\n\n\n<p>Quando falamos de Sala de Corte, falamos de entregas no prazo e pe\u00e7as perfeitamente cortadas.<\/p>\n\n\n\n<p>Fazem parte da Sala de Corte os seguintes equipamentos:    <\/p>\n\n\n\n<ul class=\"wp-block-list\">\n<li><a href=\"https:\/\/audaces.com\/pt-br\/produtos\/neocut-bravo\" target=\"_blank\" rel=\"noreferrer noopener\">Audaces Neocut Bravo<\/a>;  <\/li>\n\n\n\n<li><a href=\"https:\/\/audaces.com\/pt-br\/produtos\/linea\" target=\"_blank\" rel=\"noreferrer noopener\">Audaces Linea<\/a>;  <\/li>\n\n\n\n<li><a href=\"https:\/\/audaces.com\/pt-br\/produtos\/pratica\" target=\"_blank\" rel=\"noreferrer noopener\">Audaces Pratica<\/a>;  <\/li>\n\n\n\n<li><a href=\"https:\/\/audaces.com\/pt-br\/produtos\/audaces-icf\" target=\"_blank\" rel=\"noreferrer noopener\">Audaces ICF<\/a>. <\/li>\n<\/ul>\n\n\n\n<p>Se voc\u00ea deseja que sua empresa se destaque no setor t\u00eaxtil, deve estar sempre em busca de novas estrat\u00e9gias de sucesso. <\/p>\n\n\n\n<p>Por isso, baixe nosso e-book e confira t\u00e1ticas para mudar seu relacionamento com o mercado de moda. N\u00e3o perca tempo e comece a transforma\u00e7\u00e3o da sua empresa agora mesmo! <\/p>\n\n\n\n<div role=\"main\" id=\"ebook-85-10-estrategias-praticas-para-alavancar-seu-negocio-no-mercado-de-moda-setembro-2020-cfb404a763356a97daf9\"><\/div><script type=\"text\/javascript\" src=\"https:\/\/d335luupugsy2.cloudfront.net\/js\/rdstation-forms\/stable\/rdstation-forms.min.js\"><\/script><script type=\"text\/javascript\"> new RDStationForms('ebook-85-10-estrategias-praticas-para-alavancar-seu-negocio-no-mercado-de-moda-setembro-2020-cfb404a763356a97daf9', 'UA-78634938-2').createForm();<\/script>\n\n\n\n<h2 class=\"wp-block-heading\" id=\"h-faq\"><span class=\"ez-toc-section\" id=\"faq\"><\/span>FAQ<span class=\"ez-toc-section-end\"><\/span><\/h2>\n\n\n\n<div class=\"schema-faq wp-block-yoast-faq-block\"><div class=\"schema-faq-section\" id=\"faq-question-1697630433261\"><strong class=\"schema-faq-question\">Como est\u00e1 o avan\u00e7o do setor t\u00eaxtil no Brasil?<\/strong> <p class=\"schema-faq-answer\">O avan\u00e7o do setor t\u00eaxtil no Brasil tem impulsionado a busca por inova\u00e7\u00e3o, melhoria da produtividade e maior competitividade no mercado global.<\/p> <\/div> <div class=\"schema-faq-section\" id=\"faq-question-1697630626500\"><strong class=\"schema-faq-question\">Qual o panorama da produtividade do setor t\u00eaxtil?<\/strong> <p class=\"schema-faq-answer\">Nos \u00faltimos anos, a produtividade no setor t\u00eaxtil tem sido influenciada por diversos fatores. Alguns deles s\u00e3o a automa\u00e7\u00e3o e a introdu\u00e7\u00e3o de novas tecnologias na fabrica\u00e7\u00e3o de tecidos.<\/p> <\/div> <div class=\"schema-faq-section\" id=\"faq-question-1697630634943\"><strong class=\"schema-faq-question\">Qual a import\u00e2ncia da tecnologia para a produtividade no setor t\u00eaxtil?<\/strong> <p class=\"schema-faq-answer\">Ela proporciona uma s\u00e9rie de benef\u00edcios que impactam diretamente a efici\u00eancia, sustentabilidade, facilidade e organiza\u00e7\u00e3o das etapas produtivas.<\/p> <\/div> <\/div>\n<\/p>","protected":false},"excerpt":{"rendered":"<p>O avan\u00e7o do setor t\u00eaxtil no Brasil impulsionou a busca por inova\u00e7\u00e3o, produtividade e competitividade. Mas, o que a tecnologia tem a ver com isso? Descubra!<\/p>\n","protected":false},"author":54,"featured_media":146310,"comment_status":"open","ping_status":"open","sticky":true,"template":"","format":"standard","meta":{"footnotes":""},"categories":[61],"tags":[],"class_list":["post-146088","post","type-post","status-publish","format-standard","has-post-thumbnail","hentry","category-gestao-negocios-moda"],"yoast_head":"<!-- This site is optimized with the Yoast SEO Premium plugin v27.4 (Yoast SEO v27.4) - https:\/\/yoast.com\/product\/yoast-seo-premium-wordpress\/ -->\n<title>Setor t\u00eaxtil: por que usar a tecnologia a favor do neu neg\u00f3cio?<\/title>\n<meta name=\"description\" content=\"O avan\u00e7o do setor t\u00eaxtil no Brasil impulsionou a busca por inova\u00e7\u00e3o, produtividade e competitividade. Mas, o que a tecnologia tem a ver com isso? Descubra!\" \/>\n<meta name=\"robots\" content=\"index, follow, max-snippet:-1, max-image-preview:large, max-video-preview:-1\" \/>\n<link rel=\"canonical\" href=\"https:\/\/audaces.com\/pt-br\/blog\/setor-textil\" \/>\n<meta property=\"og:locale\" content=\"pt_BR\" \/>\n<meta property=\"og:type\" content=\"article\" \/>\n<meta property=\"og:title\" content=\"Setor t\u00eaxtil: por que usar a tecnologia a favor do neu neg\u00f3cio?\" \/>\n<meta property=\"og:description\" content=\"O avan\u00e7o do setor t\u00eaxtil no Brasil impulsionou a busca por inova\u00e7\u00e3o, produtividade e competitividade. Mas, o que a tecnologia tem a ver com isso? Descubra!\" \/>\n<meta property=\"og:url\" content=\"https:\/\/audaces.com\/pt-br\/blog\/setor-textil\" \/>\n<meta property=\"og:site_name\" content=\"Audaces\" \/>\n<meta property=\"article:publisher\" content=\"https:\/\/www.facebook.com\/audaces.pt\" \/>\n<meta property=\"article:published_time\" content=\"2023-07-24T10:00:00+00:00\" \/>\n<meta property=\"article:modified_time\" content=\"2023-10-18T12:04:24+00:00\" \/>\n<meta property=\"og:image\" content=\"https:\/\/audaces.com\/wp-content\/uploads\/2023\/07\/setor-textil-1-scaled.jpg\" \/>\n\t<meta property=\"og:image:width\" content=\"1623\" \/>\n\t<meta property=\"og:image:height\" content=\"1080\" \/>\n\t<meta property=\"og:image:type\" content=\"image\/jpeg\" \/>\n<meta name=\"author\" content=\"Audara\" \/>\n<meta name=\"twitter:card\" content=\"summary_large_image\" \/>\n<meta name=\"twitter:label1\" content=\"Escrito por\" \/>\n\t<meta name=\"twitter:data1\" content=\"Audara\" \/>\n\t<meta name=\"twitter:label2\" content=\"Est. tempo de leitura\" \/>\n\t<meta name=\"twitter:data2\" content=\"8 minutos\" \/>\n<script type=\"application\/ld+json\" class=\"yoast-schema-graph\">{\"@context\":\"https:\\\/\\\/schema.org\",\"@graph\":[{\"@type\":\"Article\",\"@id\":\"https:\\\/\\\/audaces.com\\\/pt-br\\\/blog\\\/setor-textil#article\",\"isPartOf\":{\"@id\":\"https:\\\/\\\/audaces.com\\\/pt-br\\\/blog\\\/setor-textil\"},\"author\":{\"name\":\"Audara\",\"@id\":\"https:\\\/\\\/audaces.com\\\/pt-br\\\/#\\\/schema\\\/person\\\/64fd4e45d55c0765a8d3193a2dfe4a8b\"},\"headline\":\"Saiba como a tecnologia auxilia na produtividade do setor t\u00eaxtil\",\"datePublished\":\"2023-07-24T10:00:00+00:00\",\"dateModified\":\"2023-10-18T12:04:24+00:00\",\"mainEntityOfPage\":{\"@id\":\"https:\\\/\\\/audaces.com\\\/pt-br\\\/blog\\\/setor-textil\"},\"wordCount\":1457,\"commentCount\":0,\"publisher\":{\"@id\":\"https:\\\/\\\/audaces.com\\\/pt-br\\\/#organization\"},\"image\":{\"@id\":\"https:\\\/\\\/audaces.com\\\/pt-br\\\/blog\\\/setor-textil#primaryimage\"},\"thumbnailUrl\":\"https:\\\/\\\/audaces.com\\\/wp-content\\\/uploads\\\/2023\\\/07\\\/setor-textil-1-scaled.jpg\",\"articleSection\":[\"Gest\u00e3o e Neg\u00f3cios de Moda\"],\"inLanguage\":\"pt-BR\",\"potentialAction\":[{\"@type\":\"CommentAction\",\"name\":\"Comment\",\"target\":[\"https:\\\/\\\/audaces.com\\\/pt-br\\\/blog\\\/setor-textil#respond\"]}]},{\"@type\":[\"WebPage\",\"FAQPage\"],\"@id\":\"https:\\\/\\\/audaces.com\\\/pt-br\\\/blog\\\/setor-textil\",\"url\":\"https:\\\/\\\/audaces.com\\\/pt-br\\\/blog\\\/setor-textil\",\"name\":\"Setor t\u00eaxtil: por que usar a tecnologia a favor do neu neg\u00f3cio?\",\"isPartOf\":{\"@id\":\"https:\\\/\\\/audaces.com\\\/pt-br\\\/#website\"},\"primaryImageOfPage\":{\"@id\":\"https:\\\/\\\/audaces.com\\\/pt-br\\\/blog\\\/setor-textil#primaryimage\"},\"image\":{\"@id\":\"https:\\\/\\\/audaces.com\\\/pt-br\\\/blog\\\/setor-textil#primaryimage\"},\"thumbnailUrl\":\"https:\\\/\\\/audaces.com\\\/wp-content\\\/uploads\\\/2023\\\/07\\\/setor-textil-1-scaled.jpg\",\"datePublished\":\"2023-07-24T10:00:00+00:00\",\"dateModified\":\"2023-10-18T12:04:24+00:00\",\"description\":\"O avan\u00e7o do setor t\u00eaxtil no Brasil impulsionou a busca por inova\u00e7\u00e3o, produtividade e competitividade. Mas, o que a tecnologia tem a ver com isso? Descubra!\",\"breadcrumb\":{\"@id\":\"https:\\\/\\\/audaces.com\\\/pt-br\\\/blog\\\/setor-textil#breadcrumb\"},\"mainEntity\":[{\"@id\":\"https:\\\/\\\/audaces.com\\\/pt-br\\\/blog\\\/setor-textil#faq-question-1697630433261\"},{\"@id\":\"https:\\\/\\\/audaces.com\\\/pt-br\\\/blog\\\/setor-textil#faq-question-1697630626500\"},{\"@id\":\"https:\\\/\\\/audaces.com\\\/pt-br\\\/blog\\\/setor-textil#faq-question-1697630634943\"}],\"inLanguage\":\"pt-BR\",\"potentialAction\":[{\"@type\":\"ReadAction\",\"target\":[\"https:\\\/\\\/audaces.com\\\/pt-br\\\/blog\\\/setor-textil\"]}]},{\"@type\":\"ImageObject\",\"inLanguage\":\"pt-BR\",\"@id\":\"https:\\\/\\\/audaces.com\\\/pt-br\\\/blog\\\/setor-textil#primaryimage\",\"url\":\"https:\\\/\\\/audaces.com\\\/wp-content\\\/uploads\\\/2023\\\/07\\\/setor-textil-1-scaled.jpg\",\"contentUrl\":\"https:\\\/\\\/audaces.com\\\/wp-content\\\/uploads\\\/2023\\\/07\\\/setor-textil-1-scaled.jpg\",\"width\":1623,\"height\":1080},{\"@type\":\"BreadcrumbList\",\"@id\":\"https:\\\/\\\/audaces.com\\\/pt-br\\\/blog\\\/setor-textil#breadcrumb\",\"itemListElement\":[{\"@type\":\"ListItem\",\"position\":1,\"name\":\"INIZIO\",\"item\":\"https:\\\/\\\/audaces.com\\\/pt-br\"},{\"@type\":\"ListItem\",\"position\":2,\"name\":\"Saiba como a tecnologia auxilia na produtividade do setor t\u00eaxtil\"}]},{\"@type\":\"WebSite\",\"@id\":\"https:\\\/\\\/audaces.com\\\/pt-br\\\/#website\",\"url\":\"https:\\\/\\\/audaces.com\\\/pt-br\\\/\",\"name\":\"Audaces\",\"description\":\"We are the Industry 4.0\",\"publisher\":{\"@id\":\"https:\\\/\\\/audaces.com\\\/pt-br\\\/#organization\"},\"potentialAction\":[{\"@type\":\"SearchAction\",\"target\":{\"@type\":\"EntryPoint\",\"urlTemplate\":\"https:\\\/\\\/audaces.com\\\/pt-br\\\/?s={search_term_string}\"},\"query-input\":{\"@type\":\"PropertyValueSpecification\",\"valueRequired\":true,\"valueName\":\"search_term_string\"}}],\"inLanguage\":\"pt-BR\"},{\"@type\":\"Organization\",\"@id\":\"https:\\\/\\\/audaces.com\\\/pt-br\\\/#organization\",\"name\":\"Audaces\",\"url\":\"https:\\\/\\\/audaces.com\\\/pt-br\\\/\",\"logo\":{\"@type\":\"ImageObject\",\"inLanguage\":\"pt-BR\",\"@id\":\"https:\\\/\\\/audaces.com\\\/pt-br\\\/#\\\/schema\\\/logo\\\/image\\\/\",\"url\":\"https:\\\/\\\/audaces.com\\\/wp-content\\\/uploads\\\/2022\\\/01\\\/cropped-cropped-logo-audace.png\",\"contentUrl\":\"https:\\\/\\\/audaces.com\\\/wp-content\\\/uploads\\\/2022\\\/01\\\/cropped-cropped-logo-audace.png\",\"width\":512,\"height\":512,\"caption\":\"Audaces\"},\"image\":{\"@id\":\"https:\\\/\\\/audaces.com\\\/pt-br\\\/#\\\/schema\\\/logo\\\/image\\\/\"},\"sameAs\":[\"https:\\\/\\\/www.facebook.com\\\/audaces.pt\"]},{\"@type\":\"Person\",\"@id\":\"https:\\\/\\\/audaces.com\\\/pt-br\\\/#\\\/schema\\\/person\\\/64fd4e45d55c0765a8d3193a2dfe4a8b\",\"name\":\"Audara\",\"image\":{\"@type\":\"ImageObject\",\"inLanguage\":\"pt-BR\",\"@id\":\"https:\\\/\\\/audaces.com\\\/wp-content\\\/uploads\\\/2025\\\/05\\\/cropped-audara-96x96.jpg\",\"url\":\"https:\\\/\\\/audaces.com\\\/wp-content\\\/uploads\\\/2025\\\/05\\\/cropped-audara-96x96.jpg\",\"contentUrl\":\"https:\\\/\\\/audaces.com\\\/wp-content\\\/uploads\\\/2025\\\/05\\\/cropped-audara-96x96.jpg\",\"caption\":\"Audara\"},\"description\":\"Fashion Tech Specialist at Audaces\",\"sameAs\":[\"https:\\\/\\\/audaces.com\"],\"url\":\"https:\\\/\\\/audaces.com\\\/pt-br\\\/blog\\\/author\\\/audara\"},{\"@type\":\"Question\",\"@id\":\"https:\\\/\\\/audaces.com\\\/pt-br\\\/blog\\\/setor-textil#faq-question-1697630433261\",\"position\":1,\"url\":\"https:\\\/\\\/audaces.com\\\/pt-br\\\/blog\\\/setor-textil#faq-question-1697630433261\",\"name\":\"Como est\u00e1 o avan\u00e7o do setor t\u00eaxtil no Brasil?\",\"answerCount\":1,\"acceptedAnswer\":{\"@type\":\"Answer\",\"text\":\"O avan\u00e7o do setor t\u00eaxtil no Brasil tem impulsionado a busca por inova\u00e7\u00e3o, melhoria da produtividade e maior competitividade no mercado global.\",\"inLanguage\":\"pt-BR\"},\"inLanguage\":\"pt-BR\"},{\"@type\":\"Question\",\"@id\":\"https:\\\/\\\/audaces.com\\\/pt-br\\\/blog\\\/setor-textil#faq-question-1697630626500\",\"position\":2,\"url\":\"https:\\\/\\\/audaces.com\\\/pt-br\\\/blog\\\/setor-textil#faq-question-1697630626500\",\"name\":\"Qual o panorama da produtividade do setor t\u00eaxtil?\",\"answerCount\":1,\"acceptedAnswer\":{\"@type\":\"Answer\",\"text\":\"Nos \u00faltimos anos, a produtividade no setor t\u00eaxtil tem sido influenciada por diversos fatores. Alguns deles s\u00e3o a automa\u00e7\u00e3o e a introdu\u00e7\u00e3o de novas tecnologias na fabrica\u00e7\u00e3o de tecidos.\",\"inLanguage\":\"pt-BR\"},\"inLanguage\":\"pt-BR\"},{\"@type\":\"Question\",\"@id\":\"https:\\\/\\\/audaces.com\\\/pt-br\\\/blog\\\/setor-textil#faq-question-1697630634943\",\"position\":3,\"url\":\"https:\\\/\\\/audaces.com\\\/pt-br\\\/blog\\\/setor-textil#faq-question-1697630634943\",\"name\":\"Qual a import\u00e2ncia da tecnologia para a produtividade no setor t\u00eaxtil?\",\"answerCount\":1,\"acceptedAnswer\":{\"@type\":\"Answer\",\"text\":\"Ela proporciona uma s\u00e9rie de benef\u00edcios que impactam diretamente a efici\u00eancia, sustentabilidade, facilidade e organiza\u00e7\u00e3o das etapas produtivas.\",\"inLanguage\":\"pt-BR\"},\"inLanguage\":\"pt-BR\"}]}<\/script>\n<!-- \/ Yoast SEO Premium plugin. -->","yoast_head_json":{"title":"Setor t\u00eaxtil: por que usar a tecnologia a favor do neu neg\u00f3cio?","description":"O avan\u00e7o do setor t\u00eaxtil no Brasil impulsionou a busca por inova\u00e7\u00e3o, produtividade e competitividade. Mas, o que a tecnologia tem a ver com isso? Descubra!","robots":{"index":"index","follow":"follow","max-snippet":"max-snippet:-1","max-image-preview":"max-image-preview:large","max-video-preview":"max-video-preview:-1"},"canonical":"https:\/\/audaces.com\/pt-br\/blog\/setor-textil","og_locale":"pt_BR","og_type":"article","og_title":"Setor t\u00eaxtil: por que usar a tecnologia a favor do neu neg\u00f3cio?","og_description":"O avan\u00e7o do setor t\u00eaxtil no Brasil impulsionou a busca por inova\u00e7\u00e3o, produtividade e competitividade. Mas, o que a tecnologia tem a ver com isso? Descubra!","og_url":"https:\/\/audaces.com\/pt-br\/blog\/setor-textil","og_site_name":"Audaces","article_publisher":"https:\/\/www.facebook.com\/audaces.pt","article_published_time":"2023-07-24T10:00:00+00:00","article_modified_time":"2023-10-18T12:04:24+00:00","og_image":[{"width":1623,"height":1080,"url":"https:\/\/audaces.com\/wp-content\/uploads\/2023\/07\/setor-textil-1-scaled.jpg","type":"image\/jpeg"}],"author":"Audara","twitter_card":"summary_large_image","twitter_misc":{"Escrito por":"Audara","Est. tempo de leitura":"8 minutos"},"schema":{"@context":"https:\/\/schema.org","@graph":[{"@type":"Article","@id":"https:\/\/audaces.com\/pt-br\/blog\/setor-textil#article","isPartOf":{"@id":"https:\/\/audaces.com\/pt-br\/blog\/setor-textil"},"author":{"name":"Audara","@id":"https:\/\/audaces.com\/pt-br\/#\/schema\/person\/64fd4e45d55c0765a8d3193a2dfe4a8b"},"headline":"Saiba como a tecnologia auxilia na produtividade do setor t\u00eaxtil","datePublished":"2023-07-24T10:00:00+00:00","dateModified":"2023-10-18T12:04:24+00:00","mainEntityOfPage":{"@id":"https:\/\/audaces.com\/pt-br\/blog\/setor-textil"},"wordCount":1457,"commentCount":0,"publisher":{"@id":"https:\/\/audaces.com\/pt-br\/#organization"},"image":{"@id":"https:\/\/audaces.com\/pt-br\/blog\/setor-textil#primaryimage"},"thumbnailUrl":"https:\/\/audaces.com\/wp-content\/uploads\/2023\/07\/setor-textil-1-scaled.jpg","articleSection":["Gest\u00e3o e Neg\u00f3cios de Moda"],"inLanguage":"pt-BR","potentialAction":[{"@type":"CommentAction","name":"Comment","target":["https:\/\/audaces.com\/pt-br\/blog\/setor-textil#respond"]}]},{"@type":["WebPage","FAQPage"],"@id":"https:\/\/audaces.com\/pt-br\/blog\/setor-textil","url":"https:\/\/audaces.com\/pt-br\/blog\/setor-textil","name":"Setor t\u00eaxtil: por que usar a tecnologia a favor do neu neg\u00f3cio?","isPartOf":{"@id":"https:\/\/audaces.com\/pt-br\/#website"},"primaryImageOfPage":{"@id":"https:\/\/audaces.com\/pt-br\/blog\/setor-textil#primaryimage"},"image":{"@id":"https:\/\/audaces.com\/pt-br\/blog\/setor-textil#primaryimage"},"thumbnailUrl":"https:\/\/audaces.com\/wp-content\/uploads\/2023\/07\/setor-textil-1-scaled.jpg","datePublished":"2023-07-24T10:00:00+00:00","dateModified":"2023-10-18T12:04:24+00:00","description":"O avan\u00e7o do setor t\u00eaxtil no Brasil impulsionou a busca por inova\u00e7\u00e3o, produtividade e competitividade. Mas, o que a tecnologia tem a ver com isso? Descubra!","breadcrumb":{"@id":"https:\/\/audaces.com\/pt-br\/blog\/setor-textil#breadcrumb"},"mainEntity":[{"@id":"https:\/\/audaces.com\/pt-br\/blog\/setor-textil#faq-question-1697630433261"},{"@id":"https:\/\/audaces.com\/pt-br\/blog\/setor-textil#faq-question-1697630626500"},{"@id":"https:\/\/audaces.com\/pt-br\/blog\/setor-textil#faq-question-1697630634943"}],"inLanguage":"pt-BR","potentialAction":[{"@type":"ReadAction","target":["https:\/\/audaces.com\/pt-br\/blog\/setor-textil"]}]},{"@type":"ImageObject","inLanguage":"pt-BR","@id":"https:\/\/audaces.com\/pt-br\/blog\/setor-textil#primaryimage","url":"https:\/\/audaces.com\/wp-content\/uploads\/2023\/07\/setor-textil-1-scaled.jpg","contentUrl":"https:\/\/audaces.com\/wp-content\/uploads\/2023\/07\/setor-textil-1-scaled.jpg","width":1623,"height":1080},{"@type":"BreadcrumbList","@id":"https:\/\/audaces.com\/pt-br\/blog\/setor-textil#breadcrumb","itemListElement":[{"@type":"ListItem","position":1,"name":"INIZIO","item":"https:\/\/audaces.com\/pt-br"},{"@type":"ListItem","position":2,"name":"Saiba como a tecnologia auxilia na produtividade do setor t\u00eaxtil"}]},{"@type":"WebSite","@id":"https:\/\/audaces.com\/pt-br\/#website","url":"https:\/\/audaces.com\/pt-br\/","name":"Audaces","description":"We are the Industry 4.0","publisher":{"@id":"https:\/\/audaces.com\/pt-br\/#organization"},"potentialAction":[{"@type":"SearchAction","target":{"@type":"EntryPoint","urlTemplate":"https:\/\/audaces.com\/pt-br\/?s={search_term_string}"},"query-input":{"@type":"PropertyValueSpecification","valueRequired":true,"valueName":"search_term_string"}}],"inLanguage":"pt-BR"},{"@type":"Organization","@id":"https:\/\/audaces.com\/pt-br\/#organization","name":"Audaces","url":"https:\/\/audaces.com\/pt-br\/","logo":{"@type":"ImageObject","inLanguage":"pt-BR","@id":"https:\/\/audaces.com\/pt-br\/#\/schema\/logo\/image\/","url":"https:\/\/audaces.com\/wp-content\/uploads\/2022\/01\/cropped-cropped-logo-audace.png","contentUrl":"https:\/\/audaces.com\/wp-content\/uploads\/2022\/01\/cropped-cropped-logo-audace.png","width":512,"height":512,"caption":"Audaces"},"image":{"@id":"https:\/\/audaces.com\/pt-br\/#\/schema\/logo\/image\/"},"sameAs":["https:\/\/www.facebook.com\/audaces.pt"]},{"@type":"Person","@id":"https:\/\/audaces.com\/pt-br\/#\/schema\/person\/64fd4e45d55c0765a8d3193a2dfe4a8b","name":"Audara","image":{"@type":"ImageObject","inLanguage":"pt-BR","@id":"https:\/\/audaces.com\/wp-content\/uploads\/2025\/05\/cropped-audara-96x96.jpg","url":"https:\/\/audaces.com\/wp-content\/uploads\/2025\/05\/cropped-audara-96x96.jpg","contentUrl":"https:\/\/audaces.com\/wp-content\/uploads\/2025\/05\/cropped-audara-96x96.jpg","caption":"Audara"},"description":"Fashion Tech Specialist at Audaces","sameAs":["https:\/\/audaces.com"],"url":"https:\/\/audaces.com\/pt-br\/blog\/author\/audara"},{"@type":"Question","@id":"https:\/\/audaces.com\/pt-br\/blog\/setor-textil#faq-question-1697630433261","position":1,"url":"https:\/\/audaces.com\/pt-br\/blog\/setor-textil#faq-question-1697630433261","name":"Como est\u00e1 o avan\u00e7o do setor t\u00eaxtil no Brasil?","answerCount":1,"acceptedAnswer":{"@type":"Answer","text":"O avan\u00e7o do setor t\u00eaxtil no Brasil tem impulsionado a busca por inova\u00e7\u00e3o, melhoria da produtividade e maior competitividade no mercado global.","inLanguage":"pt-BR"},"inLanguage":"pt-BR"},{"@type":"Question","@id":"https:\/\/audaces.com\/pt-br\/blog\/setor-textil#faq-question-1697630626500","position":2,"url":"https:\/\/audaces.com\/pt-br\/blog\/setor-textil#faq-question-1697630626500","name":"Qual o panorama da produtividade do setor t\u00eaxtil?","answerCount":1,"acceptedAnswer":{"@type":"Answer","text":"Nos \u00faltimos anos, a produtividade no setor t\u00eaxtil tem sido influenciada por diversos fatores. Alguns deles s\u00e3o a automa\u00e7\u00e3o e a introdu\u00e7\u00e3o de novas tecnologias na fabrica\u00e7\u00e3o de tecidos.","inLanguage":"pt-BR"},"inLanguage":"pt-BR"},{"@type":"Question","@id":"https:\/\/audaces.com\/pt-br\/blog\/setor-textil#faq-question-1697630634943","position":3,"url":"https:\/\/audaces.com\/pt-br\/blog\/setor-textil#faq-question-1697630634943","name":"Qual a import\u00e2ncia da tecnologia para a produtividade no setor t\u00eaxtil?","answerCount":1,"acceptedAnswer":{"@type":"Answer","text":"Ela proporciona uma s\u00e9rie de benef\u00edcios que impactam diretamente a efici\u00eancia, sustentabilidade, facilidade e organiza\u00e7\u00e3o das etapas produtivas.","inLanguage":"pt-BR"},"inLanguage":"pt-BR"}]}},"_links":{"self":[{"href":"https:\/\/audaces.com\/pt-br\/wp-json\/wp\/v2\/posts\/146088","targetHints":{"allow":["GET"]}}],"collection":[{"href":"https:\/\/audaces.com\/pt-br\/wp-json\/wp\/v2\/posts"}],"about":[{"href":"https:\/\/audaces.com\/pt-br\/wp-json\/wp\/v2\/types\/post"}],"author":[{"embeddable":true,"href":"https:\/\/audaces.com\/pt-br\/wp-json\/wp\/v2\/users\/54"}],"replies":[{"embeddable":true,"href":"https:\/\/audaces.com\/pt-br\/wp-json\/wp\/v2\/comments?post=146088"}],"version-history":[{"count":8,"href":"https:\/\/audaces.com\/pt-br\/wp-json\/wp\/v2\/posts\/146088\/revisions"}],"predecessor-version":[{"id":152949,"href":"https:\/\/audaces.com\/pt-br\/wp-json\/wp\/v2\/posts\/146088\/revisions\/152949"}],"wp:featuredmedia":[{"embeddable":true,"href":"https:\/\/audaces.com\/pt-br\/wp-json\/wp\/v2\/media\/146310"}],"wp:attachment":[{"href":"https:\/\/audaces.com\/pt-br\/wp-json\/wp\/v2\/media?parent=146088"}],"wp:term":[{"taxonomy":"category","embeddable":true,"href":"https:\/\/audaces.com\/pt-br\/wp-json\/wp\/v2\/categories?post=146088"},{"taxonomy":"post_tag","embeddable":true,"href":"https:\/\/audaces.com\/pt-br\/wp-json\/wp\/v2\/tags?post=146088"}],"curies":[{"name":"wp","href":"https:\/\/api.w.org\/{rel}","templated":true}]}}