{"id":129016,"date":"2022-08-15T10:00:00","date_gmt":"2022-08-15T13:00:00","guid":{"rendered":"https:\/\/audaces.com\/?p=53045"},"modified":"2025-06-04T16:25:57","modified_gmt":"2025-06-04T19:25:57","slug":"o-que-e-collab-moda","status":"publish","type":"post","link":"https:\/\/audaces.com\/pt-br\/blog\/o-que-e-collab-moda","title":{"rendered":"Saiba o que \u00e9 collab na moda, vantagens e cases de sucesso"},"content":{"rendered":"\n<p><strong>Resumo:<\/strong><\/p>\n\n\n\n<ul class=\"wp-block-list\">\n<li>Profissionais preocupados com tend\u00eancias precisam saber o que \u00e9 uma collab na moda, pois \u00e9 um movimento muito popular que traz vendas e valoriza\u00e7\u00e3o para as marcas;<\/li>\n\n\n\n<li>A collab \u00e9 uma parceria entre duas marcas, geralmente uma de moda e outra n\u00e3o, em que lan\u00e7am cole\u00e7\u00f5es e\/ou realizam eventos em conjunto;<\/li>\n\n\n\n<li>Pe\u00e7as de collabs s\u00e3o muito importantes para reputa\u00e7\u00e3o e reconhecimento de marca, e exigem assertividade. <a href=\"https:\/\/conteudo.audaces.com\/inscricao-trial-360\" target=\"_blank\" rel=\"noreferrer noopener\">Aprimore todas as etapas da sua cole\u00e7\u00e3o com a Audaces360.<\/a><\/li>\n<\/ul>\n\n\n\n<p>Voc\u00ea j\u00e1 se deparou com algu\u00e9m na rua usando uma camiseta com estampa de marca, mas que n\u00e3o era de roupa? Pois esse \u00e9 um exemplo pr\u00e1tico para entender o que \u00e9 uma collab na moda. E h\u00e1 muitos ganhos por tr\u00e1s para todos os envolvidos.<\/p>\n\n\n\n<p>O aumento de vendas \u00e9 definitivamente um grande atrativo. Por\u00e9m, para a empresa que n\u00e3o \u00e9 da moda, o lucro financeiro talvez nem seja o principal objetivo. H\u00e1 muitas formas de uma marca lucrar com collabs, tanto a curto quanto m\u00e9dio e longo prazo.<\/p>\n\n\n\n<p>\u00c9 importante que profissionais do mercado fashion, mesmo os iniciantes, se apropriem do assunto. Ao dominar o conceito, ele tamb\u00e9m pode pensar nas pr\u00f3prias a\u00e7\u00f5es. N\u00e3o s\u00e3o s\u00f3 as marcas gigantes que podem promover esse tipo de cole\u00e7\u00e3o. <\/p>\n\n\n\n<p>Continue lendo para entender a import\u00e2ncia das collabs.<\/p><div id=\"ez-toc-container\" class=\"ez-toc-v2_0_82_2 ez-toc-wrap-left counter-hierarchy ez-toc-counter ez-toc-custom ez-toc-container-direction\">\n<div class=\"ez-toc-title-container\">\n<p class=\"ez-toc-title ez-toc-toggle\" style=\"cursor:pointer\">Sum\u00e1rio<\/p>\n<span class=\"ez-toc-title-toggle\"><\/span><\/div>\n<nav><ul class='ez-toc-list ez-toc-list-level-1 ' ><li class='ez-toc-page-1 ez-toc-heading-level-2'><a class=\"ez-toc-link ez-toc-heading-1\" href=\"https:\/\/audaces.com\/pt-br\/blog\/o-que-e-collab-moda\/#o-que-e-collab-na-moda\" >O que \u00e9 collab na moda?<\/a><\/li><li class='ez-toc-page-1 ez-toc-heading-level-2'><a class=\"ez-toc-link ez-toc-heading-2\" href=\"https:\/\/audaces.com\/pt-br\/blog\/o-que-e-collab-moda\/#como-surge-uma-collab\" >Como surge uma collab?<\/a><\/li><li class='ez-toc-page-1 ez-toc-heading-level-2'><a class=\"ez-toc-link ez-toc-heading-3\" href=\"https:\/\/audaces.com\/pt-br\/blog\/o-que-e-collab-moda\/#quais-sao-os-objetivos-das-collabs-na-moda\" >Quais s\u00e3o os objetivos das collabs na moda?<\/a><\/li><li class='ez-toc-page-1 ez-toc-heading-level-2'><a class=\"ez-toc-link ez-toc-heading-4\" href=\"https:\/\/audaces.com\/pt-br\/blog\/o-que-e-collab-moda\/#qual-e-o-porte-de-uma-marca-que-faz-collab\" >Qual \u00e9 o porte de uma marca que faz collab?<\/a><\/li><li class='ez-toc-page-1 ez-toc-heading-level-2'><a class=\"ez-toc-link ez-toc-heading-5\" href=\"https:\/\/audaces.com\/pt-br\/blog\/o-que-e-collab-moda\/#exemplos-de-collabs-que-fizeram-sucesso\" >Exemplos de collabs que fizeram sucesso<\/a><\/li><li class='ez-toc-page-1 ez-toc-heading-level-2'><a class=\"ez-toc-link ez-toc-heading-6\" href=\"https:\/\/audaces.com\/pt-br\/blog\/o-que-e-collab-moda\/#entenda-como-a-audaces-pode-ajudar-no-lancamento-da-sua-collab-de-moda\" >Entenda como a Audaces pode ajudar no lan\u00e7amento da sua collab de moda<\/a><\/li><\/ul><\/nav><\/div>\n\n\n\n\n<h2 class=\"wp-block-heading\" id=\"h-o-que-e-collab-na-moda\"><span class=\"ez-toc-section\" id=\"o-que-e-collab-na-moda\"><\/span><strong>O que \u00e9 collab na moda?<\/strong><span class=\"ez-toc-section-end\"><\/span><\/h2>\n\n\n\n<figure class=\"wp-block-image size-large\"><img decoding=\"async\" src=\"https:\/\/audaces.com\/wp-content\/uploads\/2022\/08\/o-que-e-collab-mundo-moda-1024x683.jpg\" alt=\"O que \u00e9 collab no mundo da moda?\" class=\"wp-image-53124\"\/><\/figure>\n\n\n\n<p>Duas <a href=\"https:\/\/audaces.com\/como-criar-uma-marca-de-roupa\" target=\"_blank\" rel=\"noreferrer noopener\">marcas<\/a>, geralmente uma do mercado fashion e outra n\u00e3o, podem concordar que lan\u00e7ar uma cole\u00e7\u00e3o em conjunto seja lucrativo para ambas. Al\u00e9m de um aumento pontual de vendas, h\u00e1 valoriza\u00e7\u00e3o, exposi\u00e7\u00e3o e brand awareness a longo prazo.<\/p>\n\n\n\n<p>Um exemplo \u00e9 a collab Havaianas e Oreo. Pode at\u00e9 haver um retorno em royalties para a marca de bolacha, mas esse n\u00e3o \u00e9 o seu maior ganho. Manter a Oreo na mente das pessoas influenciar\u00e1 suas decis\u00f5es de compra por doces e despertar\u00e1 desejo de consumo.<\/p>\n\n\n\n<p>No entanto, nem toda estampa de terceiros significa uma collab. Certos cen\u00e1rios podem ser apenas licenciamento, onde a empresa fashion \u201caluga\u201d a outra marca. As Havaianas dos Simpsons n\u00e3o representam, necessariamente, uma parceria da Alpargatas com a Fox.<\/p>\n\n\n\n<h3 class=\"wp-block-heading\" id=\"h-diferenca-entre-collab-e-outros-licenciamentos\">Diferen\u00e7a entre collab e outros licenciamentos<\/h3>\n\n\n\n<p>H\u00e1 duas principais caracter\u00edsticas das collabs que as diferenciam de outros tipos de licenciamentos. S\u00e3o elas: o protagonismo do projeto e a etapa de cria\u00e7\u00e3o, que s\u00e3o realizados de forma colaborativa.<\/p>\n\n\n\n<p>No licenciamento comum, a marca X, de qualquer mercado, s\u00f3 tem o papel de ceder o uso de elementos gr\u00e1ficos caracter\u00edsticos para a Z, de moda. Isso junto de algum controle para garantir que ela n\u00e3o ser\u00e1 associada a uma mensagem que n\u00e3o gostaria de passar.<\/p>\n\n\n\n<p>Na collab, ambas est\u00e3o presentes no desenvolvimento da cole\u00e7\u00e3o, investindo recursos, selecionando profissionais e propondo decis\u00f5es criativas. N\u00e3o \u00e9 uma a\u00e7\u00e3o da marca Z usando a X.<\/p>\n\n\n\n<h2 class=\"wp-block-heading\" id=\"h-como-surge-uma-collab\"><span class=\"ez-toc-section\" id=\"como-surge-uma-collab\"><\/span><strong>Como surge uma collab?<\/strong><span class=\"ez-toc-section-end\"><\/span><\/h2>\n\n\n\n<p>H\u00e1 diversos motivos que podem iniciar uma collab. Em geral, no entanto, parte de um desejo de duas marcas se aproximarem mais do p\u00fablico. Os clientes da marca X podem se tornar consumidores da marca Z e vice-versa.<\/p>\n\n\n\n<p>Em alguns momentos, essas cole\u00e7\u00f5es podem surgir de eventos comemorativos. A Mo\u00e7a e a Anacapri, por exemplo, fizeram uma collab em celebra\u00e7\u00e3o aos 100 anos da marca de leite condensado.<\/p>\n\n\n\n<p><strong>Leia mais: <\/strong><a href=\"https:\/\/audaces.com\/vestibilidade\/\" target=\"_blank\" rel=\"noreferrer noopener\">Aprenda a calcular a vestibilidade da sua confec\u00e7\u00e3o de moda<\/a><\/p>\n\n\n\n<h2 class=\"wp-block-heading\" id=\"h-quais-sao-os-objetivos-das-collabs-na-moda\"><span class=\"ez-toc-section\" id=\"quais-sao-os-objetivos-das-collabs-na-moda\"><\/span><strong>Quais s\u00e3o os objetivos das collabs na moda?<\/strong><span class=\"ez-toc-section-end\"><\/span><\/h2>\n\n\n\n<p>Como dissemos, pode haver diversos objetivos por tr\u00e1s de uma collab. Por\u00e9m, h\u00e1 cinco que est\u00e3o quase sempre presentes e podem ser as principais motiva\u00e7\u00f5es. Voc\u00ea pode aprender sobre eles abaixo.<\/p>\n\n\n\n<h3 class=\"wp-block-heading\" id=\"h-1-aumentar-o-reconhecimento-das-marcas-envolvidas\">1. Aumentar o reconhecimento das marcas envolvidas<\/h3>\n\n\n\n<p>Quando uma pessoa deseja comprar um produto e possui as op\u00e7\u00f5es de uma marca nova e outra conhecida, a tend\u00eancia \u00e9 que ela escolha pela segunda. H\u00e1 uma seguran\u00e7a e reputa\u00e7\u00e3o que trazem conforto \u00e0 decis\u00e3o, visto que desconhecimento traz \u201cmedo\u201d.<\/p>\n\n\n\n<p>Ao fazer uma collab, as duas marcas conseguem expandir o reconhecimento e a lembran\u00e7a de marca. Diferente de uma propaganda na tv que dura alguns segundos e ainda pode incomodar o p\u00fablico, uma pe\u00e7a de roupa est\u00e1 sempre ali quando se abre a porta do arm\u00e1rio.<\/p>\n\n\n\n<p>Ainda, a cole\u00e7\u00e3o n\u00e3o influencia apenas quem a est\u00e1 vestindo. Sempre que aquela pessoa sair de casa com aquelas pe\u00e7as da collab, todos \u00e0 volta est\u00e3o expostos \u00e0quelas marcas. <\/p>\n\n\n\n<h3 class=\"wp-block-heading\" id=\"h-2-promover-identificacao-do-publico-e-criar-advogados-de-marca\">2. Promover identifica\u00e7\u00e3o do p\u00fablico e criar advogados de marca<\/h3>\n\n\n\n<p>A ideia do branding \u00e9 que as pessoas n\u00e3o compram produtos, compram ideias. No mercado de cal\u00e7ados, h\u00e1 um bom exemplo disso. Adidas e Nike s\u00e3o duas grandes empresas com qualidade similar e a diferen\u00e7a entre seus p\u00fablicos \u00e9 a identifica\u00e7\u00e3o com suas marcas.<\/p>\n\n\n\n<p>As collabs na moda s\u00e3o oportunidades de conquistar essa conex\u00e3o. O p\u00fablico veste a camisa ao se sintonizar com a mensagem de uma cole\u00e7\u00e3o. A partir desse ponto, passa a consumir mais daquelas empresas e a proativamente divulgar aquelas marcas.<\/p>\n\n\n\n<h3 class=\"wp-block-heading\" id=\"h-3-unir-conceitos-de-produtos-ideias-ou-posicionamentos-de-mercado\">3. Unir conceitos de produtos, ideias ou posicionamentos de mercado<\/h3>\n\n\n\n<p>Se duas marcas percebem um potencial de identifica\u00e7\u00e3o vindo do p\u00fablico-alvo da outra, o collab cria essa aproxima\u00e7\u00e3o cruzada. Unindo-se conceitos, mostra-se aos clientes que as duas possuem mensagem aliadas e compat\u00edveis e que faz sentido consumirem ambas.<\/p>\n\n\n\n<h3 class=\"wp-block-heading\" id=\"h-4-aliar-processos-criativos\">4. Aliar processos criativos<\/h3>\n\n\n\n<p>Dinheiro n\u00e3o \u00e9 a \u00fanica coisa que representa o que \u00e9 collab na moda. Esse tipo de a\u00e7\u00e3o costuma gerar desafios criativos interessantes para os profissionais. N\u00e3o \u00e9 tarefa f\u00e1cil, por exemplo, criar identifica\u00e7\u00e3o com marca de refrigerante atrav\u00e9s de camisetas.<\/p>\n\n\n\n<p>A colabora\u00e7\u00e3o entre marcas e profissionais criativos traz benef\u00edcios para o mercado da moda. Os projetos envolvem conceitos inusitados e desafiam o olhar que voc\u00ea tem sobre um determinado produto. Isso tudo resulta em pe\u00e7as inovadoras e podem at\u00e9 provocar tend\u00eancias.<\/p>\n\n\n\n<h3 class=\"wp-block-heading\" id=\"h-5-retorno-financeiro\">5. Retorno financeiro<\/h3>\n\n\n\n<p>O retorno sobre o investimento pode ocorrer a curto, m\u00e9dio e longo prazo. Em todas as situa\u00e7\u00f5es, \u00e9 poss\u00edvel criar aumentos expressivos de vendas. Assim, o potencial lucrativo \u00e9 um dos grandes fatores de import\u00e2ncia da collab na moda.<\/p>\n\n\n\n<p>A curto prazo, no lan\u00e7amento da cole\u00e7\u00e3o e enquanto houver estoque, costuma haver um pico de faturamento. Se o marketing for bem feito, clientes das duas marcas adquirem as pe\u00e7as o mais r\u00e1pido poss\u00edvel para n\u00e3o ficarem sem.<\/p>\n\n\n\n<p>Ap\u00f3s adquirir sua pe\u00e7a de edi\u00e7\u00e3o limitada, o cliente pode despertar um desejo de compra, que ser\u00e1 alimentado pelo buzz do momento. Se essa movimenta\u00e7\u00e3o chegar bem nas redes sociais, \u00e9 poss\u00edvel influenciar pessoas que n\u00e3o adquiriram a cole\u00e7\u00e3o a, mesmo assim, comprar produtos dessas marcas.<\/p>\n\n\n\n<p>Depois disso, a m\u00e9dio e longo prazo, ainda haver\u00e1 aumentos de vendas para as duas empresas. A marca de fora desse mercado aumenta a sua exposi\u00e7\u00e3o ao se tornar parte do vestu\u00e1rio do p\u00fablico. Enquanto isso, as pessoas que gostaram das pe\u00e7as voltar\u00e3o \u00e0 loja para conhecer outras cole\u00e7\u00f5es e ficar\u00e3o de olho em futuros lan\u00e7amentos.<\/p>\n\n\n\n<h2 class=\"wp-block-heading\" id=\"h-qual-e-o-porte-de-uma-marca-que-faz-collab\"><span class=\"ez-toc-section\" id=\"qual-e-o-porte-de-uma-marca-que-faz-collab\"><\/span><strong>Qual \u00e9 o porte de uma marca que faz collab?<\/strong><span class=\"ez-toc-section-end\"><\/span><\/h2>\n\n\n\n<p>Ao se analisar casos de sucesso, \u00e9 comum usar empresas gigantes como exemplo. No entanto, isso n\u00e3o significa que essa estrat\u00e9gia de branding n\u00e3o seja democr\u00e1tica. Marcas regionais, m\u00e9dias e pequenas tamb\u00e9m podem reproduzir essa tend\u00eancia.<\/p>\n\n\n\n<p>Claro, \u00e9 importante que as cole\u00e7\u00f5es sejam elaboradas com bom gosto e o marketing seja bem feito. E ajuda muito se ao menos uma das marcas j\u00e1 tiver alguma notoriedade. Por\u00e9m, no geral, o sucesso de uma parceria depende da criatividade e da estrat\u00e9gia dos envolvidos.<\/p>\n\n\n\n<p><strong>Leia mais: <\/strong><a href=\"https:\/\/audaces.com\/desenho-roupas-dicas-para-otimizar-criacoes\/\" target=\"_blank\" rel=\"noreferrer noopener\">Conhe\u00e7a 10 dicas para desenhar roupas e criar pe\u00e7as com maior agilidade<\/a><\/p>\n\n\n\n<h2 class=\"wp-block-heading\" id=\"h-exemplos-de-collabs-que-fizeram-sucesso\"><span class=\"ez-toc-section\" id=\"exemplos-de-collabs-que-fizeram-sucesso\"><\/span><strong>Exemplos de collabs que fizeram sucesso<\/strong><span class=\"ez-toc-section-end\"><\/span><\/h2>\n\n\n\n<figure class=\"wp-block-image size-large\"><img decoding=\"async\" src=\"https:\/\/audaces.com\/wp-content\/uploads\/2022\/08\/exemplos-collabs-moda-1024x683.jpg\" alt=\"Exemplos de collabs que fizeram sucesso\" class=\"wp-image-53131\"\/><\/figure>\n\n\n\n<p>No Brasil e no mundo afora, houveram diversos collabs com excelentes resultados. E nem todos envolveram empresas estranhas ao mercado fashion. Houveram, tamb\u00e9m, casos com diferentes marcas de roupas se unindo para criar cole\u00e7\u00f5es inovadoras.<\/p>\n\n\n\n<p>Ao enfrentar esses desafios, os artistas envolvidos \u201cbrincaram\u201d com conceitos diferentes ao que eram esperados. Logo, estudar os resultados criativos dessas a\u00e7\u00f5es \u00e9 uma boa forma de se inspirar, pois podem trazer insights \u00fanicos e interessantes. Afinal, n\u00e3o basta que as pe\u00e7as sejam <a href=\"https:\/\/audaces.com\/o-que-e-belo-definicao-e-conceitos-na-arte-e-na-moda\/\" target=\"_blank\" rel=\"noreferrer noopener\">belas<\/a>, uma ideia relativa. Elas devem corresponder \u00e0s propostas das marcas.<\/p>\n\n\n\n<h3 class=\"wp-block-heading\" id=\"h-adidas-e-beyonce\">Adidas e Beyonc\u00e9<\/h3>\n\n\n\n<p>O lan\u00e7amento da collab entre as marcas Adidas e Ivypark (de Beyonc\u00e9) fechou o ano de 2021 com o slogan \u201cWelcome to the HALLS of IVY\u201d\u201d (Bem-vindos aos sal\u00f5es da Ivy). Suas diversas cole\u00e7\u00f5es possuem foco na inclusividade e no <a href=\"https:\/\/audaces.com\/empoderamento-feminino-no-mundo-da-moda\/\" target=\"_blank\" rel=\"noreferrer noopener\">empoderamento femino<\/a>.<\/p>\n\n\n\n<p>Esse projeto foi feito com o conceito de acabar com r\u00f3tulos. Por isso, boa parte dos modelos s\u00e3o mulheres n\u00e3o-brancas e com corpos fora do padr\u00e3o. Da mesma forma, as roupas, os cal\u00e7ados e acess\u00f3rios tamb\u00e9m s\u00e3o \u00fanicos e marcantes.<\/p>\n\n\n\n<p>Extravag\u00e2ncia e eleg\u00e2ncia foram aplicadas com cores e formas chamativas. Um destaque dessa a\u00e7\u00e3o \u00e9 a Ivytopia, jun\u00e7\u00e3o Ivypark e utopia, que se apresentou com proposta de transforma\u00e7\u00e3o. As pe\u00e7as desta cole\u00e7\u00e3o s\u00e3o principalmente roupas de banho.<\/p>\n\n\n\n<figure class=\"wp-block-embed aligncenter is-type-rich is-provider-twitter wp-block-embed-twitter\"><div class=\"wp-block-embed__wrapper\">\n<blockquote class=\"twitter-tweet\" data-width=\"550\" data-dnt=\"true\"><p lang=\"en\" dir=\"ltr\">CATEGORY BAD BITCH, IM THE BAR\ud83d\udc7d\u2728\ud83d\ude0d <a href=\"https:\/\/twitter.com\/hashtag\/IVYTOPIA?src=hash&amp;ref_src=twsrc%5Etfw\">#IVYTOPIA<\/a>  <a href=\"https:\/\/twitter.com\/Beyonce?ref_src=twsrc%5Etfw\">@Beyonce<\/a>  <br><br>\ud83d\udcf8 <a href=\"https:\/\/twitter.com\/realrosarioray?ref_src=twsrc%5Etfw\">@realrosarioray<\/a> <a href=\"https:\/\/t.co\/ajZaWFjftv\">pic.twitter.com\/ajZaWFjftv<\/a><\/p>&mdash; TheRealChardonna\u00ff_ (@Amor_Chardonnay) <a href=\"https:\/\/twitter.com\/Amor_Chardonnay\/status\/1555612299540533249?ref_src=twsrc%5Etfw\">August 5, 2022<\/a><\/blockquote><script async src=\"https:\/\/platform.twitter.com\/widgets.js\" charset=\"utf-8\"><\/script>\n<\/div><\/figure>\n\n\n\n<h3 class=\"wp-block-heading\" id=\"h-leite-moca-e-anacapri\">Leite Mo\u00e7a e Anacapri<\/h3>\n\n\n\n<p>Leite condensado, ainda mais da marca Leite Mo\u00e7a, ativa muitas lembran\u00e7as positivas na mente do p\u00fablico. E, para comemorar essa mem\u00f3ria &#8220;doce&#8221;, a marca se uniu \u00e0 Anacapri para celebrar os 100 anos de Brasil.<\/p>\n\n\n\n<p>O resultado da colabora\u00e7\u00e3o foi uma cole\u00e7\u00e3o completa de bolsas, t\u00eanis e outros acess\u00f3rios que apresentaram um desafio \u00fanico aos designers. Os conceitos usados foram culin\u00e1ria, a primeira latinha de Leite Mo\u00e7a e outras refer\u00eancias \u00e0 marca de leite condensado.<\/p>\n\n\n\n<p>Esse tipo de produto pensa mais do que no visual. H\u00e1 uma busca por experi\u00eancias multissensoriais. O sucesso desse projeto aconteceu em raz\u00e3o das pe\u00e7as ativarem mem\u00f3rias olfativas e gustativas nos clientes. A cole\u00e7\u00e3o \u201ctem sabor doce\u201d.<\/p>\n\n\n\n<p>A iniciativa dessa collab veio por parte do Leite Mo\u00e7a, que queria se conectar com o p\u00fablico-jovem, em especial o feminino.<\/p>\n\n\n\n<p>Ainda que brigadeiros e beijinhos sejam consumidos por pessoas de qualquer faixa et\u00e1ria, a compra do leite condensado puro ainda estava restrita aos mais velhos.<\/p>\n\n\n\n<figure class=\"wp-block-embed aligncenter is-type-rich is-provider-twitter wp-block-embed-twitter\"><div class=\"wp-block-embed__wrapper\">\n<blockquote class=\"twitter-tweet\" data-width=\"550\" data-dnt=\"true\"><p lang=\"pt\" dir=\"ltr\">Estamos apaixonados pela cole\u00e7\u00e3o Adocica Anacapri! J\u00e1 garantimos os nossos produtos favoritos da nossa collab perfeita, e voc\u00ea? \ud83c\udf70 \ud83d\udc9b <a href=\"https:\/\/twitter.com\/hashtag\/AnacapriMo%C3%A7a?src=hash&amp;ref_src=twsrc%5Etfw\">#AnacapriMo\u00e7a<\/a> <a href=\"https:\/\/t.co\/SEAZBrDceX\">pic.twitter.com\/SEAZBrDceX<\/a><\/p>&mdash; Leite Mo\u00e7a (@leitemocanestle) <a href=\"https:\/\/twitter.com\/leitemocanestle\/status\/1439227717921255428?ref_src=twsrc%5Etfw\">September 18, 2021<\/a><\/blockquote><script async src=\"https:\/\/platform.twitter.com\/widgets.js\" charset=\"utf-8\"><\/script>\n<\/div><\/figure>\n\n\n\n<h3 class=\"wp-block-heading\" id=\"h-supreme-e-louis-vuitton\">Supreme e Louis Vuitton<\/h3>\n\n\n\n<p>A marca Supreme \u00e9 conhecida por focar em skatistas, cantores de hip hop e outros grupos da &#8220;cultura de rua&#8221;. Com uma pegada jovem, conseguiu conquistar o <a href=\"https:\/\/www.ypulse.com\/article\/2020\/02\/24\/supreme-is-killing-it-with-gen-z-heres-what-brands-can-learn\/\" target=\"_blank\" rel=\"noreferrer noopener\">top 10 das marcas mais lembradas pela gera\u00e7\u00e3o Z<\/a>, que abrange nascidos no fim de 1990 at\u00e9 2010.<\/p>\n\n\n\n<p>Enquanto isso, Louis Vuitton \u00e9 uma marca de grife francesa, com pe\u00e7as de luxo, couro de alta qualidade e acess\u00f3rios fabulosos. Seus focos s\u00e3o originalidade, vibe de vanguarda e qualidade.<\/p>\n\n\n\n<p>O p\u00fablico-alvo \u00e9 formado por mulheres de 35 a 54 anos com alto poder aquisitivo e jovens adultos de 18 a 34 anos que tenham recursos suficientes para adquirir os produtos e sejam aspirantes \u00e0 marca. Ainda assim, h\u00e1 cole\u00e7\u00f5es voltadas para homens.<\/p>\n\n\n\n<p>As diferen\u00e7as dessas marcas n\u00e3o foram resolvidas facilmente. Entre a primeira proposta de collab da <a href=\"https:\/\/stockx.com\/news\/supreme-x-louis-vuitton-kim-jones\/\" target=\"_blank\" rel=\"noreferrer noopener\">Louis Vuitton para a Supreme<\/a> at\u00e9 o lan\u00e7amento da cole\u00e7\u00e3o colaborativa houve uma lacuna de duas d\u00e9cadas. <\/p>\n\n\n\n<p>No entanto, a espera valeu a pena. O conglomerado de luxo LVMH (Mo\u00ebt Hennessy Louis Vuitton) teve um aumento aproximado de <a href=\"https:\/\/hypebeast.com\/2017\/7\/lvmh-sales-up-2017-supreme-louis-vuitton\">U$ 23 bilh\u00f5es<\/a> s\u00f3 na primeira metade de 2017. Isso representa um aumento 23% de lucro para a empresa. <\/p>\n\n\n\n<h3 class=\"wp-block-heading\" id=\"h-fruki-e-gang\">Fruki e Gang<\/h3>\n\n\n\n<p>Marcas regionais tamb\u00e9m lan\u00e7am collabs e atingem sucesso. Uma prova disso \u00e9 a cole\u00e7\u00e3o lan\u00e7ada pelas marcas ga\u00fachas Fruki Guaran\u00e1 e Gang em comemora\u00e7\u00e3o aos seus 50 e 45 anos, respectivamente.<\/p>\n\n\n\n<p>O conceito utilizado foi a mistura e aplica\u00e7\u00e3o das embalagens do refrigerante e da est\u00e9tica urbana-retr\u00f4 \u00e0s pe\u00e7as cl\u00e1ssicas da marca de moda. Ainda que essas marcas n\u00e3o tenham apelo nacional, os sentimentos de \u201ctribo\u201d e nostalgia compartilhados entre o p\u00fablico-alvo permitem bons resultados.<\/p>\n\n\n\n<figure class=\"wp-block-embed aligncenter is-type-rich is-provider-twitter wp-block-embed-twitter\"><div class=\"wp-block-embed__wrapper\">\n<blockquote class=\"twitter-tweet\" data-width=\"550\" data-dnt=\"true\"><p lang=\"pt\" dir=\"ltr\">A collab Gang x Fruki j\u00e1 est\u00e1 no ar com produtos como jeans, moletom, b\u00e1sicos e acess\u00f3rios. Vem conferir no blog todas as pe\u00e7as dessa mistura incr\u00edvel e inesperada: <a href=\"https:\/\/t.co\/R5j3AnnUzy\">https:\/\/t.co\/R5j3AnnUzy<\/a> &#8211; mas que a gente promete que faz todo o sentido! <a href=\"https:\/\/t.co\/CodpSpRvsv\">pic.twitter.com\/CodpSpRvsv<\/a><\/p>&mdash; Gang (@Gang_tweets) <a href=\"https:\/\/twitter.com\/Gang_tweets\/status\/1463867102981505025?ref_src=twsrc%5Etfw\">November 25, 2021<\/a><\/blockquote><script async src=\"https:\/\/platform.twitter.com\/widgets.js\" charset=\"utf-8\"><\/script>\n<\/div><\/figure>\n\n\n\n<h3 class=\"wp-block-heading\" id=\"h-farm-e-levi-s\">Farm e Levi&#8217;s<\/h3>\n\n\n\n<p>Levi Strauss, quando patenteou a cal\u00e7a jeans, talvez n\u00e3o imaginasse que seu tecido denim combinaria tanto com estampas super brasileiras como as da Farm. Essa collab entre a marca nacional e a mais famosa empresa de jeans wear deu muito certo.<\/p>\n\n\n\n<p>Deixando um pouco o \u00edndigo de lado, os jeans, combinados com camisetas e vestidos, receberam cores, formas e figuras que remetem \u00e0 flora e fauna tupiniquim. Ainda, a a\u00e7\u00e3o teve uma pegada ecol\u00f3gica. A colabora\u00e7\u00e3o foi ampliada \u00e0 participa\u00e7\u00e3o do SOS Mata Atl\u00e2ntica e o One Tree Planted, plantando 14 mil \u00e1rvores durante o lan\u00e7amento da cole\u00e7\u00e3o.<\/p>\n\n\n\n<p>N\u00e3o \u00e9 a primeira vez que a Farm faz um collab internacional. A marca brasileira tamb\u00e9m j\u00e1 lan\u00e7ou cole\u00e7\u00f5es com a Adidas e n\u00e3o deve parar por a\u00ed. H\u00e1 bastante investimento na expans\u00e3o das suas opera\u00e7\u00f5es para outros pa\u00edses.<\/p>\n\n\n\n<h2 class=\"wp-block-heading\" id=\"h-entenda-como-a-audaces-pode-ajudar-no-lancamento-da-sua-collab-de-moda\"><span class=\"ez-toc-section\" id=\"entenda-como-a-audaces-pode-ajudar-no-lancamento-da-sua-collab-de-moda\"><\/span><strong>Entenda como a Audaces pode ajudar no lan\u00e7amento da sua collab de moda<\/strong><span class=\"ez-toc-section-end\"><\/span><\/h2>\n\n\n\n<p>Planejamento, marketing forte e criatividade s\u00e3o tr\u00eas conceitos pilares para definir o que \u00e9 collab na moda. Esse tipo de a\u00e7\u00e3o n\u00e3o d\u00e1 muita chance para erro e ser assertivo em todas as etapas da cole\u00e7\u00e3o (de criar a produzir) \u00e9 mandat\u00f3rio.<\/p>\n\n\n\n<p>Pense que, s\u00f3 de anunciar uma collab, j\u00e1 \u00e9 o suficiente para causar buzz nas redes sociais e atingir muitos p\u00fablicos al\u00e9m daqueles que t\u00eam afinidade pela moda no geral. Quando todo mundo est\u00e1 olhando para voc\u00ea, n\u00e3o d\u00e1 para fazer feio.<\/p>\n\n\n\n<p>O <a href=\"https:\/\/audaces.com\/pt-br\/solucoes\/audaces-360\" target=\"_blank\" rel=\"noreferrer noopener\">Audaces360<\/a> \u00e9 uma multissolu\u00e7\u00e3o que permitir\u00e1 voc\u00ea economizar tempo e tecido enquanto facilita o processo de concretizar o que est\u00e1 na sua inspira\u00e7\u00e3o.<\/p>\n\n\n\n<p>O sistema de modelagem traz ainda uma visualiza\u00e7\u00e3o realista sobre as pe\u00e7as, permitindo modifica\u00e7\u00f5es mais pr\u00f3ximas ao resultado final antes de materializar sua cole\u00e7\u00e3o.<\/p>\n\n\n\n<p>Entre as solu\u00e7\u00f5es est\u00e3o:<\/p>\n\n\n\n<ul class=\"wp-block-list\">\n<li>Gerenciamento assertivo de cole\u00e7\u00f5es;<\/li>\n\n\n\n<li>Automatiza\u00e7\u00e3o de fichas t\u00e9cnicas e pr\u00e9-custo;<\/li>\n\n\n\n<li>Desenvolvimento e modelagem em 3D;<\/li>\n\n\n\n<li>Cria\u00e7\u00e3o, digitaliza\u00e7\u00e3o e gradua\u00e7\u00e3o de moldes direto no computador;<\/li>\n\n\n\n<li>Altera\u00e7\u00e3o precisa no encaixe que garante o aproveitamento m\u00e1ximo de tecido;<\/li>\n\n\n\n<li>Simula\u00e7\u00e3o, costura e aprova\u00e7\u00e3o de pe\u00e7as em 3D;<\/li>\n\n\n\n<li>E experi\u00eancias positivas para seus clientes no nosso ambiente de e-commerce.<\/li>\n<\/ul>\n\n\n\n<p><strong>Agora, queremos um collab com voc\u00ea! Clique aqui e confira nosso e-book sobre como alavancar seu neg\u00f3cio de moda.<\/strong><\/p>\n\n\n\n<div role=\"main\" id=\"ebook-85-10-estrategias-praticas-para-alavancar-seu-negocio-no-mercado-de-moda-setembro-2020-cfb404a763356a97daf9\"><\/div><script type=\"text\/javascript\" src=\"https:\/\/d335luupugsy2.cloudfront.net\/js\/rdstation-forms\/stable\/rdstation-forms.min.js\"><\/script><script type=\"text\/javascript\"> new RDStationForms('ebook-85-10-estrategias-praticas-para-alavancar-seu-negocio-no-mercado-de-moda-setembro-2020-cfb404a763356a97daf9', 'UA-78634938-2').createForm();<\/script>\n\n\n\n<p><\/p>\n","protected":false},"excerpt":{"rendered":"<p>Entenda o que \u00e9 collab na moda e como funciona e pense em oportunidades de parcerias para cole\u00e7\u00f5es. Confira exemplos de sucesso!<\/p>\n","protected":false},"author":54,"featured_media":181526,"comment_status":"open","ping_status":"closed","sticky":true,"template":"","format":"standard","meta":{"footnotes":""},"categories":[26],"tags":[119,71],"class_list":["post-129016","post","type-post","status-publish","format-standard","has-post-thumbnail","hentry","category-criacao-estilo","tag-industria-da-moda","tag-producao-de-moda"],"yoast_head":"<!-- This site is optimized with the Yoast SEO Premium plugin v27.4 (Yoast SEO v27.4) - https:\/\/yoast.com\/product\/yoast-seo-premium-wordpress\/ -->\n<title>O que \u00e9 collab na moda? Conhe\u00e7a vantagens e cases de sucesso<\/title>\n<meta name=\"description\" content=\"Entenda o que \u00e9 collab na moda e como funciona e pense em oportunidades de parcerias para cole\u00e7\u00f5es. Confira exemplos de sucesso!\" \/>\n<meta name=\"robots\" content=\"index, follow, max-snippet:-1, max-image-preview:large, max-video-preview:-1\" \/>\n<link rel=\"canonical\" href=\"https:\/\/audaces.com\/pt-br\/blog\/o-que-e-collab-moda\" \/>\n<meta property=\"og:locale\" content=\"pt_BR\" \/>\n<meta property=\"og:type\" content=\"article\" \/>\n<meta property=\"og:title\" content=\"O que \u00e9 collab na moda? Conhe\u00e7a vantagens e cases de sucesso\" \/>\n<meta property=\"og:description\" content=\"Entenda o que \u00e9 collab na moda e como funciona e pense em oportunidades de parcerias para cole\u00e7\u00f5es. Confira exemplos de sucesso!\" \/>\n<meta property=\"og:url\" content=\"https:\/\/audaces.com\/pt-br\/blog\/o-que-e-collab-moda\" \/>\n<meta property=\"og:site_name\" content=\"Audaces\" \/>\n<meta property=\"article:publisher\" content=\"https:\/\/www.facebook.com\/audaces.pt\" \/>\n<meta property=\"article:published_time\" content=\"2022-08-15T13:00:00+00:00\" \/>\n<meta property=\"article:modified_time\" content=\"2025-06-04T19:25:57+00:00\" \/>\n<meta property=\"og:image\" content=\"https:\/\/audaces.com\/wp-content\/uploads\/2022\/08\/o-que-e-collab-moda-destaque-scaled.jpg\" \/>\n\t<meta property=\"og:image:width\" content=\"2560\" \/>\n\t<meta property=\"og:image:height\" content=\"1703\" \/>\n\t<meta property=\"og:image:type\" content=\"image\/jpeg\" \/>\n<meta name=\"author\" content=\"Audara\" \/>\n<meta name=\"twitter:card\" content=\"summary_large_image\" \/>\n<meta name=\"twitter:label1\" content=\"Escrito por\" \/>\n\t<meta name=\"twitter:data1\" content=\"Audara\" \/>\n\t<meta name=\"twitter:label2\" content=\"Est. tempo de leitura\" \/>\n\t<meta name=\"twitter:data2\" content=\"13 minutos\" \/>\n<script type=\"application\/ld+json\" class=\"yoast-schema-graph\">{\"@context\":\"https:\\\/\\\/schema.org\",\"@graph\":[{\"@type\":\"Article\",\"@id\":\"https:\\\/\\\/audaces.com\\\/pt-br\\\/blog\\\/o-que-e-collab-moda#article\",\"isPartOf\":{\"@id\":\"https:\\\/\\\/audaces.com\\\/pt-br\\\/blog\\\/o-que-e-collab-moda\"},\"author\":{\"name\":\"Audara\",\"@id\":\"https:\\\/\\\/audaces.com\\\/pt-br\\\/#\\\/schema\\\/person\\\/64fd4e45d55c0765a8d3193a2dfe4a8b\"},\"headline\":\"Saiba o que \u00e9 collab na moda, vantagens e cases de sucesso\",\"datePublished\":\"2022-08-15T13:00:00+00:00\",\"dateModified\":\"2025-06-04T19:25:57+00:00\",\"mainEntityOfPage\":{\"@id\":\"https:\\\/\\\/audaces.com\\\/pt-br\\\/blog\\\/o-que-e-collab-moda\"},\"wordCount\":2446,\"commentCount\":0,\"publisher\":{\"@id\":\"https:\\\/\\\/audaces.com\\\/pt-br\\\/#organization\"},\"image\":{\"@id\":\"https:\\\/\\\/audaces.com\\\/pt-br\\\/blog\\\/o-que-e-collab-moda#primaryimage\"},\"thumbnailUrl\":\"https:\\\/\\\/audaces.com\\\/wp-content\\\/uploads\\\/2022\\\/08\\\/o-que-e-collab-moda-destaque-scaled.jpg\",\"keywords\":[\"ind\u00fastria da moda\",\"produ\u00e7\u00e3o de moda\"],\"articleSection\":[\"Cria\u00e7\u00e3o e Estilo\"],\"inLanguage\":\"pt-BR\",\"potentialAction\":[{\"@type\":\"CommentAction\",\"name\":\"Comment\",\"target\":[\"https:\\\/\\\/audaces.com\\\/pt-br\\\/blog\\\/o-que-e-collab-moda#respond\"]}]},{\"@type\":\"WebPage\",\"@id\":\"https:\\\/\\\/audaces.com\\\/pt-br\\\/blog\\\/o-que-e-collab-moda\",\"url\":\"https:\\\/\\\/audaces.com\\\/pt-br\\\/blog\\\/o-que-e-collab-moda\",\"name\":\"O que \u00e9 collab na moda? Conhe\u00e7a vantagens e cases de sucesso\",\"isPartOf\":{\"@id\":\"https:\\\/\\\/audaces.com\\\/pt-br\\\/#website\"},\"primaryImageOfPage\":{\"@id\":\"https:\\\/\\\/audaces.com\\\/pt-br\\\/blog\\\/o-que-e-collab-moda#primaryimage\"},\"image\":{\"@id\":\"https:\\\/\\\/audaces.com\\\/pt-br\\\/blog\\\/o-que-e-collab-moda#primaryimage\"},\"thumbnailUrl\":\"https:\\\/\\\/audaces.com\\\/wp-content\\\/uploads\\\/2022\\\/08\\\/o-que-e-collab-moda-destaque-scaled.jpg\",\"datePublished\":\"2022-08-15T13:00:00+00:00\",\"dateModified\":\"2025-06-04T19:25:57+00:00\",\"description\":\"Entenda o que \u00e9 collab na moda e como funciona e pense em oportunidades de parcerias para cole\u00e7\u00f5es. Confira exemplos de sucesso!\",\"breadcrumb\":{\"@id\":\"https:\\\/\\\/audaces.com\\\/pt-br\\\/blog\\\/o-que-e-collab-moda#breadcrumb\"},\"inLanguage\":\"pt-BR\",\"potentialAction\":[{\"@type\":\"ReadAction\",\"target\":[\"https:\\\/\\\/audaces.com\\\/pt-br\\\/blog\\\/o-que-e-collab-moda\"]}]},{\"@type\":\"ImageObject\",\"inLanguage\":\"pt-BR\",\"@id\":\"https:\\\/\\\/audaces.com\\\/pt-br\\\/blog\\\/o-que-e-collab-moda#primaryimage\",\"url\":\"https:\\\/\\\/audaces.com\\\/wp-content\\\/uploads\\\/2022\\\/08\\\/o-que-e-collab-moda-destaque-scaled.jpg\",\"contentUrl\":\"https:\\\/\\\/audaces.com\\\/wp-content\\\/uploads\\\/2022\\\/08\\\/o-que-e-collab-moda-destaque-scaled.jpg\",\"width\":2560,\"height\":1703},{\"@type\":\"BreadcrumbList\",\"@id\":\"https:\\\/\\\/audaces.com\\\/pt-br\\\/blog\\\/o-que-e-collab-moda#breadcrumb\",\"itemListElement\":[{\"@type\":\"ListItem\",\"position\":1,\"name\":\"INIZIO\",\"item\":\"https:\\\/\\\/audaces.com\\\/pt-br\"},{\"@type\":\"ListItem\",\"position\":2,\"name\":\"Saiba o que \u00e9 collab na moda, vantagens e cases de sucesso\"}]},{\"@type\":\"WebSite\",\"@id\":\"https:\\\/\\\/audaces.com\\\/pt-br\\\/#website\",\"url\":\"https:\\\/\\\/audaces.com\\\/pt-br\\\/\",\"name\":\"Audaces\",\"description\":\"We are the Industry 4.0\",\"publisher\":{\"@id\":\"https:\\\/\\\/audaces.com\\\/pt-br\\\/#organization\"},\"potentialAction\":[{\"@type\":\"SearchAction\",\"target\":{\"@type\":\"EntryPoint\",\"urlTemplate\":\"https:\\\/\\\/audaces.com\\\/pt-br\\\/?s={search_term_string}\"},\"query-input\":{\"@type\":\"PropertyValueSpecification\",\"valueRequired\":true,\"valueName\":\"search_term_string\"}}],\"inLanguage\":\"pt-BR\"},{\"@type\":\"Organization\",\"@id\":\"https:\\\/\\\/audaces.com\\\/pt-br\\\/#organization\",\"name\":\"Audaces\",\"url\":\"https:\\\/\\\/audaces.com\\\/pt-br\\\/\",\"logo\":{\"@type\":\"ImageObject\",\"inLanguage\":\"pt-BR\",\"@id\":\"https:\\\/\\\/audaces.com\\\/pt-br\\\/#\\\/schema\\\/logo\\\/image\\\/\",\"url\":\"https:\\\/\\\/audaces.com\\\/wp-content\\\/uploads\\\/2022\\\/01\\\/cropped-cropped-logo-audace.png\",\"contentUrl\":\"https:\\\/\\\/audaces.com\\\/wp-content\\\/uploads\\\/2022\\\/01\\\/cropped-cropped-logo-audace.png\",\"width\":512,\"height\":512,\"caption\":\"Audaces\"},\"image\":{\"@id\":\"https:\\\/\\\/audaces.com\\\/pt-br\\\/#\\\/schema\\\/logo\\\/image\\\/\"},\"sameAs\":[\"https:\\\/\\\/www.facebook.com\\\/audaces.pt\"]},{\"@type\":\"Person\",\"@id\":\"https:\\\/\\\/audaces.com\\\/pt-br\\\/#\\\/schema\\\/person\\\/64fd4e45d55c0765a8d3193a2dfe4a8b\",\"name\":\"Audara\",\"image\":{\"@type\":\"ImageObject\",\"inLanguage\":\"pt-BR\",\"@id\":\"https:\\\/\\\/audaces.com\\\/wp-content\\\/uploads\\\/2025\\\/05\\\/cropped-audara-96x96.jpg\",\"url\":\"https:\\\/\\\/audaces.com\\\/wp-content\\\/uploads\\\/2025\\\/05\\\/cropped-audara-96x96.jpg\",\"contentUrl\":\"https:\\\/\\\/audaces.com\\\/wp-content\\\/uploads\\\/2025\\\/05\\\/cropped-audara-96x96.jpg\",\"caption\":\"Audara\"},\"description\":\"Fashion Tech Specialist at Audaces\",\"sameAs\":[\"https:\\\/\\\/audaces.com\"],\"url\":\"https:\\\/\\\/audaces.com\\\/pt-br\\\/blog\\\/author\\\/audara\"}]}<\/script>\n<!-- \/ Yoast SEO Premium plugin. -->","yoast_head_json":{"title":"O que \u00e9 collab na moda? Conhe\u00e7a vantagens e cases de sucesso","description":"Entenda o que \u00e9 collab na moda e como funciona e pense em oportunidades de parcerias para cole\u00e7\u00f5es. Confira exemplos de sucesso!","robots":{"index":"index","follow":"follow","max-snippet":"max-snippet:-1","max-image-preview":"max-image-preview:large","max-video-preview":"max-video-preview:-1"},"canonical":"https:\/\/audaces.com\/pt-br\/blog\/o-que-e-collab-moda","og_locale":"pt_BR","og_type":"article","og_title":"O que \u00e9 collab na moda? Conhe\u00e7a vantagens e cases de sucesso","og_description":"Entenda o que \u00e9 collab na moda e como funciona e pense em oportunidades de parcerias para cole\u00e7\u00f5es. Confira exemplos de sucesso!","og_url":"https:\/\/audaces.com\/pt-br\/blog\/o-que-e-collab-moda","og_site_name":"Audaces","article_publisher":"https:\/\/www.facebook.com\/audaces.pt","article_published_time":"2022-08-15T13:00:00+00:00","article_modified_time":"2025-06-04T19:25:57+00:00","og_image":[{"width":2560,"height":1703,"url":"https:\/\/audaces.com\/wp-content\/uploads\/2022\/08\/o-que-e-collab-moda-destaque-scaled.jpg","type":"image\/jpeg"}],"author":"Audara","twitter_card":"summary_large_image","twitter_misc":{"Escrito por":"Audara","Est. tempo de leitura":"13 minutos"},"schema":{"@context":"https:\/\/schema.org","@graph":[{"@type":"Article","@id":"https:\/\/audaces.com\/pt-br\/blog\/o-que-e-collab-moda#article","isPartOf":{"@id":"https:\/\/audaces.com\/pt-br\/blog\/o-que-e-collab-moda"},"author":{"name":"Audara","@id":"https:\/\/audaces.com\/pt-br\/#\/schema\/person\/64fd4e45d55c0765a8d3193a2dfe4a8b"},"headline":"Saiba o que \u00e9 collab na moda, vantagens e cases de sucesso","datePublished":"2022-08-15T13:00:00+00:00","dateModified":"2025-06-04T19:25:57+00:00","mainEntityOfPage":{"@id":"https:\/\/audaces.com\/pt-br\/blog\/o-que-e-collab-moda"},"wordCount":2446,"commentCount":0,"publisher":{"@id":"https:\/\/audaces.com\/pt-br\/#organization"},"image":{"@id":"https:\/\/audaces.com\/pt-br\/blog\/o-que-e-collab-moda#primaryimage"},"thumbnailUrl":"https:\/\/audaces.com\/wp-content\/uploads\/2022\/08\/o-que-e-collab-moda-destaque-scaled.jpg","keywords":["ind\u00fastria da moda","produ\u00e7\u00e3o de moda"],"articleSection":["Cria\u00e7\u00e3o e Estilo"],"inLanguage":"pt-BR","potentialAction":[{"@type":"CommentAction","name":"Comment","target":["https:\/\/audaces.com\/pt-br\/blog\/o-que-e-collab-moda#respond"]}]},{"@type":"WebPage","@id":"https:\/\/audaces.com\/pt-br\/blog\/o-que-e-collab-moda","url":"https:\/\/audaces.com\/pt-br\/blog\/o-que-e-collab-moda","name":"O que \u00e9 collab na moda? Conhe\u00e7a vantagens e cases de sucesso","isPartOf":{"@id":"https:\/\/audaces.com\/pt-br\/#website"},"primaryImageOfPage":{"@id":"https:\/\/audaces.com\/pt-br\/blog\/o-que-e-collab-moda#primaryimage"},"image":{"@id":"https:\/\/audaces.com\/pt-br\/blog\/o-que-e-collab-moda#primaryimage"},"thumbnailUrl":"https:\/\/audaces.com\/wp-content\/uploads\/2022\/08\/o-que-e-collab-moda-destaque-scaled.jpg","datePublished":"2022-08-15T13:00:00+00:00","dateModified":"2025-06-04T19:25:57+00:00","description":"Entenda o que \u00e9 collab na moda e como funciona e pense em oportunidades de parcerias para cole\u00e7\u00f5es. Confira exemplos de sucesso!","breadcrumb":{"@id":"https:\/\/audaces.com\/pt-br\/blog\/o-que-e-collab-moda#breadcrumb"},"inLanguage":"pt-BR","potentialAction":[{"@type":"ReadAction","target":["https:\/\/audaces.com\/pt-br\/blog\/o-que-e-collab-moda"]}]},{"@type":"ImageObject","inLanguage":"pt-BR","@id":"https:\/\/audaces.com\/pt-br\/blog\/o-que-e-collab-moda#primaryimage","url":"https:\/\/audaces.com\/wp-content\/uploads\/2022\/08\/o-que-e-collab-moda-destaque-scaled.jpg","contentUrl":"https:\/\/audaces.com\/wp-content\/uploads\/2022\/08\/o-que-e-collab-moda-destaque-scaled.jpg","width":2560,"height":1703},{"@type":"BreadcrumbList","@id":"https:\/\/audaces.com\/pt-br\/blog\/o-que-e-collab-moda#breadcrumb","itemListElement":[{"@type":"ListItem","position":1,"name":"INIZIO","item":"https:\/\/audaces.com\/pt-br"},{"@type":"ListItem","position":2,"name":"Saiba o que \u00e9 collab na moda, vantagens e cases de sucesso"}]},{"@type":"WebSite","@id":"https:\/\/audaces.com\/pt-br\/#website","url":"https:\/\/audaces.com\/pt-br\/","name":"Audaces","description":"We are the Industry 4.0","publisher":{"@id":"https:\/\/audaces.com\/pt-br\/#organization"},"potentialAction":[{"@type":"SearchAction","target":{"@type":"EntryPoint","urlTemplate":"https:\/\/audaces.com\/pt-br\/?s={search_term_string}"},"query-input":{"@type":"PropertyValueSpecification","valueRequired":true,"valueName":"search_term_string"}}],"inLanguage":"pt-BR"},{"@type":"Organization","@id":"https:\/\/audaces.com\/pt-br\/#organization","name":"Audaces","url":"https:\/\/audaces.com\/pt-br\/","logo":{"@type":"ImageObject","inLanguage":"pt-BR","@id":"https:\/\/audaces.com\/pt-br\/#\/schema\/logo\/image\/","url":"https:\/\/audaces.com\/wp-content\/uploads\/2022\/01\/cropped-cropped-logo-audace.png","contentUrl":"https:\/\/audaces.com\/wp-content\/uploads\/2022\/01\/cropped-cropped-logo-audace.png","width":512,"height":512,"caption":"Audaces"},"image":{"@id":"https:\/\/audaces.com\/pt-br\/#\/schema\/logo\/image\/"},"sameAs":["https:\/\/www.facebook.com\/audaces.pt"]},{"@type":"Person","@id":"https:\/\/audaces.com\/pt-br\/#\/schema\/person\/64fd4e45d55c0765a8d3193a2dfe4a8b","name":"Audara","image":{"@type":"ImageObject","inLanguage":"pt-BR","@id":"https:\/\/audaces.com\/wp-content\/uploads\/2025\/05\/cropped-audara-96x96.jpg","url":"https:\/\/audaces.com\/wp-content\/uploads\/2025\/05\/cropped-audara-96x96.jpg","contentUrl":"https:\/\/audaces.com\/wp-content\/uploads\/2025\/05\/cropped-audara-96x96.jpg","caption":"Audara"},"description":"Fashion Tech Specialist at Audaces","sameAs":["https:\/\/audaces.com"],"url":"https:\/\/audaces.com\/pt-br\/blog\/author\/audara"}]}},"_links":{"self":[{"href":"https:\/\/audaces.com\/pt-br\/wp-json\/wp\/v2\/posts\/129016","targetHints":{"allow":["GET"]}}],"collection":[{"href":"https:\/\/audaces.com\/pt-br\/wp-json\/wp\/v2\/posts"}],"about":[{"href":"https:\/\/audaces.com\/pt-br\/wp-json\/wp\/v2\/types\/post"}],"author":[{"embeddable":true,"href":"https:\/\/audaces.com\/pt-br\/wp-json\/wp\/v2\/users\/54"}],"replies":[{"embeddable":true,"href":"https:\/\/audaces.com\/pt-br\/wp-json\/wp\/v2\/comments?post=129016"}],"version-history":[{"count":3,"href":"https:\/\/audaces.com\/pt-br\/wp-json\/wp\/v2\/posts\/129016\/revisions"}],"predecessor-version":[{"id":197663,"href":"https:\/\/audaces.com\/pt-br\/wp-json\/wp\/v2\/posts\/129016\/revisions\/197663"}],"wp:featuredmedia":[{"embeddable":true,"href":"https:\/\/audaces.com\/pt-br\/wp-json\/wp\/v2\/media\/181526"}],"wp:attachment":[{"href":"https:\/\/audaces.com\/pt-br\/wp-json\/wp\/v2\/media?parent=129016"}],"wp:term":[{"taxonomy":"category","embeddable":true,"href":"https:\/\/audaces.com\/pt-br\/wp-json\/wp\/v2\/categories?post=129016"},{"taxonomy":"post_tag","embeddable":true,"href":"https:\/\/audaces.com\/pt-br\/wp-json\/wp\/v2\/tags?post=129016"}],"curies":[{"name":"wp","href":"https:\/\/api.w.org\/{rel}","templated":true}]}}