{"id":11569,"date":"2026-01-23T11:23:16","date_gmt":"2026-01-23T14:23:16","guid":{"rendered":"https:\/\/audaces.com\/?p=11569"},"modified":"2026-03-16T11:51:29","modified_gmt":"2026-03-16T14:51:29","slug":"construcao-marca","status":"publish","type":"post","link":"https:\/\/audaces.com\/pt-br\/blog\/construcao-marca","title":{"rendered":"9 passos para fazer a constru\u00e7\u00e3o de marca da sua confec\u00e7\u00e3o"},"content":{"rendered":"\n<p><strong>Resumo:<\/strong>&nbsp;<\/p>\n\n\n\n<ul class=\"wp-block-list\">\n<li>Construir uma marca vai muito al\u00e9m do logotipo: \u00e9 criar significado, coer\u00eancia e valor;&nbsp;&nbsp;<\/li>\n\n\n\n<li>As empresas mais fortes n\u00e3o vendem apenas produtos, mas uma identidade, um prop\u00f3sito e uma experi\u00eancia;&nbsp;&nbsp;<\/li>\n\n\n\n<li><a href=\"https:\/\/audaces.com\/pt-br\/solucoes\/audaces-360\" target=\"_blank\" rel=\"noreferrer noopener\">Com o Audaces360<\/a>, voc\u00ea pode profissionalizar seus processos criativos e produtivos para crescer com identidade, agilidade e consist\u00eancia.&nbsp;&nbsp;<\/li>\n<\/ul>\n\n\n\n<p>Sua marca n\u00e3o vive apenas no logotipo nem em um produto bem desenhado. Ela vive na mente de quem a escolhe. Por isso, neste mercado, voc\u00ea precisa criar uma conex\u00e3o.&nbsp;&nbsp;<\/p>\n\n\n\n<p>A constru\u00e7\u00e3o de marca permite alcan\u00e7ar esse objetivo. Uma marca forte n\u00e3o compete por pre\u00e7o. Ela cobra mais, vende mais e conquista clientes que n\u00e3o hesitam ao escolher.&nbsp;&nbsp;<\/p>\n\n\n\n<p>Na ind\u00fastria da moda, as decis\u00f5es de compra s\u00e3o guiadas por percep\u00e7\u00e3o e desejo. A marca \u00e9 o fator que transforma uma pe\u00e7a em uma declara\u00e7\u00e3o.&nbsp;&nbsp;<\/p>\n\n\n\n<p>Prepare-se para entender como criar esse diferencial! Boa leitura.&nbsp;&nbsp;<\/p><div id=\"ez-toc-container\" class=\"ez-toc-v2_0_82_2 ez-toc-wrap-left counter-hierarchy ez-toc-counter ez-toc-custom ez-toc-container-direction\">\n<div class=\"ez-toc-title-container\">\n<p class=\"ez-toc-title ez-toc-toggle\" style=\"cursor:pointer\">Sum\u00e1rio<\/p>\n<span class=\"ez-toc-title-toggle\"><\/span><\/div>\n<nav><ul class='ez-toc-list ez-toc-list-level-1 ' ><li class='ez-toc-page-1 ez-toc-heading-level-2'><a class=\"ez-toc-link ez-toc-heading-1\" href=\"https:\/\/audaces.com\/pt-br\/blog\/construcao-marca\/#o-que-e-construcao-de-marca\" >O que \u00e9 constru\u00e7\u00e3o de marca?&nbsp;&nbsp;<\/a><\/li><li class='ez-toc-page-1 ez-toc-heading-level-2'><a class=\"ez-toc-link ez-toc-heading-2\" href=\"https:\/\/audaces.com\/pt-br\/blog\/construcao-marca\/#por-que-e-importante-construir-uma-marca\" >Por que \u00e9 importante construir uma marca?&nbsp;&nbsp;<\/a><\/li><li class='ez-toc-page-1 ez-toc-heading-level-2'><a class=\"ez-toc-link ez-toc-heading-3\" href=\"https:\/\/audaces.com\/pt-br\/blog\/construcao-marca\/#quem-e-responsavel-pela-construcao-de-marca\" >Quem \u00e9 respons\u00e1vel pela constru\u00e7\u00e3o de marca?&nbsp;&nbsp;<\/a><\/li><li class='ez-toc-page-1 ez-toc-heading-level-2'><a class=\"ez-toc-link ez-toc-heading-4\" href=\"https:\/\/audaces.com\/pt-br\/blog\/construcao-marca\/#quais-sao-os-elementos-chave-para-a-construcao-de-uma-marca\" >Quais s\u00e3o os elementos-chave para a constru\u00e7\u00e3o de uma marca?&nbsp;&nbsp;<\/a><\/li><li class='ez-toc-page-1 ez-toc-heading-level-2'><a class=\"ez-toc-link ez-toc-heading-5\" href=\"https:\/\/audaces.com\/pt-br\/blog\/construcao-marca\/#como-criar-uma-marca\" >Como criar uma marca?&nbsp;&nbsp;<\/a><\/li><li class='ez-toc-page-1 ez-toc-heading-level-2'><a class=\"ez-toc-link ez-toc-heading-6\" href=\"https:\/\/audaces.com\/pt-br\/blog\/construcao-marca\/#exemplos-de-construcao-de-marca-na-moda\" >Exemplos de constru\u00e7\u00e3o de marca na moda&nbsp;&nbsp;<\/a><\/li><li class='ez-toc-page-1 ez-toc-heading-level-2'><a class=\"ez-toc-link ez-toc-heading-7\" href=\"https:\/\/audaces.com\/pt-br\/blog\/construcao-marca\/#sua-marca-de-moda-no-proximo-nivel-com-a-audaces\" >Sua marca de moda no pr\u00f3ximo n\u00edvel com a&nbsp;Audaces&nbsp;&nbsp;<\/a><\/li><li class='ez-toc-page-1 ez-toc-heading-level-2'><a class=\"ez-toc-link ez-toc-heading-8\" href=\"https:\/\/audaces.com\/pt-br\/blog\/construcao-marca\/#conclusao\" >Conclus\u00e3o&nbsp;&nbsp;<\/a><\/li><li class='ez-toc-page-1 ez-toc-heading-level-2'><a class=\"ez-toc-link ez-toc-heading-9\" href=\"https:\/\/audaces.com\/pt-br\/blog\/construcao-marca\/#faq\" >FAQ<\/a><\/li><\/ul><\/nav><\/div>\n\n\n\n\n<h2 class=\"wp-block-heading\" id=\"h-o-que-e-construcao-de-marca-nbsp-nbsp\"><span class=\"ez-toc-section\" id=\"o-que-e-construcao-de-marca\"><\/span><strong>O que \u00e9 constru\u00e7\u00e3o de marca?&nbsp;&nbsp;<\/strong><span class=\"ez-toc-section-end\"><\/span><\/h2>\n\n\n\n<p>O&nbsp;processo de constru\u00e7\u00e3o de uma marca&nbsp;\u00e9 uma gest\u00e3o estrat\u00e9gica de todos os elementos que a comp\u00f5em. Entre eles, est\u00e3o o nome, logotipo e identidade visual.&nbsp;&nbsp;<\/p>\n\n\n\n<p>Seu objetivo \u00e9 deixar uma impress\u00e3o forte e positiva na mente do consumidor, gerando valor e diferencia\u00e7\u00e3o.&nbsp;&nbsp;<\/p>\n\n\n\n<p>\u00c9 uma estrat\u00e9gia que define, desenvolve e posiciona a identidade de uma empresa. N\u00e3o se trata apenas de design, mas de significado.&nbsp;&nbsp;<\/p>\n\n\n\n<p>Uma marca bem constru\u00edda comunica valores, transmite confian\u00e7a e gera reconhecimento. \u00c9 o motivo pelo qual um cliente se lembra de voc\u00ea e escolhe sua marca, mesmo diante de op\u00e7\u00f5es semelhantes.&nbsp;&nbsp;<\/p>\n\n\n\n<p>N\u00e3o basta ter uma etiqueta bonita, voc\u00ea precisa de uma narrativa.<\/p>\n\n\n\n<p>Hoje, os consumidores buscam autenticidade. Querem saber quem est\u00e1 por tr\u00e1s do que vestem e o que isso representa.&nbsp;&nbsp;<\/p>\n\n\n\n<h2 class=\"wp-block-heading\" id=\"h-por-que-e-importante-construir-uma-marca-nbsp-nbsp\"><span class=\"ez-toc-section\" id=\"por-que-e-importante-construir-uma-marca\"><\/span><strong>Por que \u00e9 importante construir uma marca?&nbsp;&nbsp;<\/strong><span class=\"ez-toc-section-end\"><\/span><\/h2>\n\n\n\n<p>Uma marca sem constru\u00e7\u00e3o perde for\u00e7a. N\u00e3o deixa marca, nem consegue se diferenciar. As pessoas compram o que conhecem. Se voc\u00ea n\u00e3o consegue se posicionar, vira apenas mais uma op\u00e7\u00e3o.&nbsp;&nbsp;<\/p>\n\n\n\n<p>Construir marca permite cobrar melhor, fidelizar e crescer. As empresas que investem em identidade transmitem confian\u00e7a. E confian\u00e7a vende.&nbsp;&nbsp;<\/p>\n\n\n\n<p>Uma marca clara emociona. E quando uma marca emociona, fideliza. Essa \u00e9 a diferen\u00e7a entre um produto comprado uma \u00fanica vez e uma marca recomendada.&nbsp;&nbsp;<\/p>\n\n\n\n<p>A&nbsp;<a href=\"https:\/\/mailchimp.com\/pt-br\/resources\/customer-perception\/\" target=\"_blank\" rel=\"noreferrer noopener\">Mailchimp<\/a>&nbsp;destaca que a coer\u00eancia na mensagem, no estilo e na experi\u00eancia de marca ao longo do tempo influencia diretamente a percep\u00e7\u00e3o do consumidor.&nbsp;&nbsp;<\/p>\n\n\n\n<p>Marcas coerentes s\u00e3o 3,5 vezes mais vis\u00edveis e geram mais impacto do que aquelas que n\u00e3o s\u00e3o.&nbsp;&nbsp;<\/p>\n\n\n\n<p><strong>Leia mais<\/strong>:&nbsp;<a href=\"https:\/\/audaces.com\/pt-br\/blog\/branding-marketing-moda\" target=\"_blank\" rel=\"noreferrer noopener\">Por que investir em branding e marketing de moda?<\/a>&nbsp;&nbsp;<\/p>\n\n\n\n<h2 class=\"wp-block-heading\" id=\"h-quem-e-responsavel-pela-construcao-de-marca-nbsp-nbsp\"><span class=\"ez-toc-section\" id=\"quem-e-responsavel-pela-construcao-de-marca\"><\/span><strong>Quem \u00e9 respons\u00e1vel pela constru\u00e7\u00e3o de marca?&nbsp;&nbsp;<\/strong><span class=\"ez-toc-section-end\"><\/span><\/h2>\n\n\n\n<figure class=\"wp-block-image size-large\"><img fetchpriority=\"high\" decoding=\"async\" width=\"1024\" height=\"683\" src=\"https:\/\/audaces.com\/wp-content\/uploads\/2018\/06\/construcao-marca-responsavel-1024x683.webp\" alt=\"L\u00edder fazendo sess\u00e3o de brainstorming com o time para fazer a constru\u00e7\u00e3o de marca da confec\u00e7\u00e3o.\" class=\"wp-image-210392\" srcset=\"https:\/\/audaces.com\/wp-content\/uploads\/2018\/06\/construcao-marca-responsavel-1024x683.webp 1024w, https:\/\/audaces.com\/wp-content\/uploads\/2018\/06\/construcao-marca-responsavel-300x200.webp 300w, https:\/\/audaces.com\/wp-content\/uploads\/2018\/06\/construcao-marca-responsavel-768x512.webp 768w, https:\/\/audaces.com\/wp-content\/uploads\/2018\/06\/construcao-marca-responsavel-150x100.webp 150w, https:\/\/audaces.com\/wp-content\/uploads\/2018\/06\/construcao-marca-responsavel.webp 1500w\" sizes=\"(max-width: 1024px) 100vw, 1024px\" \/><\/figure>\n\n\n\n<p>O dono. O l\u00edder. Voc\u00ea.&nbsp;&nbsp;<\/p>\n\n\n\n<p>Uma marca n\u00e3o se delega,&nbsp;se lidera. Voc\u00ea pode ter uma equipe, pode contratar designers, mas a ess\u00eancia da marca nasce da sua vis\u00e3o. \u00c9 voc\u00ea quem decide como quer ser percebido.&nbsp;&nbsp;<\/p>\n\n\n\n<p>Cada decis\u00e3o tomada, cada mensagem publicada, molda essa percep\u00e7\u00e3o. A responsabilidade n\u00e3o est\u00e1 apenas no marketing, mas na estrat\u00e9gia&nbsp;e no cora\u00e7\u00e3o do neg\u00f3cio.&nbsp;&nbsp;<\/p>\n\n\n\n<p>Como j\u00e1 disse Giorgio Armani:&nbsp;<em>\u201cEleg\u00e2ncia n\u00e3o \u00e9 se destacar, \u00e9 ser lembrado\u201d<\/em>. Essa tamb\u00e9m \u00e9 a miss\u00e3o da sua marca. Fazer com que lembrem de voc\u00ea. Para isso, \u00e9 preciso clareza, dire\u00e7\u00e3o e estilo pr\u00f3prio.&nbsp;&nbsp;<\/p>\n\n\n\n<p><strong>Leia mais:&nbsp;<\/strong><a href=\"https:\/\/audaces.com\/pt-br\/blog\/estilistas-famosos\" target=\"_blank\" rel=\"noreferrer noopener\">15 estilistas famosos que v\u00e3o inspirar suas cria\u00e7\u00f5es<\/a>&nbsp;&nbsp;<\/p>\n\n\n\n<h2 class=\"wp-block-heading\" id=\"h-quais-sao-os-elementos-chave-para-a-construcao-de-uma-marca-nbsp-nbsp\"><span class=\"ez-toc-section\" id=\"quais-sao-os-elementos-chave-para-a-construcao-de-uma-marca\"><\/span><strong>Quais s\u00e3o os elementos-chave para a constru\u00e7\u00e3o de uma marca?&nbsp;&nbsp;<\/strong><span class=\"ez-toc-section-end\"><\/span><\/h2>\n\n\n\n<p>Criar uma marca s\u00f3lida n\u00e3o \u00e9 apenas ter um bom produto. \u00c9 construir uma identidade que conecte, inspire e permane\u00e7a na mente das pessoas.&nbsp;&nbsp;<\/p>\n\n\n\n<p>Estes s\u00e3o os pilares fundamentais que toda marca precisa ter:&nbsp;&nbsp;<\/p>\n\n\n\n<h3 class=\"wp-block-heading\" id=\"h-nome-nbsp-nbsp\">Nome&nbsp;&nbsp;<\/h3>\n\n\n\n<p>Deve ser claro, f\u00e1cil de lembrar e alinhado \u00e0 sua proposta. Um bom nome abre portas, desperta curiosidade e deixa uma impress\u00e3o duradoura.&nbsp;&nbsp;<\/p>\n\n\n\n<p>Evite nomes longos ou dif\u00edceis de pronunciar. Pense em marcas como Zara, Nike ou Puma: simples, fortes e com identidade pr\u00f3pria.&nbsp;&nbsp;<\/p>\n\n\n\n<h3 class=\"wp-block-heading\" id=\"h-logotipo-nbsp-nbsp\">Logotipo&nbsp;&nbsp;<\/h3>\n\n\n\n<p>\u00c9 a face vis\u00edvel da sua marca, sua assinatura diante do mercado. Um logotipo eficaz transmite personalidade sem precisar de explica\u00e7\u00f5es. Comunica visualmente o que voc\u00ea representa.&nbsp;&nbsp;<\/p>\n\n\n\n<p>Por isso,&nbsp;use um design limpo, vers\u00e1til e que funcione tanto no digital quanto no f\u00edsico. Um bom logotipo \u00e9 reconhec\u00edvel mesmo em preto e branco ou em tamanho reduzido.&nbsp;&nbsp;<\/p>\n\n\n\n<p><em><strong>Exemplo:<\/strong>&nbsp;<\/em>o \u201cswoosh\u201d da Nike dispensa texto para ser reconhecido. Esse n\u00edvel de s\u00edntese visual deve ser seu objetivo a longo prazo.&nbsp;&nbsp;<\/p>\n\n\n\n<h3 class=\"wp-block-heading\" id=\"h-valores-nbsp-nbsp\">Valores&nbsp;&nbsp;<\/h3>\n\n\n\n<p>Toda marca precisa de princ\u00edpios. Os valores orientam suas decis\u00f5es, atraem os clientes certos e definem seu posicionamento.&nbsp;&nbsp;<\/p>\n\n\n\n<p>Se voc\u00ea n\u00e3o sabe o que representa, ningu\u00e9m mais saber\u00e1.&nbsp;&nbsp;<\/p>\n\n\n\n<p>Sendo assim, n\u00e3o escolha valores gen\u00e9ricos apenas porque soam bem. Seja aut\u00eantico. Pergunte-se: o que defendo como marca? O que n\u00e3o estou disposto a negociar?&nbsp;&nbsp;<\/p>\n\n\n\n<h3 class=\"wp-block-heading\" id=\"h-mensagem-chave-nbsp-nbsp\">Mensagem-chave&nbsp;&nbsp;<\/h3>\n\n\n\n<p>Resume a ess\u00eancia da sua marca em uma \u00fanica frase. O que voc\u00ea oferece, o que defende e o que o torna diferente. Uma mensagem clara desperta emo\u00e7\u00f5es, e emo\u00e7\u00f5es impulsionam vendas.&nbsp;&nbsp;<\/p>\n\n\n\n<p>Use um tom pr\u00f3ximo e focado no cliente. Mais do que dizer quem voc\u00ea \u00e9, mostre como pode melhorar a vida de quem escolhe sua marca.&nbsp;&nbsp;<\/p>\n\n\n\n<p><strong>Leia mais:<\/strong>&nbsp;<a href=\"https:\/\/audaces.com\/pt-br\/blog\/confeccao-roupas\" target=\"_blank\" rel=\"noreferrer noopener\">Tudo sobre o funcionamento de uma confec\u00e7\u00e3o de roupas<\/a>&nbsp;&nbsp;<\/p>\n\n\n\n<p><strong>Quer ter uma marca completa? Descubra todos os elementos para empreender na moda, aqui!<\/strong><\/p>\n\n\n\n<div role=\"main\" id=\"form-infogafico-empreender-na-moda-2e56277d758d5699c27c\"><\/div><script type=\"text\/javascript\" src=\"https:\/\/d335luupugsy2.cloudfront.net\/js\/rdstation-forms\/stable\/rdstation-forms.min.js\"><\/script><script type=\"text\/javascript\"> new RDStationForms('form-infogafico-empreender-na-moda-2e56277d758d5699c27c', 'UA-78634938-2').createForm();<\/script>\n\n\n\n<h2 class=\"wp-block-heading\" id=\"h-como-criar-uma-marca-nbsp-nbsp\"><span class=\"ez-toc-section\" id=\"como-criar-uma-marca\"><\/span><strong>Como criar uma marca?&nbsp;&nbsp;<\/strong><span class=\"ez-toc-section-end\"><\/span><\/h2>\n\n\n\n<p>Depois de definir os elementos-chave, o pr\u00f3ximo passo \u00e9 construir estrategicamente.<\/p>\n\n\n\n<p>A seguir, est\u00e3o as a\u00e7\u00f5es essenciais para alcan\u00e7ar esse objetivo:&nbsp;&nbsp;<\/p>\n\n\n\n<h3 class=\"wp-block-heading\" id=\"h-1-defina-sua-proposta-de-valor-nbsp-nbsp\">1) Defina sua proposta de valor&nbsp;&nbsp;<\/h3>\n\n\n\n<p>Explique o que voc\u00ea faz de diferente e por que isso tem valor. N\u00e3o compita por pre\u00e7o, ganhe por percep\u00e7\u00e3o. Sua proposta deve responder: por que deveriam me escolher?&nbsp;&nbsp;<\/p>\n\n\n\n<p>Para isso, seja espec\u00edfico: n\u00e3o diga \u201croupas de qualidade\u201d, mas \u201cpe\u00e7as atemporais, com tecidos reciclados e design autoral\u201d.&nbsp;&nbsp;<\/p>\n\n\n\n<p><strong><em>Exemplo:<\/em><\/strong>&nbsp;\u201cOferecemos acess\u00f3rios feitos \u00e0 m\u00e3o por mulheres artes\u00e3s da Bahia, com materiais naturais e t\u00e9cnicas ancestrais.\u201d&nbsp;&nbsp;<\/p>\n\n\n\n<h3 class=\"wp-block-heading\" id=\"h-2-determine-seu-publico-alvo-nbsp-nbsp\">2) Determine seu p\u00fablico-alvo&nbsp;&nbsp;<\/h3>\n\n\n\n<p>N\u00e3o tente falar com todo mundo. Escolha quem deseja atrair e conhe\u00e7a profundamente seus desejos, medos e aspira\u00e7\u00f5es. Quanto mais voc\u00ea entender, mais eficaz ser\u00e1 sua comunica\u00e7\u00e3o.&nbsp;&nbsp;<\/p>\n\n\n\n<p>Crie um perfil detalhado do cliente ideal, incluindo idade, estilo de vida, redes sociais que utiliza, valores, preocupa\u00e7\u00f5es e refer\u00eancias culturais.&nbsp;&nbsp;<\/p>\n\n\n\n<p><em><strong>Exemplo:<\/strong><\/em>&nbsp;mulher de 25 a 35 anos, profissional criativa, preocupada com o meio ambiente, interessada em moda \u00e9tica e com forte presen\u00e7a no Instagram.&nbsp;&nbsp;<\/p>\n\n\n\n<h3 class=\"wp-block-heading\" id=\"h-3-crie-uma-identidade-de-marca-nbsp-nbsp\">3) Crie uma identidade de marca&nbsp;&nbsp;<\/h3>\n\n\n\n<figure class=\"wp-block-image size-large\"><img decoding=\"async\" width=\"1024\" height=\"576\" src=\"https:\/\/audaces.com\/wp-content\/uploads\/2018\/06\/construcao-marca-passos-1024x576.webp\" alt=\"Dupla fazendo an\u00e1lise antes da constru\u00e7\u00e3o de marca\" class=\"wp-image-210396\" srcset=\"https:\/\/audaces.com\/wp-content\/uploads\/2018\/06\/construcao-marca-passos-1024x576.webp 1024w, https:\/\/audaces.com\/wp-content\/uploads\/2018\/06\/construcao-marca-passos-300x169.webp 300w, https:\/\/audaces.com\/wp-content\/uploads\/2018\/06\/construcao-marca-passos-768x432.webp 768w, https:\/\/audaces.com\/wp-content\/uploads\/2018\/06\/construcao-marca-passos-150x84.webp 150w, https:\/\/audaces.com\/wp-content\/uploads\/2018\/06\/construcao-marca-passos.webp 1500w\" sizes=\"(max-width: 1024px) 100vw, 1024px\" \/><\/figure>\n\n\n\n<p>Cores, tipografia, tom de voz e estilo visual comunicam o tempo todo. Sua identidade precisa ser coerente, profissional e aut\u00eantica. Marcas que cuidam da imagem geram confian\u00e7a.&nbsp;&nbsp;<\/p>\n\n\n\n<p>Crie um manual b\u00e1sico de marca com paleta de cores, fontes, tom de voz, estilo fotogr\u00e1fico e uso do logotipo.&nbsp;&nbsp;<\/p>\n\n\n\n<p><strong><em>Exemplo:<\/em><\/strong>&nbsp;uma marca minimalista pode usar cores neutras, tipografia sem serifa e fotos limpas com fundos s\u00f3lidos.&nbsp;&nbsp;<\/p>\n\n\n\n<h3 class=\"wp-block-heading\" id=\"h-4-defina-o-nome-nbsp-nbsp\">4) Defina o nome&nbsp;&nbsp;<\/h3>\n\n\n\n<p>N\u00e3o fique com a primeira ideia. Pesquise, valide e teste. O nome preci2sa soar bem, ser f\u00e1cil de ler e ajudar voc\u00ea a se destacar da concorr\u00eancia.&nbsp;&nbsp;<\/p>\n\n\n\n<p>Verifique se o dom\u00ednio do site est\u00e1 dispon\u00edvel e se n\u00e3o existem marcas registradas com o mesmo nome.&nbsp;&nbsp;<\/p>\n\n\n\n<h3 class=\"wp-block-heading\" id=\"h-5-compartilhe-sua-trajetoria-nbsp-nbsp\">5) Compartilhe sua trajet\u00f3ria&nbsp;&nbsp;<\/h3>\n\n\n\n<p>As pessoas se conectam com hist\u00f3rias reais. Mostre seu caminho, aprendizados e conquistas. Transpar\u00eancia humaniza a marca e gera proximidade.&nbsp;<\/p>\n\n\n\n<p>N\u00e3o tenha medo de mostrar erros ou momentos de mudan\u00e7a. O aut\u00eantico conecta mais do que o perfeito.&nbsp;<\/p>\n\n\n\n<p><strong><em>Exemplo:<\/em><\/strong>&nbsp;\u201cCome\u00e7amos com uma m\u00e1quina de costura na cozinha de casa e hoje vendemos para tr\u00eas pa\u00edses. Cada pe\u00e7a mant\u00e9m essa ess\u00eancia artesanal.\u201d<\/p>\n\n\n\n<h3 class=\"wp-block-heading\" id=\"h-6-destaque-se-da-concorrencia-nbsp-nbsp\">6) Destaque-se da concorr\u00eancia&nbsp;&nbsp;<\/h3>\n\n\n\n<p>Analise o mercado e identifique oportunidades. Descubra o que outros n\u00e3o oferecem e transforme esses detalhes em vantagem competitiva.&nbsp;&nbsp;<\/p>\n\n\n\n<p>N\u00e3o copie. Inspire-se, mas busque seu diferencial. Observe o que o cliente sente falta e ningu\u00e9m resolve.&nbsp;&nbsp;<\/p>\n\n\n\n<p><strong><em>Exemplo:<\/em><\/strong>&nbsp;se todas as marcas esportivas usam as mesmas cores e mensagens, voc\u00ea pode se diferenciar com design sem g\u00eanero, materiais reciclados e foco comunit\u00e1rio.&nbsp;&nbsp;<\/p>\n\n\n\n<h3 class=\"wp-block-heading\" id=\"h-7-mantenha-uma-relacao-consistente-nbsp-nbsp\">7) Mantenha uma rela\u00e7\u00e3o consistente&nbsp;&nbsp;<\/h3>\n\n\n\n<p>N\u00e3o prometa uma coisa e entregue outra. A coer\u00eancia entre o que voc\u00ea comunica e o que faz \u00e9 essencial. Das redes sociais \u00e0 embalagem, tudo deve refletir a mesma ess\u00eancia.&nbsp;&nbsp;<\/p>\n\n\n\n<p>Por isso, revise cada ponto de contato com o cliente e pergunte se aquilo representa sua marca e seu tom de voz.&nbsp;&nbsp;<\/p>\n\n\n\n<h3 class=\"wp-block-heading\" id=\"h-8-crie-experiencias-memoraveis-nbsp-nbsp\">8) Crie experi\u00eancias memor\u00e1veis&nbsp;&nbsp;<\/h3>\n\n\n\n<p>Da etiqueta ao p\u00f3s-venda. Surpreenda, encante e crie v\u00ednculos. Marcas que emocionam permanecem.&nbsp;&nbsp;<\/p>\n\n\n\n<p>Inclua detalhes inesperados, como uma mensagem escrita \u00e0 m\u00e3o, embalagem reutiliz\u00e1vel ou um bilhete de agradecimento.&nbsp;&nbsp;<\/p>\n\n\n\n<p><strong><em>Exemplo:<\/em><\/strong>&nbsp;enviar um cart\u00e3o com a frase \u201cObrigado por escolher pe\u00e7as que respeitam o planeta\u201d pode parecer simples, mas cria conex\u00e3o emocional.&nbsp;&nbsp;<\/p>\n\n\n\n<p><strong>Leia mais:&nbsp;<\/strong><a href=\"https:\/\/audaces.com\/pt-br\/blog\/experiencia-compra\" target=\"_blank\" rel=\"noreferrer noopener\">5 dicas para melhorar a experi\u00eancia de compra da sua loja<\/a>&nbsp;&nbsp;<\/p>\n\n\n\n<h3 class=\"wp-block-heading\" id=\"h-9-estimule-a-lealdade-dos-clientes-nbsp-nbsp\">9) Estimule a lealdade dos clientes&nbsp;&nbsp;<\/h3>\n\n\n\n<p>Uma marca forte transforma clientes em promotores. Ou\u00e7a, cuide e recompense.&nbsp;O boca&nbsp;a boca continua sendo o marketing mais poderoso.&nbsp;&nbsp;<\/p>\n\n\n\n<p>Crie programas de fidelidade, ofere\u00e7a benef\u00edcios para indica\u00e7\u00f5es e valorize publicamente o conte\u00fado gerado pelos clientes.&nbsp;&nbsp;<\/p>\n\n\n\n<p><strong><em>Exemplo:<\/em><\/strong>&nbsp;uma marca de cal\u00e7ados artesanais pode lan\u00e7ar a campanha #MeusSapatosComHist\u00f3ria, incentivando clientes a contar o significado de seus pares.&nbsp;&nbsp;<\/p>\n\n\n\n<p><strong>Leia mais:&nbsp;<\/strong><a href=\"https:\/\/audaces.com\/pt-br\/blog\/como-vender-mais-melhor-roupas\" target=\"_blank\" rel=\"noreferrer noopener\">10 dicas de como vender mais e melhor roupas da sua confec\u00e7\u00e3o<\/a>&nbsp;&nbsp;<\/p>\n\n\n\n<h2 class=\"wp-block-heading\" id=\"h-exemplos-de-construcao-de-marca-na-moda-nbsp-nbsp\"><span class=\"ez-toc-section\" id=\"exemplos-de-construcao-de-marca-na-moda\"><\/span><strong>Exemplos de constru\u00e7\u00e3o de marca na moda&nbsp;&nbsp;<\/strong><span class=\"ez-toc-section-end\"><\/span><\/h2>\n\n\n\n<p>Marcas que atravessam o tempo n\u00e3o vendem apenas produtos, elas constroem universos. Deixam claro quem s\u00e3o, o que representam e por que merecem espa\u00e7o na vida das pessoas.&nbsp;&nbsp;<\/p>\n\n\n\n<p>Na moda, onde a est\u00e9tica muda rapidamente, um branding forte \u00e9 o que garante estabilidade. \u00c9 o que transforma uma pe\u00e7a em extens\u00e3o da identidade.&nbsp;&nbsp;<\/p>\n\n\n\n<p>Os exemplos a seguir mostram como diferentes marcas, em mercados distintos, se posicionaram sem copiar ningu\u00e9m. Apostaram em mensagens pr\u00f3prias e defenderam isso em todos os pontos de contato.&nbsp;&nbsp;<\/p>\n\n\n\n<h3 class=\"wp-block-heading\" id=\"h-farm-nbsp-rio-brasil-nbsp-nbsp\">Farm&nbsp;Rio (Brasil)&nbsp;&nbsp;<\/h3>\n\n\n\n<p>Come\u00e7ou como uma pequena loja no Rio de Janeiro e se tornou s\u00edmbolo da moda brasileira. Apostou em mais do que roupas coloridas: criou uma narrativa visual.&nbsp;&nbsp;<\/p>\n\n\n\n<p>Suas estampas tropicais, o estilo leve e a alegria comunicam um modo de viver. As lojas despertam os sentidos, e a comunica\u00e7\u00e3o abra\u00e7a o imagin\u00e1rio da natureza.&nbsp;&nbsp;<\/p>\n\n\n\n<p>A&nbsp;<a href=\"https:\/\/www.farmrio.com.br\/sobre-farm\" target=\"_blank\" rel=\"noreferrer noopener\">Farm<\/a>&nbsp;n\u00e3o se apresenta apenas como marca, mas como estilo de vida. Essa coer\u00eancia construiu um branding forte e desejado, inclusive fora do Brasil.&nbsp;&nbsp;<\/p>\n\n\n\n<h3 class=\"wp-block-heading\" id=\"h-patagonia-estados-unidos-nbsp-nbsp\">Patagonia (Estados Unidos)&nbsp;&nbsp;<\/h3>\n\n\n\n<p>Desde o in\u00edcio, deixou claro seu prop\u00f3sito: proteger o planeta. Seu branding se apoia em convic\u00e7\u00f5es. N\u00e3o aderiu a causas, nasceu com uma causa.&nbsp;&nbsp;<\/p>\n\n\n\n<p>Enquanto outros buscavam vender mais, a Patagonia incentivou o consumo consciente. Promove reparos, apoia organiza\u00e7\u00f5es ambientais e doa 100% dos lucros n\u00e3o reinvestidos.&nbsp;&nbsp;<\/p>\n\n\n\n<p>A marca n\u00e3o precisa dizer que \u00e9 sustent\u00e1vel. Ela prova. Por isso, seus clientes n\u00e3o apenas compram, defendem. A coer\u00eancia transformou a Patagonia em refer\u00eancia \u00e9tica.&nbsp;&nbsp;<\/p>\n\n\n\n<h3 class=\"wp-block-heading\" id=\"h-adolfo-dominguez-espanha-nbsp-nbsp\">Adolfo Dom\u00ednguez (Espanha)&nbsp;&nbsp;<\/h3>\n\n\n\n<p>Em um mercado superficial,&nbsp;<a href=\"https:\/\/www.adolfodominguez.com\/pt-pt\/\" target=\"_blank\" rel=\"noreferrer noopener\">Adolfo Dom\u00ednguez<\/a>&nbsp;escolheu profundidade. Com \u201cA ruga \u00e9 bela\u201d, valorizou o natural, o imperfeito e o aut\u00eantico.&nbsp;&nbsp;<\/p>\n\n\n\n<p>Seu branding n\u00e3o seguiu tend\u00eancias, mas princ\u00edpios. Com materiais nobres, design atemporal e campanhas reflexivas, construiu uma est\u00e9tica independente da moda.&nbsp;&nbsp;<\/p>\n\n\n\n<p>Redefiniu o luxo pela sobriedade. Apostou em pe\u00e7as dur\u00e1veis, mensagens inspiradoras e uma eleg\u00e2ncia que n\u00e3o busca aprova\u00e7\u00e3o.&nbsp;&nbsp;<\/p>\n\n\n\n<h2 class=\"wp-block-heading\" id=\"h-sua-marca-de-moda-no-proximo-nivel-com-a-nbsp-audaces-nbsp-nbsp\"><span class=\"ez-toc-section\" id=\"sua-marca-de-moda-no-proximo-nivel-com-a-audaces\"><\/span><strong>Sua marca de moda no pr\u00f3ximo n\u00edvel com a&nbsp;Audaces&nbsp;&nbsp;<\/strong><span class=\"ez-toc-section-end\"><\/span><\/h2>\n\n\n\n<figure class=\"wp-block-image size-full\"><img decoding=\"async\" width=\"1024\" height=\"529\" src=\"https:\/\/audaces.com\/wp-content\/uploads\/2025\/10\/audaces360.webp\" alt=\"Suite Audaces360\" class=\"wp-image-204280\" srcset=\"https:\/\/audaces.com\/wp-content\/uploads\/2025\/10\/audaces360.webp 1024w, https:\/\/audaces.com\/wp-content\/uploads\/2025\/10\/audaces360-300x155.webp 300w, https:\/\/audaces.com\/wp-content\/uploads\/2025\/10\/audaces360-768x397.webp 768w, https:\/\/audaces.com\/wp-content\/uploads\/2025\/10\/audaces360-150x77.webp 150w\" sizes=\"(max-width: 1024px) 100vw, 1024px\" \/><\/figure>\n\n\n\n<p>Construir uma marca s\u00f3lida n\u00e3o depende apenas do design. Voc\u00ea tamb\u00e9m precisa de processos \u00e1geis, controle e uma produ\u00e7\u00e3o impec\u00e1vel.&nbsp;&nbsp;<\/p>\n\n\n\n<p>\u00c9 a\u00ed que entra a&nbsp;Audaces,&nbsp;a&nbsp;tecnologia que transforma sua opera\u00e7\u00e3o e fortalece sua identidade.&nbsp;&nbsp;<\/p>\n\n\n\n<h3 class=\"wp-block-heading\" id=\"h-audaces360-nbsp-nbsp\">Audaces360&nbsp;&nbsp;<\/h3>\n\n\n\n<p>Na moda, o grande desafio \u00e9 unir criatividade e rentabilidade.&nbsp;O&nbsp;<a href=\"https:\/\/audaces.com\/pt-br\/solucoes\/audaces-360\" target=\"_blank\" rel=\"noreferrer noopener\">Audaces360<\/a>&nbsp;transforma esse equil\u00edbrio em vantagem competitiva.&nbsp;&nbsp;<\/p>\n\n\n\n<p>A&nbsp;multissolu\u00e7\u00e3o&nbsp;conecta todas as etapas, da ideia ao corte. Voc\u00ea cria, desenvolve moldes, gera fichas t\u00e9cnicas e calcula custos em uma \u00fanica plataforma.&nbsp;&nbsp;<\/p>\n\n\n\n<p>Mais precis\u00e3o, menos desperd\u00edcio, cole\u00e7\u00f5es prontas em menos tempo e uma imagem profissional que refor\u00e7a sua marca. Isso \u00e9 liderar.&nbsp;&nbsp;<\/p>\n\n\n\n<h3 class=\"wp-block-heading\" id=\"h-sala-de-corte-nbsp-audaces-nbsp-nbsp\">Sala de Corte&nbsp;Audaces&nbsp;&nbsp;<\/h3>\n\n\n\n<p>A qualidade tamb\u00e9m se comunica no corte. Com tecnologia avan\u00e7ada, a&nbsp;<a href=\"https:\/\/audaces.com\/pt-br\/produtos\/sala-corte-4-0\" target=\"_blank\" rel=\"noreferrer noopener\">Sala de Corte Audaces<\/a>&nbsp;otimiza materiais, reduz erros e acelera a produ\u00e7\u00e3o.&nbsp;&nbsp;<\/p>\n\n\n\n<p>F\u00e1cil de usar, adapt\u00e1vel \u00e0 sua escala e focada em resultados. Voc\u00ea ganha efici\u00eancia, reduz custos e entrega pe\u00e7as que transmitem excel\u00eancia.&nbsp;&nbsp;<\/p>\n\n\n\n<p>Quando o processo flui, a marca se posiciona. Porque marcas que cumprem o que prometem crescem, e as que se destacam nos detalhes deixam marca.&nbsp;&nbsp;<\/p>\n\n\n\n<h2 class=\"wp-block-heading\" id=\"h-conclusao-nbsp-nbsp\"><span class=\"ez-toc-section\" id=\"conclusao\"><\/span><strong>Conclus\u00e3o&nbsp;&nbsp;<\/strong><span class=\"ez-toc-section-end\"><\/span><\/h2>\n\n\n\n<p>Construir uma marca n\u00e3o \u00e9 luxo. \u00c9 o que define se voc\u00ea compete por pre\u00e7o ou \u00e9 escolhido por valor.&nbsp;&nbsp;<\/p>\n\n\n\n<p>Na moda, onde o discurso vende tanto quanto o produto, a identidade \u00e9 seu maior ativo. N\u00e3o espere o cen\u00e1rio ideal. Comece com o que voc\u00ea tem: vis\u00e3o, princ\u00edpios e hist\u00f3ria.&nbsp;&nbsp;<\/p>\n\n\n\n<p>Com estrat\u00e9gia, coer\u00eancia e as ferramentas certas, sua marca pode crescer com for\u00e7a e prop\u00f3sito. E se voc\u00ea quer produzir com mais agilidade, organiza\u00e7\u00e3o e qualidade, a&nbsp;Audaces&nbsp;est\u00e1 ao seu lado.&nbsp;&nbsp;<\/p>\n\n\n\n<p>Com solu\u00e7\u00f5es inteligentes, pensadas para o mercado da moda, voc\u00ea pode transformar sua opera\u00e7\u00e3o sem perder sua ess\u00eancia.&nbsp;&nbsp;<\/p>\n\n\n\n<h2 class=\"wp-block-heading\" id=\"h-faq\"><span class=\"ez-toc-section\" id=\"faq\"><\/span>FAQ<span class=\"ez-toc-section-end\"><\/span><\/h2>\n\n\n\n<div class=\"schema-faq wp-block-yoast-faq-block\"><div class=\"schema-faq-section\" id=\"faq-question-1769177549828\"><strong class=\"schema-faq-question\">\u00c9 necess\u00e1rio um grande or\u00e7amento para construir uma marca forte?<\/strong> <p class=\"schema-faq-answer\">N\u00e3o. O mais importante \u00e9 ter clareza de vis\u00e3o, coer\u00eancia na mensagem e uma identidade bem definida. O principal investimento \u00e9 estrat\u00e9gico, n\u00e3o financeiro.<\/p> <\/div> <div class=\"schema-faq-section\" id=\"faq-question-1769177562924\"><strong class=\"schema-faq-question\">Quanto tempo leva para construir uma marca s\u00f3lida?<\/strong> <p class=\"schema-faq-answer\">N\u00e3o existe um prazo exato. O que faz diferen\u00e7a \u00e9 a const\u00e2ncia. Cada a\u00e7\u00e3o coerente refor\u00e7a seu posicionamento e ajuda a se diferenciar.<\/p> <\/div> <div class=\"schema-faq-section\" id=\"faq-question-1769177574663\"><strong class=\"schema-faq-question\">Quais ferramentas ajudam a construir uma marca na moda?<\/strong> <p class=\"schema-faq-answer\">Solu\u00e7\u00f5es como o Audaces360 integram design, produ\u00e7\u00e3o e gest\u00e3o de cole\u00e7\u00e3o, ajudando a transformar sua identidade em produtos consistentes e de alta qualidade.<\/p> <\/div> <\/div>\n\n\n\n<p><\/p>\n","protected":false},"excerpt":{"rendered":"<p>A constru\u00e7\u00e3o de uma marca envolve muito mais que um nome. Para se diferenciar o mercado da moda, \u00e9 preciso criar estrat\u00e9gias. Leia agora!<\/p>\n","protected":false},"author":52,"featured_media":210388,"comment_status":"open","ping_status":"open","sticky":false,"template":"","format":"standard","meta":{"footnotes":""},"categories":[61],"tags":[53,7355,3591,1304,3592,1711,3593,1714,3594,3595,118,119,120,3596,3597,3598,3599,3600,3601,3602,3603,3604,3605,3606],"class_list":["post-11569","post","type-post","status-publish","format-standard","has-post-thumbnail","hentry","category-gestao-negocios-moda","tag-audaces","tag-audio","tag-branding-moda","tag-coco-chanel","tag-conexao-marca","tag-construcao-de-marca","tag-conteudo-marca","tag-divulgacao-marca","tag-experiencia-de-cliente-moda","tag-farm","tag-industria-da-confeccao","tag-industria-da-moda","tag-industria-do-vestuario","tag-marca-moda","tag-marca-vestuario","tag-marcas-moda","tag-nicho-marca","tag-nicho-moda","tag-nike","tag-passo-a-passo-branding","tag-passo-a-passo-marca-moda","tag-relacionamento-marca","tag-tendencias-marca","tag-visual-marca"],"yoast_head":"<!-- This site is optimized with the Yoast SEO Premium plugin v27.4 (Yoast SEO v27.4) - https:\/\/yoast.com\/product\/yoast-seo-premium-wordpress\/ -->\n<title>Constru\u00e7\u00e3o de marca: 9 passos para sua confec\u00e7\u00e3o se destacar<\/title>\n<meta name=\"description\" content=\"A constru\u00e7\u00e3o de uma marca envolve muito mais que um nome. Para se diferenciar o mercado da moda, \u00e9 preciso criar estrat\u00e9gias. Leia agora!\" \/>\n<meta name=\"robots\" content=\"index, follow, max-snippet:-1, max-image-preview:large, max-video-preview:-1\" \/>\n<link rel=\"canonical\" href=\"https:\/\/audaces.com\/pt-br\/blog\/construcao-marca\" \/>\n<meta property=\"og:locale\" content=\"pt_BR\" \/>\n<meta property=\"og:type\" content=\"article\" \/>\n<meta property=\"og:title\" content=\"Constru\u00e7\u00e3o de marca: 9 passos para sua confec\u00e7\u00e3o se destacar\" \/>\n<meta property=\"og:description\" content=\"A constru\u00e7\u00e3o de uma marca envolve muito mais que um nome. Para se diferenciar o mercado da moda, \u00e9 preciso criar estrat\u00e9gias. Leia agora!\" \/>\n<meta property=\"og:url\" content=\"https:\/\/audaces.com\/pt-br\/blog\/construcao-marca\" \/>\n<meta property=\"og:site_name\" content=\"Audaces\" \/>\n<meta property=\"article:publisher\" content=\"https:\/\/www.facebook.com\/audaces.pt\" \/>\n<meta property=\"article:published_time\" content=\"2026-01-23T14:23:16+00:00\" \/>\n<meta property=\"article:modified_time\" content=\"2026-03-16T14:51:29+00:00\" \/>\n<meta property=\"og:image\" content=\"https:\/\/audaces.com\/wp-content\/uploads\/2018\/06\/construcao-marca-destaque.webp\" \/>\n\t<meta property=\"og:image:width\" content=\"1500\" \/>\n\t<meta property=\"og:image:height\" content=\"1000\" \/>\n\t<meta property=\"og:image:type\" content=\"image\/webp\" \/>\n<meta name=\"author\" content=\"Daniela Ribeiro Cunha\" \/>\n<meta name=\"twitter:card\" content=\"summary_large_image\" \/>\n<meta name=\"twitter:label1\" content=\"Escrito por\" \/>\n\t<meta name=\"twitter:data1\" content=\"Daniela Ribeiro Cunha\" \/>\n\t<meta name=\"twitter:label2\" content=\"Est. tempo de leitura\" \/>\n\t<meta name=\"twitter:data2\" content=\"13 minutos\" \/>\n<script type=\"application\/ld+json\" class=\"yoast-schema-graph\">{\"@context\":\"https:\\\/\\\/schema.org\",\"@graph\":[{\"@type\":\"Article\",\"@id\":\"https:\\\/\\\/audaces.com\\\/pt-br\\\/blog\\\/construcao-marca#article\",\"isPartOf\":{\"@id\":\"https:\\\/\\\/audaces.com\\\/pt-br\\\/blog\\\/construcao-marca\"},\"author\":{\"name\":\"Daniela Ribeiro Cunha\",\"@id\":\"https:\\\/\\\/audaces.com\\\/pt-br\\\/#\\\/schema\\\/person\\\/f713e4c03d181da254aa1491ee813ed5\"},\"headline\":\"9 passos para fazer a constru\u00e7\u00e3o de marca da sua confec\u00e7\u00e3o\",\"datePublished\":\"2026-01-23T14:23:16+00:00\",\"dateModified\":\"2026-03-16T14:51:29+00:00\",\"mainEntityOfPage\":{\"@id\":\"https:\\\/\\\/audaces.com\\\/pt-br\\\/blog\\\/construcao-marca\"},\"wordCount\":2637,\"commentCount\":2,\"publisher\":{\"@id\":\"https:\\\/\\\/audaces.com\\\/pt-br\\\/#organization\"},\"image\":{\"@id\":\"https:\\\/\\\/audaces.com\\\/pt-br\\\/blog\\\/construcao-marca#primaryimage\"},\"thumbnailUrl\":\"https:\\\/\\\/audaces.com\\\/wp-content\\\/uploads\\\/2018\\\/06\\\/construcao-marca-destaque.webp\",\"keywords\":[\"Audaces\",\"audio\",\"branding moda\",\"Coco Chanel\",\"conex\u00e3o marca\",\"constru\u00e7\u00e3o de marca\",\"conte\u00fado marca\",\"divulga\u00e7\u00e3o marca\",\"experi\u00eancia de cliente moda\",\"FARM\",\"ind\u00fastria da confec\u00e7\u00e3o\",\"ind\u00fastria da moda\",\"ind\u00fastria do vestu\u00e1rio\",\"marca moda\",\"marca vestu\u00e1rio\",\"marcas moda\",\"nicho marca\",\"nicho moda\",\"Nike\",\"passo a passo branding\",\"passo a passo marca moda\",\"relacionamento marca\",\"tend\u00eancias marca\",\"visual marca\"],\"articleSection\":[\"Gest\u00e3o e Neg\u00f3cios de Moda\"],\"inLanguage\":\"pt-BR\",\"potentialAction\":[{\"@type\":\"CommentAction\",\"name\":\"Comment\",\"target\":[\"https:\\\/\\\/audaces.com\\\/pt-br\\\/blog\\\/construcao-marca#respond\"]}]},{\"@type\":[\"WebPage\",\"FAQPage\"],\"@id\":\"https:\\\/\\\/audaces.com\\\/pt-br\\\/blog\\\/construcao-marca\",\"url\":\"https:\\\/\\\/audaces.com\\\/pt-br\\\/blog\\\/construcao-marca\",\"name\":\"Constru\u00e7\u00e3o de marca: 9 passos para sua confec\u00e7\u00e3o se destacar\",\"isPartOf\":{\"@id\":\"https:\\\/\\\/audaces.com\\\/pt-br\\\/#website\"},\"primaryImageOfPage\":{\"@id\":\"https:\\\/\\\/audaces.com\\\/pt-br\\\/blog\\\/construcao-marca#primaryimage\"},\"image\":{\"@id\":\"https:\\\/\\\/audaces.com\\\/pt-br\\\/blog\\\/construcao-marca#primaryimage\"},\"thumbnailUrl\":\"https:\\\/\\\/audaces.com\\\/wp-content\\\/uploads\\\/2018\\\/06\\\/construcao-marca-destaque.webp\",\"datePublished\":\"2026-01-23T14:23:16+00:00\",\"dateModified\":\"2026-03-16T14:51:29+00:00\",\"description\":\"A constru\u00e7\u00e3o de uma marca envolve muito mais que um nome. Para se diferenciar o mercado da moda, \u00e9 preciso criar estrat\u00e9gias. Leia agora!\",\"breadcrumb\":{\"@id\":\"https:\\\/\\\/audaces.com\\\/pt-br\\\/blog\\\/construcao-marca#breadcrumb\"},\"mainEntity\":[{\"@id\":\"https:\\\/\\\/audaces.com\\\/pt-br\\\/blog\\\/construcao-marca#faq-question-1769177549828\"},{\"@id\":\"https:\\\/\\\/audaces.com\\\/pt-br\\\/blog\\\/construcao-marca#faq-question-1769177562924\"},{\"@id\":\"https:\\\/\\\/audaces.com\\\/pt-br\\\/blog\\\/construcao-marca#faq-question-1769177574663\"}],\"inLanguage\":\"pt-BR\",\"potentialAction\":[{\"@type\":\"ReadAction\",\"target\":[\"https:\\\/\\\/audaces.com\\\/pt-br\\\/blog\\\/construcao-marca\"]}]},{\"@type\":\"ImageObject\",\"inLanguage\":\"pt-BR\",\"@id\":\"https:\\\/\\\/audaces.com\\\/pt-br\\\/blog\\\/construcao-marca#primaryimage\",\"url\":\"https:\\\/\\\/audaces.com\\\/wp-content\\\/uploads\\\/2018\\\/06\\\/construcao-marca-destaque.webp\",\"contentUrl\":\"https:\\\/\\\/audaces.com\\\/wp-content\\\/uploads\\\/2018\\\/06\\\/construcao-marca-destaque.webp\",\"width\":1500,\"height\":1000,\"caption\":\"Profissional de marketing de moda fazendo a constru\u00e7\u00e3o de uma marca.\"},{\"@type\":\"BreadcrumbList\",\"@id\":\"https:\\\/\\\/audaces.com\\\/pt-br\\\/blog\\\/construcao-marca#breadcrumb\",\"itemListElement\":[{\"@type\":\"ListItem\",\"position\":1,\"name\":\"INIZIO\",\"item\":\"https:\\\/\\\/audaces.com\\\/pt-br\"},{\"@type\":\"ListItem\",\"position\":2,\"name\":\"9 passos para fazer a constru\u00e7\u00e3o de marca da sua confec\u00e7\u00e3o\"}]},{\"@type\":\"WebSite\",\"@id\":\"https:\\\/\\\/audaces.com\\\/pt-br\\\/#website\",\"url\":\"https:\\\/\\\/audaces.com\\\/pt-br\\\/\",\"name\":\"Audaces\",\"description\":\"We are the Industry 4.0\",\"publisher\":{\"@id\":\"https:\\\/\\\/audaces.com\\\/pt-br\\\/#organization\"},\"potentialAction\":[{\"@type\":\"SearchAction\",\"target\":{\"@type\":\"EntryPoint\",\"urlTemplate\":\"https:\\\/\\\/audaces.com\\\/pt-br\\\/?s={search_term_string}\"},\"query-input\":{\"@type\":\"PropertyValueSpecification\",\"valueRequired\":true,\"valueName\":\"search_term_string\"}}],\"inLanguage\":\"pt-BR\"},{\"@type\":\"Organization\",\"@id\":\"https:\\\/\\\/audaces.com\\\/pt-br\\\/#organization\",\"name\":\"Audaces\",\"url\":\"https:\\\/\\\/audaces.com\\\/pt-br\\\/\",\"logo\":{\"@type\":\"ImageObject\",\"inLanguage\":\"pt-BR\",\"@id\":\"https:\\\/\\\/audaces.com\\\/pt-br\\\/#\\\/schema\\\/logo\\\/image\\\/\",\"url\":\"https:\\\/\\\/audaces.com\\\/wp-content\\\/uploads\\\/2022\\\/01\\\/cropped-cropped-logo-audace.png\",\"contentUrl\":\"https:\\\/\\\/audaces.com\\\/wp-content\\\/uploads\\\/2022\\\/01\\\/cropped-cropped-logo-audace.png\",\"width\":512,\"height\":512,\"caption\":\"Audaces\"},\"image\":{\"@id\":\"https:\\\/\\\/audaces.com\\\/pt-br\\\/#\\\/schema\\\/logo\\\/image\\\/\"},\"sameAs\":[\"https:\\\/\\\/www.facebook.com\\\/audaces.pt\"]},{\"@type\":\"Person\",\"@id\":\"https:\\\/\\\/audaces.com\\\/pt-br\\\/#\\\/schema\\\/person\\\/f713e4c03d181da254aa1491ee813ed5\",\"name\":\"Daniela Ribeiro Cunha\",\"image\":{\"@type\":\"ImageObject\",\"inLanguage\":\"pt-BR\",\"@id\":\"https:\\\/\\\/audaces.com\\\/wp-content\\\/uploads\\\/2025\\\/05\\\/cropped-daniela-96x96.png\",\"url\":\"https:\\\/\\\/audaces.com\\\/wp-content\\\/uploads\\\/2025\\\/05\\\/cropped-daniela-96x96.png\",\"contentUrl\":\"https:\\\/\\\/audaces.com\\\/wp-content\\\/uploads\\\/2025\\\/05\\\/cropped-daniela-96x96.png\",\"caption\":\"Daniela Ribeiro Cunha\"},\"description\":\"Copywriter Audaces\",\"sameAs\":[\"https:\\\/\\\/audaces.com\"],\"url\":\"https:\\\/\\\/audaces.com\\\/pt-br\\\/blog\\\/author\\\/daniela\"},{\"@type\":\"Question\",\"@id\":\"https:\\\/\\\/audaces.com\\\/pt-br\\\/blog\\\/construcao-marca#faq-question-1769177549828\",\"position\":1,\"url\":\"https:\\\/\\\/audaces.com\\\/pt-br\\\/blog\\\/construcao-marca#faq-question-1769177549828\",\"name\":\"\u00c9 necess\u00e1rio um grande or\u00e7amento para construir uma marca forte?\",\"answerCount\":1,\"acceptedAnswer\":{\"@type\":\"Answer\",\"text\":\"N\u00e3o. O mais importante \u00e9 ter clareza de vis\u00e3o, coer\u00eancia na mensagem e uma identidade bem definida. O principal investimento \u00e9 estrat\u00e9gico, n\u00e3o financeiro.\",\"inLanguage\":\"pt-BR\"},\"inLanguage\":\"pt-BR\"},{\"@type\":\"Question\",\"@id\":\"https:\\\/\\\/audaces.com\\\/pt-br\\\/blog\\\/construcao-marca#faq-question-1769177562924\",\"position\":2,\"url\":\"https:\\\/\\\/audaces.com\\\/pt-br\\\/blog\\\/construcao-marca#faq-question-1769177562924\",\"name\":\"Quanto tempo leva para construir uma marca s\u00f3lida?\",\"answerCount\":1,\"acceptedAnswer\":{\"@type\":\"Answer\",\"text\":\"N\u00e3o existe um prazo exato. O que faz diferen\u00e7a \u00e9 a const\u00e2ncia. Cada a\u00e7\u00e3o coerente refor\u00e7a seu posicionamento e ajuda a se diferenciar.\",\"inLanguage\":\"pt-BR\"},\"inLanguage\":\"pt-BR\"},{\"@type\":\"Question\",\"@id\":\"https:\\\/\\\/audaces.com\\\/pt-br\\\/blog\\\/construcao-marca#faq-question-1769177574663\",\"position\":3,\"url\":\"https:\\\/\\\/audaces.com\\\/pt-br\\\/blog\\\/construcao-marca#faq-question-1769177574663\",\"name\":\"Quais ferramentas ajudam a construir uma marca na moda?\",\"answerCount\":1,\"acceptedAnswer\":{\"@type\":\"Answer\",\"text\":\"Solu\u00e7\u00f5es como o Audaces360 integram design, produ\u00e7\u00e3o e gest\u00e3o de cole\u00e7\u00e3o, ajudando a transformar sua identidade em produtos consistentes e de alta qualidade.\",\"inLanguage\":\"pt-BR\"},\"inLanguage\":\"pt-BR\"}]}<\/script>\n<!-- \/ Yoast SEO Premium plugin. -->","yoast_head_json":{"title":"Constru\u00e7\u00e3o de marca: 9 passos para sua confec\u00e7\u00e3o se destacar","description":"A constru\u00e7\u00e3o de uma marca envolve muito mais que um nome. Para se diferenciar o mercado da moda, \u00e9 preciso criar estrat\u00e9gias. Leia agora!","robots":{"index":"index","follow":"follow","max-snippet":"max-snippet:-1","max-image-preview":"max-image-preview:large","max-video-preview":"max-video-preview:-1"},"canonical":"https:\/\/audaces.com\/pt-br\/blog\/construcao-marca","og_locale":"pt_BR","og_type":"article","og_title":"Constru\u00e7\u00e3o de marca: 9 passos para sua confec\u00e7\u00e3o se destacar","og_description":"A constru\u00e7\u00e3o de uma marca envolve muito mais que um nome. Para se diferenciar o mercado da moda, \u00e9 preciso criar estrat\u00e9gias. Leia agora!","og_url":"https:\/\/audaces.com\/pt-br\/blog\/construcao-marca","og_site_name":"Audaces","article_publisher":"https:\/\/www.facebook.com\/audaces.pt","article_published_time":"2026-01-23T14:23:16+00:00","article_modified_time":"2026-03-16T14:51:29+00:00","og_image":[{"width":1500,"height":1000,"url":"https:\/\/audaces.com\/wp-content\/uploads\/2018\/06\/construcao-marca-destaque.webp","type":"image\/webp"}],"author":"Daniela Ribeiro Cunha","twitter_card":"summary_large_image","twitter_misc":{"Escrito por":"Daniela Ribeiro Cunha","Est. tempo de leitura":"13 minutos"},"schema":{"@context":"https:\/\/schema.org","@graph":[{"@type":"Article","@id":"https:\/\/audaces.com\/pt-br\/blog\/construcao-marca#article","isPartOf":{"@id":"https:\/\/audaces.com\/pt-br\/blog\/construcao-marca"},"author":{"name":"Daniela Ribeiro Cunha","@id":"https:\/\/audaces.com\/pt-br\/#\/schema\/person\/f713e4c03d181da254aa1491ee813ed5"},"headline":"9 passos para fazer a constru\u00e7\u00e3o de marca da sua confec\u00e7\u00e3o","datePublished":"2026-01-23T14:23:16+00:00","dateModified":"2026-03-16T14:51:29+00:00","mainEntityOfPage":{"@id":"https:\/\/audaces.com\/pt-br\/blog\/construcao-marca"},"wordCount":2637,"commentCount":2,"publisher":{"@id":"https:\/\/audaces.com\/pt-br\/#organization"},"image":{"@id":"https:\/\/audaces.com\/pt-br\/blog\/construcao-marca#primaryimage"},"thumbnailUrl":"https:\/\/audaces.com\/wp-content\/uploads\/2018\/06\/construcao-marca-destaque.webp","keywords":["Audaces","audio","branding moda","Coco Chanel","conex\u00e3o marca","constru\u00e7\u00e3o de marca","conte\u00fado marca","divulga\u00e7\u00e3o marca","experi\u00eancia de cliente moda","FARM","ind\u00fastria da confec\u00e7\u00e3o","ind\u00fastria da moda","ind\u00fastria do vestu\u00e1rio","marca moda","marca vestu\u00e1rio","marcas moda","nicho marca","nicho moda","Nike","passo a passo branding","passo a passo marca moda","relacionamento marca","tend\u00eancias marca","visual marca"],"articleSection":["Gest\u00e3o e Neg\u00f3cios de Moda"],"inLanguage":"pt-BR","potentialAction":[{"@type":"CommentAction","name":"Comment","target":["https:\/\/audaces.com\/pt-br\/blog\/construcao-marca#respond"]}]},{"@type":["WebPage","FAQPage"],"@id":"https:\/\/audaces.com\/pt-br\/blog\/construcao-marca","url":"https:\/\/audaces.com\/pt-br\/blog\/construcao-marca","name":"Constru\u00e7\u00e3o de marca: 9 passos para sua confec\u00e7\u00e3o se destacar","isPartOf":{"@id":"https:\/\/audaces.com\/pt-br\/#website"},"primaryImageOfPage":{"@id":"https:\/\/audaces.com\/pt-br\/blog\/construcao-marca#primaryimage"},"image":{"@id":"https:\/\/audaces.com\/pt-br\/blog\/construcao-marca#primaryimage"},"thumbnailUrl":"https:\/\/audaces.com\/wp-content\/uploads\/2018\/06\/construcao-marca-destaque.webp","datePublished":"2026-01-23T14:23:16+00:00","dateModified":"2026-03-16T14:51:29+00:00","description":"A constru\u00e7\u00e3o de uma marca envolve muito mais que um nome. Para se diferenciar o mercado da moda, \u00e9 preciso criar estrat\u00e9gias. Leia agora!","breadcrumb":{"@id":"https:\/\/audaces.com\/pt-br\/blog\/construcao-marca#breadcrumb"},"mainEntity":[{"@id":"https:\/\/audaces.com\/pt-br\/blog\/construcao-marca#faq-question-1769177549828"},{"@id":"https:\/\/audaces.com\/pt-br\/blog\/construcao-marca#faq-question-1769177562924"},{"@id":"https:\/\/audaces.com\/pt-br\/blog\/construcao-marca#faq-question-1769177574663"}],"inLanguage":"pt-BR","potentialAction":[{"@type":"ReadAction","target":["https:\/\/audaces.com\/pt-br\/blog\/construcao-marca"]}]},{"@type":"ImageObject","inLanguage":"pt-BR","@id":"https:\/\/audaces.com\/pt-br\/blog\/construcao-marca#primaryimage","url":"https:\/\/audaces.com\/wp-content\/uploads\/2018\/06\/construcao-marca-destaque.webp","contentUrl":"https:\/\/audaces.com\/wp-content\/uploads\/2018\/06\/construcao-marca-destaque.webp","width":1500,"height":1000,"caption":"Profissional de marketing de moda fazendo a constru\u00e7\u00e3o de uma marca."},{"@type":"BreadcrumbList","@id":"https:\/\/audaces.com\/pt-br\/blog\/construcao-marca#breadcrumb","itemListElement":[{"@type":"ListItem","position":1,"name":"INIZIO","item":"https:\/\/audaces.com\/pt-br"},{"@type":"ListItem","position":2,"name":"9 passos para fazer a constru\u00e7\u00e3o de marca da sua confec\u00e7\u00e3o"}]},{"@type":"WebSite","@id":"https:\/\/audaces.com\/pt-br\/#website","url":"https:\/\/audaces.com\/pt-br\/","name":"Audaces","description":"We are the Industry 4.0","publisher":{"@id":"https:\/\/audaces.com\/pt-br\/#organization"},"potentialAction":[{"@type":"SearchAction","target":{"@type":"EntryPoint","urlTemplate":"https:\/\/audaces.com\/pt-br\/?s={search_term_string}"},"query-input":{"@type":"PropertyValueSpecification","valueRequired":true,"valueName":"search_term_string"}}],"inLanguage":"pt-BR"},{"@type":"Organization","@id":"https:\/\/audaces.com\/pt-br\/#organization","name":"Audaces","url":"https:\/\/audaces.com\/pt-br\/","logo":{"@type":"ImageObject","inLanguage":"pt-BR","@id":"https:\/\/audaces.com\/pt-br\/#\/schema\/logo\/image\/","url":"https:\/\/audaces.com\/wp-content\/uploads\/2022\/01\/cropped-cropped-logo-audace.png","contentUrl":"https:\/\/audaces.com\/wp-content\/uploads\/2022\/01\/cropped-cropped-logo-audace.png","width":512,"height":512,"caption":"Audaces"},"image":{"@id":"https:\/\/audaces.com\/pt-br\/#\/schema\/logo\/image\/"},"sameAs":["https:\/\/www.facebook.com\/audaces.pt"]},{"@type":"Person","@id":"https:\/\/audaces.com\/pt-br\/#\/schema\/person\/f713e4c03d181da254aa1491ee813ed5","name":"Daniela Ribeiro Cunha","image":{"@type":"ImageObject","inLanguage":"pt-BR","@id":"https:\/\/audaces.com\/wp-content\/uploads\/2025\/05\/cropped-daniela-96x96.png","url":"https:\/\/audaces.com\/wp-content\/uploads\/2025\/05\/cropped-daniela-96x96.png","contentUrl":"https:\/\/audaces.com\/wp-content\/uploads\/2025\/05\/cropped-daniela-96x96.png","caption":"Daniela Ribeiro Cunha"},"description":"Copywriter Audaces","sameAs":["https:\/\/audaces.com"],"url":"https:\/\/audaces.com\/pt-br\/blog\/author\/daniela"},{"@type":"Question","@id":"https:\/\/audaces.com\/pt-br\/blog\/construcao-marca#faq-question-1769177549828","position":1,"url":"https:\/\/audaces.com\/pt-br\/blog\/construcao-marca#faq-question-1769177549828","name":"\u00c9 necess\u00e1rio um grande or\u00e7amento para construir uma marca forte?","answerCount":1,"acceptedAnswer":{"@type":"Answer","text":"N\u00e3o. O mais importante \u00e9 ter clareza de vis\u00e3o, coer\u00eancia na mensagem e uma identidade bem definida. O principal investimento \u00e9 estrat\u00e9gico, n\u00e3o financeiro.","inLanguage":"pt-BR"},"inLanguage":"pt-BR"},{"@type":"Question","@id":"https:\/\/audaces.com\/pt-br\/blog\/construcao-marca#faq-question-1769177562924","position":2,"url":"https:\/\/audaces.com\/pt-br\/blog\/construcao-marca#faq-question-1769177562924","name":"Quanto tempo leva para construir uma marca s\u00f3lida?","answerCount":1,"acceptedAnswer":{"@type":"Answer","text":"N\u00e3o existe um prazo exato. O que faz diferen\u00e7a \u00e9 a const\u00e2ncia. Cada a\u00e7\u00e3o coerente refor\u00e7a seu posicionamento e ajuda a se diferenciar.","inLanguage":"pt-BR"},"inLanguage":"pt-BR"},{"@type":"Question","@id":"https:\/\/audaces.com\/pt-br\/blog\/construcao-marca#faq-question-1769177574663","position":3,"url":"https:\/\/audaces.com\/pt-br\/blog\/construcao-marca#faq-question-1769177574663","name":"Quais ferramentas ajudam a construir uma marca na moda?","answerCount":1,"acceptedAnswer":{"@type":"Answer","text":"Solu\u00e7\u00f5es como o Audaces360 integram design, produ\u00e7\u00e3o e gest\u00e3o de cole\u00e7\u00e3o, ajudando a transformar sua identidade em produtos consistentes e de alta qualidade.","inLanguage":"pt-BR"},"inLanguage":"pt-BR"}]}},"_links":{"self":[{"href":"https:\/\/audaces.com\/pt-br\/wp-json\/wp\/v2\/posts\/11569","targetHints":{"allow":["GET"]}}],"collection":[{"href":"https:\/\/audaces.com\/pt-br\/wp-json\/wp\/v2\/posts"}],"about":[{"href":"https:\/\/audaces.com\/pt-br\/wp-json\/wp\/v2\/types\/post"}],"author":[{"embeddable":true,"href":"https:\/\/audaces.com\/pt-br\/wp-json\/wp\/v2\/users\/52"}],"replies":[{"embeddable":true,"href":"https:\/\/audaces.com\/pt-br\/wp-json\/wp\/v2\/comments?post=11569"}],"version-history":[{"count":6,"href":"https:\/\/audaces.com\/pt-br\/wp-json\/wp\/v2\/posts\/11569\/revisions"}],"predecessor-version":[{"id":212912,"href":"https:\/\/audaces.com\/pt-br\/wp-json\/wp\/v2\/posts\/11569\/revisions\/212912"}],"wp:featuredmedia":[{"embeddable":true,"href":"https:\/\/audaces.com\/pt-br\/wp-json\/wp\/v2\/media\/210388"}],"wp:attachment":[{"href":"https:\/\/audaces.com\/pt-br\/wp-json\/wp\/v2\/media?parent=11569"}],"wp:term":[{"taxonomy":"category","embeddable":true,"href":"https:\/\/audaces.com\/pt-br\/wp-json\/wp\/v2\/categories?post=11569"},{"taxonomy":"post_tag","embeddable":true,"href":"https:\/\/audaces.com\/pt-br\/wp-json\/wp\/v2\/tags?post=11569"}],"curies":[{"name":"wp","href":"https:\/\/api.w.org\/{rel}","templated":true}]}}