{"id":47893,"date":"2025-02-05T08:23:00","date_gmt":"2025-02-05T11:23:00","guid":{"rendered":"https:\/\/audaces.com\/?p=47893"},"modified":"2025-07-25T06:37:42","modified_gmt":"2025-07-25T09:37:42","slug":"cose-la-bellezza","status":"publish","type":"post","link":"https:\/\/audaces.com\/it\/blog\/cose-la-bellezza","title":{"rendered":"Che cos&#8217;\u00e8 la bellezza? La definizione tra arte e moda"},"content":{"rendered":"\n<p><strong>Sintesi:&nbsp;<\/strong>&nbsp;<\/p>\n\n\n\n<ul class=\"wp-block-list\">\n<li>Comprendere cosa sia la bellezza nella moda o nell&#8217;arte pu\u00f2 essere utile per la creazione delle tue collezioni;<\/li>\n\n\n\n<li>La bellezza pu\u00f2 essere percepita in modo diverso da ciascuna persona, perci\u00f2 \u00e8 importante capire le varie definizioni;<\/li>\n\n\n\n<li>Crea una bellissima collezione con Audaces. <a href=\"https:\/\/content.audaces.com\/trial-audaces360\" target=\"_blank\" rel=\"noreferrer noopener\">Prova gratuitamente la soluzione multicomponente Audaces360!<\/a><\/li>\n<\/ul>\n\n\n\n<p>Cosa significa bello? Questa \u00e8 una di quelle domande universali che affascina molte civilt\u00e0 da secoli.<\/p>\n\n\n\n<p>Per rispondere a questa domanda potremmo partire dall&#8217;etimologia, cio\u00e8 dall&#8217;origine e dalla storia della parola, per ripercorrere in che modo questa si \u00e8 trasformata nel tempo. Per farlo, prenderemo spunto dalla Filosofia, dall&#8217;Estetica e &#8211; perch\u00e9 no? &#8211; anche dalla Moda.<\/p>\n\n\n\n<p>In questo articolo esploreremo in che modo un concetto cos\u00ec difficile da riassumere si \u00e8 sviluppato nel tempo e come viene percepito dagli individui e dalla societ\u00e0.<\/p>\n\n\n\n<p>Se il tema ti incuriosisce, continua a leggere e se vuoi facci sapere nei commenti cosa ne pensi.&nbsp;<\/p><div id=\"ez-toc-container\" class=\"ez-toc-v2_0_82_2 ez-toc-wrap-left counter-hierarchy ez-toc-counter ez-toc-custom ez-toc-container-direction\">\n<div class=\"ez-toc-title-container\">\n<p class=\"ez-toc-title ez-toc-toggle\" style=\"cursor:pointer\">Sum\u00e1rio<\/p>\n<span class=\"ez-toc-title-toggle\"><\/span><\/div>\n<nav><ul class='ez-toc-list ez-toc-list-level-1 ' ><li class='ez-toc-page-1 ez-toc-heading-level-2'><a class=\"ez-toc-link ez-toc-heading-1\" href=\"https:\/\/audaces.com\/it\/blog\/cose-la-bellezza\/#qual-e-limportanza-della-percezione-della-bellezza-per-la-moda\" >Qual \u00e8 l\u2019importanza della percezione della bellezza per la moda?<\/a><\/li><li class='ez-toc-page-1 ez-toc-heading-level-2'><a class=\"ez-toc-link ez-toc-heading-2\" href=\"https:\/\/audaces.com\/it\/blog\/cose-la-bellezza\/#qual-e-la-definizione-linguistica-di-bellezza\" >Qual \u00e8 la definizione linguistica di bellezza?<\/a><\/li><li class='ez-toc-page-1 ez-toc-heading-level-2'><a class=\"ez-toc-link ez-toc-heading-3\" href=\"https:\/\/audaces.com\/it\/blog\/cose-la-bellezza\/#alla-fine-che-cose-la-bellezza\" >Alla fine, che cos&#8217;\u00e8 la bellezza?<\/a><\/li><li class='ez-toc-page-1 ez-toc-heading-level-2'><a class=\"ez-toc-link ez-toc-heading-4\" href=\"https:\/\/audaces.com\/it\/blog\/cose-la-bellezza\/#che-cose-la-bellezza-per-la-filosofia\" >Che cos&#8217;\u00e8 la bellezza per la filosofia?<\/a><\/li><li class='ez-toc-page-1 ez-toc-heading-level-2'><a class=\"ez-toc-link ez-toc-heading-5\" href=\"https:\/\/audaces.com\/it\/blog\/cose-la-bellezza\/#cose-la-bellezza-nella-moda\" >Cos&#8217;\u00e8 la bellezza nella moda?&nbsp;<\/a><\/li><li class='ez-toc-page-1 ez-toc-heading-level-2'><a class=\"ez-toc-link ez-toc-heading-6\" href=\"https:\/\/audaces.com\/it\/blog\/cose-la-bellezza\/#esempi-di-tendenze-di-bellezza-nel-corso-della-storia\" >Esempi di tendenze di bellezza nel corso della storia<\/a><\/li><li class='ez-toc-page-1 ez-toc-heading-level-2'><a class=\"ez-toc-link ez-toc-heading-7\" href=\"https:\/\/audaces.com\/it\/blog\/cose-la-bellezza\/#principali-cambiamenti-negli-standard-di-bellezza-nellera-digitale\" >Principali cambiamenti negli standard di bellezza nell\u2019era digitale<\/a><\/li><li class='ez-toc-page-1 ez-toc-heading-level-2'><a class=\"ez-toc-link ez-toc-heading-8\" href=\"https:\/\/audaces.com\/it\/blog\/cose-la-bellezza\/#trasforma-cio-che-e-bello-per-te-in-creazioni-con-audaces\" >Trasforma ci\u00f2 che \u00e8 bello per te in creazioni con Audaces<\/a><\/li><li class='ez-toc-page-1 ez-toc-heading-level-2'><a class=\"ez-toc-link ez-toc-heading-9\" href=\"https:\/\/audaces.com\/it\/blog\/cose-la-bellezza\/#faq\" >FAQ<\/a><\/li><\/ul><\/nav><\/div>\n\n\n\n\n<h2 class=\"wp-block-heading\" id=\"h-qual-e-l-importanza-della-percezione-della-bellezza-per-la-moda\"><span class=\"ez-toc-section\" id=\"qual-e-limportanza-della-percezione-della-bellezza-per-la-moda\"><\/span><strong>Qual \u00e8 l\u2019importanza della percezione della bellezza per la moda?<\/strong><span class=\"ez-toc-section-end\"><\/span><\/h2>\n\n\n\n<p>La percezione della bellezza gioca un ruolo fondamentale nella moda, in quanto influenza le preferenze, le scelte e gli atteggiamenti delle persone nei confronti dell&#8217;abbigliamento e dello stile.&nbsp;<\/p>\n\n\n\n<p>La moda non \u00e8 soltanto abbigliamento funzionale ma parla dell\u2019espressione della persona, della sua identit\u00e0 e di ci\u00f2 che comunica.<\/p>\n\n\n\n<p>Molti aspetti della moda sono intrinsecamente legati alla percezione della bellezza, tra cui il design, i colori, i modelli, la silhouette e l&#8217;estetica generale dei capi.<\/p>\n\n\n\n<h2 class=\"wp-block-heading\" id=\"h-qual-e-la-definizione-linguistica-di-bellezza\"><span class=\"ez-toc-section\" id=\"qual-e-la-definizione-linguistica-di-bellezza\"><\/span><strong>Qual \u00e8 la definizione linguistica di bellezza?<\/strong><span class=\"ez-toc-section-end\"><\/span><\/h2>\n\n\n\n<p>Dal punto di vista etimologico, la parola \u201cbello\u201d deriva dal latino \u201cbellus\u201d, che significa \u201cbello, carino\u201d.&nbsp;&nbsp;<\/p>\n\n\n\n<p>Durante l\u2019epoca classica, questo termine era molto usato per riferirsi a donne e bambini, mentre per gli uomini, aveva un significato peggiorativo e un&#8217;aria apollinea, da Apollo, il dio della bellezza e della guerra.&nbsp;<\/p>\n\n\n\n<p>Tuttavia, il termine, prima della sua definizione latina, potrebbe essere arrivato anche dall&#8217;indoeuropeo DW-EYE, avvicinandosi ad altri termini come bonus, per \u201cbuono\u201d, e bene, per \u201cbene\u201d.&nbsp;<\/p>\n\n\n\n<p>Il dizionario Treccani della lingua italiana definisce la bellezza come &#8220;Qualit\u00e0 di ci\u00f2 che appare o \u00e8 ritenuto bello ai sensi e all&#8217;anima&#8221;, che suscita sentimenti di ammirazione, grandezza, nobilt\u00e0, piacere o perfezione.<\/p>\n\n\n\n<p>Queste sono le idee principali che vengono in mente alla maggior parte delle persone quando si parla del significato di bellezza.&nbsp;&nbsp;<\/p>\n\n\n\n<p>Alcuni termini come: bellezza, estetica, armonia, proporzione, equilibrio, ecc, fanno parte del linguaggio quotidiano di molte persone anche in contesti di lavoro e questo vale in modo particolare per i professionisti della moda, per i quali la bellezza rappresenta uno degli obiettivi principali di ogni creazione.<\/p>\n\n\n\n<h2 class=\"wp-block-heading\" id=\"h-alla-fine-che-cos-e-la-bellezza\"><span class=\"ez-toc-section\" id=\"alla-fine-che-cose-la-bellezza\"><\/span><strong>Alla fine, che cos&#8217;\u00e8 la bellezza?<\/strong><span class=\"ez-toc-section-end\"><\/span><\/h2>\n\n\n\n<p>Umberto Eco affronta il concetto di \u201cbello\u201d nel suo libro &#8220;Storia della Bellezza&#8221;, in cui definisce la bellezza come un concetto non assoluto e immutabile che varia nel tempo e nelle culture. Nel testo esplora come l\u2019idea di bello sia cambiata dall\u2019Antichit\u00e0 fino ai giorni nostri, influenzata da fattori filosofici, artistici e sociali.<\/p>\n\n\n\n<p>Ci\u00f2 che una societ\u00e0 considera bello in un\u2019epoca pu\u00f2 essere visto in modo diverso in un\u2019altra, mostrando che la bellezza \u00e8 in parte costruita dai gusti e dai valori di ciascuna civilt\u00e0.<\/p>\n\n\n\n<p>Eco sottolinea come la percezione estetica sia soggettiva e influenzata dal contesto storico, ma anche da meccanismi psicologici e culturali. Quindi, la bellezza non \u00e8 solo ci\u00f2 che appare gradevole, ma anche ci\u00f2 che stimola il pensiero e suscita emozioni, anche contrastanti.<\/p>\n\n\n\n<p>In altre parole, la bellezza per Umberto Eco \u00e8 una specie di costruzione sociale, un valore che cambia con le modalit\u00e0 di lettura e di comprensione di chi osserva.&nbsp;<\/p>\n\n\n\n<h2 class=\"wp-block-heading\" id=\"h-che-cos-e-la-bellezza-per-la-filosofia\"><span class=\"ez-toc-section\" id=\"che-cose-la-bellezza-per-la-filosofia\"><\/span><strong>Che cos&#8217;\u00e8 la bellezza per la filosofia?<\/strong><span class=\"ez-toc-section-end\"><\/span><\/h2>\n\n\n\n<figure class=\"wp-block-image size-large\"><img fetchpriority=\"high\" decoding=\"async\" width=\"1024\" height=\"585\" src=\"https:\/\/audaces.com\/wp-content\/uploads\/2023\/10\/o-que-e-belo-filosofia-1024x585.webp\" alt=\"Statua greca che mostra ci\u00f2 che \u00e8 bello in quel momento\" class=\"wp-image-152959\" srcset=\"https:\/\/audaces.com\/wp-content\/uploads\/2023\/10\/o-que-e-belo-filosofia-1024x585.webp 1024w, https:\/\/audaces.com\/wp-content\/uploads\/2023\/10\/o-que-e-belo-filosofia-300x171.webp 300w, https:\/\/audaces.com\/wp-content\/uploads\/2023\/10\/o-que-e-belo-filosofia-768x439.webp 768w, https:\/\/audaces.com\/wp-content\/uploads\/2023\/10\/o-que-e-belo-filosofia-1536x878.webp 1536w, https:\/\/audaces.com\/wp-content\/uploads\/2023\/10\/o-que-e-belo-filosofia.webp 2000w\" sizes=\"(max-width: 1024px) 100vw, 1024px\" \/><\/figure>\n\n\n\n<p>La discussione sulla bellezza e il suo significato ha avuto origine con l&#8217;Estetica Greca, basata sulla visione del mondo dei filosofi dell&#8217;epoca. Per loro, la vita e l&#8217;arte si fondavano sull&#8217;equilibrio tra simmetria, armonia e proporzionalit\u00e0.<\/p>\n\n\n\n<p>Ancora oggi, l&#8217;idea di bellezza, filtrata attraverso il Rinascimento \u2013 periodo in cui questi principi furono riscoperti e reinterpretati \u2013 include un aspetto razionale nel giudizio estetico, basato sulla dicotomia &#8220;piace o non piace&#8221;.&nbsp;<\/p>\n\n\n\n<p>Questo concetto, continua ancora oggi a influenzare settori come l&#8217;industria della moda e le sfilate, dove l&#8217;estetica viene codificata e trasmessa secondo criteri derivati da queste tradizioni.<\/p>\n\n\n\n<p><strong>Scopri di pi\u00f9: <\/strong><a href=\"https:\/\/audaces.com\/it\/blog\/ciclo-moda\" target=\"_blank\" rel=\"noreferrer noopener\">Scopri tutte le fasi del ciclo di moda della tua collezione<\/a><\/p>\n\n\n\n<h3 class=\"wp-block-heading\" id=\"h-la-bellezza-secondo-socrate-nbsp\">La bellezza secondo Socrate&nbsp;<\/h3>\n\n\n\n<p>Socrate, uno dei tre principali pensatori dell&#8217;Antica Grecia (V secolo a.C. \u2013 anno 470 a.C.), riteneva che il bello fosse un&#8217;armonia percepita dagli occhi e dalle orecchie, ovvero che la bellezza fosse percepita attraverso i sensi.<\/p>\n\n\n\n<p>Secondo Socrate, &#8220;il bello \u00e8 ci\u00f2 che \u00e8 utile&#8221;, cio\u00e8 la bellezza non \u00e8 legata all&#8217;aspetto di un oggetto, ma a quanto esso sia utile, assumendo cos\u00ec un carattere pratico, come il risultato di un prodotto o di una situazione concreta.<\/p>\n\n\n\n<h3 class=\"wp-block-heading\" id=\"h-il-bello-secondo-platone-nbsp-nbsp\">Il bello secondo Platone&nbsp;&nbsp;<\/h3>\n\n\n\n<p>Per Platone, filosofo greco del V secolo a.C., la bellezza \u00e8 un\u2019essenza universale e oggettiva, indipendente dall&#8217;osservatore, poich\u00e9 risiede nell&#8217;oggetto stesso, nella sua forma ideale. <\/p>\n\n\n\n<p>Secondo la sua visione, tutto ci\u00f2 che esiste nel mondo sensibile, imperfetto e mutevole, non \u00e8 altro che una copia delle idee perfette che appartengono al mondo intelligibile.<\/p>\n\n\n\n<p>Uno dei suoi scritti pi\u00f9 noti, il \u201cMito della Caverna\u201d, offre un&#8217;allegoria potente su come la nostra percezione della realt\u00e0 sia una costruzione soggettiva, spesso influenzata da condizionamenti collettivi. <\/p>\n\n\n\n<p>Proprio come i prigionieri della caverna scambiano le ombre per la realt\u00e0, anche noi siamo influenzati da modelli culturali \u2013 inclusi gli ideali di bellezza \u2013 che limitano la nostra visione e ci imprigionano in schemi predefiniti.<\/p>\n\n\n\n<h3 class=\"wp-block-heading\" id=\"h-la-bellezza-secondo-aristotele\">La bellezza secondo Aristotele<\/h3>\n\n\n\n<p>Aristotele, discepolo di Platone, aveva un concetto diverso di bellezza. Per lui, un&#8217;opera poteva essere considerata bella solo se era in grado di suscitare la \u201ccatarsi\u201d nei suoi ammiratori, ossia una sorta di liberazione delle emozioni represse.<\/p>\n\n\n\n<p>In questa concezione, la catarsi \u00e8 nient&#8217;altro che la purificazione dell&#8217;anima e delle idee attraverso un&#8217;opera d&#8217;arte, e, secondo Aristotele, la catarsi si raggiunge principalmente nella tragedia.<\/p>\n\n\n\n<p>Infatti, era attraverso il teatro tragico che le persone riflettevano su ci\u00f2 che l&#8217;opera mostrava.<\/p>\n\n\n\n<p>Al contrario della commedia, che pur essendo divertente, non suscitava una riflessione, ma solo uno stato di &#8220;entusiasmo&#8221; temporaneo riguardo a condizioni umane poco nobili o comunque non considerate belle dalla societ\u00e0 greca classica.<\/p>\n\n\n\n<h2 class=\"wp-block-heading\" id=\"h-cos-e-la-bellezza-nella-moda-nbsp\"><span class=\"ez-toc-section\" id=\"cose-la-bellezza-nella-moda\"><\/span><strong>Cos&#8217;\u00e8 la bellezza nella moda?<\/strong>&nbsp;<span class=\"ez-toc-section-end\"><\/span><\/h2>\n\n\n\n<figure class=\"wp-block-image size-large\"><img decoding=\"async\" width=\"1024\" height=\"667\" src=\"https:\/\/audaces.com\/wp-content\/uploads\/2023\/10\/o-que-e-belo-moda-1024x667.webp\" alt=\"Donna truccata con un abito da dietro che mostra ci\u00f2 che \u00e8 bello per la moda\" class=\"wp-image-152964\" srcset=\"https:\/\/audaces.com\/wp-content\/uploads\/2023\/10\/o-que-e-belo-moda-1024x667.webp 1024w, https:\/\/audaces.com\/wp-content\/uploads\/2023\/10\/o-que-e-belo-moda-300x195.webp 300w, https:\/\/audaces.com\/wp-content\/uploads\/2023\/10\/o-que-e-belo-moda-768x500.webp 768w, https:\/\/audaces.com\/wp-content\/uploads\/2023\/10\/o-que-e-belo-moda-1536x1001.webp 1536w, https:\/\/audaces.com\/wp-content\/uploads\/2023\/10\/o-que-e-belo-moda.webp 1658w\" sizes=\"(max-width: 1024px) 100vw, 1024px\" \/><\/figure>\n\n\n\n<p>In un certo senso, il bello del mistero della bellezza risiede proprio nell&#8217;intangibile, nell&#8217;immateriale, nell&#8217;inalcanzabile, e su questo non c&#8217;\u00e8 nulla da determinare: il bello sar\u00e0 sempre un mistero e allo stesso tempo non dipender\u00e0 mai solo da noi.<\/p>\n\n\n\n<p>Detto ci\u00f2, c&#8217;\u00e8 una cosa di cui possiamo essere certi: potremmo sempre usare la nostra percezione di bellezza come punto di partenza per la creazione artistica e, soprattutto, nei campi della moda e del design di abbigliamento.<\/p>\n\n\n\n<p>Essa rappresenta un supporto infinito al servizio della creativit\u00e0 per la buona riuscita della ricerca e della produzione.<\/p>\n\n\n\n<p>Vale la pena ricordare che la bellezza \u00e8 un&#8217;esperienza (un processo cognitivo, mentale o, ancora, spirituale) legata alla percezione di elementi che piacciono in modo singolare a chi li sperimenta.<\/p>\n\n\n\n<p>Le forme di bellezza sono molteplici e la scienza sta ancora cercando di dare una spiegazione a questo processo.<\/p>\n\n\n\n<p>Nel corso della storia, l&#8217;Estetica, come ramo della Filosofia, ha cercato pi\u00f9 volte di spiegare il concetto di bello.<\/p>\n\n\n\n<p>Tuttavia, in tutto il processo creativo, che si tratti di un&#8217;opera d&#8217;arte o di una collezione di abiti, \u00e8 necessario comprendere l&#8217;importanza del bello nei contesti della creazione. <\/p>\n\n\n\n<p><strong>Scopri di pi\u00f9:<\/strong> <a href=\"https:\/\/audaces.com\/it\/blog\/come-creare-azienda-moda\" target=\"_blank\" rel=\"noreferrer noopener\">Tutto quello che devi sapere per creare un\u2019azienda di moda da zero<\/a><\/p>\n\n\n\n<h2 class=\"wp-block-heading\" id=\"h-esempi-di-tendenze-di-bellezza-nel-corso-della-storia\"><span class=\"ez-toc-section\" id=\"esempi-di-tendenze-di-bellezza-nel-corso-della-storia\"><\/span><strong>Esempi di tendenze di bellezza nel corso della storia<\/strong><span class=\"ez-toc-section-end\"><\/span><\/h2>\n\n\n\n<p>Le tendenze della moda e della bellezza si sono evolute nel tempo, riflettendo i cambiamenti sociali, culturali, tecnologici ed economici di ogni epoca.<\/p>\n\n\n\n<p>Scopri alcuni esempi di tendenze significative in diversi periodi storici:&nbsp;<\/p>\n\n\n\n<h3 class=\"wp-block-heading\" id=\"h-classica-antichita-circa-500-a-c-476-d-c\">Classica Antichit\u00e0 (circa 500 a.C. \u2013 476 d.C.)<\/h3>\n\n\n\n<p>Nell&#8217;Antica Grecia, tuniche e abiti semplici erano di uso comune. Nell&#8217;Antica Roma, invece, le toghe erano indossate con maggiore raffinatezza, soprattutto dalle persone di status elevato.<\/p>\n\n\n\n<p>Le donne greche attribuivano grande valore alla pelle chiara, che enfatizzavano con ciprie a base di gesso e calce. I capelli, spesso acconciati con cura, venivano adornati con gioielli per aggiungere un tocco di eleganza.<\/p>\n\n\n\n<h3 class=\"wp-block-heading\" id=\"h-rinascimento-secoli-xiv-xvii-nbsp\">Rinascimento (secoli XIV \u2013 XVII)&nbsp;<\/h3>\n\n\n\n<figure class=\"wp-block-image size-large\"><img decoding=\"async\" width=\"1024\" height=\"683\" src=\"https:\/\/audaces.com\/wp-content\/uploads\/2023\/10\/o-que-e-belo-renascimento-1024x683.webp\" alt=\"Donna che mostra ci\u00f2 che \u00e8 bello e alla moda nell'era rinascimentale\" class=\"wp-image-152969\" srcset=\"https:\/\/audaces.com\/wp-content\/uploads\/2023\/10\/o-que-e-belo-renascimento-1024x683.webp 1024w, https:\/\/audaces.com\/wp-content\/uploads\/2023\/10\/o-que-e-belo-renascimento-300x200.webp 300w, https:\/\/audaces.com\/wp-content\/uploads\/2023\/10\/o-que-e-belo-renascimento-768x512.webp 768w, https:\/\/audaces.com\/wp-content\/uploads\/2023\/10\/o-que-e-belo-renascimento-1536x1024.webp 1536w, https:\/\/audaces.com\/wp-content\/uploads\/2023\/10\/o-que-e-belo-renascimento.webp 1620w\" sizes=\"(max-width: 1024px) 100vw, 1024px\" \/><\/figure>\n\n\n\n<p>I vestiti con vita alta, gonne ampie e tessuti pregiati erano molto popolari. Per gli uomini, indossare giacche aderenti e calze era normale.<\/p>\n\n\n\n<p>Le donne usavano il trucco per schiarire la pelle, e una fronte alta era considerata attraente. Le sopracciglia venivano spesso rasate per creare un aspetto pi\u00f9 elevato.<\/p>\n\n\n\n<h3 class=\"wp-block-heading\" id=\"h-era-vittoriana-secoli-xix-inizio-del-xx\">Era Vittoriana (secoli XIX \u2013 inizio del XX)<\/h3>\n\n\n\n<p>In quest&#8217;epoca venivano privilegiati abiti lunghi e voluminosi per le donne, spesso con corsetti per assottigliare la vita. Per gli uomini invece i capi pi\u00f9 popolari erano giacche lunghe e cilindri.<\/p>\n\n\n\n<p>La pelle chiara era molto apprezzata, e le donne usavano ciprie per ottenere questo effetto. I capelli erano frequentemente acconciati in modo elaborato e decorati con accessori.<\/p>\n\n\n\n<h3 class=\"wp-block-heading\" id=\"h-anni-1920\">Anni 1920<\/h3>\n\n\n\n<p>Abiti corti e svasati, cappelli cloche e lo stile &#8220;flapper&#8221; rappresentavano perfettamente l&#8217;estetica di questo periodo. I capelli, portati corti e ondulati, si accompagnavano a un trucco audace, con labbra scure e occhi intensamente delineati.<\/p>\n\n\n\n<h3 class=\"wp-block-heading\" id=\"h-anni-1960\">Anni 1960<\/h3>\n\n\n\n<p>Minigonne, pantaloni a zampa d&#8217;elefante, colori vivaci e stampe psichedeliche dominavano la moda dell&#8217;epoca. Il trucco enfatizzava lo sguardo con ciglia finte, eyeliner marcato e acconciature voluminose.<\/p>\n\n\n\n<h3 class=\"wp-block-heading\" id=\"h-anni-1980\">Anni 1980<\/h3>\n\n\n\n<p>Spalline pronunciate, colori vivaci, abiti eccentrici e jeans attillati definivano le tendenze del periodo. Il trucco brillante, le acconciature voluminose fissate con abbondante lacca e le labbra dai colori audaci erano elementi iconici dello stile dell\u2019epoca.<\/p>\n\n\n\n<h3 class=\"wp-block-heading\" id=\"h-anni-2000-fino-al-2010\">Anni 2000 fino al 2010<\/h3>\n\n\n\n<p>Jeans a vita bassa, moda sportiva, leggings e un forte influsso delle celebrit\u00e0 caratterizzavano lo stile dell&#8217;epoca. Il beauty look era dominato da sopracciglia sottili, lucidalabbra brillante, pelle abbronzata e capelli molto lisci.<\/p>\n\n\n\n<h3 class=\"wp-block-heading\" id=\"h-attualita-dopo-il-2010\">Attualit\u00e0 (dopo il 2010)<\/h3>\n\n\n\n<p>La moda abbraccia la sostenibilit\u00e0, l\u2019inclusivit\u00e0 e l\u2019uso di tessuti tecnologici, privilegiando capi comodi e versatili. L&#8217;estetica contemporanea celebra la diversit\u00e0, con un focus su trucco naturale, skincare avanzata e capelli lasciati nella loro texture naturale.<\/p>\n\n\n\n<p><strong>Scopri di pi\u00f9: <\/strong><a href=\"https:\/\/audaces.com\/it\/blog\/ricerca-moda\">Tutti i vantaggi della ricerca di tendenze di moda per la tua confezione<\/a><\/p>\n\n\n\n<h2 class=\"wp-block-heading\" id=\"h-principali-cambiamenti-negli-standard-di-bellezza-nell-era-digitale\"><span class=\"ez-toc-section\" id=\"principali-cambiamenti-negli-standard-di-bellezza-nellera-digitale\"><\/span><strong>Principali cambiamenti negli standard di bellezza nell\u2019era digitale<\/strong><span class=\"ez-toc-section-end\"><\/span><\/h2>\n\n\n\n<figure class=\"wp-block-image size-large\"><img loading=\"lazy\" decoding=\"async\" width=\"1024\" height=\"585\" src=\"https:\/\/audaces.com\/wp-content\/uploads\/2023\/10\/o-que-e-belo-era-digital-1024x585.webp\" alt=\"Modello che mostra ci\u00f2 che \u00e8 bello nell'era digitale\" class=\"wp-image-152980\" srcset=\"https:\/\/audaces.com\/wp-content\/uploads\/2023\/10\/o-que-e-belo-era-digital-1024x585.webp 1024w, https:\/\/audaces.com\/wp-content\/uploads\/2023\/10\/o-que-e-belo-era-digital-300x171.webp 300w, https:\/\/audaces.com\/wp-content\/uploads\/2023\/10\/o-que-e-belo-era-digital-768x439.webp 768w, https:\/\/audaces.com\/wp-content\/uploads\/2023\/10\/o-que-e-belo-era-digital-1536x878.webp 1536w, https:\/\/audaces.com\/wp-content\/uploads\/2023\/10\/o-que-e-belo-era-digital.webp 2000w\" sizes=\"(max-width: 1024px) 100vw, 1024px\" \/><\/figure>\n\n\n\n<p>L&#8217;era digitale ha portato con s\u00e9 una serie di cambiamenti significativi negli standard di bellezza, influenzando il modo in cui le persone percepiscono e si sforzano di raggiungere l&#8217;aspetto ideale.<\/p>\n\n\n\n<p>Alcuni dei principali cambiamenti sono:<\/p>\n\n\n\n<h3 class=\"wp-block-heading\" id=\"h-diversificazione-della-bellezza\">Diversificazione della bellezza<\/h3>\n\n\n\n<p>L&#8217;era digitale ha amplificato voci e rappresentazioni diverse della bellezza.&nbsp;&nbsp;<\/p>\n\n\n\n<p>I social media permettono a persone di diversa provenienza culturale, etnie, identit\u00e0 di genere di condividere la loro bellezza unica, sfidando gli standard tradizionali e promuovendo l&#8217;accettazione della diversit\u00e0.&nbsp;<\/p>\n\n\n\n<h3 class=\"wp-block-heading\" id=\"h-cultura-positiva-per-il-corpo\">Cultura positiva per il corpo<\/h3>\n\n\n\n<p>I social media hanno giocato un ruolo chiave nella diffusione del movimento &#8220;body positive&#8221;, promuovendo l&#8217;accettazione di ogni tipo di corpo e incoraggiando un rapporto pi\u00f9 sano e autentico con la propria immagine.<\/p>\n\n\n\n<h3 class=\"wp-block-heading\" id=\"h-attenzione-al-benessere-e-alla-salute-nbsp\">Attenzione al benessere e alla salute&nbsp;<\/h3>\n\n\n\n<p>L&#8217;era digitale ha portato anche una maggiore consapevolezza sull&#8217;importanza del benessere e della salute in relazione alla bellezza.&nbsp;&nbsp;<\/p>\n\n\n\n<p>Le persone cercano consigli per la cura di s\u00e9 stessi e fanno attenzione a ci\u00f2 che mangiano, all&#8217;esercizio fisico e alle pratiche di salute mentale per ottenere una bellezza che viene da dentro.&nbsp;<\/p>\n\n\n\n<h3 class=\"wp-block-heading\" id=\"h-realta-aumentata-ar-nbsp\">Realt\u00e0 aumentata (AR)&nbsp;<\/h3>\n\n\n\n<p>I marchi di bellezza utilizzano la tecnologia AR per consentire ai consumatori di provare virtualmente i prodotti prima di acquistarli.&nbsp;&nbsp;<\/p>\n\n\n\n<p>Questo facilita la decisione di acquisto e influenza le preferenze in fatto di make-up e cura della pelle.&nbsp;<\/p>\n\n\n\n<p><strong>Scopri di pi\u00f9:<\/strong> <a href=\"https:\/\/audaces.com\/it\/blog\/esperienze-immersive\" target=\"_blank\" rel=\"noreferrer noopener\">Scopri tutti i vantaggi delle esperienze immersive per la tua azienda di moda<\/a><\/p>\n\n\n\n<h2 class=\"wp-block-heading\" id=\"h-trasforma-cio-che-e-bello-per-te-in-creazioni-con-audaces\"><span class=\"ez-toc-section\" id=\"trasforma-cio-che-e-bello-per-te-in-creazioni-con-audaces\"><\/span><strong>Trasforma ci\u00f2 che \u00e8 bello per te in creazioni con Audaces<\/strong><span class=\"ez-toc-section-end\"><\/span><\/h2>\n\n\n\n<figure class=\"wp-block-image size-full\"><img loading=\"lazy\" decoding=\"async\" width=\"1000\" height=\"700\" src=\"https:\/\/audaces.com\/wp-content\/uploads\/2023\/10\/audaces-fashion-studio-desfile.webp\" alt=\"Audaces Fashion Studio sfilata digitale\" class=\"wp-image-152984\" srcset=\"https:\/\/audaces.com\/wp-content\/uploads\/2023\/10\/audaces-fashion-studio-desfile.webp 1000w, https:\/\/audaces.com\/wp-content\/uploads\/2023\/10\/audaces-fashion-studio-desfile-300x210.webp 300w, https:\/\/audaces.com\/wp-content\/uploads\/2023\/10\/audaces-fashion-studio-desfile-768x538.webp 768w\" sizes=\"(max-width: 1000px) 100vw, 1000px\" \/><\/figure>\n\n\n\n<p>Audaces pu\u00f2 aiutare la tua azienda di moda offrendo grandi e importanti soluzioni.<\/p>\n\n\n\n<p>Scopri i software che ti accompagneranno in questo percorso:<\/p>\n\n\n\n<h3 class=\"wp-block-heading\" id=\"h-audaces360\">Audaces360<\/h3>\n\n\n\n<p>Trasforma la tua visione di bellezza in creazioni eccezionali con Audaces. Nell&#8217;industria dinamica della moda e del tessile, l&#8217;efficienza e la produttivit\u00e0 sono cruciali per raggiungere il successo.<\/p>\n\n\n\n<p>In un contesto difficile, <a href=\"https:\/\/audaces.com\/it\/soluzioni\/audaces-360\" target=\"_blank\" rel=\"noreferrer noopener\">Audaces360<\/a> si distingue come soluzione innovativa per ottimizzare la produzione e migliorare i risultati delle aziende del settore.&nbsp;<\/p>\n\n\n\n<p>Questo software rivoluzionario integra in modo intuitivo ed efficace l&#8217;intero ciclo di produzione dei capi all&#8217;interno di un&#8217;unica piattaforma, offrendo una serie di vantaggi per l&#8217;industria dell\u2019abbigliamento.<\/p>\n\n\n\n<p>Una delle caratteristiche pi\u00f9 straordinarie di Audaces 360 \u00e8 la capacit\u00e0 di unificare all\u2019interno di un&#8217;unica piattaforma tutte le fasi del processo di produzione di una collezione.<\/p>\n\n\n\n<h3 class=\"wp-block-heading\" id=\"h-audaces-fashion-studio\">Audaces Fashion Studio<\/h3>\n\n\n\n<p><a href=\"https:\/\/audaces.com\/it\/soluzioni\/fashion-studio\" target=\"_blank\" rel=\"noreferrer noopener\">Audaces Fashion Studio<\/a> \u00e8 il tuo alleato nella creazione di collezioni fantastiche!<\/p>\n\n\n\n<p>Fashion Studio \u00e8 un software progettato per dare vita a modelli su un manichino tridimensionale, utilizzando una variet\u00e0 di strumenti, il tutto senza la necessit\u00e0 di dover creare disegni sulla carta.<\/p>\n\n\n\n<p>Scopri i vantaggi dell&#8217;utilizzo di Audaces Fashion Studio:&nbsp;<\/p>\n\n\n\n<ul class=\"wp-block-list\">\n<li>Simulazione realistica della vestibilit\u00e0 dei tessuti in un ambiente virtuale e digitale<\/li>\n\n\n\n<li>Applicazione realistica di colori, stampe e texture<\/li>\n\n\n\n<li>Riduzione del numero di pezzi pilota nella fase di creazione<\/li>\n\n\n\n<li>Creazione di modelli dopo l&#8217;approvazione in Fashion Studio<\/li>\n\n\n\n<li>Comunicazione efficace tra lo stilista e il modellista<\/li>\n\n\n\n<li>Riduzione dei costi nella fase di creazione<\/li>\n\n\n\n<li>Visualizzazione chiara e realistica dei modelli sullo schermo del computer<\/li>\n<\/ul>\n\n\n\n<p><strong>Ora che abbiamo capito cos\u2019\u00e8 la bellezza, che ne dici di mettere in pratica le tue idee? Scarica subito il nostro e-book:<\/strong><\/p>\n\n\n\n<div role=\"main\" id=\"form-ebook-disegno-virtuale-3d-moda-be62f026af741048ee38\"><\/div><script type=\"text\/javascript\" src=\"https:\/\/d335luupugsy2.cloudfront.net\/js\/rdstation-forms\/stable\/rdstation-forms.min.js\"><\/script><script type=\"text\/javascript\"> new RDStationForms('form-ebook-disegno-virtuale-3d-moda-be62f026af741048ee38', 'UA-78634938-2').createForm();<\/script>\n\n\n\n<h2 class=\"wp-block-heading\" id=\"h-faq\"><span class=\"ez-toc-section\" id=\"faq\"><\/span>FAQ<span class=\"ez-toc-section-end\"><\/span><\/h2>\n\n\n\n<div class=\"schema-faq wp-block-yoast-faq-block\"><div class=\"schema-faq-section\" id=\"faq-question-1698787992815\"><strong class=\"schema-faq-question\">Quanto \u00e8 importante la percezione della bellezza per la moda?<\/strong> <p class=\"schema-faq-answer\">La percezione della bellezza gioca un ruolo fondamentale nella moda, in quanto influenza le preferenze, le scelte e gli atteggiamenti delle persone nei confronti dell&#8217;abbigliamento e dello stileo.<\/p> <\/div> <div class=\"schema-faq-section\" id=\"faq-question-1698788114001\"><strong class=\"schema-faq-question\">Cosa si intende con il concetto di \u201cbello\u201d nella moda?<\/strong> <p class=\"schema-faq-answer\">Possiamo sempre utilizzare il nostro concetto di bellezza come punto di partenza per la creazione artistica. E soprattutto, nel campo della moda e del design di abbigliamento, \u00e8 un supporto molto importante al servizio della creativit\u00e0, della ricerca e della produzione.<\/p> <\/div> <div class=\"schema-faq-section\" id=\"faq-question-1740577764068\"><strong class=\"schema-faq-question\">Qual \u00e8 la definizione linguistica di \u201cbellezza\u201d?<\/strong> <p class=\"schema-faq-answer\">Dal punto di vista etimologico, la parola \u201cbello\u201d deriva dal latino \u201cbellus\u201d, che significa \u201cbello, carino\u201d.<\/p> <\/div> <\/div>\n\n\n\n<p><\/p>\n","protected":false},"excerpt":{"rendered":"<p>La bellezza nella moda e la sua definizione hanno interrogato molte civilt\u00e0 per secoli.\u00a0Ne ripercorriamo la storia qui.<\/p>\n","protected":false},"author":54,"featured_media":154586,"comment_status":"open","ping_status":"closed","sticky":false,"template":"","format":"standard","meta":{"footnotes":""},"categories":[4713],"tags":[4722,5599,5600,5608,4755],"class_list":["post-47893","post","type-post","status-publish","format-standard","has-post-thumbnail","hentry","category-creazione-stile","tag-audaces-it-it","tag-bellezza","tag-bello","tag-estetica","tag-moda-3-it"],"yoast_head":"<!-- This site is optimized with the Yoast SEO Premium plugin v27.4 (Yoast SEO v27.5) - https:\/\/yoast.com\/product\/yoast-seo-premium-wordpress\/ -->\n<title>Cos&#039;\u00e8 la bellezza? Un approfondimento nell&#039;arte e nella moda<\/title>\n<meta name=\"description\" content=\"La bellezza nella moda e la sua definizione hanno interrogato molte civilt\u00e0 per secoli.\u00a0Ne ripercorriamo la storia qui.\" \/>\n<meta name=\"robots\" content=\"index, follow, max-snippet:-1, max-image-preview:large, max-video-preview:-1\" \/>\n<link rel=\"canonical\" href=\"https:\/\/audaces.com\/it\/blog\/cose-la-bellezza\" \/>\n<meta property=\"og:locale\" content=\"it_IT\" \/>\n<meta property=\"og:type\" content=\"article\" \/>\n<meta property=\"og:title\" content=\"Cos&#039;\u00e8 la bellezza? Un approfondimento nell&#039;arte e nella moda\" \/>\n<meta property=\"og:description\" content=\"La bellezza nella moda e la sua definizione hanno interrogato molte civilt\u00e0 per secoli.\u00a0Ne ripercorriamo la storia qui.\" \/>\n<meta property=\"og:url\" content=\"https:\/\/audaces.com\/it\/blog\/cose-la-bellezza\" \/>\n<meta property=\"og:site_name\" content=\"Audaces\" \/>\n<meta property=\"article:publisher\" content=\"https:\/\/www.facebook.com\/audaces.pt\" \/>\n<meta property=\"article:published_time\" content=\"2025-02-05T11:23:00+00:00\" \/>\n<meta property=\"article:modified_time\" content=\"2025-07-25T09:37:42+00:00\" \/>\n<meta property=\"og:image\" content=\"https:\/\/audaces.com\/wp-content\/uploads\/2022\/02\/o-que-e-belo-2.webp\" \/>\n\t<meta property=\"og:image:width\" content=\"1620\" \/>\n\t<meta property=\"og:image:height\" content=\"1080\" \/>\n\t<meta property=\"og:image:type\" content=\"image\/webp\" \/>\n<meta name=\"author\" content=\"Audara\" \/>\n<meta name=\"twitter:card\" content=\"summary_large_image\" \/>\n<meta name=\"twitter:label1\" content=\"Scritto da\" \/>\n\t<meta name=\"twitter:data1\" content=\"Audara\" \/>\n\t<meta name=\"twitter:label2\" content=\"Tempo di lettura stimato\" \/>\n\t<meta name=\"twitter:data2\" content=\"14 minuti\" \/>\n<script type=\"application\/ld+json\" class=\"yoast-schema-graph\">{\"@context\":\"https:\\\/\\\/schema.org\",\"@graph\":[{\"@type\":\"Article\",\"@id\":\"https:\\\/\\\/audaces.com\\\/it\\\/blog\\\/cose-la-bellezza#article\",\"isPartOf\":{\"@id\":\"https:\\\/\\\/audaces.com\\\/it\\\/blog\\\/cose-la-bellezza\"},\"author\":{\"name\":\"Audara\",\"@id\":\"https:\\\/\\\/audaces.com\\\/it#\\\/schema\\\/person\\\/64fd4e45d55c0765a8d3193a2dfe4a8b\"},\"headline\":\"Che cos&#8217;\u00e8 la bellezza? La definizione tra arte e moda\",\"datePublished\":\"2025-02-05T11:23:00+00:00\",\"dateModified\":\"2025-07-25T09:37:42+00:00\",\"mainEntityOfPage\":{\"@id\":\"https:\\\/\\\/audaces.com\\\/it\\\/blog\\\/cose-la-bellezza\"},\"wordCount\":2364,\"commentCount\":0,\"publisher\":{\"@id\":\"https:\\\/\\\/audaces.com\\\/it#organization\"},\"image\":{\"@id\":\"https:\\\/\\\/audaces.com\\\/it\\\/blog\\\/cose-la-bellezza#primaryimage\"},\"thumbnailUrl\":\"https:\\\/\\\/audaces.com\\\/wp-content\\\/uploads\\\/2022\\\/02\\\/o-que-e-belo-2.webp\",\"keywords\":[\"Audaces\",\"bellezza\",\"bello\",\"est\u00e9tica\",\"moda\"],\"articleSection\":[\"Creazione e stile\"],\"inLanguage\":\"it-IT\",\"potentialAction\":[{\"@type\":\"CommentAction\",\"name\":\"Comment\",\"target\":[\"https:\\\/\\\/audaces.com\\\/it\\\/blog\\\/cose-la-bellezza#respond\"]}]},{\"@type\":[\"WebPage\",\"FAQPage\"],\"@id\":\"https:\\\/\\\/audaces.com\\\/it\\\/blog\\\/cose-la-bellezza\",\"url\":\"https:\\\/\\\/audaces.com\\\/it\\\/blog\\\/cose-la-bellezza\",\"name\":\"Cos'\u00e8 la bellezza? Un approfondimento nell'arte e nella moda\",\"isPartOf\":{\"@id\":\"https:\\\/\\\/audaces.com\\\/it#website\"},\"primaryImageOfPage\":{\"@id\":\"https:\\\/\\\/audaces.com\\\/it\\\/blog\\\/cose-la-bellezza#primaryimage\"},\"image\":{\"@id\":\"https:\\\/\\\/audaces.com\\\/it\\\/blog\\\/cose-la-bellezza#primaryimage\"},\"thumbnailUrl\":\"https:\\\/\\\/audaces.com\\\/wp-content\\\/uploads\\\/2022\\\/02\\\/o-que-e-belo-2.webp\",\"datePublished\":\"2025-02-05T11:23:00+00:00\",\"dateModified\":\"2025-07-25T09:37:42+00:00\",\"description\":\"La bellezza nella moda e la sua definizione hanno interrogato molte civilt\u00e0 per secoli.\u00a0Ne ripercorriamo la storia qui.\",\"breadcrumb\":{\"@id\":\"https:\\\/\\\/audaces.com\\\/it\\\/blog\\\/cose-la-bellezza#breadcrumb\"},\"mainEntity\":[{\"@id\":\"https:\\\/\\\/audaces.com\\\/it\\\/blog\\\/cose-la-bellezza#faq-question-1698787992815\"},{\"@id\":\"https:\\\/\\\/audaces.com\\\/it\\\/blog\\\/cose-la-bellezza#faq-question-1698788114001\"},{\"@id\":\"https:\\\/\\\/audaces.com\\\/it\\\/blog\\\/cose-la-bellezza#faq-question-1740577764068\"}],\"inLanguage\":\"it-IT\",\"potentialAction\":[{\"@type\":\"ReadAction\",\"target\":[\"https:\\\/\\\/audaces.com\\\/it\\\/blog\\\/cose-la-bellezza\"]}]},{\"@type\":\"ImageObject\",\"inLanguage\":\"it-IT\",\"@id\":\"https:\\\/\\\/audaces.com\\\/it\\\/blog\\\/cose-la-bellezza#primaryimage\",\"url\":\"https:\\\/\\\/audaces.com\\\/wp-content\\\/uploads\\\/2022\\\/02\\\/o-que-e-belo-2.webp\",\"contentUrl\":\"https:\\\/\\\/audaces.com\\\/wp-content\\\/uploads\\\/2022\\\/02\\\/o-que-e-belo-2.webp\",\"width\":1620,\"height\":1080,\"caption\":\"O que \u00e9 belo? Mulher posando para foto.\"},{\"@type\":\"BreadcrumbList\",\"@id\":\"https:\\\/\\\/audaces.com\\\/it\\\/blog\\\/cose-la-bellezza#breadcrumb\",\"itemListElement\":[{\"@type\":\"ListItem\",\"position\":1,\"name\":\"INIZIO\",\"item\":\"https:\\\/\\\/audaces.com\\\/it\"},{\"@type\":\"ListItem\",\"position\":2,\"name\":\"Che cos&#8217;\u00e8 la bellezza? La definizione tra arte e moda\"}]},{\"@type\":\"WebSite\",\"@id\":\"https:\\\/\\\/audaces.com\\\/it#website\",\"url\":\"https:\\\/\\\/audaces.com\\\/it\",\"name\":\"Audaces\",\"description\":\"We are the Industry 4.0\",\"publisher\":{\"@id\":\"https:\\\/\\\/audaces.com\\\/it#organization\"},\"potentialAction\":[{\"@type\":\"SearchAction\",\"target\":{\"@type\":\"EntryPoint\",\"urlTemplate\":\"https:\\\/\\\/audaces.com\\\/it?s={search_term_string}\"},\"query-input\":{\"@type\":\"PropertyValueSpecification\",\"valueRequired\":true,\"valueName\":\"search_term_string\"}}],\"inLanguage\":\"it-IT\"},{\"@type\":\"Organization\",\"@id\":\"https:\\\/\\\/audaces.com\\\/it#organization\",\"name\":\"Audaces\",\"url\":\"https:\\\/\\\/audaces.com\\\/it\",\"logo\":{\"@type\":\"ImageObject\",\"inLanguage\":\"it-IT\",\"@id\":\"https:\\\/\\\/audaces.com\\\/it#\\\/schema\\\/logo\\\/image\\\/\",\"url\":\"https:\\\/\\\/audaces.com\\\/wp-content\\\/uploads\\\/2022\\\/01\\\/cropped-cropped-logo-audace.png\",\"contentUrl\":\"https:\\\/\\\/audaces.com\\\/wp-content\\\/uploads\\\/2022\\\/01\\\/cropped-cropped-logo-audace.png\",\"width\":512,\"height\":512,\"caption\":\"Audaces\"},\"image\":{\"@id\":\"https:\\\/\\\/audaces.com\\\/it#\\\/schema\\\/logo\\\/image\\\/\"},\"sameAs\":[\"https:\\\/\\\/www.facebook.com\\\/audaces.pt\"]},{\"@type\":\"Person\",\"@id\":\"https:\\\/\\\/audaces.com\\\/it#\\\/schema\\\/person\\\/64fd4e45d55c0765a8d3193a2dfe4a8b\",\"name\":\"Audara\",\"image\":{\"@type\":\"ImageObject\",\"inLanguage\":\"it-IT\",\"@id\":\"https:\\\/\\\/audaces.com\\\/wp-content\\\/uploads\\\/2025\\\/05\\\/cropped-audara-96x96.jpg\",\"url\":\"https:\\\/\\\/audaces.com\\\/wp-content\\\/uploads\\\/2025\\\/05\\\/cropped-audara-96x96.jpg\",\"contentUrl\":\"https:\\\/\\\/audaces.com\\\/wp-content\\\/uploads\\\/2025\\\/05\\\/cropped-audara-96x96.jpg\",\"caption\":\"Audara\"},\"description\":\"Fashion Tech Specialist at Audaces\",\"sameAs\":[\"https:\\\/\\\/audaces.com\"],\"url\":\"https:\\\/\\\/audaces.com\\\/it\\\/blog\\\/author\\\/audara\"},{\"@type\":\"Question\",\"@id\":\"https:\\\/\\\/audaces.com\\\/it\\\/blog\\\/cose-la-bellezza#faq-question-1698787992815\",\"position\":1,\"url\":\"https:\\\/\\\/audaces.com\\\/it\\\/blog\\\/cose-la-bellezza#faq-question-1698787992815\",\"name\":\"Quanto \u00e8 importante la percezione della bellezza per la moda?\",\"answerCount\":1,\"acceptedAnswer\":{\"@type\":\"Answer\",\"text\":\"La percezione della bellezza gioca un ruolo fondamentale nella moda, in quanto influenza le preferenze, le scelte e gli atteggiamenti delle persone nei confronti dell'abbigliamento e dello stileo.\",\"inLanguage\":\"it-IT\"},\"inLanguage\":\"it-IT\"},{\"@type\":\"Question\",\"@id\":\"https:\\\/\\\/audaces.com\\\/it\\\/blog\\\/cose-la-bellezza#faq-question-1698788114001\",\"position\":2,\"url\":\"https:\\\/\\\/audaces.com\\\/it\\\/blog\\\/cose-la-bellezza#faq-question-1698788114001\",\"name\":\"Cosa si intende con il concetto di \u201cbello\u201d nella moda?\",\"answerCount\":1,\"acceptedAnswer\":{\"@type\":\"Answer\",\"text\":\"Possiamo sempre utilizzare il nostro concetto di bellezza come punto di partenza per la creazione artistica. E soprattutto, nel campo della moda e del design di abbigliamento, \u00e8 un supporto molto importante al servizio della creativit\u00e0, della ricerca e della produzione.\",\"inLanguage\":\"it-IT\"},\"inLanguage\":\"it-IT\"},{\"@type\":\"Question\",\"@id\":\"https:\\\/\\\/audaces.com\\\/it\\\/blog\\\/cose-la-bellezza#faq-question-1740577764068\",\"position\":3,\"url\":\"https:\\\/\\\/audaces.com\\\/it\\\/blog\\\/cose-la-bellezza#faq-question-1740577764068\",\"name\":\"Qual \u00e8 la definizione linguistica di \u201cbellezza\u201d?\",\"answerCount\":1,\"acceptedAnswer\":{\"@type\":\"Answer\",\"text\":\"Dal punto di vista etimologico, la parola \u201cbello\u201d deriva dal latino \u201cbellus\u201d, che significa \u201cbello, carino\u201d.\",\"inLanguage\":\"it-IT\"},\"inLanguage\":\"it-IT\"}]}<\/script>\n<!-- \/ Yoast SEO Premium plugin. -->","yoast_head_json":{"title":"Cos'\u00e8 la bellezza? Un approfondimento nell'arte e nella moda","description":"La bellezza nella moda e la sua definizione hanno interrogato molte civilt\u00e0 per secoli.\u00a0Ne ripercorriamo la storia qui.","robots":{"index":"index","follow":"follow","max-snippet":"max-snippet:-1","max-image-preview":"max-image-preview:large","max-video-preview":"max-video-preview:-1"},"canonical":"https:\/\/audaces.com\/it\/blog\/cose-la-bellezza","og_locale":"it_IT","og_type":"article","og_title":"Cos'\u00e8 la bellezza? Un approfondimento nell'arte e nella moda","og_description":"La bellezza nella moda e la sua definizione hanno interrogato molte civilt\u00e0 per secoli.\u00a0Ne ripercorriamo la storia qui.","og_url":"https:\/\/audaces.com\/it\/blog\/cose-la-bellezza","og_site_name":"Audaces","article_publisher":"https:\/\/www.facebook.com\/audaces.pt","article_published_time":"2025-02-05T11:23:00+00:00","article_modified_time":"2025-07-25T09:37:42+00:00","og_image":[{"width":1620,"height":1080,"url":"https:\/\/audaces.com\/wp-content\/uploads\/2022\/02\/o-que-e-belo-2.webp","type":"image\/webp"}],"author":"Audara","twitter_card":"summary_large_image","twitter_misc":{"Scritto da":"Audara","Tempo di lettura stimato":"14 minuti"},"schema":{"@context":"https:\/\/schema.org","@graph":[{"@type":"Article","@id":"https:\/\/audaces.com\/it\/blog\/cose-la-bellezza#article","isPartOf":{"@id":"https:\/\/audaces.com\/it\/blog\/cose-la-bellezza"},"author":{"name":"Audara","@id":"https:\/\/audaces.com\/it#\/schema\/person\/64fd4e45d55c0765a8d3193a2dfe4a8b"},"headline":"Che cos&#8217;\u00e8 la bellezza? La definizione tra arte e moda","datePublished":"2025-02-05T11:23:00+00:00","dateModified":"2025-07-25T09:37:42+00:00","mainEntityOfPage":{"@id":"https:\/\/audaces.com\/it\/blog\/cose-la-bellezza"},"wordCount":2364,"commentCount":0,"publisher":{"@id":"https:\/\/audaces.com\/it#organization"},"image":{"@id":"https:\/\/audaces.com\/it\/blog\/cose-la-bellezza#primaryimage"},"thumbnailUrl":"https:\/\/audaces.com\/wp-content\/uploads\/2022\/02\/o-que-e-belo-2.webp","keywords":["Audaces","bellezza","bello","est\u00e9tica","moda"],"articleSection":["Creazione e stile"],"inLanguage":"it-IT","potentialAction":[{"@type":"CommentAction","name":"Comment","target":["https:\/\/audaces.com\/it\/blog\/cose-la-bellezza#respond"]}]},{"@type":["WebPage","FAQPage"],"@id":"https:\/\/audaces.com\/it\/blog\/cose-la-bellezza","url":"https:\/\/audaces.com\/it\/blog\/cose-la-bellezza","name":"Cos'\u00e8 la bellezza? Un approfondimento nell'arte e nella moda","isPartOf":{"@id":"https:\/\/audaces.com\/it#website"},"primaryImageOfPage":{"@id":"https:\/\/audaces.com\/it\/blog\/cose-la-bellezza#primaryimage"},"image":{"@id":"https:\/\/audaces.com\/it\/blog\/cose-la-bellezza#primaryimage"},"thumbnailUrl":"https:\/\/audaces.com\/wp-content\/uploads\/2022\/02\/o-que-e-belo-2.webp","datePublished":"2025-02-05T11:23:00+00:00","dateModified":"2025-07-25T09:37:42+00:00","description":"La bellezza nella moda e la sua definizione hanno interrogato molte civilt\u00e0 per secoli.\u00a0Ne ripercorriamo la storia qui.","breadcrumb":{"@id":"https:\/\/audaces.com\/it\/blog\/cose-la-bellezza#breadcrumb"},"mainEntity":[{"@id":"https:\/\/audaces.com\/it\/blog\/cose-la-bellezza#faq-question-1698787992815"},{"@id":"https:\/\/audaces.com\/it\/blog\/cose-la-bellezza#faq-question-1698788114001"},{"@id":"https:\/\/audaces.com\/it\/blog\/cose-la-bellezza#faq-question-1740577764068"}],"inLanguage":"it-IT","potentialAction":[{"@type":"ReadAction","target":["https:\/\/audaces.com\/it\/blog\/cose-la-bellezza"]}]},{"@type":"ImageObject","inLanguage":"it-IT","@id":"https:\/\/audaces.com\/it\/blog\/cose-la-bellezza#primaryimage","url":"https:\/\/audaces.com\/wp-content\/uploads\/2022\/02\/o-que-e-belo-2.webp","contentUrl":"https:\/\/audaces.com\/wp-content\/uploads\/2022\/02\/o-que-e-belo-2.webp","width":1620,"height":1080,"caption":"O que \u00e9 belo? Mulher posando para foto."},{"@type":"BreadcrumbList","@id":"https:\/\/audaces.com\/it\/blog\/cose-la-bellezza#breadcrumb","itemListElement":[{"@type":"ListItem","position":1,"name":"INIZIO","item":"https:\/\/audaces.com\/it"},{"@type":"ListItem","position":2,"name":"Che cos&#8217;\u00e8 la bellezza? La definizione tra arte e moda"}]},{"@type":"WebSite","@id":"https:\/\/audaces.com\/it#website","url":"https:\/\/audaces.com\/it","name":"Audaces","description":"We are the Industry 4.0","publisher":{"@id":"https:\/\/audaces.com\/it#organization"},"potentialAction":[{"@type":"SearchAction","target":{"@type":"EntryPoint","urlTemplate":"https:\/\/audaces.com\/it?s={search_term_string}"},"query-input":{"@type":"PropertyValueSpecification","valueRequired":true,"valueName":"search_term_string"}}],"inLanguage":"it-IT"},{"@type":"Organization","@id":"https:\/\/audaces.com\/it#organization","name":"Audaces","url":"https:\/\/audaces.com\/it","logo":{"@type":"ImageObject","inLanguage":"it-IT","@id":"https:\/\/audaces.com\/it#\/schema\/logo\/image\/","url":"https:\/\/audaces.com\/wp-content\/uploads\/2022\/01\/cropped-cropped-logo-audace.png","contentUrl":"https:\/\/audaces.com\/wp-content\/uploads\/2022\/01\/cropped-cropped-logo-audace.png","width":512,"height":512,"caption":"Audaces"},"image":{"@id":"https:\/\/audaces.com\/it#\/schema\/logo\/image\/"},"sameAs":["https:\/\/www.facebook.com\/audaces.pt"]},{"@type":"Person","@id":"https:\/\/audaces.com\/it#\/schema\/person\/64fd4e45d55c0765a8d3193a2dfe4a8b","name":"Audara","image":{"@type":"ImageObject","inLanguage":"it-IT","@id":"https:\/\/audaces.com\/wp-content\/uploads\/2025\/05\/cropped-audara-96x96.jpg","url":"https:\/\/audaces.com\/wp-content\/uploads\/2025\/05\/cropped-audara-96x96.jpg","contentUrl":"https:\/\/audaces.com\/wp-content\/uploads\/2025\/05\/cropped-audara-96x96.jpg","caption":"Audara"},"description":"Fashion Tech Specialist at Audaces","sameAs":["https:\/\/audaces.com"],"url":"https:\/\/audaces.com\/it\/blog\/author\/audara"},{"@type":"Question","@id":"https:\/\/audaces.com\/it\/blog\/cose-la-bellezza#faq-question-1698787992815","position":1,"url":"https:\/\/audaces.com\/it\/blog\/cose-la-bellezza#faq-question-1698787992815","name":"Quanto \u00e8 importante la percezione della bellezza per la moda?","answerCount":1,"acceptedAnswer":{"@type":"Answer","text":"La percezione della bellezza gioca un ruolo fondamentale nella moda, in quanto influenza le preferenze, le scelte e gli atteggiamenti delle persone nei confronti dell'abbigliamento e dello stileo.","inLanguage":"it-IT"},"inLanguage":"it-IT"},{"@type":"Question","@id":"https:\/\/audaces.com\/it\/blog\/cose-la-bellezza#faq-question-1698788114001","position":2,"url":"https:\/\/audaces.com\/it\/blog\/cose-la-bellezza#faq-question-1698788114001","name":"Cosa si intende con il concetto di \u201cbello\u201d nella moda?","answerCount":1,"acceptedAnswer":{"@type":"Answer","text":"Possiamo sempre utilizzare il nostro concetto di bellezza come punto di partenza per la creazione artistica. E soprattutto, nel campo della moda e del design di abbigliamento, \u00e8 un supporto molto importante al servizio della creativit\u00e0, della ricerca e della produzione.","inLanguage":"it-IT"},"inLanguage":"it-IT"},{"@type":"Question","@id":"https:\/\/audaces.com\/it\/blog\/cose-la-bellezza#faq-question-1740577764068","position":3,"url":"https:\/\/audaces.com\/it\/blog\/cose-la-bellezza#faq-question-1740577764068","name":"Qual \u00e8 la definizione linguistica di \u201cbellezza\u201d?","answerCount":1,"acceptedAnswer":{"@type":"Answer","text":"Dal punto di vista etimologico, la parola \u201cbello\u201d deriva dal latino \u201cbellus\u201d, che significa \u201cbello, carino\u201d.","inLanguage":"it-IT"},"inLanguage":"it-IT"}]}},"_links":{"self":[{"href":"https:\/\/audaces.com\/it\/wp-json\/wp\/v2\/posts\/47893","targetHints":{"allow":["GET"]}}],"collection":[{"href":"https:\/\/audaces.com\/it\/wp-json\/wp\/v2\/posts"}],"about":[{"href":"https:\/\/audaces.com\/it\/wp-json\/wp\/v2\/types\/post"}],"author":[{"embeddable":true,"href":"https:\/\/audaces.com\/it\/wp-json\/wp\/v2\/users\/54"}],"replies":[{"embeddable":true,"href":"https:\/\/audaces.com\/it\/wp-json\/wp\/v2\/comments?post=47893"}],"version-history":[{"count":8,"href":"https:\/\/audaces.com\/it\/wp-json\/wp\/v2\/posts\/47893\/revisions"}],"predecessor-version":[{"id":200514,"href":"https:\/\/audaces.com\/it\/wp-json\/wp\/v2\/posts\/47893\/revisions\/200514"}],"wp:featuredmedia":[{"embeddable":true,"href":"https:\/\/audaces.com\/it\/wp-json\/wp\/v2\/media\/154586"}],"wp:attachment":[{"href":"https:\/\/audaces.com\/it\/wp-json\/wp\/v2\/media?parent=47893"}],"wp:term":[{"taxonomy":"category","embeddable":true,"href":"https:\/\/audaces.com\/it\/wp-json\/wp\/v2\/categories?post=47893"},{"taxonomy":"post_tag","embeddable":true,"href":"https:\/\/audaces.com\/it\/wp-json\/wp\/v2\/tags?post=47893"}],"curies":[{"name":"wp","href":"https:\/\/api.w.org\/{rel}","templated":true}]}}