{"id":166422,"date":"2022-06-17T20:29:00","date_gmt":"2022-06-17T23:29:00","guid":{"rendered":"https:\/\/audaces.com\/?p=166422"},"modified":"2024-03-26T20:31:57","modified_gmt":"2024-03-26T23:31:57","slug":"audaces-texprocess","status":"publish","type":"post","link":"https:\/\/audaces.com\/it\/blog\/audaces-texprocess","title":{"rendered":"Audaces sar\u00e0 presente a Texprocess per presentare la tecnologia del futuro"},"content":{"rendered":"\n<p>Il 2022 si \u00e8 presentato come un&#8217;ottima opportunit\u00e0 per ricominciare, non solo per le persone, ma anche per le aziende. Ad esempio quest\u2019anno riprender\u00e0 in presenza la <strong>nuova edizione di Texprocess<\/strong>, uno degli eventi internazionali di riferimento per chi si occupa della lavorazione di fibre tessili e affini. L\u2019evento avr\u00e0 luogo <strong>dal 21 al 24 giugno a Francoforte<\/strong>, in Germania, e Audaces sar\u00e0 presente con uno stand dimostrativo nel <strong>padiglione 8.0 A42<\/strong>.<\/p>\n\n\n\n<p>Un&#8217;altra importante pietra miliare di quest&#8217;anno che va celebrata sono i <a href=\"https:\/\/audaces.com\/it\/audaces-30-anni\/\">30 anni di Audaces<\/a>: una storia di innovazione e tecnologia nel mercato della moda e in tutti i settori dell&#8217;industria tessile, dell\u2019arredamento, dell\u2019automotive, dei tessuti tecnici e affini. <\/p>\n\n\n\n<p>Nel corso di questi tre decenni Audaces \u00e8 presente in pi\u00f9 di 70 paesi, conquistando la leadership nel mercato latinoamericano nei segmenti del SaaS (software as a service) e dei macchinari. Attualmente pi\u00f9 di 40.000 professionisti del settore, tra cui stilisti, responsabili di collezione, modellisti e creativi, utilizzano le soluzioni digitali Audaces.<\/p>\n\n\n\n<h2 class=\"wp-block-heading\" id=\"h-audaces-360\"><span class=\"ez-toc-section\" id=\"audaces-360\"><\/span>Audaces 360<span class=\"ez-toc-section-end\"><\/span><\/h2>\n\n\n\n<p><a href=\"https:\/\/audaces.com\/it\/soluzioni\/audaces-360\">Audaces 360<\/a> \u00e8 tra le proposte tecnologiche pi\u00f9 all\u2019avanguardia per l\u2019industria della moda e affini. Una soluzione completa per la gestione della produzione creativa che i visitatori potranno conoscere e sperimentare durante la fiera, e il cui obiettivo \u00e8 accelerare, semplificare e aumentare l&#8217;efficienza dei processi di creazione, sviluppo dei prodotti e delle collezioni. <\/p>\n\n\n\n<p>Audaces360 \u00e8 stato sviluppato a partire dalle esigenze delle aziende del settore per rispondere ad alcuni obiettivi: <\/p><div id=\"ez-toc-container\" class=\"ez-toc-v2_0_82_2 ez-toc-wrap-left counter-hierarchy ez-toc-counter ez-toc-custom ez-toc-container-direction\">\n<div class=\"ez-toc-title-container\">\n<p class=\"ez-toc-title ez-toc-toggle\" style=\"cursor:pointer\">Sum\u00e1rio<\/p>\n<span class=\"ez-toc-title-toggle\"><\/span><\/div>\n<nav><ul class='ez-toc-list ez-toc-list-level-1 ' ><li class='ez-toc-page-1 ez-toc-heading-level-2'><a class=\"ez-toc-link ez-toc-heading-1\" href=\"https:\/\/audaces.com\/it\/blog\/audaces-texprocess\/#audaces-360\" >Audaces 360<\/a><\/li><li class='ez-toc-page-1 ez-toc-heading-level-2'><a class=\"ez-toc-link ez-toc-heading-2\" href=\"https:\/\/audaces.com\/it\/blog\/audaces-texprocess\/#audaces-promette-esperienze-tecnologiche-immersive-in-questa-edizione-di-texprocess\" >Audaces promette esperienze tecnologiche immersive in questa edizione di Texprocess<\/a><\/li><li class='ez-toc-page-1 ez-toc-heading-level-2'><a class=\"ez-toc-link ez-toc-heading-3\" href=\"https:\/\/audaces.com\/it\/blog\/audaces-texprocess\/#il-metaverso-entra-nel-mondo-della-moda-nelledizione-di-texprocess-2022\" >Il Metaverso entra nel mondo della moda nell\u2019edizione di Texprocess 2022<\/a><\/li><li class='ez-toc-page-1 ez-toc-heading-level-2'><a class=\"ez-toc-link ez-toc-heading-4\" href=\"https:\/\/audaces.com\/it\/blog\/audaces-texprocess\/#vuoi-saperne-di-piu\" >Vuoi saperne di pi\u00f9?<\/a><\/li><\/ul><\/nav><\/div>\n\n\n\n\n<ul class=\"wp-block-list\">\n<li>Implementare un processo agile e digitalizzato per qualificare la propria gestione; <\/li>\n\n\n\n<li>Lavorare nella transizione dal lavoro manuale a quello digitalizzato, facilitando l&#8217;approvazione del prodotto; <\/li>\n\n\n\n<li>Digitalizzare e integrare i processi di schizzo, scheda tecnica e pre-costi; <\/li>\n\n\n\n<li>Integrare i dati in modo assertivo per rendere il processo decisionale agile ed efficiente; <\/li>\n\n\n\n<li>Centralizzare il database dei prodotti, l&#8217;ingegneria, la modellistica e i costi; <\/li>\n\n\n\n<li>Formare e sviluppare il proprio team attraverso nuove tecnologie e soluzioni.<\/li>\n<\/ul>\n\n\n\n<p>In questo modo, Audaces360 si presenta come una grande piattaforma per la moda in grado di offrire differenziali competitivi in tutte le fasi del flusso di lavoro. E, come suggerisce il nome, si tratta di un prodotto completo in grado di ottimizzare sia il talento creativo dei team sia le risorse economiche di ogni produzione.<\/p>\n\n\n\n<p>Ora cerchiamo di capire quali sono le caratteristiche principali di questo strumento di creazione 4.0. <\/p>\n\n\n\n<figure class=\"wp-block-image size-full\"><img decoding=\"async\" src=\"https:\/\/audaces.com\/wp-content\/uploads\/2022\/03\/Audaces-360-2.png\" alt=\"\" class=\"wp-image-48524\"\/><\/figure>\n\n\n\n<h3 class=\"wp-block-heading\" id=\"h-fashion-plm-audaces-isa\">Fashion PLM Audaces ISA<\/h3>\n\n\n\n<p>Uno degli strumenti di Audaces360 \u00e8 <a href=\"https:\/\/audaces.com\/it\/soluzioni\/isa\">Isa,<\/a> un Fashion PLM (Product Lifecycle Management) progettato sulla base delle esigenze dei team creativi e dei responsabili dello sviluppo prodotto. <\/p>\n\n\n\n<p>Grazie alla visione sistemica offerta dalla piattaforma in tempo reale di ogni fase del processo, \u00e8 possibile avere sempre sotto controllo l\u2019andamento di ogni collezione dalla creazione alla produzione. <\/p>\n\n\n\n<p>Lo strumento garantisce un&#8217;organizzazione del lavoro standardizzata in modo che tutti i professionisti comprendano le proprie responsabilit\u00e0 e l&#8217;impatto (positivo e negativo) delle rispettive attivit\u00e0. <\/p>\n\n\n\n<p>Trattandosi di una soluzione digitale, vale la pena sottolineare che la direzione potr\u00e0 avere un monitoraggio totale di ogni fase anche a distanza. Questo, sommato alla creazione di un archivio dei modelli gi\u00e0 sviluppati, pu\u00f2 portare alla nascita di nuove opportunit\u00e0 (come il riutilizzo dei modelli per la pianificazione delle prossime collezioni). <\/p>\n\n\n\n<h3 class=\"wp-block-heading\" id=\"h-audaces-4d\">Audaces 4D<\/h3>\n\n\n\n<p>Con<a href=\"https:\/\/audaces.com\/it\/soluzioni\/audaces-360\"> Audaces 4D<\/a> potrai costruire i tuoi modelli su un manichino tridimensionali creando, visualizzando e sperimentando ogni tipo di idea senza bisogno di figurini. <\/p>\n\n\n\n<p>L\u2019obiettivo \u00e8 quello di rendere il tuo lavoro pi\u00f9 efficace, assicurando la totale conformit\u00e0 tra ci\u00f2 che viene pianificato e ci\u00f2 che viene eseguito. Altri vantaggi di questo strumento di Audaces360 sono:<\/p>\n\n\n\n<ul class=\"wp-block-list\">\n<li>Unica risorsa sul mercato con 4D che rappresenta la dimensione del design collegata alla visione tridimensionale umana; <\/li>\n\n\n\n<li>Ambiente di visione tridimensionale per la creazione di schizzi; <\/li>\n\n\n\n<li>Facile visualizzazione del progetto, che consente persino l&#8217;approvazione digitale della collezione; <\/li>\n\n\n\n<li>Ottimizzazione delle materie prime con una reale economia delle risorse. <\/li>\n<\/ul>\n\n\n\n<p>Immagina di poter sperimentare nuove idee senza consumare materie prime. Come ti sembra?<\/p>\n\n\n\n<h3 class=\"wp-block-heading\" id=\"h-audaces-idea\">Audaces Idea<\/h3>\n\n\n\n<p>Per il lavoro di progettazione delle collezioni di moda Audaces360 si affida a <a href=\"https:\/\/audaces.com\/it\/soluzioni\/idea\">Idea<\/a>, un potente strumento per assistere gli stilisti. Con Idea la fase tecnica pu\u00f2 dotarsi di diversi strumenti di automazione &#8211; come la scheda tecnica e il calcolo dei precosti. Tra gli altri vantaggi di questa soluzione possiamo evidenziare: <\/p>\n\n\n\n<ul class=\"wp-block-list\">\n<li>Piattaforma elaborata a partire dalle esigenze e dal funzionamento specifico del settore della moda; <\/li>\n\n\n\n<li>Applicazione e modifica di stampe localizzate; <\/li>\n\n\n\n<li>Possibilit\u00e0 di importare il modello da utilizzare nella scheda tecnica; <\/li>\n\n\n\n<li>Comunicazione semplificata tra i vari reparti (stile e modelli) favorendo una maggiore produttivit\u00e0. <\/li>\n<\/ul>\n\n\n\n<p>Un modo molto pi\u00f9 pratico e conveniente per trasformare i professionisti in risorse sempre pi\u00f9 strategiche e analitiche, liberandoli da attivit\u00e0 manuali e ripetitive. <\/p>\n\n\n\n<h3 class=\"wp-block-heading\" id=\"h-audaces-digiflash\">Audaces Digiflash<\/h3>\n\n\n\n<p>Una proposta innovativa per digitalizzare i tuoi modelli in modo preciso e veloce. <\/p>\n\n\n\n<p><a href=\"https:\/\/audaces.com\/it\/soluzioni\/digiflash\">Digiflash<\/a> \u00e8 uno strumento che digitalizza tutti i tuoi modelli con una semplice fotografia digitale. Il risparmio che si ottiene con questa soluzione \u00e8 palpabile nella routine di lavoro. <\/p>\n\n\n\n<p>Altri vantaggi offerti da Digiflash sono i seguenti:<\/p>\n\n\n\n<ul class=\"wp-block-list\">\n<li>Possibilit\u00e0 di digitalizzare una serie di modelli in una sola volta; <\/li>\n\n\n\n<li>I modelli digitalizzati sono facili da sviluppare, possono essere adattati a nuove basi e anche riutilizzabili. <\/li>\n<\/ul>\n\n\n\n<p>Questo genera un importante differenziale competitivo per la vostra azienda, poich\u00e9 rende possibile produrre pi\u00f9 modelli per ogni collezione. <\/p>\n\n\n\n<h3 class=\"wp-block-heading\" id=\"h-audaces-pattern\">Audaces Pattern<\/h3>\n\n\n\n<p><a href=\"https:\/\/audaces.com\/it\/soluzioni\/pattern\">Pattern<\/a> \u00e8 lo strumento di Audaces360 che permette di creare modelli di alta qualit\u00e0 e precisione, indipendentemente dalla loro complessit\u00e0, in modo interamente digitale. <\/p>\n\n\n\n<p>Tutto questo, con un&#8217;interfaccia e delle funzioni facili da assimilare nella vostra routine, che lo rendono uno strumento utilizzabile immediatamente e in breve tempo. <\/p>\n\n\n\n<h3 class=\"wp-block-heading\" id=\"h-audaces-marker\">Audaces Marker<\/h3>\n\n\n\n<p><a href=\"https:\/\/audaces.com\/it\/soluzioni\/marker\">Audaces Marker<\/a> fa parte del pacchetto Audaces360 e ottimizza i tempi di lavoro grazie alle opzioni di piazzamento che garantiscono un risparmio di tempo e di materie prime. Il risparmio coincide con metri di tessuto risparmiato e si converte in maggiore efficienza e produttivit\u00e0. <\/p>\n\n\n\n<h3 class=\"wp-block-heading\" id=\"h-audaces-supera\">Audaces Supera<\/h3>\n\n\n\n<p><a href=\"https:\/\/audaces.com\/it\/soluzioni\/supera\">Supera<\/a> \u00e8 un server di piazzamento. Utilizzandolo \u00e8 possibile programmare il lavoro, creando code di piazzamento che verranno calcolate automaticamente. Questo genera un maggiore sfruttamento del tessuto e libera la postazione di lavoro, poich\u00e9 Supera svolge tutto il lavoro in autonomia. <\/p>\n\n\n\n<figure class=\"wp-block-image size-large\"><img decoding=\"async\" src=\"https:\/\/audaces.com\/wp-content\/uploads\/2022\/06\/audaces-texprocess-guida-1024x683.jpeg\" alt=\"\" class=\"wp-image-50565\"\/><\/figure>\n\n\n\n<h2 class=\"wp-block-heading\" id=\"h-audaces-promette-esperienze-tecnologiche-immersive-in-questa-edizione-di-texprocess\"><span class=\"ez-toc-section\" id=\"audaces-promette-esperienze-tecnologiche-immersive-in-questa-edizione-di-texprocess\"><\/span>Audaces promette esperienze tecnologiche immersive in questa edizione di Texprocess<span class=\"ez-toc-section-end\"><\/span><\/h2>\n\n\n\n<p>L&#8217;adozione di tecnologie avanzate e virtuali ha il grande potenziale di <strong>accorciare i tempi di creazione delle collezioni<\/strong>, di approvazione dei capi e di produzione delle collezioni, <strong>riducendo al contempo l&#8217;impatto ambientale<\/strong> di questo settore, che oggi \u00e8 considerato la seconda industria pi\u00f9 inquinante al mondo. <\/p>\n\n\n\n<p>Immaginate il designer in un ambiente virtuale che mostra in tempo reale le sue creazioni ad altre persone che fisicamente possono trovarsi in qualsiasi parte del mondo, ma virtualmente sono nello stesso ambiente. Simulazione di finiture, stampe, forme&#8230; totale libert\u00e0 di creazione. <\/p>\n\n\n\n<p>Ora, immaginate anche grandi sfilate di moda con modelli virtuali che presentano collezioni reali e che vengono guardate da migliaia di persone che si trovano nello stesso ambiente virtuale interattivo. Ebbene, queste esperienze saranno ancora pi\u00f9 vicine a chi avr\u00e0 l&#8217;opportunit\u00e0 di visitare lo stand ufficiale di Audaces nelle giornate 21-24 giugno (padiglione 8.0, A42). <\/p>\n\n\n\n<h2 class=\"wp-block-heading\" id=\"h-il-metaverso-entra-nel-mondo-della-moda-nell-edizione-di-texprocess-2022\"><span class=\"ez-toc-section\" id=\"il-metaverso-entra-nel-mondo-della-moda-nelledizione-di-texprocess-2022\"><\/span>Il Metaverso entra nel mondo della moda nell\u2019edizione di Texprocess 2022<span class=\"ez-toc-section-end\"><\/span><\/h2>\n\n\n\n<p>Con Audaces 4D il potere espressivo dello stilista \u00e8 amplificato, perch\u00e9 \u00e8 in grado di creare rapidamente collezioni in 3D e migliorare la comunicazione delle proprie idee. Con l&#8217;integrazione con il Metaverso, questo potere di espressione viene ulteriormente amplificato. In questo ambiente, le persone si incontrano, collaborano e giocano in un luogo virtuale, collegato e integrato al web. <\/p>\n\n\n\n<p>D&#8217;altra parte, queste tecnologie consentono creazioni libere e ancora pi\u00f9 competitive, grazie alle loro infinite possibilit\u00e0. Il vantaggio di Audaces 4D \u00e8 che non \u00e8 necessaria alcuna conoscenza di modellistica; \u00e8 sufficiente dare sfogo alla propria immaginazione ed esplorare al massimo tutti gli strumenti e le risorse. In questo modo, ogni creativo (designer, stilisti, videogiocatori, artisti visivi, ecc.) pu\u00f2 CREARE ABITI TRIDIMENSIONALI.  <\/p>\n\n\n\n<h2 class=\"wp-block-heading\" id=\"h-vuoi-saperne-di-piu\"><span class=\"ez-toc-section\" id=\"vuoi-saperne-di-piu\"><\/span>Vuoi saperne di pi\u00f9?<br><span class=\"ez-toc-section-end\"><\/span><\/h2>\n\n\n\n<p>Se desideri sapere di pi\u00f9 su tutte le soluzioni Audaces e vedere come funzionano nella pratica, <strong>ti aspettiamo nel nostro stand alla fiera Texprocess (hall 8.0 A42)<\/strong>. Sar\u00e0 un piacere incontrarsi e immaginare il futuro insieme!<\/p>\n\n\n\n<p>Se nel frattempo vorresti avere delle informazioni sull&#8217;impatto derivante dall&#8217;utilizzo delle soluzioni Audaces nella tua confezione, scarica l&#8217;infografica interattiva dal titolo &#8220;Ritardi nelle collezioni e come gli strumenti Audaces possono aiutarti ad eliminarli&#8221; compilando il form qui sotto.<\/p>\n\n\n\n<div role=\"main\" id=\"form-ritardi-nelle-collezioni-7b0fe70f3aadc54ed7b0\"><\/div><script type=\"text\/javascript\" src=\"https:\/\/d335luupugsy2.cloudfront.net\/js\/rdstation-forms\/stable\/rdstation-forms.min.js\"><\/script><script type=\"text\/javascript\"> new RDStationForms('form-ritardi-nelle-collezioni-7b0fe70f3aadc54ed7b0', 'UA-78634938-2').createForm();<\/script>\n<\/p>","protected":false},"excerpt":{"rendered":"<p>Texprocess avr\u00e0 luogo dal 21 al 24 giugno a Francoforte, in Germania, e Audaces sar\u00e0 presente con uno stand nel padiglione 8.0 A42.<\/p>\n","protected":false},"author":7,"featured_media":129993,"comment_status":"open","ping_status":"closed","sticky":false,"template":"","format":"standard","meta":{"footnotes":""},"categories":[4703],"tags":[],"class_list":["post-166422","post","type-post","status-publish","format-standard","has-post-thumbnail","hentry","category-prodotti"],"yoast_head":"<!-- This site is optimized with the Yoast SEO Premium plugin v27.4 (Yoast SEO v27.4) - https:\/\/yoast.com\/product\/yoast-seo-premium-wordpress\/ -->\n<title>Audaces sar\u00e0 presente a Texprocess con la tecnologia del futuro<\/title>\n<meta name=\"description\" content=\"Texprocess avr\u00e0 luogo dal 21 al 24 giugno a Francoforte, in Germania, e Audaces sar\u00e0 presente con uno stand nel padiglione 8.0 A42.\" \/>\n<meta name=\"robots\" content=\"index, follow, max-snippet:-1, max-image-preview:large, max-video-preview:-1\" \/>\n<link rel=\"canonical\" href=\"https:\/\/audaces.com\/it\/blog\/audaces-texprocess\" \/>\n<meta property=\"og:locale\" content=\"it_IT\" \/>\n<meta property=\"og:type\" content=\"article\" \/>\n<meta property=\"og:title\" content=\"Audaces sar\u00e0 presente a Texprocess con la tecnologia del futuro\" \/>\n<meta property=\"og:description\" content=\"Texprocess avr\u00e0 luogo dal 21 al 24 giugno a Francoforte, in Germania, e Audaces sar\u00e0 presente con uno stand nel padiglione 8.0 A42.\" \/>\n<meta property=\"og:url\" content=\"https:\/\/audaces.com\/it\/blog\/audaces-texprocess\" \/>\n<meta property=\"og:site_name\" content=\"Audaces\" \/>\n<meta property=\"article:publisher\" content=\"https:\/\/www.facebook.com\/audaces.pt\" \/>\n<meta property=\"article:published_time\" content=\"2022-06-17T23:29:00+00:00\" \/>\n<meta property=\"article:modified_time\" content=\"2024-03-26T23:31:57+00:00\" \/>\n<meta property=\"og:image\" content=\"https:\/\/audaces.com\/wp-content\/uploads\/2022\/06\/CR0A3816-1536x1024-1.jpg\" \/>\n\t<meta property=\"og:image:width\" content=\"1536\" \/>\n\t<meta property=\"og:image:height\" content=\"1024\" \/>\n\t<meta property=\"og:image:type\" content=\"image\/jpeg\" \/>\n<meta name=\"author\" content=\"Valentina Sega\" \/>\n<meta name=\"twitter:card\" content=\"summary_large_image\" \/>\n<meta name=\"twitter:label1\" content=\"Scritto da\" \/>\n\t<meta name=\"twitter:data1\" content=\"Valentina Sega\" \/>\n\t<meta name=\"twitter:label2\" content=\"Tempo di lettura stimato\" \/>\n\t<meta name=\"twitter:data2\" content=\"9 minuti\" \/>\n<script type=\"application\/ld+json\" class=\"yoast-schema-graph\">{\"@context\":\"https:\\\/\\\/schema.org\",\"@graph\":[{\"@type\":\"Article\",\"@id\":\"https:\\\/\\\/audaces.com\\\/it\\\/blog\\\/audaces-texprocess#article\",\"isPartOf\":{\"@id\":\"https:\\\/\\\/audaces.com\\\/it\\\/blog\\\/audaces-texprocess\"},\"author\":{\"name\":\"Valentina Sega\",\"@id\":\"https:\\\/\\\/audaces.com\\\/it#\\\/schema\\\/person\\\/05cc795cea06ce51f332b77ec94edf46\"},\"headline\":\"Audaces sar\u00e0 presente a Texprocess per presentare la tecnologia del futuro\",\"datePublished\":\"2022-06-17T23:29:00+00:00\",\"dateModified\":\"2024-03-26T23:31:57+00:00\",\"mainEntityOfPage\":{\"@id\":\"https:\\\/\\\/audaces.com\\\/it\\\/blog\\\/audaces-texprocess\"},\"wordCount\":1359,\"commentCount\":0,\"publisher\":{\"@id\":\"https:\\\/\\\/audaces.com\\\/it#organization\"},\"image\":{\"@id\":\"https:\\\/\\\/audaces.com\\\/it\\\/blog\\\/audaces-texprocess#primaryimage\"},\"thumbnailUrl\":\"https:\\\/\\\/audaces.com\\\/wp-content\\\/uploads\\\/2022\\\/06\\\/CR0A3816-1536x1024-1.jpg\",\"articleSection\":[\"Prodotti\"],\"inLanguage\":\"it-IT\",\"potentialAction\":[{\"@type\":\"CommentAction\",\"name\":\"Comment\",\"target\":[\"https:\\\/\\\/audaces.com\\\/it\\\/blog\\\/audaces-texprocess#respond\"]}]},{\"@type\":\"WebPage\",\"@id\":\"https:\\\/\\\/audaces.com\\\/it\\\/blog\\\/audaces-texprocess\",\"url\":\"https:\\\/\\\/audaces.com\\\/it\\\/blog\\\/audaces-texprocess\",\"name\":\"Audaces sar\u00e0 presente a Texprocess con la tecnologia del futuro\",\"isPartOf\":{\"@id\":\"https:\\\/\\\/audaces.com\\\/it#website\"},\"primaryImageOfPage\":{\"@id\":\"https:\\\/\\\/audaces.com\\\/it\\\/blog\\\/audaces-texprocess#primaryimage\"},\"image\":{\"@id\":\"https:\\\/\\\/audaces.com\\\/it\\\/blog\\\/audaces-texprocess#primaryimage\"},\"thumbnailUrl\":\"https:\\\/\\\/audaces.com\\\/wp-content\\\/uploads\\\/2022\\\/06\\\/CR0A3816-1536x1024-1.jpg\",\"datePublished\":\"2022-06-17T23:29:00+00:00\",\"dateModified\":\"2024-03-26T23:31:57+00:00\",\"description\":\"Texprocess avr\u00e0 luogo dal 21 al 24 giugno a Francoforte, in Germania, e Audaces sar\u00e0 presente con uno stand nel padiglione 8.0 A42.\",\"breadcrumb\":{\"@id\":\"https:\\\/\\\/audaces.com\\\/it\\\/blog\\\/audaces-texprocess#breadcrumb\"},\"inLanguage\":\"it-IT\",\"potentialAction\":[{\"@type\":\"ReadAction\",\"target\":[\"https:\\\/\\\/audaces.com\\\/it\\\/blog\\\/audaces-texprocess\"]}]},{\"@type\":\"ImageObject\",\"inLanguage\":\"it-IT\",\"@id\":\"https:\\\/\\\/audaces.com\\\/it\\\/blog\\\/audaces-texprocess#primaryimage\",\"url\":\"https:\\\/\\\/audaces.com\\\/wp-content\\\/uploads\\\/2022\\\/06\\\/CR0A3816-1536x1024-1.jpg\",\"contentUrl\":\"https:\\\/\\\/audaces.com\\\/wp-content\\\/uploads\\\/2022\\\/06\\\/CR0A3816-1536x1024-1.jpg\",\"width\":1536,\"height\":1024},{\"@type\":\"BreadcrumbList\",\"@id\":\"https:\\\/\\\/audaces.com\\\/it\\\/blog\\\/audaces-texprocess#breadcrumb\",\"itemListElement\":[{\"@type\":\"ListItem\",\"position\":1,\"name\":\"INIZIO\",\"item\":\"https:\\\/\\\/audaces.com\\\/it\"},{\"@type\":\"ListItem\",\"position\":2,\"name\":\"Audaces sar\u00e0 presente a Texprocess per presentare la tecnologia del futuro\"}]},{\"@type\":\"WebSite\",\"@id\":\"https:\\\/\\\/audaces.com\\\/it#website\",\"url\":\"https:\\\/\\\/audaces.com\\\/it\",\"name\":\"Audaces\",\"description\":\"We are the Industry 4.0\",\"publisher\":{\"@id\":\"https:\\\/\\\/audaces.com\\\/it#organization\"},\"potentialAction\":[{\"@type\":\"SearchAction\",\"target\":{\"@type\":\"EntryPoint\",\"urlTemplate\":\"https:\\\/\\\/audaces.com\\\/it?s={search_term_string}\"},\"query-input\":{\"@type\":\"PropertyValueSpecification\",\"valueRequired\":true,\"valueName\":\"search_term_string\"}}],\"inLanguage\":\"it-IT\"},{\"@type\":\"Organization\",\"@id\":\"https:\\\/\\\/audaces.com\\\/it#organization\",\"name\":\"Audaces\",\"url\":\"https:\\\/\\\/audaces.com\\\/it\",\"logo\":{\"@type\":\"ImageObject\",\"inLanguage\":\"it-IT\",\"@id\":\"https:\\\/\\\/audaces.com\\\/it#\\\/schema\\\/logo\\\/image\\\/\",\"url\":\"https:\\\/\\\/audaces.com\\\/wp-content\\\/uploads\\\/2022\\\/01\\\/cropped-cropped-logo-audace.png\",\"contentUrl\":\"https:\\\/\\\/audaces.com\\\/wp-content\\\/uploads\\\/2022\\\/01\\\/cropped-cropped-logo-audace.png\",\"width\":512,\"height\":512,\"caption\":\"Audaces\"},\"image\":{\"@id\":\"https:\\\/\\\/audaces.com\\\/it#\\\/schema\\\/logo\\\/image\\\/\"},\"sameAs\":[\"https:\\\/\\\/www.facebook.com\\\/audaces.pt\"]},{\"@type\":\"Person\",\"@id\":\"https:\\\/\\\/audaces.com\\\/it#\\\/schema\\\/person\\\/05cc795cea06ce51f332b77ec94edf46\",\"name\":\"Valentina Sega\",\"image\":{\"@type\":\"ImageObject\",\"inLanguage\":\"it-IT\",\"@id\":\"https:\\\/\\\/secure.gravatar.com\\\/avatar\\\/0210fbb1e257e615cdadb8bdd69d29906fb8bc9485e912b4c9a00944e5f0daf8?s=96&d=https%3A%2F%2Faudaces.com%2Fwp-content%2Fuploads%2F2025%2F05%2FVector-150x150.jpg&r=g\",\"url\":\"https:\\\/\\\/secure.gravatar.com\\\/avatar\\\/0210fbb1e257e615cdadb8bdd69d29906fb8bc9485e912b4c9a00944e5f0daf8?s=96&d=https%3A%2F%2Faudaces.com%2Fwp-content%2Fuploads%2F2025%2F05%2FVector-150x150.jpg&r=g\",\"contentUrl\":\"https:\\\/\\\/secure.gravatar.com\\\/avatar\\\/0210fbb1e257e615cdadb8bdd69d29906fb8bc9485e912b4c9a00944e5f0daf8?s=96&d=https%3A%2F%2Faudaces.com%2Fwp-content%2Fuploads%2F2025%2F05%2FVector-150x150.jpg&r=g\",\"caption\":\"Valentina Sega\"},\"url\":\"https:\\\/\\\/audaces.com\\\/it\\\/blog\\\/author\\\/valentina\"}]}<\/script>\n<!-- \/ Yoast SEO Premium plugin. -->","yoast_head_json":{"title":"Audaces sar\u00e0 presente a Texprocess con la tecnologia del futuro","description":"Texprocess avr\u00e0 luogo dal 21 al 24 giugno a Francoforte, in Germania, e Audaces sar\u00e0 presente con uno stand nel padiglione 8.0 A42.","robots":{"index":"index","follow":"follow","max-snippet":"max-snippet:-1","max-image-preview":"max-image-preview:large","max-video-preview":"max-video-preview:-1"},"canonical":"https:\/\/audaces.com\/it\/blog\/audaces-texprocess","og_locale":"it_IT","og_type":"article","og_title":"Audaces sar\u00e0 presente a Texprocess con la tecnologia del futuro","og_description":"Texprocess avr\u00e0 luogo dal 21 al 24 giugno a Francoforte, in Germania, e Audaces sar\u00e0 presente con uno stand nel padiglione 8.0 A42.","og_url":"https:\/\/audaces.com\/it\/blog\/audaces-texprocess","og_site_name":"Audaces","article_publisher":"https:\/\/www.facebook.com\/audaces.pt","article_published_time":"2022-06-17T23:29:00+00:00","article_modified_time":"2024-03-26T23:31:57+00:00","og_image":[{"width":1536,"height":1024,"url":"https:\/\/audaces.com\/wp-content\/uploads\/2022\/06\/CR0A3816-1536x1024-1.jpg","type":"image\/jpeg"}],"author":"Valentina Sega","twitter_card":"summary_large_image","twitter_misc":{"Scritto da":"Valentina Sega","Tempo di lettura stimato":"9 minuti"},"schema":{"@context":"https:\/\/schema.org","@graph":[{"@type":"Article","@id":"https:\/\/audaces.com\/it\/blog\/audaces-texprocess#article","isPartOf":{"@id":"https:\/\/audaces.com\/it\/blog\/audaces-texprocess"},"author":{"name":"Valentina Sega","@id":"https:\/\/audaces.com\/it#\/schema\/person\/05cc795cea06ce51f332b77ec94edf46"},"headline":"Audaces sar\u00e0 presente a Texprocess per presentare la tecnologia del futuro","datePublished":"2022-06-17T23:29:00+00:00","dateModified":"2024-03-26T23:31:57+00:00","mainEntityOfPage":{"@id":"https:\/\/audaces.com\/it\/blog\/audaces-texprocess"},"wordCount":1359,"commentCount":0,"publisher":{"@id":"https:\/\/audaces.com\/it#organization"},"image":{"@id":"https:\/\/audaces.com\/it\/blog\/audaces-texprocess#primaryimage"},"thumbnailUrl":"https:\/\/audaces.com\/wp-content\/uploads\/2022\/06\/CR0A3816-1536x1024-1.jpg","articleSection":["Prodotti"],"inLanguage":"it-IT","potentialAction":[{"@type":"CommentAction","name":"Comment","target":["https:\/\/audaces.com\/it\/blog\/audaces-texprocess#respond"]}]},{"@type":"WebPage","@id":"https:\/\/audaces.com\/it\/blog\/audaces-texprocess","url":"https:\/\/audaces.com\/it\/blog\/audaces-texprocess","name":"Audaces sar\u00e0 presente a Texprocess con la tecnologia del futuro","isPartOf":{"@id":"https:\/\/audaces.com\/it#website"},"primaryImageOfPage":{"@id":"https:\/\/audaces.com\/it\/blog\/audaces-texprocess#primaryimage"},"image":{"@id":"https:\/\/audaces.com\/it\/blog\/audaces-texprocess#primaryimage"},"thumbnailUrl":"https:\/\/audaces.com\/wp-content\/uploads\/2022\/06\/CR0A3816-1536x1024-1.jpg","datePublished":"2022-06-17T23:29:00+00:00","dateModified":"2024-03-26T23:31:57+00:00","description":"Texprocess avr\u00e0 luogo dal 21 al 24 giugno a Francoforte, in Germania, e Audaces sar\u00e0 presente con uno stand nel padiglione 8.0 A42.","breadcrumb":{"@id":"https:\/\/audaces.com\/it\/blog\/audaces-texprocess#breadcrumb"},"inLanguage":"it-IT","potentialAction":[{"@type":"ReadAction","target":["https:\/\/audaces.com\/it\/blog\/audaces-texprocess"]}]},{"@type":"ImageObject","inLanguage":"it-IT","@id":"https:\/\/audaces.com\/it\/blog\/audaces-texprocess#primaryimage","url":"https:\/\/audaces.com\/wp-content\/uploads\/2022\/06\/CR0A3816-1536x1024-1.jpg","contentUrl":"https:\/\/audaces.com\/wp-content\/uploads\/2022\/06\/CR0A3816-1536x1024-1.jpg","width":1536,"height":1024},{"@type":"BreadcrumbList","@id":"https:\/\/audaces.com\/it\/blog\/audaces-texprocess#breadcrumb","itemListElement":[{"@type":"ListItem","position":1,"name":"INIZIO","item":"https:\/\/audaces.com\/it"},{"@type":"ListItem","position":2,"name":"Audaces sar\u00e0 presente a Texprocess per presentare la tecnologia del futuro"}]},{"@type":"WebSite","@id":"https:\/\/audaces.com\/it#website","url":"https:\/\/audaces.com\/it","name":"Audaces","description":"We are the Industry 4.0","publisher":{"@id":"https:\/\/audaces.com\/it#organization"},"potentialAction":[{"@type":"SearchAction","target":{"@type":"EntryPoint","urlTemplate":"https:\/\/audaces.com\/it?s={search_term_string}"},"query-input":{"@type":"PropertyValueSpecification","valueRequired":true,"valueName":"search_term_string"}}],"inLanguage":"it-IT"},{"@type":"Organization","@id":"https:\/\/audaces.com\/it#organization","name":"Audaces","url":"https:\/\/audaces.com\/it","logo":{"@type":"ImageObject","inLanguage":"it-IT","@id":"https:\/\/audaces.com\/it#\/schema\/logo\/image\/","url":"https:\/\/audaces.com\/wp-content\/uploads\/2022\/01\/cropped-cropped-logo-audace.png","contentUrl":"https:\/\/audaces.com\/wp-content\/uploads\/2022\/01\/cropped-cropped-logo-audace.png","width":512,"height":512,"caption":"Audaces"},"image":{"@id":"https:\/\/audaces.com\/it#\/schema\/logo\/image\/"},"sameAs":["https:\/\/www.facebook.com\/audaces.pt"]},{"@type":"Person","@id":"https:\/\/audaces.com\/it#\/schema\/person\/05cc795cea06ce51f332b77ec94edf46","name":"Valentina Sega","image":{"@type":"ImageObject","inLanguage":"it-IT","@id":"https:\/\/secure.gravatar.com\/avatar\/0210fbb1e257e615cdadb8bdd69d29906fb8bc9485e912b4c9a00944e5f0daf8?s=96&d=https%3A%2F%2Faudaces.com%2Fwp-content%2Fuploads%2F2025%2F05%2FVector-150x150.jpg&r=g","url":"https:\/\/secure.gravatar.com\/avatar\/0210fbb1e257e615cdadb8bdd69d29906fb8bc9485e912b4c9a00944e5f0daf8?s=96&d=https%3A%2F%2Faudaces.com%2Fwp-content%2Fuploads%2F2025%2F05%2FVector-150x150.jpg&r=g","contentUrl":"https:\/\/secure.gravatar.com\/avatar\/0210fbb1e257e615cdadb8bdd69d29906fb8bc9485e912b4c9a00944e5f0daf8?s=96&d=https%3A%2F%2Faudaces.com%2Fwp-content%2Fuploads%2F2025%2F05%2FVector-150x150.jpg&r=g","caption":"Valentina Sega"},"url":"https:\/\/audaces.com\/it\/blog\/author\/valentina"}]}},"_links":{"self":[{"href":"https:\/\/audaces.com\/it\/wp-json\/wp\/v2\/posts\/166422","targetHints":{"allow":["GET"]}}],"collection":[{"href":"https:\/\/audaces.com\/it\/wp-json\/wp\/v2\/posts"}],"about":[{"href":"https:\/\/audaces.com\/it\/wp-json\/wp\/v2\/types\/post"}],"author":[{"embeddable":true,"href":"https:\/\/audaces.com\/it\/wp-json\/wp\/v2\/users\/7"}],"replies":[{"embeddable":true,"href":"https:\/\/audaces.com\/it\/wp-json\/wp\/v2\/comments?post=166422"}],"version-history":[{"count":1,"href":"https:\/\/audaces.com\/it\/wp-json\/wp\/v2\/posts\/166422\/revisions"}],"predecessor-version":[{"id":166424,"href":"https:\/\/audaces.com\/it\/wp-json\/wp\/v2\/posts\/166422\/revisions\/166424"}],"wp:featuredmedia":[{"embeddable":true,"href":"https:\/\/audaces.com\/it\/wp-json\/wp\/v2\/media\/129993"}],"wp:attachment":[{"href":"https:\/\/audaces.com\/it\/wp-json\/wp\/v2\/media?parent=166422"}],"wp:term":[{"taxonomy":"category","embeddable":true,"href":"https:\/\/audaces.com\/it\/wp-json\/wp\/v2\/categories?post=166422"},{"taxonomy":"post_tag","embeddable":true,"href":"https:\/\/audaces.com\/it\/wp-json\/wp\/v2\/tags?post=166422"}],"curies":[{"name":"wp","href":"https:\/\/api.w.org\/{rel}","templated":true}]}}