{"id":140123,"date":"2023-03-27T07:46:04","date_gmt":"2023-03-27T07:46:04","guid":{"rendered":"https:\/\/audaces.com\/?p=140123"},"modified":"2025-10-28T14:41:19","modified_gmt":"2025-10-28T17:41:19","slug":"fashion-week","status":"publish","type":"post","link":"https:\/\/audaces.com\/it\/blog\/fashion-week","title":{"rendered":"Scopri il calendario delle Fashion Week e segui le principali sfilate"},"content":{"rendered":"\n<p><strong>Sintesi:<\/strong><\/p>\n\n\n\n<ul class=\"wp-block-list\">\n<li>Conoscere il calendario delle Fashion Week aiuta la tua azienda a rimanere al passo con le tendenze;<\/li>\n\n\n\n<li>Le sfilate avvengono ogni sei mesi in citt\u00e0 gi\u00e0 consacrate alla moda;<\/li>\n\n\n\n<li>Crea e sviluppa le tue collezioni in un ambiente 3D <a href=\"https:\/\/content.audaces.com\/trial-audaces360\" target=\"_blank\" rel=\"noreferrer noopener\">gratuitamente, con la multisoluzione Audaces360<\/a>!<\/li>\n<\/ul>\n\n\n\n<p>Le Fashion Week sono eventi che attirano l&#8217;attenzione di tutti coloro che amano la moda, cos\u00ec come dei professionisti che sono direttamente o indirettamente legati al settore.  <\/p>\n\n\n\n<p>I marchi tradizionali e di design, ma anche altri che iniziano a emergere nel panorama della moda internazionale, diventano il centro dell&#8217;attenzione delle settimane della moda. <\/p>\n\n\n\n<p>Dato il suo impatto sul settore, \u00e8 importante conoscere l&#8217;agenda delle Fashion Week, sapere le date delle principali sfilate e capire come funzionano le settimane della moda in tutto il mondo.  <\/p>\n\n\n\n<p>Buona lettura!<\/p><div id=\"ez-toc-container\" class=\"ez-toc-v2_0_82_2 ez-toc-wrap-left counter-hierarchy ez-toc-counter ez-toc-custom ez-toc-container-direction\">\n<div class=\"ez-toc-title-container\">\n<p class=\"ez-toc-title ez-toc-toggle\" style=\"cursor:pointer\">Sum\u00e1rio<\/p>\n<span class=\"ez-toc-title-toggle\"><\/span><\/div>\n<nav><ul class='ez-toc-list ez-toc-list-level-1 ' ><li class='ez-toc-page-1 ez-toc-heading-level-2'><a class=\"ez-toc-link ez-toc-heading-1\" href=\"https:\/\/audaces.com\/it\/blog\/fashion-week\/#cose-una-fashion-week\" >Cos\u2019\u00e8 una Fashion Week?<\/a><\/li><li class='ez-toc-page-1 ez-toc-heading-level-2'><a class=\"ez-toc-link ez-toc-heading-2\" href=\"https:\/\/audaces.com\/it\/blog\/fashion-week\/#quali-sono-le-principali-fashion-week\" >Quali sono le principali Fashion Week?<\/a><\/li><li class='ez-toc-page-1 ez-toc-heading-level-2'><a class=\"ez-toc-link ez-toc-heading-3\" href=\"https:\/\/audaces.com\/it\/blog\/fashion-week\/#quali-sono-i-principali-appuntamenti-della-settimana-della-moda\" >Quali sono i principali appuntamenti della Settimana della Moda?&nbsp;<\/a><\/li><li class='ez-toc-page-1 ez-toc-heading-level-2'><a class=\"ez-toc-link ez-toc-heading-4\" href=\"https:\/\/audaces.com\/it\/blog\/fashion-week\/#chi-seguire-per-le-settimane-della-moda\" >Chi seguire per le settimane della moda?&nbsp;<\/a><\/li><li class='ez-toc-page-1 ez-toc-heading-level-2'><a class=\"ez-toc-link ez-toc-heading-5\" href=\"https:\/\/audaces.com\/it\/blog\/fashion-week\/#come-si-partecipa-a-una-fashion-week\" >Come si partecipa a una Fashion Week?<\/a><\/li><li class='ez-toc-page-1 ez-toc-heading-level-2'><a class=\"ez-toc-link ez-toc-heading-6\" href=\"https:\/\/audaces.com\/it\/blog\/fashion-week\/#quali-sono-i-principali-brand-che-partecipano-alle-settimane-della-moda\" >Quali sono i principali brand che partecipano alle settimane della moda?<\/a><\/li><li class='ez-toc-page-1 ez-toc-heading-level-2'><a class=\"ez-toc-link ez-toc-heading-7\" href=\"https:\/\/audaces.com\/it\/blog\/fashion-week\/#tendenze-da-tenere-docchio\" >Tendenze da tenere d&#8217;occhio&nbsp;<\/a><\/li><li class='ez-toc-page-1 ez-toc-heading-level-2'><a class=\"ez-toc-link ez-toc-heading-8\" href=\"https:\/\/audaces.com\/it\/blog\/fashion-week\/#come-trasformare-in-pratica-le-tendenze-viste-durante-la-fashion-week\" >Come trasformare in pratica le tendenze viste durante la Fashion Week?<\/a><\/li><li class='ez-toc-page-1 ez-toc-heading-level-2'><a class=\"ez-toc-link ez-toc-heading-9\" href=\"https:\/\/audaces.com\/it\/blog\/fashion-week\/#conclusione\" >Conclusione&nbsp;<\/a><\/li><li class='ez-toc-page-1 ez-toc-heading-level-2'><a class=\"ez-toc-link ez-toc-heading-10\" href=\"https:\/\/audaces.com\/it\/blog\/fashion-week\/#faq\" >FAQ<\/a><\/li><\/ul><\/nav><\/div>\n\n\n\n\n<h2 class=\"wp-block-heading\" id=\"h-cos-e-una-fashion-week\"><span class=\"ez-toc-section\" id=\"cose-una-fashion-week\"><\/span><strong>Cos\u2019\u00e8 una Fashion Week?<\/strong><span class=\"ez-toc-section-end\"><\/span><\/h2>\n\n\n\n<p>Ogni stagione &#8211; Primavera\/Estate e Autunno\/Inverno &#8211; nel corso di una settimana i pi\u00f9 grandi marchi e stilisti rinomati presentano le loro collezioni al mondo.<\/p>\n\n\n\n<p>Vengono presentate sotto forma di sfilate di moda o, come spesso vengono chiamate, show. Dopotutto, non si tratta solo di modelli e modelle che sfilano: anche la musica, la scenografia e l&#8217;illuminazione contribuiscono a creare questo universo.<\/p>\n\n\n\n<p>Ognuno degli elementi scelti per una Fashion Week fa parte di un&#8217;esperienza multisensoriale che trasforma la sfilata in un vero e proprio spettacolo.  <\/p>\n\n\n\n<p>Le sfilate durano tra i 7 e i 15 minuti e riescono a far immergere completamente i presenti nel concetto di ogni marchio. Hanno il compito di raccontare le storie che si celano dietro le collezioni, mostrando le motivazioni dello stilista che ha dato vita a ciascun pezzo.<\/p>\n\n\n\n<p><strong>Scopri di pi\u00f9: <\/strong><a href=\"https:\/\/audaces.com\/it\/blog\/eco-fashion-sempre-piu-di-tendenza-statistiche-e-previsioni\/\" target=\"_blank\" rel=\"noreferrer noopener\">Eco fashion sempre pi\u00f9 di tendenza? Statistiche e previsioni<\/a><\/p>\n\n\n\n<h2 class=\"wp-block-heading\" id=\"h-quali-sono-le-principali-fashion-week\"><span class=\"ez-toc-section\" id=\"quali-sono-le-principali-fashion-week\"><\/span><strong>Quali sono le principali Fashion Week?<\/strong><span class=\"ez-toc-section-end\"><\/span><\/h2>\n\n\n\n<figure class=\"wp-block-image size-large\"><img fetchpriority=\"high\" decoding=\"async\" width=\"1024\" height=\"683\" src=\"https:\/\/audaces.com\/wp-content\/uploads\/2023\/02\/agenda-fashion-week-principais-1024x683.jpg\" alt=\"Quali sono le principali Fashion Week?\" class=\"wp-image-138566\" srcset=\"https:\/\/audaces.com\/wp-content\/uploads\/2023\/02\/agenda-fashion-week-principais-1024x683.jpg 1024w, https:\/\/audaces.com\/wp-content\/uploads\/2023\/02\/agenda-fashion-week-principais-300x200.jpg 300w, https:\/\/audaces.com\/wp-content\/uploads\/2023\/02\/agenda-fashion-week-principais-768x512.jpg 768w, https:\/\/audaces.com\/wp-content\/uploads\/2023\/02\/agenda-fashion-week-principais-1536x1024.jpg 1536w, https:\/\/audaces.com\/wp-content\/uploads\/2023\/02\/agenda-fashion-week-principais-2048x1366.jpg 2048w, https:\/\/audaces.com\/wp-content\/uploads\/2023\/02\/agenda-fashion-week-principais-scaled.jpg 1620w\" sizes=\"(max-width: 1024px) 100vw, 1024px\" \/><\/figure>\n\n\n\n<h3 class=\"wp-block-heading\" id=\"h-london-fashion-week\">London Fashion Week<\/h3>\n\n\n\n<p>Molti talenti famosi di oggi hanno avuto il loro debutto alla <a href=\"https:\/\/londonfashionweek.co.uk\/\" target=\"_blank\" rel=\"noreferrer noopener\">London Fashion Week<\/a>. Per questo motivo \u00e8 famosa come la settimana della moda pi\u00f9 all&#8217;avanguardia. Anche se \u00e8 stata creata nel 1984, \u00e8 stata l&#8217;ultima delle quattro principali settimane della moda a essere lanciata al pubblico.&nbsp;&nbsp;<\/p>\n\n\n\n<p>Un&#8217;altra prova del suo carattere dirompente \u00e8 il fatto che sia stata la prima settimana della moda al mondo a trasmettere una sfilata in diretta, nel 2010.  <\/p>\n\n\n\n<p>Alla London Fashion Week solitamente sulle passerelle si vedono pi\u00f9 look concettuali. Questo accade perch\u00e9 in genere questo evento d\u00e0 luce a nuovi designer, oltre a essere associata a nomi tradizionali del settore, come Burberry.  <\/p>\n\n\n\n<p>La stagione Autunno\/Inverno si svolge a febbraio, mentre la stagione Primavera\/Estate ha luogo nel mese di settembre.<\/p>\n\n\n\n<h3 class=\"wp-block-heading\" id=\"h-paris-fashion-week\">Paris Fashion Week<\/h3>\n\n\n\n<p>Considerata la pi\u00f9 importante tra le Fashion Week, la <a href=\"https:\/\/www.fhcm.paris\/en\/paris-fashion-week\" target=\"_blank\" rel=\"noreferrer noopener\">Settimana della moda di Parigi<\/a> \u00e8 l&#8217;evento in cui si svolgono i principali lanci di alta moda.&nbsp;&nbsp;<\/p>\n\n\n\n<p>Le sfilate a Parigi sono iniziate nel 1945 ad opera dei marchi presenti sugli Champs-\u00c9lys\u00e9es, ma le settimane della moda sono iniziate solo nel 1973.  <\/p>\n\n\n\n<p>La prima sfilata fu storica e, ancora oggi, viene ricordata come la Battaglia di Versailles. Questo perch\u00e9 l&#8217;evento di beneficenza riun\u00ec nomi della moda nordamericana e francese in una battaglia di look per raccogliere fondi per il restauro del palazzo di Versailles. <\/p>\n\n\n\n<p>Molti marchi tradizionali del mondo della moda sono ancora presenti alla Settimana della moda di Parigi, sfruttando la notoriet\u00e0 dell&#8217;evento per mostrare al mondo le loro nuove collezioni.<\/p>\n\n\n\n<h3 class=\"wp-block-heading\" id=\"h-milano-fashion-week\">Milano Fashion Week <\/h3>\n\n\n\n<p>L&#8217;Italia \u00e8 la culla di molti marchi di fama mondiale. Per questo motivo, non potrebbe esserci una settimana della moda senza di essa.  <\/p>\n\n\n\n<p>Alla <a href=\"https:\/\/milanofashionweek.cameramoda.it\/en\" target=\"_blank\" rel=\"noreferrer noopener\">Settimana della Moda di Milano<\/a> \u00e8 possibile trovare una ricchezza di dettagli, eccellenza nelle tecniche e materie prime di lusso.<\/p>\n\n\n\n<p>Alcune delle sfilate pi\u00f9 attese di questa settimana della moda sono di marchi come Prada, Miu Miu, Versace e Gucci.<\/p>\n\n\n\n<h3 class=\"wp-block-heading\" id=\"h-new-york-fashion-week\">New York Fashion Week<\/h3>\n\n\n\n<p>Considerata la pi\u00f9 commerciale delle settimane della moda, la <a href=\"https:\/\/nyfw.com\/home\/\" target=\"_blank\" rel=\"noreferrer noopener\">New York Fashion Week<\/a> porta con s\u00e9 molte influenze street style.&nbsp;<\/p>\n\n\n\n<p>Per questo motivo, la cultura di strada di New York compare spesso accanto ai grandi nomi della moda nordamericana, come Ralph Lauren, Calvin Klein e Michael Kors.  <\/p>\n\n\n\n<p>Tuttavia, oltre ai marchi tradizionali, la NYFW d\u00e0 spazio anche ai nuovi talenti che possono presentarsi e presentare le loro collezioni con una portata internazionale.<\/p>\n\n\n\n<p><strong>Scopri di pi\u00f9: <\/strong><a href=\"https:\/\/audaces.com\/it\/blog\/fashion-revolution\/\" target=\"_blank\" rel=\"noreferrer noopener\">Cos\u2019\u00e8 e che obiettivi ha la Fashion Revolution?<\/a><\/p>\n\n\n\n<h2 class=\"wp-block-heading\" id=\"h-quali-sono-i-principali-appuntamenti-della-settimana-della-moda-nbsp\"><span class=\"ez-toc-section\" id=\"quali-sono-i-principali-appuntamenti-della-settimana-della-moda\"><\/span><strong>Quali sono i principali appuntamenti della Settimana della Moda?&nbsp;<\/strong><span class=\"ez-toc-section-end\"><\/span><\/h2>\n\n\n\n<h3 class=\"wp-block-heading\" id=\"h-autunno-inverno\">Autunno\/Inverno<\/h3>\n\n\n\n<ul class=\"wp-block-list\">\n<li>Milano Fashion Week (uomo): 13-17 gennaio 2023;<\/li>\n\n\n\n<li>Parigi Fashion Week  (uomo): 17-22 gennaio 2023;<\/li>\n\n\n\n<li>Parigi Fashion Week  (haute couture): 23-26 gennaio 2023;<\/li>\n\n\n\n<li>Copenhagen Fashion Week : 31 gennaio &#8211; 3 febbraio 2023;<\/li>\n\n\n\n<li>New York Fashion Week : 10-15 febbraio 2023;<\/li>\n\n\n\n<li>Londra Fashion Week : 17-21 febbraio 2023;<\/li>\n\n\n\n<li>Milano Fashion Week : dal 21 al 27 febbraio 2023;<\/li>\n\n\n\n<li>Parigi Fashion Week : dal 27 febbraio al 7 marzo 2023.<\/li>\n<\/ul>\n\n\n\n<h3 class=\"wp-block-heading\" id=\"h-primavera-estate\">Primavera\/Estate<\/h3>\n\n\n\n<ul class=\"wp-block-list\">\n<li>New York Fashion Week  (sposa): 11-13 aprile 2023;<\/li>\n\n\n\n<li>Londra Fashion Week  (uomo): 10-12 giugno 2023;<\/li>\n\n\n\n<li>Parigi Fashion Week  (uomo): 20-25 giugno 2023;<\/li>\n\n\n\n<li>Parigi Fashion Week  (haute couture): 3-6 luglio 2023;<\/li>\n\n\n\n<li>Londra Fashion Week : 15-19 settembre 2023;<\/li>\n\n\n\n<li>Parigi Fashion Week : dal 25 settembre al 3 ottobre 2023.<\/li>\n<\/ul>\n\n\n\n<h2 class=\"wp-block-heading\" id=\"h-chi-seguire-per-le-settimane-della-moda-nbsp\"><span class=\"ez-toc-section\" id=\"chi-seguire-per-le-settimane-della-moda\"><\/span><strong>Chi seguire per le settimane della moda?&nbsp;<\/strong><span class=\"ez-toc-section-end\"><\/span><\/h2>\n\n\n\n<figure class=\"wp-block-image size-large\"><img decoding=\"async\" width=\"1024\" height=\"683\" src=\"https:\/\/audaces.com\/wp-content\/uploads\/2023\/02\/agenda-fashion-week-acompanhamento-1024x683.jpg\" alt=\"Chi seguire per le settimane della moda? \" class=\"wp-image-138567\" srcset=\"https:\/\/audaces.com\/wp-content\/uploads\/2023\/02\/agenda-fashion-week-acompanhamento-1024x683.jpg 1024w, https:\/\/audaces.com\/wp-content\/uploads\/2023\/02\/agenda-fashion-week-acompanhamento-300x200.jpg 300w, https:\/\/audaces.com\/wp-content\/uploads\/2023\/02\/agenda-fashion-week-acompanhamento-768x512.jpg 768w, https:\/\/audaces.com\/wp-content\/uploads\/2023\/02\/agenda-fashion-week-acompanhamento-1536x1024.jpg 1536w, https:\/\/audaces.com\/wp-content\/uploads\/2023\/02\/agenda-fashion-week-acompanhamento-2048x1366.jpg 2048w, https:\/\/audaces.com\/wp-content\/uploads\/2023\/02\/agenda-fashion-week-acompanhamento-scaled.jpg 1620w\" sizes=\"(max-width: 1024px) 100vw, 1024px\" \/><\/figure>\n\n\n\n<p>Chi seguire per stare al passo con le settimane della moda? <\/p>\n\n\n\n<p>Se non puoi essere presente alle settimane della moda, sappi che ci sono siti web, canali e persino persone che possono mostrarti tutto ci\u00f2 che sta accadendo in tempo reale.  <\/p>\n\n\n\n<p>Per aiutarti in questa missione, abbiamo selezionato alcuni importanti profili che saranno presenti alle principali settimane della moda di tutto il mondo. In questo modo, potrai seguire tutti i momenti, dal backstage alla sfilata, come se foste in prima fila.  <\/p>\n\n\n\n<p>Dai un&#8217;occhiata all&#8217;elenco qui sotto:<\/p>\n\n\n\n<h3 class=\"wp-block-heading\" id=\"h-i-modelli-e\">I modelli\/e <\/h3>\n\n\n\n<p>In passerella o tra il pubblico, sono sempre presenti alle principali settimane della moda, proponendo look mozzafiato.  <\/p>\n\n\n\n<ul class=\"wp-block-list\">\n<li><a href=\"https:\/\/instagram.com\/mirandakerr\" target=\"_blank\" rel=\"noreferrer noopener\">@mirandakerr<\/a>&nbsp;&nbsp;<\/li>\n\n\n\n<li><a href=\"https:\/\/instagram.com\/caradelevingne\" target=\"_blank\" rel=\"noreferrer noopener\">@caradelevingne<\/a><\/li>\n\n\n\n<li><a href=\"https:\/\/instagram.com\/rosiehw\" target=\"_blank\" rel=\"noreferrer noopener\">@rosiehw<\/a>&nbsp;&nbsp;<\/li>\n\n\n\n<li><a href=\"https:\/\/instagram.com\/lindseywixson\" target=\"_blank\" rel=\"noreferrer noopener\">@lindseywixson<\/a>&nbsp;&nbsp;<\/li>\n\n\n\n<li><a href=\"https:\/\/instagram.com\/officialjdunn\" target=\"_blank\" rel=\"noreferrer noopener\">@officialjdun<\/a>&nbsp;<\/li>\n\n\n\n<li><a href=\"https:\/\/instagram.com\/alessandraambrosio\" target=\"_blank\" rel=\"noreferrer noopener\">@alessandraambrosio<\/a>&nbsp;<\/li>\n<\/ul>\n\n\n\n<h3 class=\"wp-block-heading\" id=\"h-influencer\">Influencer<\/h3>\n\n\n\n<p>Celebrit\u00e0 note per influenzare gli altri, sono sicuramente presenti nelle prime file delle settimane della moda, mostrando tutto ci\u00f2 che accade l\u00ec!<\/p>\n\n\n\n<ul class=\"wp-block-list\">\n<li><a href=\"https:\/\/instagram.com\/jessicaalba\" target=\"_blank\" rel=\"noreferrer noopener\">@jessicaalba<\/a>&nbsp;<\/li>\n\n\n\n<li><a href=\"https:\/\/www.instagram.com\/kyliejenner\" target=\"_blank\" rel=\"noreferrer noopener\">@kyliejenner<\/a>&nbsp;<\/li>\n\n\n\n<li><a href=\"https:\/\/www.instagram.com\/georranefreitas\" target=\"_blank\" rel=\"noreferrer noopener\">@georranefreitas<\/a>&nbsp;<\/li>\n\n\n\n<li><a href=\"https:\/\/www.instagram.com\/chiaraferragni\/?hl=it\" target=\"_blank\" rel=\"noreferrer noopener\">@chiaraferragni<\/a><\/li>\n\n\n\n<li><a href=\"https:\/\/instagram.com\/kimkardashian\" target=\"_blank\" rel=\"noreferrer noopener\">@kimkardashian<\/a>&nbsp;<\/li>\n\n\n\n<li><a href=\"https:\/\/instagram.com\/therealoliviap\" target=\"_blank\" rel=\"noreferrer noopener\">@therealoliviap<\/a>&nbsp;<\/li>\n\n\n\n<li><a href=\"https:\/\/instagram.com\/lupitanyongo\" target=\"_blank\" rel=\"noreferrer noopener\">@lupitanyongo<\/a>&nbsp;<\/li>\n<\/ul>\n\n\n\n<h3 class=\"wp-block-heading\" id=\"h-siti\">Siti<\/h3>\n\n\n\n<p>Un altro modo per saperne di pi\u00f9 su tutto ci\u00f2 che accade in una settimana della moda \u00e8 seguire siti web e blog specializzati nella moda. In essi \u00e8 possibile controllare dalle tendenze alle notizie sulle celebrit\u00e0 che hanno partecipato a ciascun evento.<\/p>\n\n\n\n<ul class=\"wp-block-list\">\n<li><a href=\"https:\/\/www.vogue.com\/fashion-shows\" target=\"_blank\" rel=\"noreferrer noopener\">Vogue Runaway<\/a><\/li>\n\n\n\n<li><a href=\"https:\/\/www.elle.com\/it\/\" target=\"_blank\" rel=\"noreferrer noopener\">Elle<\/a><\/li>\n\n\n\n<li><a href=\"https:\/\/www.vogue.it\/\" target=\"_blank\" rel=\"noreferrer noopener\">Vogue<\/a><\/li>\n\n\n\n<li><a href=\"https:\/\/www.vanityfair.it\/\" target=\"_blank\" rel=\"noreferrer noopener\">Vanity Fair<\/a><\/li>\n\n\n\n<li><a href=\"https:\/\/theblondesalad.com\/\" target=\"_blank\" rel=\"noreferrer noopener\">The Blonde Salad<\/a><\/li>\n<\/ul>\n\n\n\n<p>Inoltre, \u00e8 possibile seguire gli account ufficiali delle settimane della moda, i marchi partecipanti e gli stilisti responsabili di ciascuna di esse.<\/p>\n\n\n\n<h2 class=\"wp-block-heading\" id=\"h-come-si-partecipa-a-una-fashion-week\"><span class=\"ez-toc-section\" id=\"come-si-partecipa-a-una-fashion-week\"><\/span><strong>Come si partecipa a una Fashion Week?<\/strong><span class=\"ez-toc-section-end\"><\/span><\/h2>\n\n\n\n<p>Per partecipare a una settimana della moda \u00e8 necessario ricevere un invito o essere accreditati.  <\/p>\n\n\n\n<p>Gli inviti sono di competenza dell&#8217;ufficio stampa di ogni marchio e vengono distribuiti a fashion influencer, modelle, giornalisti, influencer e artisti.<\/p>\n\n\n\n<h2 class=\"wp-block-heading\" id=\"h-quali-sono-i-principali-brand-che-partecipano-alle-settimane-della-moda\"><span class=\"ez-toc-section\" id=\"quali-sono-i-principali-brand-che-partecipano-alle-settimane-della-moda\"><\/span><strong>Quali sono i principali brand che partecipano alle settimane della moda?<\/strong><span class=\"ez-toc-section-end\"><\/span><\/h2>\n\n\n\n<p>Quando si partecipa a una Settimana della Moda, si trovano grandi nomi della moda, sia a livello nazionale che internazionale.  <\/p>\n\n\n\n<p>Scopri di seguito quali sono i nomi che troverai quando parteciperai alle principali sfilate di moda:<\/p>\n\n\n\n<ul class=\"wp-block-list\">\n<li>Fendi;<\/li>\n\n\n\n<li>Roberto Cavalli;<\/li>\n\n\n\n<li>Hugo Boss;<\/li>\n\n\n\n<li>Prada;<\/li>\n\n\n\n<li>Versace;<\/li>\n\n\n\n<li>Dolce &amp; Gabbana;<\/li>\n\n\n\n<li>Giorgio Armani;<\/li>\n\n\n\n<li>Calvin Klein;<\/li>\n\n\n\n<li>Michael Kors;<\/li>\n\n\n\n<li>Miu Miu;<\/li>\n\n\n\n<li>Paco Rabanne;<\/li>\n\n\n\n<li>Jean Paul Gaultier;<\/li>\n\n\n\n<li>Tommy Hilfiger.<\/li>\n<\/ul>\n\n\n\n<h2 class=\"wp-block-heading\" id=\"h-tendenze-da-tenere-d-occhio-nbsp\"><span class=\"ez-toc-section\" id=\"tendenze-da-tenere-docchio\"><\/span><strong>Tendenze da tenere d&#8217;occhio&nbsp;<\/strong><span class=\"ez-toc-section-end\"><\/span><\/h2>\n\n\n\n<p>Guardando le prime sfilate delle settimane della moda 2023, possiamo gi\u00e0 notare alcune forti tendenze per le prossime stagioni.<\/p>\n\n\n\n<p>Alcuni esempi sono:<\/p>\n\n\n\n<ul class=\"wp-block-list\">\n<li>Glitter e paillettes;<\/li>\n\n\n\n<li>Pieghe;<\/li>\n\n\n\n<li>Ritagli e fughe asimmetriche;<\/li>\n\n\n\n<li>Trasparenza;<\/li>\n\n\n\n<li>Frange e piume;<\/li>\n\n\n\n<li>Croch\u00ea.<\/li>\n<\/ul>\n\n\n\n<p><strong>Scopri di pi\u00f9: <\/strong><a href=\"https:\/\/audaces.com\/it\/blog\/collezione-autunno-inverno\" target=\"_blank\" rel=\"noreferrer noopener\">Scopri 20 tendenze che devono fare parte della tua collezione autunno\/inverno<\/a><\/p>\n\n\n\n<h2 class=\"wp-block-heading\" id=\"h-come-trasformare-in-pratica-le-tendenze-viste-durante-la-fashion-week\"><span class=\"ez-toc-section\" id=\"come-trasformare-in-pratica-le-tendenze-viste-durante-la-fashion-week\"><\/span><strong>Come trasformare in pratica le tendenze viste durante la Fashion Week?<\/strong><span class=\"ez-toc-section-end\"><\/span><\/h2>\n\n\n\n<figure class=\"wp-block-image size-full\"><img decoding=\"async\" width=\"895\" height=\"544\" src=\"https:\/\/audaces.com\/wp-content\/uploads\/2023\/02\/audaces-360-3.png\" alt=\"Ciclo Audaces360\" class=\"wp-image-138352\" srcset=\"https:\/\/audaces.com\/wp-content\/uploads\/2023\/02\/audaces-360-3.png 895w, https:\/\/audaces.com\/wp-content\/uploads\/2023\/02\/audaces-360-3-300x182.png 300w, https:\/\/audaces.com\/wp-content\/uploads\/2023\/02\/audaces-360-3-768x467.png 768w\" sizes=\"(max-width: 895px) 100vw, 895px\" \/><\/figure>\n\n\n\n<p>Audaces dispone di tecnologie che possono aiutare la tua confezione a portare nelle tue collezioni le tendenze viste nelle principali settimane della moda in modo pi\u00f9 preciso e pianificato.     <\/p>\n\n\n\n<p>Scopri come il nostro software pu\u00f2 essere utile alla tua azienda ogni giorno:     <\/p>\n\n\n\n<h3 class=\"wp-block-heading\" id=\"h-audaces-idea\">Audaces Idea     <\/h3>\n\n\n\n<p><a href=\"https:\/\/audaces.com\/it\/soluzioni\/idea\" target=\"_blank\" rel=\"noreferrer noopener\">Audaces Idea<\/a> \u00e8 il software ideale per chi desidera una maggiore agilit\u00e0 e una migliore comunicazione durante la creazione.&nbsp;&nbsp;&nbsp;&nbsp;&nbsp;<\/p>\n\n\n\n<p>Questo strumento standardizza e rende precisi i processi, consentendo di stimare i costi e integrare lo sviluppo del disegno tecnico con la scheda tecnica.    <\/p>\n\n\n\n<h3 class=\"wp-block-heading\" id=\"h-audaces-isa\">Audaces Isa      <\/h3>\n\n\n\n<p>Con <a href=\"https:\/\/audaces.com\/it\/soluzioni\/isa\" target=\"_blank\" rel=\"noreferrer noopener\">Audaces Isa<\/a>, uno software completo e tecnologico, \u00e8 possibile gestire l\u2019intero ciclo di vita del prodotto per il lancio delle collezioni di moda.&nbsp;&nbsp;&nbsp;&nbsp;&nbsp;<\/p>\n\n\n\n<p>Inoltre, \u00e8 possibile garantire l&#8217;esecuzione della timeline al momento giusto, aiutandoti a prendere decisioni pi\u00f9 assertive.     <\/p>\n\n\n\n<h3 class=\"wp-block-heading\" id=\"h-audaces-fashion-studio\">Audaces Fashion Studio   <\/h3>\n\n\n\n<p>\u00c8 un software che permette di creare modelli in un ambiente tridimensionale, ottimizzando i tempi di sviluppo dei bozzetti. Inoltre, con <a href=\"https:\/\/audaces.com\/it\/soluzioni\/fashion-studio\" target=\"_blank\" rel=\"noreferrer noopener\">Audaces Fashion Studio<\/a> puoi integrare le fasi di creazione e produzione superando la tua immaginazione.<\/p>\n\n\n\n<h2 class=\"wp-block-heading\" id=\"h-conclusione-nbsp\"><span class=\"ez-toc-section\" id=\"conclusione\"><\/span><strong>Conclusione&nbsp;<\/strong><span class=\"ez-toc-section-end\"><\/span><\/h2>\n\n\n\n<p>Affinch\u00e9 la tua collezione includa le tendenze che i tuoi clienti si aspettano, \u00e8 importante tenere d&#8217;occhio l&#8217;agenda della settimana della moda, che presenta sempre innovazioni e dettagli importanti nelle sue sfilate.  <\/p>\n\n\n\n<p>Scopri come i software Audaces possono aiutarti! Scarica subito il nostro e-book gratuito e scopri le tendenze di consumo nella moda:<\/p>\n\n\n\n<div role=\"main\" id=\"form-tendenze-fashion-home-7a68def47f4908026577\"><\/div><script type=\"text\/javascript\" src=\"https:\/\/d335luupugsy2.cloudfront.net\/js\/rdstation-forms\/stable\/rdstation-forms.min.js\"><\/script><script type=\"text\/javascript\"> new RDStationForms('form-tendenze-fashion-home-7a68def47f4908026577', 'null').createForm();<\/script>\n\n\n\n<h2 class=\"wp-block-heading\" id=\"h-faq\"><span class=\"ez-toc-section\" id=\"faq\"><\/span>FAQ<span class=\"ez-toc-section-end\"><\/span><\/h2>\n\n\n\n<div class=\"schema-faq wp-block-yoast-faq-block\"><div class=\"schema-faq-section\" id=\"faq-question-1697827622536\"><strong class=\"schema-faq-question\">Cos\u2019\u00e8 una Fashion Week?<\/strong> <p class=\"schema-faq-answer\">Ogni stagione &#8211; Primavera\/Estate e Autunno\/Inverno &#8211; nel corso di una settimana, i pi\u00f9 grandi marchi e stilisti rinomati presentano le loro collezioni al mondo.<\/p> <\/div> <div class=\"schema-faq-section\" id=\"faq-question-1697827641072\"><strong class=\"schema-faq-question\">Quali sono le principali Fashion Week?<\/strong> <p class=\"schema-faq-answer\">Le settimane della moda di Londra, Parigi, Milano e New York.<\/p> <\/div> <div class=\"schema-faq-section\" id=\"faq-question-1697827655955\"><strong class=\"schema-faq-question\">Come puoi seguire le Fashion Week?<\/strong> <p class=\"schema-faq-answer\">Se non puoi partecipare alle settimane della moda, sappi che esistono siti web, canali e persino persone che possono mostrarti tutto ci\u00f2 che accade in tempo reale.<\/p> <\/div> <\/div>\n<\/p>","protected":false},"excerpt":{"rendered":"<p>Seguire o addirittura partecipare alle Fashion Week \u00e8 un modo per rimanere al passo con le tendenze. Scopri tutte le date da segnare in calendario!<\/p>\n","protected":false},"author":54,"featured_media":140344,"comment_status":"open","ping_status":"open","sticky":true,"template":"","format":"standard","meta":{"footnotes":""},"categories":[4713],"tags":[4722,4714],"class_list":["post-140123","post","type-post","status-publish","format-standard","has-post-thumbnail","hentry","category-creazione-stile","tag-audaces-it-it","tag-fashion-design-it"],"yoast_head":"<!-- This site is optimized with the Yoast SEO Premium plugin v27.4 (Yoast SEO v27.4) - https:\/\/yoast.com\/product\/yoast-seo-premium-wordpress\/ -->\n<title>Fashion Week: calendario completo delle date da non perdere!<\/title>\n<meta name=\"description\" content=\"Seguire o addirittura partecipare alle Fashion Week \u00e8 un modo per rimanere al passo con le tendenze. Scopri tutte le date da segnare in calendario!\" \/>\n<meta name=\"robots\" content=\"index, follow, max-snippet:-1, max-image-preview:large, max-video-preview:-1\" \/>\n<link rel=\"canonical\" href=\"https:\/\/audaces.com\/it\/blog\/fashion-week\" \/>\n<meta property=\"og:locale\" content=\"it_IT\" \/>\n<meta property=\"og:type\" content=\"article\" \/>\n<meta property=\"og:title\" content=\"Fashion Week: calendario completo delle date da non perdere!\" \/>\n<meta property=\"og:description\" content=\"Seguire o addirittura partecipare alle Fashion Week \u00e8 un modo per rimanere al passo con le tendenze. Scopri tutte le date da segnare in calendario!\" \/>\n<meta property=\"og:url\" content=\"https:\/\/audaces.com\/it\/blog\/fashion-week\" \/>\n<meta property=\"og:site_name\" content=\"Audaces\" \/>\n<meta property=\"article:publisher\" content=\"https:\/\/www.facebook.com\/audaces.pt\" \/>\n<meta property=\"article:published_time\" content=\"2023-03-27T07:46:04+00:00\" \/>\n<meta property=\"article:modified_time\" content=\"2025-10-28T17:41:19+00:00\" \/>\n<meta property=\"og:image\" content=\"https:\/\/audaces.com\/wp-content\/uploads\/2023\/03\/agenda-fashion-week-scaled.jpeg\" \/>\n\t<meta property=\"og:image:width\" content=\"1621\" \/>\n\t<meta property=\"og:image:height\" content=\"1080\" \/>\n\t<meta property=\"og:image:type\" content=\"image\/jpeg\" \/>\n<meta name=\"author\" content=\"Audara\" \/>\n<meta name=\"twitter:card\" content=\"summary_large_image\" \/>\n<meta name=\"twitter:label1\" content=\"Scritto da\" \/>\n\t<meta name=\"twitter:data1\" content=\"Audara\" \/>\n\t<meta name=\"twitter:label2\" content=\"Tempo di lettura stimato\" \/>\n\t<meta name=\"twitter:data2\" content=\"10 minuti\" \/>\n<script type=\"application\/ld+json\" class=\"yoast-schema-graph\">{\"@context\":\"https:\\\/\\\/schema.org\",\"@graph\":[{\"@type\":\"Article\",\"@id\":\"https:\\\/\\\/audaces.com\\\/it\\\/blog\\\/fashion-week#article\",\"isPartOf\":{\"@id\":\"https:\\\/\\\/audaces.com\\\/it\\\/blog\\\/fashion-week\"},\"author\":{\"name\":\"Audara\",\"@id\":\"https:\\\/\\\/audaces.com\\\/it#\\\/schema\\\/person\\\/64fd4e45d55c0765a8d3193a2dfe4a8b\"},\"headline\":\"Scopri il calendario delle Fashion Week e segui le principali sfilate\",\"datePublished\":\"2023-03-27T07:46:04+00:00\",\"dateModified\":\"2025-10-28T17:41:19+00:00\",\"mainEntityOfPage\":{\"@id\":\"https:\\\/\\\/audaces.com\\\/it\\\/blog\\\/fashion-week\"},\"wordCount\":1546,\"commentCount\":0,\"publisher\":{\"@id\":\"https:\\\/\\\/audaces.com\\\/it#organization\"},\"image\":{\"@id\":\"https:\\\/\\\/audaces.com\\\/it\\\/blog\\\/fashion-week#primaryimage\"},\"thumbnailUrl\":\"https:\\\/\\\/audaces.com\\\/wp-content\\\/uploads\\\/2023\\\/03\\\/agenda-fashion-week-scaled.jpeg\",\"keywords\":[\"Audaces\",\"fashion design\"],\"articleSection\":[\"Creazione e stile\"],\"inLanguage\":\"it-IT\",\"potentialAction\":[{\"@type\":\"CommentAction\",\"name\":\"Comment\",\"target\":[\"https:\\\/\\\/audaces.com\\\/it\\\/blog\\\/fashion-week#respond\"]}]},{\"@type\":[\"WebPage\",\"FAQPage\"],\"@id\":\"https:\\\/\\\/audaces.com\\\/it\\\/blog\\\/fashion-week\",\"url\":\"https:\\\/\\\/audaces.com\\\/it\\\/blog\\\/fashion-week\",\"name\":\"Fashion Week: calendario completo delle date da non perdere!\",\"isPartOf\":{\"@id\":\"https:\\\/\\\/audaces.com\\\/it#website\"},\"primaryImageOfPage\":{\"@id\":\"https:\\\/\\\/audaces.com\\\/it\\\/blog\\\/fashion-week#primaryimage\"},\"image\":{\"@id\":\"https:\\\/\\\/audaces.com\\\/it\\\/blog\\\/fashion-week#primaryimage\"},\"thumbnailUrl\":\"https:\\\/\\\/audaces.com\\\/wp-content\\\/uploads\\\/2023\\\/03\\\/agenda-fashion-week-scaled.jpeg\",\"datePublished\":\"2023-03-27T07:46:04+00:00\",\"dateModified\":\"2025-10-28T17:41:19+00:00\",\"description\":\"Seguire o addirittura partecipare alle Fashion Week \u00e8 un modo per rimanere al passo con le tendenze. Scopri tutte le date da segnare in calendario!\",\"breadcrumb\":{\"@id\":\"https:\\\/\\\/audaces.com\\\/it\\\/blog\\\/fashion-week#breadcrumb\"},\"mainEntity\":[{\"@id\":\"https:\\\/\\\/audaces.com\\\/it\\\/blog\\\/fashion-week#faq-question-1697827622536\"},{\"@id\":\"https:\\\/\\\/audaces.com\\\/it\\\/blog\\\/fashion-week#faq-question-1697827641072\"},{\"@id\":\"https:\\\/\\\/audaces.com\\\/it\\\/blog\\\/fashion-week#faq-question-1697827655955\"}],\"inLanguage\":\"it-IT\",\"potentialAction\":[{\"@type\":\"ReadAction\",\"target\":[\"https:\\\/\\\/audaces.com\\\/it\\\/blog\\\/fashion-week\"]}]},{\"@type\":\"ImageObject\",\"inLanguage\":\"it-IT\",\"@id\":\"https:\\\/\\\/audaces.com\\\/it\\\/blog\\\/fashion-week#primaryimage\",\"url\":\"https:\\\/\\\/audaces.com\\\/wp-content\\\/uploads\\\/2023\\\/03\\\/agenda-fashion-week-scaled.jpeg\",\"contentUrl\":\"https:\\\/\\\/audaces.com\\\/wp-content\\\/uploads\\\/2023\\\/03\\\/agenda-fashion-week-scaled.jpeg\",\"width\":1621,\"height\":1080,\"caption\":\"Scopri il calendario delle Fashion Week e segui le principali sfilate\"},{\"@type\":\"BreadcrumbList\",\"@id\":\"https:\\\/\\\/audaces.com\\\/it\\\/blog\\\/fashion-week#breadcrumb\",\"itemListElement\":[{\"@type\":\"ListItem\",\"position\":1,\"name\":\"INIZIO\",\"item\":\"https:\\\/\\\/audaces.com\\\/it\"},{\"@type\":\"ListItem\",\"position\":2,\"name\":\"Scopri il calendario delle Fashion Week e segui le principali sfilate\"}]},{\"@type\":\"WebSite\",\"@id\":\"https:\\\/\\\/audaces.com\\\/it#website\",\"url\":\"https:\\\/\\\/audaces.com\\\/it\",\"name\":\"Audaces\",\"description\":\"We are the Industry 4.0\",\"publisher\":{\"@id\":\"https:\\\/\\\/audaces.com\\\/it#organization\"},\"potentialAction\":[{\"@type\":\"SearchAction\",\"target\":{\"@type\":\"EntryPoint\",\"urlTemplate\":\"https:\\\/\\\/audaces.com\\\/it?s={search_term_string}\"},\"query-input\":{\"@type\":\"PropertyValueSpecification\",\"valueRequired\":true,\"valueName\":\"search_term_string\"}}],\"inLanguage\":\"it-IT\"},{\"@type\":\"Organization\",\"@id\":\"https:\\\/\\\/audaces.com\\\/it#organization\",\"name\":\"Audaces\",\"url\":\"https:\\\/\\\/audaces.com\\\/it\",\"logo\":{\"@type\":\"ImageObject\",\"inLanguage\":\"it-IT\",\"@id\":\"https:\\\/\\\/audaces.com\\\/it#\\\/schema\\\/logo\\\/image\\\/\",\"url\":\"https:\\\/\\\/audaces.com\\\/wp-content\\\/uploads\\\/2022\\\/01\\\/cropped-cropped-logo-audace.png\",\"contentUrl\":\"https:\\\/\\\/audaces.com\\\/wp-content\\\/uploads\\\/2022\\\/01\\\/cropped-cropped-logo-audace.png\",\"width\":512,\"height\":512,\"caption\":\"Audaces\"},\"image\":{\"@id\":\"https:\\\/\\\/audaces.com\\\/it#\\\/schema\\\/logo\\\/image\\\/\"},\"sameAs\":[\"https:\\\/\\\/www.facebook.com\\\/audaces.pt\"]},{\"@type\":\"Person\",\"@id\":\"https:\\\/\\\/audaces.com\\\/it#\\\/schema\\\/person\\\/64fd4e45d55c0765a8d3193a2dfe4a8b\",\"name\":\"Audara\",\"image\":{\"@type\":\"ImageObject\",\"inLanguage\":\"it-IT\",\"@id\":\"https:\\\/\\\/audaces.com\\\/wp-content\\\/uploads\\\/2025\\\/05\\\/cropped-audara-96x96.jpg\",\"url\":\"https:\\\/\\\/audaces.com\\\/wp-content\\\/uploads\\\/2025\\\/05\\\/cropped-audara-96x96.jpg\",\"contentUrl\":\"https:\\\/\\\/audaces.com\\\/wp-content\\\/uploads\\\/2025\\\/05\\\/cropped-audara-96x96.jpg\",\"caption\":\"Audara\"},\"description\":\"Fashion Tech Specialist at Audaces\",\"sameAs\":[\"https:\\\/\\\/audaces.com\"],\"url\":\"https:\\\/\\\/audaces.com\\\/it\\\/blog\\\/author\\\/audara\"},{\"@type\":\"Question\",\"@id\":\"https:\\\/\\\/audaces.com\\\/it\\\/blog\\\/fashion-week#faq-question-1697827622536\",\"position\":1,\"url\":\"https:\\\/\\\/audaces.com\\\/it\\\/blog\\\/fashion-week#faq-question-1697827622536\",\"name\":\"Cos\u2019\u00e8 una Fashion Week?\",\"answerCount\":1,\"acceptedAnswer\":{\"@type\":\"Answer\",\"text\":\"Ogni stagione - Primavera\\\/Estate e Autunno\\\/Inverno - nel corso di una settimana, i pi\u00f9 grandi marchi e stilisti rinomati presentano le loro collezioni al mondo.\",\"inLanguage\":\"it-IT\"},\"inLanguage\":\"it-IT\"},{\"@type\":\"Question\",\"@id\":\"https:\\\/\\\/audaces.com\\\/it\\\/blog\\\/fashion-week#faq-question-1697827641072\",\"position\":2,\"url\":\"https:\\\/\\\/audaces.com\\\/it\\\/blog\\\/fashion-week#faq-question-1697827641072\",\"name\":\"Quali sono le principali Fashion Week?\",\"answerCount\":1,\"acceptedAnswer\":{\"@type\":\"Answer\",\"text\":\"Le settimane della moda di Londra, Parigi, Milano e New York.\",\"inLanguage\":\"it-IT\"},\"inLanguage\":\"it-IT\"},{\"@type\":\"Question\",\"@id\":\"https:\\\/\\\/audaces.com\\\/it\\\/blog\\\/fashion-week#faq-question-1697827655955\",\"position\":3,\"url\":\"https:\\\/\\\/audaces.com\\\/it\\\/blog\\\/fashion-week#faq-question-1697827655955\",\"name\":\"Come puoi seguire le Fashion Week?\",\"answerCount\":1,\"acceptedAnswer\":{\"@type\":\"Answer\",\"text\":\"Se non puoi partecipare alle settimane della moda, sappi che esistono siti web, canali e persino persone che possono mostrarti tutto ci\u00f2 che accade in tempo reale.\",\"inLanguage\":\"it-IT\"},\"inLanguage\":\"it-IT\"}]}<\/script>\n<!-- \/ Yoast SEO Premium plugin. -->","yoast_head_json":{"title":"Fashion Week: calendario completo delle date da non perdere!","description":"Seguire o addirittura partecipare alle Fashion Week \u00e8 un modo per rimanere al passo con le tendenze. Scopri tutte le date da segnare in calendario!","robots":{"index":"index","follow":"follow","max-snippet":"max-snippet:-1","max-image-preview":"max-image-preview:large","max-video-preview":"max-video-preview:-1"},"canonical":"https:\/\/audaces.com\/it\/blog\/fashion-week","og_locale":"it_IT","og_type":"article","og_title":"Fashion Week: calendario completo delle date da non perdere!","og_description":"Seguire o addirittura partecipare alle Fashion Week \u00e8 un modo per rimanere al passo con le tendenze. Scopri tutte le date da segnare in calendario!","og_url":"https:\/\/audaces.com\/it\/blog\/fashion-week","og_site_name":"Audaces","article_publisher":"https:\/\/www.facebook.com\/audaces.pt","article_published_time":"2023-03-27T07:46:04+00:00","article_modified_time":"2025-10-28T17:41:19+00:00","og_image":[{"width":1621,"height":1080,"url":"https:\/\/audaces.com\/wp-content\/uploads\/2023\/03\/agenda-fashion-week-scaled.jpeg","type":"image\/jpeg"}],"author":"Audara","twitter_card":"summary_large_image","twitter_misc":{"Scritto da":"Audara","Tempo di lettura stimato":"10 minuti"},"schema":{"@context":"https:\/\/schema.org","@graph":[{"@type":"Article","@id":"https:\/\/audaces.com\/it\/blog\/fashion-week#article","isPartOf":{"@id":"https:\/\/audaces.com\/it\/blog\/fashion-week"},"author":{"name":"Audara","@id":"https:\/\/audaces.com\/it#\/schema\/person\/64fd4e45d55c0765a8d3193a2dfe4a8b"},"headline":"Scopri il calendario delle Fashion Week e segui le principali sfilate","datePublished":"2023-03-27T07:46:04+00:00","dateModified":"2025-10-28T17:41:19+00:00","mainEntityOfPage":{"@id":"https:\/\/audaces.com\/it\/blog\/fashion-week"},"wordCount":1546,"commentCount":0,"publisher":{"@id":"https:\/\/audaces.com\/it#organization"},"image":{"@id":"https:\/\/audaces.com\/it\/blog\/fashion-week#primaryimage"},"thumbnailUrl":"https:\/\/audaces.com\/wp-content\/uploads\/2023\/03\/agenda-fashion-week-scaled.jpeg","keywords":["Audaces","fashion design"],"articleSection":["Creazione e stile"],"inLanguage":"it-IT","potentialAction":[{"@type":"CommentAction","name":"Comment","target":["https:\/\/audaces.com\/it\/blog\/fashion-week#respond"]}]},{"@type":["WebPage","FAQPage"],"@id":"https:\/\/audaces.com\/it\/blog\/fashion-week","url":"https:\/\/audaces.com\/it\/blog\/fashion-week","name":"Fashion Week: calendario completo delle date da non perdere!","isPartOf":{"@id":"https:\/\/audaces.com\/it#website"},"primaryImageOfPage":{"@id":"https:\/\/audaces.com\/it\/blog\/fashion-week#primaryimage"},"image":{"@id":"https:\/\/audaces.com\/it\/blog\/fashion-week#primaryimage"},"thumbnailUrl":"https:\/\/audaces.com\/wp-content\/uploads\/2023\/03\/agenda-fashion-week-scaled.jpeg","datePublished":"2023-03-27T07:46:04+00:00","dateModified":"2025-10-28T17:41:19+00:00","description":"Seguire o addirittura partecipare alle Fashion Week \u00e8 un modo per rimanere al passo con le tendenze. Scopri tutte le date da segnare in calendario!","breadcrumb":{"@id":"https:\/\/audaces.com\/it\/blog\/fashion-week#breadcrumb"},"mainEntity":[{"@id":"https:\/\/audaces.com\/it\/blog\/fashion-week#faq-question-1697827622536"},{"@id":"https:\/\/audaces.com\/it\/blog\/fashion-week#faq-question-1697827641072"},{"@id":"https:\/\/audaces.com\/it\/blog\/fashion-week#faq-question-1697827655955"}],"inLanguage":"it-IT","potentialAction":[{"@type":"ReadAction","target":["https:\/\/audaces.com\/it\/blog\/fashion-week"]}]},{"@type":"ImageObject","inLanguage":"it-IT","@id":"https:\/\/audaces.com\/it\/blog\/fashion-week#primaryimage","url":"https:\/\/audaces.com\/wp-content\/uploads\/2023\/03\/agenda-fashion-week-scaled.jpeg","contentUrl":"https:\/\/audaces.com\/wp-content\/uploads\/2023\/03\/agenda-fashion-week-scaled.jpeg","width":1621,"height":1080,"caption":"Scopri il calendario delle Fashion Week e segui le principali sfilate"},{"@type":"BreadcrumbList","@id":"https:\/\/audaces.com\/it\/blog\/fashion-week#breadcrumb","itemListElement":[{"@type":"ListItem","position":1,"name":"INIZIO","item":"https:\/\/audaces.com\/it"},{"@type":"ListItem","position":2,"name":"Scopri il calendario delle Fashion Week e segui le principali sfilate"}]},{"@type":"WebSite","@id":"https:\/\/audaces.com\/it#website","url":"https:\/\/audaces.com\/it","name":"Audaces","description":"We are the Industry 4.0","publisher":{"@id":"https:\/\/audaces.com\/it#organization"},"potentialAction":[{"@type":"SearchAction","target":{"@type":"EntryPoint","urlTemplate":"https:\/\/audaces.com\/it?s={search_term_string}"},"query-input":{"@type":"PropertyValueSpecification","valueRequired":true,"valueName":"search_term_string"}}],"inLanguage":"it-IT"},{"@type":"Organization","@id":"https:\/\/audaces.com\/it#organization","name":"Audaces","url":"https:\/\/audaces.com\/it","logo":{"@type":"ImageObject","inLanguage":"it-IT","@id":"https:\/\/audaces.com\/it#\/schema\/logo\/image\/","url":"https:\/\/audaces.com\/wp-content\/uploads\/2022\/01\/cropped-cropped-logo-audace.png","contentUrl":"https:\/\/audaces.com\/wp-content\/uploads\/2022\/01\/cropped-cropped-logo-audace.png","width":512,"height":512,"caption":"Audaces"},"image":{"@id":"https:\/\/audaces.com\/it#\/schema\/logo\/image\/"},"sameAs":["https:\/\/www.facebook.com\/audaces.pt"]},{"@type":"Person","@id":"https:\/\/audaces.com\/it#\/schema\/person\/64fd4e45d55c0765a8d3193a2dfe4a8b","name":"Audara","image":{"@type":"ImageObject","inLanguage":"it-IT","@id":"https:\/\/audaces.com\/wp-content\/uploads\/2025\/05\/cropped-audara-96x96.jpg","url":"https:\/\/audaces.com\/wp-content\/uploads\/2025\/05\/cropped-audara-96x96.jpg","contentUrl":"https:\/\/audaces.com\/wp-content\/uploads\/2025\/05\/cropped-audara-96x96.jpg","caption":"Audara"},"description":"Fashion Tech Specialist at Audaces","sameAs":["https:\/\/audaces.com"],"url":"https:\/\/audaces.com\/it\/blog\/author\/audara"},{"@type":"Question","@id":"https:\/\/audaces.com\/it\/blog\/fashion-week#faq-question-1697827622536","position":1,"url":"https:\/\/audaces.com\/it\/blog\/fashion-week#faq-question-1697827622536","name":"Cos\u2019\u00e8 una Fashion Week?","answerCount":1,"acceptedAnswer":{"@type":"Answer","text":"Ogni stagione - Primavera\/Estate e Autunno\/Inverno - nel corso di una settimana, i pi\u00f9 grandi marchi e stilisti rinomati presentano le loro collezioni al mondo.","inLanguage":"it-IT"},"inLanguage":"it-IT"},{"@type":"Question","@id":"https:\/\/audaces.com\/it\/blog\/fashion-week#faq-question-1697827641072","position":2,"url":"https:\/\/audaces.com\/it\/blog\/fashion-week#faq-question-1697827641072","name":"Quali sono le principali Fashion Week?","answerCount":1,"acceptedAnswer":{"@type":"Answer","text":"Le settimane della moda di Londra, Parigi, Milano e New York.","inLanguage":"it-IT"},"inLanguage":"it-IT"},{"@type":"Question","@id":"https:\/\/audaces.com\/it\/blog\/fashion-week#faq-question-1697827655955","position":3,"url":"https:\/\/audaces.com\/it\/blog\/fashion-week#faq-question-1697827655955","name":"Come puoi seguire le Fashion Week?","answerCount":1,"acceptedAnswer":{"@type":"Answer","text":"Se non puoi partecipare alle settimane della moda, sappi che esistono siti web, canali e persino persone che possono mostrarti tutto ci\u00f2 che accade in tempo reale.","inLanguage":"it-IT"},"inLanguage":"it-IT"}]}},"_links":{"self":[{"href":"https:\/\/audaces.com\/it\/wp-json\/wp\/v2\/posts\/140123","targetHints":{"allow":["GET"]}}],"collection":[{"href":"https:\/\/audaces.com\/it\/wp-json\/wp\/v2\/posts"}],"about":[{"href":"https:\/\/audaces.com\/it\/wp-json\/wp\/v2\/types\/post"}],"author":[{"embeddable":true,"href":"https:\/\/audaces.com\/it\/wp-json\/wp\/v2\/users\/54"}],"replies":[{"embeddable":true,"href":"https:\/\/audaces.com\/it\/wp-json\/wp\/v2\/comments?post=140123"}],"version-history":[{"count":3,"href":"https:\/\/audaces.com\/it\/wp-json\/wp\/v2\/posts\/140123\/revisions"}],"predecessor-version":[{"id":205481,"href":"https:\/\/audaces.com\/it\/wp-json\/wp\/v2\/posts\/140123\/revisions\/205481"}],"wp:featuredmedia":[{"embeddable":true,"href":"https:\/\/audaces.com\/it\/wp-json\/wp\/v2\/media\/140344"}],"wp:attachment":[{"href":"https:\/\/audaces.com\/it\/wp-json\/wp\/v2\/media?parent=140123"}],"wp:term":[{"taxonomy":"category","embeddable":true,"href":"https:\/\/audaces.com\/it\/wp-json\/wp\/v2\/categories?post=140123"},{"taxonomy":"post_tag","embeddable":true,"href":"https:\/\/audaces.com\/it\/wp-json\/wp\/v2\/tags?post=140123"}],"curies":[{"name":"wp","href":"https:\/\/api.w.org\/{rel}","templated":true}]}}