{"id":175853,"date":"2024-07-31T10:00:00","date_gmt":"2024-07-31T13:00:00","guid":{"rendered":"https:\/\/audaces.com\/?p=175853"},"modified":"2024-08-29T11:58:09","modified_gmt":"2024-08-29T14:58:09","slug":"prendas-vestir","status":"publish","type":"post","link":"https:\/\/audaces.com\/es\/blog\/prendas-vestir","title":{"rendered":"\u00bfC\u00f3mo definir el mix de prendas de vestir perfecto?"},"content":{"rendered":"\n<p><strong>Resumen<\/strong>&nbsp;<\/p>\n\n\n\n<ul class=\"wp-block-list\">\n<li>Elegir las prendas de vestir adecuadas atraer\u00e1 a tu p\u00fablico objetivo;<\/li>\n\n\n\n<li>Montar una colecci\u00f3n efectiva se logra investigando tendencias y definiendo un concepto;<\/li>\n\n\n\n<li>Explora c\u00f3mo la <a href=\"https:\/\/contenido.audaces.com\/trial-360-latam\">multisoluci\u00f3n Audaces 360<\/a>, facilita la visualizaci\u00f3n, gesti\u00f3n y optimizaci\u00f3n de cada etapa en el proceso de creaci\u00f3n y lanzamiento de tus prendas de vestir.<\/li>\n<\/ul>\n\n\n\n<p>\u00bfQuieres que tu colecci\u00f3n de moda se destaque? Entonces, comienza por elegir asertivamente las prendas de vestir.<\/p>\n\n\n\n<p>En este blog, te mostraremos c\u00f3mo tomar decisiones adecuadas, para armar una l\u00ednea que cautive y triunfe, utilizando tecnolog\u00eda avanzada para cada etapa. <\/p>\n\n\n\n<p>Descubre los esenciales que no pueden faltar y c\u00f3mo las soluciones innovadoras de Audaces pueden revolucionar tu proceso.<\/p>\n\n\n\n<p>\u00a1Disfruta la lectura!<\/p><div id=\"ez-toc-container\" class=\"ez-toc-v2_0_82_2 ez-toc-wrap-left counter-hierarchy ez-toc-counter ez-toc-custom ez-toc-container-direction\">\n<div class=\"ez-toc-title-container\">\n<p class=\"ez-toc-title ez-toc-toggle\" style=\"cursor:pointer\">Sum\u00e1rio<\/p>\n<span class=\"ez-toc-title-toggle\"><\/span><\/div>\n<nav><ul class='ez-toc-list ez-toc-list-level-1 ' ><li class='ez-toc-page-1 ez-toc-heading-level-2'><a class=\"ez-toc-link ez-toc-heading-1\" href=\"https:\/\/audaces.com\/es\/blog\/prendas-vestir\/#%c2%bfpor-que-elegir-bien-las-prendas-de-vestir-que-formaran-parte-de-tu-coleccion\" >\u00bfPor qu\u00e9 elegir bien las prendas de vestir que formar\u00e1n parte de tu colecci\u00f3n?<\/a><\/li><li class='ez-toc-page-1 ez-toc-heading-level-2'><a class=\"ez-toc-link ez-toc-heading-2\" href=\"https:\/\/audaces.com\/es\/blog\/prendas-vestir\/#%c2%bfcomo-montar-un-mix-de-coleccion-con-las-prendas-adecuadas\" >\u00bfC\u00f3mo montar un mix de colecci\u00f3n con las prendas adecuadas?<\/a><\/li><li class='ez-toc-page-1 ez-toc-heading-level-2'><a class=\"ez-toc-link ez-toc-heading-3\" href=\"https:\/\/audaces.com\/es\/blog\/prendas-vestir\/#4-tipos-de-prendas-que-no-pueden-faltar-en-tu-mezcla-de-coleccion\" >4 tipos de prendas que no pueden faltar en tu mezcla de colecci\u00f3n<\/a><\/li><li class='ez-toc-page-1 ez-toc-heading-level-2'><a class=\"ez-toc-link ez-toc-heading-4\" href=\"https:\/\/audaces.com\/es\/blog\/prendas-vestir\/#%c2%bfcomo-puede-la-tecnologia-ayudar-a-montar-tu-coleccion\" >\u00bfC\u00f3mo puede la tecnolog\u00eda ayudar a montar tu colecci\u00f3n?<\/a><\/li><li class='ez-toc-page-1 ez-toc-heading-level-2'><a class=\"ez-toc-link ez-toc-heading-5\" href=\"https:\/\/audaces.com\/es\/blog\/prendas-vestir\/#acompana-las-prendas-de-tu-coleccion-con-soluciones-audaces\" >Acompa\u00f1a las prendas de tu colecci\u00f3n con soluciones Audaces<\/a><\/li><li class='ez-toc-page-1 ez-toc-heading-level-2'><a class=\"ez-toc-link ez-toc-heading-6\" href=\"https:\/\/audaces.com\/es\/blog\/prendas-vestir\/#conclusion\" >Conclusi\u00f3n<\/a><\/li><li class='ez-toc-page-1 ez-toc-heading-level-2'><a class=\"ez-toc-link ez-toc-heading-7\" href=\"https:\/\/audaces.com\/es\/blog\/prendas-vestir\/#preguntas-frecuentes\" >Preguntas Frecuentes<\/a><\/li><\/ul><\/nav><\/div>\n\n\n\n\n<h2 class=\"wp-block-heading\" id=\"h-por-que-elegir-bien-las-prendas-de-vestir-que-formaran-parte-de-tu-coleccion\"><span class=\"ez-toc-section\" id=\"%c2%bfpor-que-elegir-bien-las-prendas-de-vestir-que-formaran-parte-de-tu-coleccion\"><\/span><strong>\u00bfPor qu\u00e9 elegir bien las prendas de vestir que formar\u00e1n parte de tu colecci\u00f3n?<\/strong><span class=\"ez-toc-section-end\"><\/span><\/h2>\n\n\n\n<figure class=\"wp-block-image size-large\"><img fetchpriority=\"high\" decoding=\"async\" width=\"1024\" height=\"683\" src=\"https:\/\/audaces.com\/wp-content\/uploads\/2024\/07\/prendas-vestir-dicas-min-1024x683.jpg\" alt=\"Mujer eligiendo prendas de vestir de una colecci\u00f3n\" class=\"wp-image-175875\" srcset=\"https:\/\/audaces.com\/wp-content\/uploads\/2024\/07\/prendas-vestir-dicas-min-1024x683.jpg 1024w, https:\/\/audaces.com\/wp-content\/uploads\/2024\/07\/prendas-vestir-dicas-min-300x200.jpg 300w, https:\/\/audaces.com\/wp-content\/uploads\/2024\/07\/prendas-vestir-dicas-min-768x513.jpg 768w, https:\/\/audaces.com\/wp-content\/uploads\/2024\/07\/prendas-vestir-dicas-min.jpg 1254w\" sizes=\"(max-width: 1024px) 100vw, 1024px\" \/><\/figure>\n\n\n\n<p>En un mar infinito de opciones, \u00bfqu\u00e9 har\u00e1 que tu propuesta de moda capture la atenci\u00f3n de los consumidores?<\/p>\n\n\n\n<p>Vivimos en un mundo lleno de estilos y tendencias, y lo esencial para destacar radica en cada prenda elegida para tu l\u00ednea. Es que seleccionar cada pieza con cuidado, convertir\u00e1 tu oferta en algo verdaderamente memorable y \u00fanico.<\/p>\n\n\n\n<p>Y esto no implica s\u00f3lo seleccionar ropa. Requiere conocer a tu p\u00fablico, investigar las \u00faltimas tendencias y definir un concepto claro.<\/p>\n\n\n\n<p>Tambi\u00e9n es crucial evaluar la calidad, el ajuste y la adecuaci\u00f3n estacional de cada pieza. Con estas decisiones, asegurar\u00e1s que tu colecci\u00f3n sea relevante y atractiva, sobresaliendo en el mercado.<\/p>\n\n\n\n<p><strong>Lee m\u00e1s:<\/strong> <a href=\"https:\/\/audaces.com\/es\/blog\/portafolio-coleccion-moda\" target=\"_blank\" rel=\"noreferrer noopener\">5 consejos para crear el mejor portafolio de colecci\u00f3n de moda<\/a><\/p>\n\n\n\n<h2 class=\"wp-block-heading\" id=\"h-como-montar-un-mix-de-coleccion-con-las-prendas-adecuadas\"><span class=\"ez-toc-section\" id=\"%c2%bfcomo-montar-un-mix-de-coleccion-con-las-prendas-adecuadas\"><\/span><strong>\u00bfC\u00f3mo montar un mix de colecci\u00f3n con las prendas adecuadas?<\/strong><span class=\"ez-toc-section-end\"><\/span><\/h2>\n\n\n\n<p>Para montar un mix de colecci\u00f3n efectiva, es necesario seguir un proceso estructurado que incluye investigaci\u00f3n de mercado, definici\u00f3n de conceptos, identificaci\u00f3n de temporadas y evaluaci\u00f3n de la viabilidad comercial. <\/p>\n\n\n\n<p>Aqu\u00ed te explicamos c\u00f3mo hacerlo.<\/p>\n\n\n\n\n\n<h3 class=\"wp-block-heading\" id=\"h-haz-investigaciones-de-mercado-y-tendencias\">Haz investigaciones de mercado y tendencias<\/h3>\n\n\n\n<p>La investigaci\u00f3n de mercado y el an\u00e1lisis de tendencias son pasos fundamentales para entender qu\u00e9 es lo que los consumidores buscan y qu\u00e9 est\u00e1 siendo popular en la industria de la moda. <\/p>\n\n\n\n<p>Utiliza herramientas de an\u00e1lisis de tendencias y redes sociales para identificar patrones y preferencias del consumidor. <\/p>\n\n\n\n<p>Esto te permitir\u00e1 crear una colecci\u00f3n que est\u00e9 alineada con las expectativas del mercado.<\/p>\n\n\n\n<p><strong>Lee m\u00e1s:<\/strong> <a href=\"https:\/\/audaces.com\/es\/blog\/investigacion-moda\" target=\"_blank\" rel=\"noreferrer noopener\">Conoce las ventajas de investigar las tendencias de moda para tu confecci\u00f3n<\/a><\/p>\n\n\n\n<h3 class=\"wp-block-heading\" id=\"h-define-el-concepto-de-tu-coleccion\">Define el concepto de tu colecci\u00f3n<\/h3>\n\n\n\n<p>El <a href=\"https:\/\/fashionunited.es\/noticias\/contexto\/asi-se-crean-las-colecciones-de-una-marca-de-moda\/2022120739941\" target=\"_blank\" rel=\"noreferrer noopener\">concepto de tu colecci\u00f3n<\/a> debe reflejar la identidad de tu marca y resonar con tu p\u00fablico objetivo. Define un tema o una historia central que unifique todas las prendas de la colecci\u00f3n. <\/p>\n\n\n\n<p>Esto puede basarse en colores, estilos, materiales o incluso en una inspiraci\u00f3n cultural. Un concepto bien definido facilita la cohesi\u00f3n y la consistencia en la selecci\u00f3n de prendas.<\/p>\n\n\n\n<p><strong>Lee m\u00e1s:<\/strong> <a href=\"https:\/\/audaces.com\/es\/blog\/colecciones-digitales\" target=\"_blank\" rel=\"noreferrer noopener\">\u00bfC\u00f3mo las colecciones digitales pueden transformar tu confecci\u00f3n?<\/a><\/p>\n\n\n\n<h3 class=\"wp-block-heading\" id=\"h-identifica-la-temporada-del-lanzamiento\">Identifica la temporada del lanzamiento<\/h3>\n\n\n\n<p>La temporada en la que se lanzar\u00e1 tu colecci\u00f3n es crucial y debe considerarse en relaci\u00f3n con el clima y las preferencias regionales. <\/p>\n\n\n\n<p>Por ejemplo, si planeas lanzar una colecci\u00f3n en verano, aseg\u00farate de incluir prendas ligeras y frescas. <\/p>\n\n\n\n<p>Si la colecci\u00f3n se vender\u00e1 en diferentes regiones, investiga las variaciones clim\u00e1ticas y ajusta las prendas para que sean apropiadas para cada \u00e1rea.<\/p>\n\n\n\n<p><strong>Lee m\u00e1s:<\/strong> <a href=\"https:\/\/audaces.com\/es\/blog\/moda-otono-invierno\" target=\"_blank\" rel=\"noreferrer noopener\">Conoce 22 tendencias que deber\u00edan formar parte de tu moda Oto\u00f1o\/Invierno<\/a><\/p>\n\n\n\n<h3 class=\"wp-block-heading\" id=\"h-evalua-la-viabilidad-comercial\">Eval\u00faa la viabilidad comercial<\/h3>\n\n\n\n<p>Antes de finalizar tu mezcla de colecci\u00f3n, es esencial evaluar la viabilidad comercial de las prendas seleccionadas. <\/p>\n\n\n\n<p>Considera factores como el costo de producci\u00f3n, el precio de venta, la demanda esperada y la competencia. <\/p>\n\n\n\n<p>Realiza un an\u00e1lisis financiero detallado para asegurarte de que la colecci\u00f3n ser\u00e1 rentable.<\/p>\n\n\n\n<figure class=\"wp-block-image size-large\"><img decoding=\"async\" width=\"1024\" height=\"683\" src=\"https:\/\/audaces.com\/wp-content\/uploads\/2024\/07\/prendas-vestir-tipos-min-1024x683.webp\" alt=\"Mujer chequeando sus prendas de vestir\" class=\"wp-image-175879\" srcset=\"https:\/\/audaces.com\/wp-content\/uploads\/2024\/07\/prendas-vestir-tipos-min-1024x683.webp 1024w, https:\/\/audaces.com\/wp-content\/uploads\/2024\/07\/prendas-vestir-tipos-min-300x200.webp 300w, https:\/\/audaces.com\/wp-content\/uploads\/2024\/07\/prendas-vestir-tipos-min-768x513.webp 768w, https:\/\/audaces.com\/wp-content\/uploads\/2024\/07\/prendas-vestir-tipos-min.webp 1254w\" sizes=\"(max-width: 1024px) 100vw, 1024px\" \/><\/figure>\n\n\n\n<h2 class=\"wp-block-heading\" id=\"h-4-tipos-de-prendas-que-no-pueden-faltar-en-tu-mezcla-de-coleccion\"><span class=\"ez-toc-section\" id=\"4-tipos-de-prendas-que-no-pueden-faltar-en-tu-mezcla-de-coleccion\"><\/span><strong>4 tipos de prendas que no pueden faltar en tu mezcla de colecci\u00f3n<\/strong><span class=\"ez-toc-section-end\"><\/span><\/h2>\n\n\n\n<p>Una colecci\u00f3n bien equilibrada debe incluir una variedad de prendas que satisfagan diferentes necesidades y estilos. Aqu\u00ed te presentamos cuatro tipos de prendas esenciales.<\/p>\n\n\n\n<h3 class=\"wp-block-heading\" id=\"h-sastreria\">Sastrer\u00eda<\/h3>\n\n\n\n<p>Los atuendos de sastrer\u00eda, como trajes y blazers, son fundamentales en cualquier colecci\u00f3n. Estas prendas aportan un toque de elegancia y profesionalismo, y son perfectas para ocasiones formales y de negocios.<\/p>\n\n\n\n<p><strong>Lee m\u00e1s:<\/strong> <a href=\"https:\/\/audaces.com\/es\/blog\/sastre-digital\" target=\"_blank\" rel=\"noreferrer noopener\">Descubre qu\u00e9 es un sastre digital y los beneficios para tu confecci\u00f3n<\/a><\/p>\n\n\n\n<h3 class=\"wp-block-heading\" id=\"h-basico\">B\u00e1sico<\/h3>\n\n\n\n<p>Las vestimentas b\u00e1sicas, como camisetas, camisetas de manga larga y tops sencillos, son esenciales, ya que son vers\u00e1tiles y se pueden combinar con otras prendas de la colecci\u00f3n.<\/p>\n\n\n\n<p>Los b\u00e1sicos son los pilares de cualquier guardarropa y aseguran que la colecci\u00f3n sea pr\u00e1ctica y funcional. Tambi\u00e9n se puede ofrecer piezas de ropa interior en esta categor\u00eda.<\/p>\n\n\n\n<h3 class=\"wp-block-heading\" id=\"h-jeans\">Jeans<\/h3>\n\n\n\n<p>Los jeans son una prenda atemporal y vers\u00e1til que nunca pasa de moda. Incluir una variedad de estilos de jeans, como skinny, bootcut y boyfriend, en tu colecci\u00f3n garantiza que tendr\u00e1s algo para cada gusto y ocasi\u00f3n.<\/p>\n\n\n\n<p><strong>Lee m\u00e1s:<\/strong> <a href=\"https:\/\/audaces.com\/es\/blog\/como-crear-mi-propia-marca-jeans\" target=\"_blank\" rel=\"noreferrer noopener\">7 consejos infalibles sobre c\u00f3mo armar tu propia marca de jeans<\/a><\/p>\n\n\n\n<h3 class=\"wp-block-heading\" id=\"h-prenda-unica-o-superposicion\">Prenda \u00fanica o superposici\u00f3n<\/h3>\n\n\n\n<p>Las prendas \u00fanicas, como vestidos o <a href=\"https:\/\/www.vogue.es\/articulos\/tendencias-abrigos-otono-invierno-2023-2024-pasarelas\" target=\"_blank\" rel=\"noreferrer noopener\">abrigos elegantes,<\/a> y las indumentarias de superposici\u00f3n, como chaquetas y cardigans, a\u00f1aden variedad y estilo a tu colecci\u00f3n.<\/p>\n\n\n\n<p>Estas ropas pueden servir como piezas centrales o complementarias, ofreciendo a los clientes opciones para crear looks completos.<\/p>\n\n\n\n<h2 class=\"wp-block-heading\" id=\"h-como-puede-la-tecnologia-ayudar-a-montar-tu-coleccion\"><span class=\"ez-toc-section\" id=\"%c2%bfcomo-puede-la-tecnologia-ayudar-a-montar-tu-coleccion\"><\/span><strong>\u00bfC\u00f3mo puede la tecnolog\u00eda ayudar a montar tu colecci\u00f3n?<\/strong><span class=\"ez-toc-section-end\"><\/span><\/h2>\n\n\n\n<p>La tecnolog\u00eda desempe\u00f1a un papel crucial en la creaci\u00f3n de una colecci\u00f3n de moda eficiente y exitosa. <\/p>\n\n\n\n<p>Desde el dise\u00f1o hasta la gesti\u00f3n del lanzamiento, las herramientas tecnol\u00f3gicas pueden optimizar cada etapa del proceso.<\/p>\n\n\n\n<h2 class=\"wp-block-heading\" id=\"h-acompana-las-prendas-de-tu-coleccion-con-soluciones-audaces\"><span class=\"ez-toc-section\" id=\"acompana-las-prendas-de-tu-coleccion-con-soluciones-audaces\"><\/span><strong>Acompa\u00f1a las prendas de tu colecci\u00f3n con soluciones Audaces<\/strong><span class=\"ez-toc-section-end\"><\/span><\/h2>\n\n\n\n<p><a href=\"https:\/\/audaces.com\/es\" target=\"_blank\" rel=\"noreferrer noopener\">Audaces<\/a> ofrece opciones innovadoras que facilitan el desarrollo y la gesti\u00f3n de colecciones de moda. <\/p>\n\n\n\n<p>A continuaci\u00f3n, te presentamos dos soluciones clave de Audaces que pueden transformar tu proceso de creaci\u00f3n.<\/p>\n\n\n\n<h3 class=\"wp-block-heading\" id=\"h-audaces-fashion-studio\">Audaces Fashion Studio<\/h3>\n\n\n\n<p><a href=\"https:\/\/audaces.com\/es\/soluciones\/fashion-studio\" target=\"_blank\" rel=\"noreferrer noopener\">Audaces Fashion Studio<\/a> es un software integral que permite a los dise\u00f1adores crear y visualizar sus colecciones en un entorno digital. <\/p>\n\n\n\n<p>Una de las caracter\u00edsticas destacadas es la sala de prueba virtual, donde puedes colocar los dise\u00f1os lado a lado. <\/p>\n\n\n\n<p>Esto facilita la identificaci\u00f3n de un patr\u00f3n est\u00e9tico para la colecci\u00f3n y asegura que todas las prendas sean coherentes y est\u00e9n alineadas con el concepto definido.<\/p>\n\n\n\n<h3 class=\"wp-block-heading\" id=\"h-audaces-isa\">Audaces Isa<\/h3>\n\n\n\n<p><a href=\"https:\/\/audaces.com\/es\/soluciones\/isa\" target=\"_blank\" rel=\"noreferrer noopener\">Audaces Isa<\/a> es un programa de gesti\u00f3n que ayuda a asegurar que tu producto se lance en el momento adecuado. <\/p>\n\n\n\n<p>Esta herramienta permite una gesti\u00f3n eficiente del tiempo y los recursos, asegurando que cada etapa del proceso, desde el dise\u00f1o hasta la producci\u00f3n, se realice de manera oportuna. <\/p>\n\n\n\n<p>Con Audaces Isa, puedes coordinar mejor los tiempos de lanzamiento y responder r\u00e1pidamente a las demandas del mercado.<\/p>\n\n\n\n<h2 class=\"wp-block-heading\" id=\"h-conclusion\"><span class=\"ez-toc-section\" id=\"conclusion\"><\/span><strong>Conclusi\u00f3n<\/strong><span class=\"ez-toc-section-end\"><\/span><\/h2>\n\n\n\n<p>Crear una colecci\u00f3n de prendas de vestir exitosa requiere una combinaci\u00f3n de creatividad, planificaci\u00f3n estrat\u00e9gica y el uso de tecnolog\u00edas avanzadas. <\/p>\n\n\n\n<p>Al elegir cuidadosamente las prendas que compondr\u00e1n tu colecci\u00f3n puedes maximizar las oportunidades de \u00e9xito en el mercado de la moda. <\/p>\n\n\n\n<p>Si quieres continuar aprendiendo y evaluar la viabilidad comercial para asegurar que tu colecci\u00f3n sea rentable, descarga este <strong>recurso gratuito:<\/strong><\/p>\n\n\n\n<div role=\"main\" id=\"form-modelo-canvas-moda-planificacion-colecciones-67fa15648cdf59ccdb17\"><\/div><script type=\"text\/javascript\" src=\"https:\/\/d335luupugsy2.cloudfront.net\/js\/rdstation-forms\/stable\/rdstation-forms.min.js\"><\/script><script type=\"text\/javascript\"> new RDStationForms('form-modelo-canvas-moda-planificacion-colecciones-67fa15648cdf59ccdb17', 'UA-78634938-2').createForm();<\/script>\n\n\n\n<h2 class=\"wp-block-heading\" id=\"h-preguntas-frecuentes\"><span class=\"ez-toc-section\" id=\"preguntas-frecuentes\"><\/span>Preguntas Frecuentes<span class=\"ez-toc-section-end\"><\/span><\/h2>\n\n\n\n<div class=\"schema-faq wp-block-yoast-faq-block\"><div class=\"schema-faq-section\" id=\"faq-question-1724943435686\"><strong class=\"schema-faq-question\">\u00bfQu\u00e9 se debe considerar al elegir las prendas de vestir para una colecci\u00f3n?<\/strong> <p class=\"schema-faq-answer\">La identidad de la marca, las tendencias actuales, la temporada y la viabilidad comercial.<\/p> <\/div> <div class=\"schema-faq-section\" id=\"faq-question-1724943457328\"><strong class=\"schema-faq-question\">\u00bfC\u00f3mo se puede asegurar la coherencia en una colecci\u00f3n de prendas de vestir?<\/strong> <p class=\"schema-faq-answer\">Definiendo un concepto claro y utilizar herramientas como moodboards o soluciones tecnol\u00f3gicas para mantener la cohesi\u00f3n.<\/p> <\/div> <div class=\"schema-faq-section\" id=\"faq-question-1724943465275\"><strong class=\"schema-faq-question\">\u00bfC\u00f3mo ayuda Audaces360 en la gesti\u00f3n de colecciones?<\/strong> <p class=\"schema-faq-answer\">Audaces360 ayuda a crear, visualizar y gestionar colecciones eficientemente, optimizando cada etapa del proceso.<\/p> <\/div> <\/div>\n<\/p>","protected":false},"excerpt":{"rendered":"<p>Elegir las prendas de vestir adecuadas para tu colecci\u00f3n de moda, maximizar\u00e1 el \u00e9xito de tu marca. Aprende todo aqu\u00ed.<\/p>\n","protected":false},"author":54,"featured_media":175871,"comment_status":"open","ping_status":"closed","sticky":false,"template":"","format":"standard","meta":{"footnotes":""},"categories":[7141],"tags":[],"class_list":["post-175853","post","type-post","status-publish","format-standard","has-post-thumbnail","hentry","category-desarrollo-coleccion"],"yoast_head":"<!-- This site is optimized with the Yoast SEO Premium plugin v27.4 (Yoast SEO v27.5) - https:\/\/yoast.com\/product\/yoast-seo-premium-wordpress\/ -->\n<title>Prendas de vestir: \u00bfc\u00f3mo definir el mix perfecto para tu colecci\u00f3n?<\/title>\n<meta name=\"description\" content=\"Elegir las prendas de vestir adecuadas para tu colecci\u00f3n de moda, maximizar\u00e1 el \u00e9xito de tu marca. Aprende todo aqu\u00ed.\" \/>\n<meta name=\"robots\" content=\"index, follow, max-snippet:-1, max-image-preview:large, max-video-preview:-1\" \/>\n<link rel=\"canonical\" href=\"https:\/\/audaces.com\/es\/blog\/prendas-vestir\" \/>\n<meta property=\"og:locale\" content=\"es_ES\" \/>\n<meta property=\"og:type\" content=\"article\" \/>\n<meta property=\"og:title\" content=\"Prendas de vestir: \u00bfc\u00f3mo definir el mix perfecto para tu colecci\u00f3n?\" \/>\n<meta property=\"og:description\" content=\"Elegir las prendas de vestir adecuadas para tu colecci\u00f3n de moda, maximizar\u00e1 el \u00e9xito de tu marca. Aprende todo aqu\u00ed.\" \/>\n<meta property=\"og:url\" content=\"https:\/\/audaces.com\/es\/blog\/prendas-vestir\" \/>\n<meta property=\"og:site_name\" content=\"Audaces\" \/>\n<meta property=\"article:publisher\" content=\"https:\/\/www.facebook.com\/audaces.pt\" \/>\n<meta property=\"article:published_time\" content=\"2024-07-31T13:00:00+00:00\" \/>\n<meta property=\"article:modified_time\" content=\"2024-08-29T14:58:09+00:00\" \/>\n<meta property=\"og:image\" content=\"https:\/\/audaces.com\/wp-content\/uploads\/2024\/07\/prendas-vestir-destaque-min.webp\" \/>\n\t<meta property=\"og:image:width\" content=\"1254\" \/>\n\t<meta property=\"og:image:height\" content=\"837\" \/>\n\t<meta property=\"og:image:type\" content=\"image\/webp\" \/>\n<meta name=\"author\" content=\"Audara\" \/>\n<meta name=\"twitter:card\" content=\"summary_large_image\" \/>\n<meta name=\"twitter:label1\" content=\"Escrito por\" \/>\n\t<meta name=\"twitter:data1\" content=\"Audara\" \/>\n\t<meta name=\"twitter:label2\" content=\"Tiempo de lectura\" \/>\n\t<meta name=\"twitter:data2\" content=\"8 minutos\" \/>\n<script type=\"application\/ld+json\" class=\"yoast-schema-graph\">{\"@context\":\"https:\\\/\\\/schema.org\",\"@graph\":[{\"@type\":\"Article\",\"@id\":\"https:\\\/\\\/audaces.com\\\/es\\\/blog\\\/prendas-vestir#article\",\"isPartOf\":{\"@id\":\"https:\\\/\\\/audaces.com\\\/es\\\/blog\\\/prendas-vestir\"},\"author\":{\"name\":\"Audara\",\"@id\":\"https:\\\/\\\/audaces.com\\\/es#\\\/schema\\\/person\\\/64fd4e45d55c0765a8d3193a2dfe4a8b\"},\"headline\":\"\u00bfC\u00f3mo definir el mix de prendas de vestir perfecto?\",\"datePublished\":\"2024-07-31T13:00:00+00:00\",\"dateModified\":\"2024-08-29T14:58:09+00:00\",\"mainEntityOfPage\":{\"@id\":\"https:\\\/\\\/audaces.com\\\/es\\\/blog\\\/prendas-vestir\"},\"wordCount\":1322,\"commentCount\":0,\"publisher\":{\"@id\":\"https:\\\/\\\/audaces.com\\\/es#organization\"},\"image\":{\"@id\":\"https:\\\/\\\/audaces.com\\\/es\\\/blog\\\/prendas-vestir#primaryimage\"},\"thumbnailUrl\":\"https:\\\/\\\/audaces.com\\\/wp-content\\\/uploads\\\/2024\\\/07\\\/prendas-vestir-destaque-min.webp\",\"articleSection\":[\"Desarrollo de Colecci\u00f3n\"],\"inLanguage\":\"es\",\"potentialAction\":[{\"@type\":\"CommentAction\",\"name\":\"Comment\",\"target\":[\"https:\\\/\\\/audaces.com\\\/es\\\/blog\\\/prendas-vestir#respond\"]}]},{\"@type\":[\"WebPage\",\"FAQPage\"],\"@id\":\"https:\\\/\\\/audaces.com\\\/es\\\/blog\\\/prendas-vestir\",\"url\":\"https:\\\/\\\/audaces.com\\\/es\\\/blog\\\/prendas-vestir\",\"name\":\"Prendas de vestir: \u00bfc\u00f3mo definir el mix perfecto para tu colecci\u00f3n?\",\"isPartOf\":{\"@id\":\"https:\\\/\\\/audaces.com\\\/es#website\"},\"primaryImageOfPage\":{\"@id\":\"https:\\\/\\\/audaces.com\\\/es\\\/blog\\\/prendas-vestir#primaryimage\"},\"image\":{\"@id\":\"https:\\\/\\\/audaces.com\\\/es\\\/blog\\\/prendas-vestir#primaryimage\"},\"thumbnailUrl\":\"https:\\\/\\\/audaces.com\\\/wp-content\\\/uploads\\\/2024\\\/07\\\/prendas-vestir-destaque-min.webp\",\"datePublished\":\"2024-07-31T13:00:00+00:00\",\"dateModified\":\"2024-08-29T14:58:09+00:00\",\"description\":\"Elegir las prendas de vestir adecuadas para tu colecci\u00f3n de moda, maximizar\u00e1 el \u00e9xito de tu marca. Aprende todo aqu\u00ed.\",\"breadcrumb\":{\"@id\":\"https:\\\/\\\/audaces.com\\\/es\\\/blog\\\/prendas-vestir#breadcrumb\"},\"mainEntity\":[{\"@id\":\"https:\\\/\\\/audaces.com\\\/es\\\/blog\\\/prendas-vestir#faq-question-1724943435686\"},{\"@id\":\"https:\\\/\\\/audaces.com\\\/es\\\/blog\\\/prendas-vestir#faq-question-1724943457328\"},{\"@id\":\"https:\\\/\\\/audaces.com\\\/es\\\/blog\\\/prendas-vestir#faq-question-1724943465275\"}],\"inLanguage\":\"es\",\"potentialAction\":[{\"@type\":\"ReadAction\",\"target\":[\"https:\\\/\\\/audaces.com\\\/es\\\/blog\\\/prendas-vestir\"]}]},{\"@type\":\"ImageObject\",\"inLanguage\":\"es\",\"@id\":\"https:\\\/\\\/audaces.com\\\/es\\\/blog\\\/prendas-vestir#primaryimage\",\"url\":\"https:\\\/\\\/audaces.com\\\/wp-content\\\/uploads\\\/2024\\\/07\\\/prendas-vestir-destaque-min.webp\",\"contentUrl\":\"https:\\\/\\\/audaces.com\\\/wp-content\\\/uploads\\\/2024\\\/07\\\/prendas-vestir-destaque-min.webp\",\"width\":1254,\"height\":837},{\"@type\":\"BreadcrumbList\",\"@id\":\"https:\\\/\\\/audaces.com\\\/es\\\/blog\\\/prendas-vestir#breadcrumb\",\"itemListElement\":[{\"@type\":\"ListItem\",\"position\":1,\"name\":\"INICIO\",\"item\":\"https:\\\/\\\/audaces.com\\\/es\"},{\"@type\":\"ListItem\",\"position\":2,\"name\":\"\u00bfC\u00f3mo definir el mix de prendas de vestir perfecto?\"}]},{\"@type\":\"WebSite\",\"@id\":\"https:\\\/\\\/audaces.com\\\/es#website\",\"url\":\"https:\\\/\\\/audaces.com\\\/es\",\"name\":\"Audaces\",\"description\":\"We are the Industry 4.0\",\"publisher\":{\"@id\":\"https:\\\/\\\/audaces.com\\\/es#organization\"},\"potentialAction\":[{\"@type\":\"SearchAction\",\"target\":{\"@type\":\"EntryPoint\",\"urlTemplate\":\"https:\\\/\\\/audaces.com\\\/es?s={search_term_string}\"},\"query-input\":{\"@type\":\"PropertyValueSpecification\",\"valueRequired\":true,\"valueName\":\"search_term_string\"}}],\"inLanguage\":\"es\"},{\"@type\":\"Organization\",\"@id\":\"https:\\\/\\\/audaces.com\\\/es#organization\",\"name\":\"Audaces\",\"url\":\"https:\\\/\\\/audaces.com\\\/es\",\"logo\":{\"@type\":\"ImageObject\",\"inLanguage\":\"es\",\"@id\":\"https:\\\/\\\/audaces.com\\\/es#\\\/schema\\\/logo\\\/image\\\/\",\"url\":\"https:\\\/\\\/audaces.com\\\/wp-content\\\/uploads\\\/2022\\\/01\\\/cropped-cropped-logo-audace.png\",\"contentUrl\":\"https:\\\/\\\/audaces.com\\\/wp-content\\\/uploads\\\/2022\\\/01\\\/cropped-cropped-logo-audace.png\",\"width\":512,\"height\":512,\"caption\":\"Audaces\"},\"image\":{\"@id\":\"https:\\\/\\\/audaces.com\\\/es#\\\/schema\\\/logo\\\/image\\\/\"},\"sameAs\":[\"https:\\\/\\\/www.facebook.com\\\/audaces.pt\"]},{\"@type\":\"Person\",\"@id\":\"https:\\\/\\\/audaces.com\\\/es#\\\/schema\\\/person\\\/64fd4e45d55c0765a8d3193a2dfe4a8b\",\"name\":\"Audara\",\"image\":{\"@type\":\"ImageObject\",\"inLanguage\":\"es\",\"@id\":\"https:\\\/\\\/audaces.com\\\/wp-content\\\/uploads\\\/2025\\\/05\\\/cropped-audara-96x96.jpg\",\"url\":\"https:\\\/\\\/audaces.com\\\/wp-content\\\/uploads\\\/2025\\\/05\\\/cropped-audara-96x96.jpg\",\"contentUrl\":\"https:\\\/\\\/audaces.com\\\/wp-content\\\/uploads\\\/2025\\\/05\\\/cropped-audara-96x96.jpg\",\"caption\":\"Audara\"},\"description\":\"Fashion Tech Specialist at Audaces\",\"sameAs\":[\"https:\\\/\\\/audaces.com\"],\"url\":\"https:\\\/\\\/audaces.com\\\/es\\\/blog\\\/author\\\/audara\"},{\"@type\":\"Question\",\"@id\":\"https:\\\/\\\/audaces.com\\\/es\\\/blog\\\/prendas-vestir#faq-question-1724943435686\",\"position\":1,\"url\":\"https:\\\/\\\/audaces.com\\\/es\\\/blog\\\/prendas-vestir#faq-question-1724943435686\",\"name\":\"\u00bfQu\u00e9 se debe considerar al elegir las prendas de vestir para una colecci\u00f3n?\",\"answerCount\":1,\"acceptedAnswer\":{\"@type\":\"Answer\",\"text\":\"La identidad de la marca, las tendencias actuales, la temporada y la viabilidad comercial.\",\"inLanguage\":\"es\"},\"inLanguage\":\"es\"},{\"@type\":\"Question\",\"@id\":\"https:\\\/\\\/audaces.com\\\/es\\\/blog\\\/prendas-vestir#faq-question-1724943457328\",\"position\":2,\"url\":\"https:\\\/\\\/audaces.com\\\/es\\\/blog\\\/prendas-vestir#faq-question-1724943457328\",\"name\":\"\u00bfC\u00f3mo se puede asegurar la coherencia en una colecci\u00f3n de prendas de vestir?\",\"answerCount\":1,\"acceptedAnswer\":{\"@type\":\"Answer\",\"text\":\"Definiendo un concepto claro y utilizar herramientas como moodboards o soluciones tecnol\u00f3gicas para mantener la cohesi\u00f3n.\",\"inLanguage\":\"es\"},\"inLanguage\":\"es\"},{\"@type\":\"Question\",\"@id\":\"https:\\\/\\\/audaces.com\\\/es\\\/blog\\\/prendas-vestir#faq-question-1724943465275\",\"position\":3,\"url\":\"https:\\\/\\\/audaces.com\\\/es\\\/blog\\\/prendas-vestir#faq-question-1724943465275\",\"name\":\"\u00bfC\u00f3mo ayuda Audaces360 en la gesti\u00f3n de colecciones?\",\"answerCount\":1,\"acceptedAnswer\":{\"@type\":\"Answer\",\"text\":\"Audaces360 ayuda a crear, visualizar y gestionar colecciones eficientemente, optimizando cada etapa del proceso.\",\"inLanguage\":\"es\"},\"inLanguage\":\"es\"}]}<\/script>\n<!-- \/ Yoast SEO Premium plugin. -->","yoast_head_json":{"title":"Prendas de vestir: \u00bfc\u00f3mo definir el mix perfecto para tu colecci\u00f3n?","description":"Elegir las prendas de vestir adecuadas para tu colecci\u00f3n de moda, maximizar\u00e1 el \u00e9xito de tu marca. Aprende todo aqu\u00ed.","robots":{"index":"index","follow":"follow","max-snippet":"max-snippet:-1","max-image-preview":"max-image-preview:large","max-video-preview":"max-video-preview:-1"},"canonical":"https:\/\/audaces.com\/es\/blog\/prendas-vestir","og_locale":"es_ES","og_type":"article","og_title":"Prendas de vestir: \u00bfc\u00f3mo definir el mix perfecto para tu colecci\u00f3n?","og_description":"Elegir las prendas de vestir adecuadas para tu colecci\u00f3n de moda, maximizar\u00e1 el \u00e9xito de tu marca. Aprende todo aqu\u00ed.","og_url":"https:\/\/audaces.com\/es\/blog\/prendas-vestir","og_site_name":"Audaces","article_publisher":"https:\/\/www.facebook.com\/audaces.pt","article_published_time":"2024-07-31T13:00:00+00:00","article_modified_time":"2024-08-29T14:58:09+00:00","og_image":[{"width":1254,"height":837,"url":"https:\/\/audaces.com\/wp-content\/uploads\/2024\/07\/prendas-vestir-destaque-min.webp","type":"image\/webp"}],"author":"Audara","twitter_card":"summary_large_image","twitter_misc":{"Escrito por":"Audara","Tiempo de lectura":"8 minutos"},"schema":{"@context":"https:\/\/schema.org","@graph":[{"@type":"Article","@id":"https:\/\/audaces.com\/es\/blog\/prendas-vestir#article","isPartOf":{"@id":"https:\/\/audaces.com\/es\/blog\/prendas-vestir"},"author":{"name":"Audara","@id":"https:\/\/audaces.com\/es#\/schema\/person\/64fd4e45d55c0765a8d3193a2dfe4a8b"},"headline":"\u00bfC\u00f3mo definir el mix de prendas de vestir perfecto?","datePublished":"2024-07-31T13:00:00+00:00","dateModified":"2024-08-29T14:58:09+00:00","mainEntityOfPage":{"@id":"https:\/\/audaces.com\/es\/blog\/prendas-vestir"},"wordCount":1322,"commentCount":0,"publisher":{"@id":"https:\/\/audaces.com\/es#organization"},"image":{"@id":"https:\/\/audaces.com\/es\/blog\/prendas-vestir#primaryimage"},"thumbnailUrl":"https:\/\/audaces.com\/wp-content\/uploads\/2024\/07\/prendas-vestir-destaque-min.webp","articleSection":["Desarrollo de Colecci\u00f3n"],"inLanguage":"es","potentialAction":[{"@type":"CommentAction","name":"Comment","target":["https:\/\/audaces.com\/es\/blog\/prendas-vestir#respond"]}]},{"@type":["WebPage","FAQPage"],"@id":"https:\/\/audaces.com\/es\/blog\/prendas-vestir","url":"https:\/\/audaces.com\/es\/blog\/prendas-vestir","name":"Prendas de vestir: \u00bfc\u00f3mo definir el mix perfecto para tu colecci\u00f3n?","isPartOf":{"@id":"https:\/\/audaces.com\/es#website"},"primaryImageOfPage":{"@id":"https:\/\/audaces.com\/es\/blog\/prendas-vestir#primaryimage"},"image":{"@id":"https:\/\/audaces.com\/es\/blog\/prendas-vestir#primaryimage"},"thumbnailUrl":"https:\/\/audaces.com\/wp-content\/uploads\/2024\/07\/prendas-vestir-destaque-min.webp","datePublished":"2024-07-31T13:00:00+00:00","dateModified":"2024-08-29T14:58:09+00:00","description":"Elegir las prendas de vestir adecuadas para tu colecci\u00f3n de moda, maximizar\u00e1 el \u00e9xito de tu marca. Aprende todo aqu\u00ed.","breadcrumb":{"@id":"https:\/\/audaces.com\/es\/blog\/prendas-vestir#breadcrumb"},"mainEntity":[{"@id":"https:\/\/audaces.com\/es\/blog\/prendas-vestir#faq-question-1724943435686"},{"@id":"https:\/\/audaces.com\/es\/blog\/prendas-vestir#faq-question-1724943457328"},{"@id":"https:\/\/audaces.com\/es\/blog\/prendas-vestir#faq-question-1724943465275"}],"inLanguage":"es","potentialAction":[{"@type":"ReadAction","target":["https:\/\/audaces.com\/es\/blog\/prendas-vestir"]}]},{"@type":"ImageObject","inLanguage":"es","@id":"https:\/\/audaces.com\/es\/blog\/prendas-vestir#primaryimage","url":"https:\/\/audaces.com\/wp-content\/uploads\/2024\/07\/prendas-vestir-destaque-min.webp","contentUrl":"https:\/\/audaces.com\/wp-content\/uploads\/2024\/07\/prendas-vestir-destaque-min.webp","width":1254,"height":837},{"@type":"BreadcrumbList","@id":"https:\/\/audaces.com\/es\/blog\/prendas-vestir#breadcrumb","itemListElement":[{"@type":"ListItem","position":1,"name":"INICIO","item":"https:\/\/audaces.com\/es"},{"@type":"ListItem","position":2,"name":"\u00bfC\u00f3mo definir el mix de prendas de vestir perfecto?"}]},{"@type":"WebSite","@id":"https:\/\/audaces.com\/es#website","url":"https:\/\/audaces.com\/es","name":"Audaces","description":"We are the Industry 4.0","publisher":{"@id":"https:\/\/audaces.com\/es#organization"},"potentialAction":[{"@type":"SearchAction","target":{"@type":"EntryPoint","urlTemplate":"https:\/\/audaces.com\/es?s={search_term_string}"},"query-input":{"@type":"PropertyValueSpecification","valueRequired":true,"valueName":"search_term_string"}}],"inLanguage":"es"},{"@type":"Organization","@id":"https:\/\/audaces.com\/es#organization","name":"Audaces","url":"https:\/\/audaces.com\/es","logo":{"@type":"ImageObject","inLanguage":"es","@id":"https:\/\/audaces.com\/es#\/schema\/logo\/image\/","url":"https:\/\/audaces.com\/wp-content\/uploads\/2022\/01\/cropped-cropped-logo-audace.png","contentUrl":"https:\/\/audaces.com\/wp-content\/uploads\/2022\/01\/cropped-cropped-logo-audace.png","width":512,"height":512,"caption":"Audaces"},"image":{"@id":"https:\/\/audaces.com\/es#\/schema\/logo\/image\/"},"sameAs":["https:\/\/www.facebook.com\/audaces.pt"]},{"@type":"Person","@id":"https:\/\/audaces.com\/es#\/schema\/person\/64fd4e45d55c0765a8d3193a2dfe4a8b","name":"Audara","image":{"@type":"ImageObject","inLanguage":"es","@id":"https:\/\/audaces.com\/wp-content\/uploads\/2025\/05\/cropped-audara-96x96.jpg","url":"https:\/\/audaces.com\/wp-content\/uploads\/2025\/05\/cropped-audara-96x96.jpg","contentUrl":"https:\/\/audaces.com\/wp-content\/uploads\/2025\/05\/cropped-audara-96x96.jpg","caption":"Audara"},"description":"Fashion Tech Specialist at Audaces","sameAs":["https:\/\/audaces.com"],"url":"https:\/\/audaces.com\/es\/blog\/author\/audara"},{"@type":"Question","@id":"https:\/\/audaces.com\/es\/blog\/prendas-vestir#faq-question-1724943435686","position":1,"url":"https:\/\/audaces.com\/es\/blog\/prendas-vestir#faq-question-1724943435686","name":"\u00bfQu\u00e9 se debe considerar al elegir las prendas de vestir para una colecci\u00f3n?","answerCount":1,"acceptedAnswer":{"@type":"Answer","text":"La identidad de la marca, las tendencias actuales, la temporada y la viabilidad comercial.","inLanguage":"es"},"inLanguage":"es"},{"@type":"Question","@id":"https:\/\/audaces.com\/es\/blog\/prendas-vestir#faq-question-1724943457328","position":2,"url":"https:\/\/audaces.com\/es\/blog\/prendas-vestir#faq-question-1724943457328","name":"\u00bfC\u00f3mo se puede asegurar la coherencia en una colecci\u00f3n de prendas de vestir?","answerCount":1,"acceptedAnswer":{"@type":"Answer","text":"Definiendo un concepto claro y utilizar herramientas como moodboards o soluciones tecnol\u00f3gicas para mantener la cohesi\u00f3n.","inLanguage":"es"},"inLanguage":"es"},{"@type":"Question","@id":"https:\/\/audaces.com\/es\/blog\/prendas-vestir#faq-question-1724943465275","position":3,"url":"https:\/\/audaces.com\/es\/blog\/prendas-vestir#faq-question-1724943465275","name":"\u00bfC\u00f3mo ayuda Audaces360 en la gesti\u00f3n de colecciones?","answerCount":1,"acceptedAnswer":{"@type":"Answer","text":"Audaces360 ayuda a crear, visualizar y gestionar colecciones eficientemente, optimizando cada etapa del proceso.","inLanguage":"es"},"inLanguage":"es"}]}},"_links":{"self":[{"href":"https:\/\/audaces.com\/es\/wp-json\/wp\/v2\/posts\/175853","targetHints":{"allow":["GET"]}}],"collection":[{"href":"https:\/\/audaces.com\/es\/wp-json\/wp\/v2\/posts"}],"about":[{"href":"https:\/\/audaces.com\/es\/wp-json\/wp\/v2\/types\/post"}],"author":[{"embeddable":true,"href":"https:\/\/audaces.com\/es\/wp-json\/wp\/v2\/users\/54"}],"replies":[{"embeddable":true,"href":"https:\/\/audaces.com\/es\/wp-json\/wp\/v2\/comments?post=175853"}],"version-history":[{"count":10,"href":"https:\/\/audaces.com\/es\/wp-json\/wp\/v2\/posts\/175853\/revisions"}],"predecessor-version":[{"id":177883,"href":"https:\/\/audaces.com\/es\/wp-json\/wp\/v2\/posts\/175853\/revisions\/177883"}],"wp:featuredmedia":[{"embeddable":true,"href":"https:\/\/audaces.com\/es\/wp-json\/wp\/v2\/media\/175871"}],"wp:attachment":[{"href":"https:\/\/audaces.com\/es\/wp-json\/wp\/v2\/media?parent=175853"}],"wp:term":[{"taxonomy":"category","embeddable":true,"href":"https:\/\/audaces.com\/es\/wp-json\/wp\/v2\/categories?post=175853"},{"taxonomy":"post_tag","embeddable":true,"href":"https:\/\/audaces.com\/es\/wp-json\/wp\/v2\/tags?post=175853"}],"curies":[{"name":"wp","href":"https:\/\/api.w.org\/{rel}","templated":true}]}}