{"id":136993,"date":"2026-01-13T17:00:00","date_gmt":"2026-01-13T20:00:00","guid":{"rendered":"https:\/\/audaces.com\/?p=136993"},"modified":"2026-01-13T17:02:49","modified_gmt":"2026-01-13T20:02:49","slug":"colombiatex","status":"publish","type":"post","link":"https:\/\/audaces.com\/es\/blog\/colombiatex","title":{"rendered":"\u00bfQu\u00e9 es Colombiatex y cu\u00e1l es su importancia en la moda?"},"content":{"rendered":"\n<p><strong>Resumen:<\/strong><\/p>\n\n\n\n<ul class=\"wp-block-list\">\n<li>Colombiatex de las Am\u00e9ricas es la feria de textiles, insumos, maquinaria y moda m\u00e1s grande de Colombia;<\/li>\n\n\n\n<li>En 2026, se desarrolla del 27 al 29 de enero en el recinto ferial de Plaza Mayor, Medell\u00edn;<\/li>\n\n\n\n<li>All\u00ed tambi\u00e9n la tecnolog\u00eda estar\u00e1 presente, como la <a href=\"https:\/\/audaces.com\/es\/soluciones\/audaces-360\" target=\"_blank\" rel=\"noreferrer noopener\">multisoluci\u00f3n Audaces360.<\/a><\/li>\n<\/ul>\n\n\n\n<p>En los pr\u00f3ximos d\u00edas comienza Colombiatex, una de las citas imperdibles para quienes forman parte del ecosistema textil. Para los de siempre, para los que empiezan, para los que quieren crecer, modernizarse o actualizarse.<\/p>\n\n\n\n<p>Un lugar \u00fanico para empaparse de tendencias, avanzar en acuerdos y llevarse el bolso lleno de ideas, inspiraci\u00f3n y un completo panorama del presente textil y de lo que se viene.<\/p>\n\n\n\n<p>En el siguiente art\u00edculo te contamos los detalles m\u00e1s relevantes de este megaevento que convoca a todos, qu\u00e9 prev\u00e9n y cu\u00e1les son las expectativas de los organizadores, una completa agenda de actividades y por qu\u00e9 no debes perd\u00e9rtelo.<\/p>\n\n\n\n<p>\u00a1Excelente lectura!<\/p><div id=\"ez-toc-container\" class=\"ez-toc-v2_0_82_2 ez-toc-wrap-left counter-hierarchy ez-toc-counter ez-toc-custom ez-toc-container-direction\">\n<div class=\"ez-toc-title-container\">\n<p class=\"ez-toc-title ez-toc-toggle\" style=\"cursor:pointer\">Sum\u00e1rio<\/p>\n<span class=\"ez-toc-title-toggle\"><\/span><\/div>\n<nav><ul class='ez-toc-list ez-toc-list-level-1 ' ><li class='ez-toc-page-1 ez-toc-heading-level-2'><a class=\"ez-toc-link ez-toc-heading-1\" href=\"https:\/\/audaces.com\/es\/blog\/colombiatex\/#%c2%bfque-es-colombiatex\" >\u00bfQu\u00e9 es Colombiatex?<\/a><\/li><li class='ez-toc-page-1 ez-toc-heading-level-2'><a class=\"ez-toc-link ez-toc-heading-2\" href=\"https:\/\/audaces.com\/es\/blog\/colombiatex\/#la-circularidad-como-apuesta\" >La circularidad como apuesta<\/a><\/li><li class='ez-toc-page-1 ez-toc-heading-level-2'><a class=\"ez-toc-link ez-toc-heading-3\" href=\"https:\/\/audaces.com\/es\/blog\/colombiatex\/#%c2%bfcual-es-la-importancia-de-colombiatex-para-la-produccion-de-moda\" >\u00bfCu\u00e1l es la importancia de Colombiatex para la producci\u00f3n de moda?<\/a><\/li><li class='ez-toc-page-1 ez-toc-heading-level-2'><a class=\"ez-toc-link ez-toc-heading-4\" href=\"https:\/\/audaces.com\/es\/blog\/colombiatex\/#%c2%bfcomo-funciona-el-evento\" >\u00bfC\u00f3mo funciona el evento?<\/a><\/li><li class='ez-toc-page-1 ez-toc-heading-level-2'><a class=\"ez-toc-link ez-toc-heading-5\" href=\"https:\/\/audaces.com\/es\/blog\/colombiatex\/#%c2%bfdonde-y-cuando-se-realiza-la-feria\" >\u00bfD\u00f3nde y cu\u00e1ndo se realiza la feria?<\/a><\/li><li class='ez-toc-page-1 ez-toc-heading-level-2'><a class=\"ez-toc-link ez-toc-heading-6\" href=\"https:\/\/audaces.com\/es\/blog\/colombiatex\/#5-beneficios-de-colombiatex-para-expositores-y-participantes\" >5 beneficios de Colombiatex para expositores y participantes<\/a><\/li><li class='ez-toc-page-1 ez-toc-heading-level-2'><a class=\"ez-toc-link ez-toc-heading-7\" href=\"https:\/\/audaces.com\/es\/blog\/colombiatex\/#visita-el-stand-de-audaces-en-colombiatex-2026\" >Visita el stand de Audaces en Colombiatex 2026<\/a><\/li><li class='ez-toc-page-1 ez-toc-heading-level-2'><a class=\"ez-toc-link ez-toc-heading-8\" href=\"https:\/\/audaces.com\/es\/blog\/colombiatex\/#preguntas-frecuentes\" >Preguntas Frecuentes<\/a><\/li><\/ul><\/nav><\/div>\n\n\n\n\n<h2 class=\"wp-block-heading\" id=\"h-que-es-colombiatex\"><span class=\"ez-toc-section\" id=\"%c2%bfque-es-colombiatex\"><\/span><strong>\u00bfQu\u00e9 es Colombiatex?<\/strong><span class=\"ez-toc-section-end\"><\/span><\/h2>\n\n\n\n<figure class=\"wp-block-image size-full\"><img fetchpriority=\"high\" decoding=\"async\" width=\"1024\" height=\"683\" src=\"https:\/\/audaces.com\/wp-content\/uploads\/2023\/02\/que-es-colombiatex-1024x683-1.jpg\" alt=\"\u00bfQu\u00e9 es Colombiatex?\" class=\"wp-image-137005\" srcset=\"https:\/\/audaces.com\/wp-content\/uploads\/2023\/02\/que-es-colombiatex-1024x683-1.jpg 1024w, https:\/\/audaces.com\/wp-content\/uploads\/2023\/02\/que-es-colombiatex-1024x683-1-300x200.jpg 300w, https:\/\/audaces.com\/wp-content\/uploads\/2023\/02\/que-es-colombiatex-1024x683-1-768x512.jpg 768w\" sizes=\"(max-width: 1024px) 100vw, 1024px\" \/><\/figure>\n\n\n\n<p><a href=\"https:\/\/colombiatex.com\/\" target=\"_blank\" rel=\"noreferrer noopener\">Colombiatex de las Am\u00e9ricas<\/a> insumos, maquinaria, tecnolog\u00eda y moda m\u00e1s grande de Colombia, que este a\u00f1o tendr\u00e1 lugar <strong>del 27 al 29 de enero<\/strong> en el recinto ferial de <strong>Plaza Mayor, Medell\u00edn<\/strong>.<\/p>\n\n\n\n<p>La edici\u00f3n n\u00famero 37 llega con la expectativa de consolidar la reactivaci\u00f3n econ\u00f3mica de la industria textil, reuniendo a compradores, expositores y apasionados del sector para conectarse durante tres d\u00edas a trav\u00e9s de los negocios, las tendencias y el conocimiento.<\/p>\n\n\n\n<h3 class=\"wp-block-heading\" id=\"h-colombia-una-oferta-integral-con-valor-diferenciador\">Colombia: una oferta integral con valor diferenciador<\/h3>\n\n\n\n<p><a href=\"https:\/\/colombiatex.com\/\">El evento<\/a> reunir\u00e1 una oferta comercial \u00fanica que refleja la diversidad y especializaci\u00f3n del sistema de moda latinoamericano.<\/p>\n\n\n\n<p>Las empresas mostrar\u00e1n la m\u00e1s completa oferta de textiles, materias primas, insumos, maquinaria, qu\u00edmicos y servicios especializados. <\/p>\n\n\n\n<p>Adem\u00e1s, el modelo de \u00abpaquete completo\u00bb de valor destacar\u00e1 por ofrecer soluciones integrales que abarcan desde la conceptualizaci\u00f3n hasta la entrega final del producto terminado.<\/p>\n\n\n\n<p>Compradores internacionales participar\u00e1n atra\u00eddos por una oferta que integra sostenibilidad, personalizaci\u00f3n y eficiencia. <\/p>\n\n\n\n<p>Entre los principales participantes internacionales se encuentran delegaciones de India, Brasil, Italia, Turqu\u00eda, Espa\u00f1a, Estados Unidos, Per\u00fa, Costa Rica, Argentina, Ecuador y M\u00e9xico.<\/p>\n\n\n\n<p>En cuanto a la oferta nacional, esta estar\u00e1 representada por una nutrida muestra de 343 expositores colombianos, que constituyen m\u00e1s del 60% de la participaci\u00f3n en la feria. <\/p>\n\n\n\n<p>Antioquia liderar\u00e1 esta representaci\u00f3n, seguido por regiones como Bogot\u00e1 y Cundinamarca, Valle del Cauca, Atl\u00e1ntico, Risaralda y Santander, consolidando a Colombia como un referente regional.<\/p>\n\n\n\n<p><strong>Lee m\u00e1s:<\/strong> <a href=\"https:\/\/audaces.com\/es\/blog\/conozca-el-concepto-economia-circular-y-como-el-puede-redisenar-la-moda\/\" target=\"_blank\" rel=\"noreferrer noopener\">Entiende qu\u00e9 es el concepto de circularidad en la moda<\/a><\/p>\n\n\n\n<h2 class=\"wp-block-heading\" id=\"h-la-circularidad-como-apuesta\"><span class=\"ez-toc-section\" id=\"la-circularidad-como-apuesta\"><\/span><strong>La circularidad como apuesta<\/strong><span class=\"ez-toc-section-end\"><\/span><\/h2>\n\n\n\n<p>La apuesta de Colombiatex 2026 tiene a la circularidad como protagonista.<\/p>\n\n\n\n<p>Con la mirada puesta en una industria m\u00e1s consciente y sostenible, la feria sigue las premisas actuales en el escenario global de aumentar la inversi\u00f3n en sostenibilidad.<\/p>\n\n\n\n<p>Desde la organizaci\u00f3n subrayan que \u201cla circularidad ser\u00e1 la apuesta para incentivar el uso de materiales de origen natural que regresen a la tierra y, de esta manera, hacer de la moda una industria m\u00e1s consciente sobre el cuidado del planeta\u201d.<\/p>\n\n\n\n<h2 class=\"wp-block-heading\" id=\"h-cual-es-la-importancia-de-colombiatex-para-la-produccion-de-moda\"><span class=\"ez-toc-section\" id=\"%c2%bfcual-es-la-importancia-de-colombiatex-para-la-produccion-de-moda\"><\/span><strong>\u00bfCu\u00e1l es la importancia de Colombiatex para la producci\u00f3n de moda?<\/strong><span class=\"ez-toc-section-end\"><\/span><\/h2>\n\n\n\n<p>Colombiatex es considerada una de las plataformas m\u00e1s importantes de tendencias y negocios para el sector textil y de confecci\u00f3n en Am\u00e9rica Latina, un epicentro internacional de la industria textil y confecci\u00f3n.<\/p>\n\n\n\n<p>Por tres jornadas, m\u00e1s de 500 expositores se dar\u00e1n cita con cerca de 18.000 compradores de Colombia y pa\u00edses como Estados Unidos, Ecuador, M\u00e9xico, Per\u00fa y Costa Rica, con una asistencia estimada de 29.000 personas.<\/p>\n\n\n\n<p>El evento es tambi\u00e9n el lugar donde se difunden las \u00faltimas novedades en textiles, maquinaria, insumos, qu\u00edmicos y servicios de alta calidad.<\/p>\n\n\n\n<p>As\u00ed, se fortalecen las relaciones entre todos los actores de la cadena textil y generando nuevas oportunidades de negocios que dinamizan la industria.<\/p>\n\n\n\n<p><strong>Lee m\u00e1s:<\/strong> <a href=\"https:\/\/audaces.com\/es\/blog\/consumo-produccion-sostenible\/\" target=\"_blank\" rel=\"noreferrer noopener\">\u00bfPor qu\u00e9 implementar el consumo y producci\u00f3n sostenible en tu empresa?<\/a><\/p>\n\n\n\n<h2 class=\"wp-block-heading\" id=\"h-como-funciona-el-evento\"><span class=\"ez-toc-section\" id=\"%c2%bfcomo-funciona-el-evento\"><\/span><strong> \u00bfC\u00f3mo funciona el evento?<\/strong><span class=\"ez-toc-section-end\"><\/span><\/h2>\n\n\n\n<figure class=\"wp-block-image size-full\"><img decoding=\"async\" width=\"1024\" height=\"768\" src=\"https:\/\/audaces.com\/wp-content\/uploads\/2023\/02\/como-funciona-colombiatex-1024x768-1.jpg\" alt=\"\u00bfC\u00f3mo funciona Colombiatex?\" class=\"wp-image-137009\" srcset=\"https:\/\/audaces.com\/wp-content\/uploads\/2023\/02\/como-funciona-colombiatex-1024x768-1.jpg 1024w, https:\/\/audaces.com\/wp-content\/uploads\/2023\/02\/como-funciona-colombiatex-1024x768-1-300x225.jpg 300w, https:\/\/audaces.com\/wp-content\/uploads\/2023\/02\/como-funciona-colombiatex-1024x768-1-768x576.jpg 768w\" sizes=\"(max-width: 1024px) 100vw, 1024px\" \/><\/figure>\n\n\n\n<p>Para compradores y visitantes el horario es <strong>de 9:00 a.m. a 6:00 p.m<\/strong>. En el predio ferial de Plaza Mayor, Medell\u00edn, se podr\u00e1 visitar las propuestas de representantes de toda la cadena textil y confecciones.<\/p>\n\n\n\n<p>Para este a\u00f1o, se esperan m\u00e1s de 600 stands. Adem\u00e1s de visitantes, es el espacio de encuentro de los propios expositores para actualizarse y avanzar en el cierre de negocios o evaluar oportunidades.<\/p>\n\n\n\n<h3 class=\"wp-block-heading\" id=\"h-ruta-de-la-sostenibilidad\">Ruta de la sostenibilidad<\/h3>\n\n\n\n<p>Adem\u00e1s de ser un espacio de reencuentros, Colombiatex contar\u00e1 con el recorrido denominado \u201cRuta de la Sostenibilidad\u201d, donde se destacar\u00e1n las mejores pr\u00e1cticas e innovaciones ambientales en la industria.<\/p>\n\n\n\n<p>Los expositores participar\u00e1n en categor\u00edas como:<\/p>\n\n\n\n<ul class=\"wp-block-list\">\n<li>Reciclaje;<\/li>\n\n\n\n<li>Uso de agua;<\/li>\n\n\n\n<li>Control de emisiones;<\/li>\n\n\n\n<li>Circularidad;<\/li>\n\n\n\n<li>Eco insumos.<\/li>\n<\/ul>\n\n\n\n<p>Empresas destacadas incluyen a Enkador, Fabricato y Lafayette, entre otras.<\/p>\n\n\n\n<h2 class=\"wp-block-heading\" id=\"h-donde-y-cuando-se-realiza-la-feria\"><span class=\"ez-toc-section\" id=\"%c2%bfdonde-y-cuando-se-realiza-la-feria\"><\/span><strong>\u00bfD\u00f3nde y cu\u00e1ndo se realiza la feria?<\/strong><span class=\"ez-toc-section-end\"><\/span><\/h2>\n\n\n\n<p>Colombiatex tendr\u00e1 lugar del 27 al 29 de enero en el recinto ferial de Plaza Mayor, Medell\u00edn, ubicado en la Calle 41 # 55-80. El horario de funcionamiento es de 9:00 a.m. a 6:00 p.m.<\/p>\n\n\n\n<p>El precio del ticket general, v\u00e1lido hasta el 29 de enero de 2026, es de $340.000 COP (aproximadamente $90 USD).<br><br>Puedes adquirir tu ingreso <a href=\"https:\/\/tickets.eticketablanca.com\/event\/colombiatex-de-las-americas-2026-awd3g8\" target=\"_blank\" rel=\"noreferrer noopener\">aqu\u00ed<\/a>.<\/p>\n\n\n\n<p><strong>Lee m\u00e1s:<\/strong> <a href=\"https:\/\/audaces.com\/es\/blog\/calendario-moda\/\" target=\"_blank\" rel=\"noreferrer noopener\">Consulta el calendario de moda con las fechas m\u00e1s importantes para el sector textil<\/a><\/p>\n\n\n\n<h2 class=\"wp-block-heading\" id=\"h-5-beneficios-de-colombiatex-para-expositores-y-participantes\"><span class=\"ez-toc-section\" id=\"5-beneficios-de-colombiatex-para-expositores-y-participantes\"><\/span><strong>5 beneficios de Colombiatex para expositores y participantes<\/strong><span class=\"ez-toc-section-end\"><\/span><\/h2>\n\n\n\n<figure class=\"wp-block-image size-full\"><img decoding=\"async\" width=\"1024\" height=\"683\" src=\"https:\/\/audaces.com\/wp-content\/uploads\/2023\/02\/colombiatex-edicion-1024x683-1.jpg\" alt=\"5 beneficios de Colombiatex para expositores y participantes\" class=\"wp-image-137010\" srcset=\"https:\/\/audaces.com\/wp-content\/uploads\/2023\/02\/colombiatex-edicion-1024x683-1.jpg 1024w, https:\/\/audaces.com\/wp-content\/uploads\/2023\/02\/colombiatex-edicion-1024x683-1-300x200.jpg 300w, https:\/\/audaces.com\/wp-content\/uploads\/2023\/02\/colombiatex-edicion-1024x683-1-768x512.jpg 768w\" sizes=\"(max-width: 1024px) 100vw, 1024px\" \/><\/figure>\n\n\n\n<h3 class=\"wp-block-heading\" id=\"h-1-networking-y-demostraciones-de-productos\">1) Networking y demostraciones de productos<\/h3>\n\n\n\n<p>La feria es el escenario ideal para conectarse con actores clave del mundo textil, participar en actividades de networking y presenciar demostraciones de productos innovadores.<\/p>\n\n\n\n<h3 class=\"wp-block-heading\" id=\"h-2-set-de-conocimiento\">2) Set de conocimiento<\/h3>\n\n\n\n<p>Conocimiento de alto nivel donde expertos globales comparten tendencias de mercado, innovaci\u00f3n tecnol\u00f3gica y sostenibilidad a trav\u00e9s de c\u00e1psulas de formaci\u00f3n y conferencias especializadas.<\/p>\n\n\n\n<p><strong>Lee m\u00e1s:<\/strong> <a href=\"https:\/\/audaces.com\/es\/blog\/tendencias-primavera-verano\/\" target=\"_blank\" rel=\"noreferrer noopener\">16 tendencias de Primavera\/Verano para acertar en tu colecci\u00f3n<\/a><\/p>\n\n\n\n<h3 class=\"wp-block-heading\" id=\"h-3-ruta-del-emprendedor\">3) Ruta del emprendedor<\/h3>\n\n\n\n<p>Un espacio que destaca las empresas emergentes de la industria textil, fomentando el emprendimiento como base del futuro del sector.<\/p>\n\n\n\n<h3 class=\"wp-block-heading\" id=\"h-4-showroom-de-paquete-completo\">4) Showroom de paquete completo<\/h3>\n\n\n\n<p>Una exhibici\u00f3n integral que muestra soluciones completas desde el dise\u00f1o hasta la producci\u00f3n final, con enfoque en eficiencia y sostenibilidad.<\/p>\n\n\n\n<h3 class=\"wp-block-heading\" id=\"h-5-imperdibles-de-sostenibilidad\">5) Imperdibles de sostenibilidad<\/h3>\n\n\n\n<p>Un recorrido por las iniciativas m\u00e1s destacadas que impulsan la circularidad y el cuidado del medio ambiente dentro de la industria textil.<\/p>\n\n\n\n<h2 class=\"wp-block-heading\" id=\"h-visita-el-stand-de-audaces-en-colombiatex-2026\"><span class=\"ez-toc-section\" id=\"visita-el-stand-de-audaces-en-colombiatex-2026\"><\/span><strong>Visita el stand de Audaces en Colombiatex 2026<\/strong><span class=\"ez-toc-section-end\"><\/span><\/h2>\n\n\n\n<p>Como m\u00e1s all\u00e1 de 15 a\u00f1os, Audaces estar\u00e1 presente con sus completas soluciones en un stand exclusivo en la 38\u00b0 edici\u00f3n de Colombiatex. Ser\u00e1 en el <strong>espacio RJ104<\/strong>.<\/p>\n\n\n\n<p>\u00a1Te esperamos para contarte m\u00e1s sobre nuestros productos y soluciones!<\/p>\n\n\n\n<p><strong>Hasta que nos encontremos, descarga nuestro material gratuito y maximizar los logros de tu confecci\u00f3n:<\/strong><\/p>\n\n\n\n<div role=\"main\" id=\"form-vender-coleccion-maximizar-resultados-9c7a29f85e28aea3a918\"><\/div><script type=\"text\/javascript\" src=\"https:\/\/d335luupugsy2.cloudfront.net\/js\/rdstation-forms\/stable\/rdstation-forms.min.js\"><\/script><script type=\"text\/javascript\"> new RDStationForms('form-vender-coleccion-maximizar-resultados-9c7a29f85e28aea3a918', 'UA-78634938-2').createForm();<\/script>\n\n\n\n<h2 class=\"wp-block-heading\" id=\"h-preguntas-frecuentes\"><span class=\"ez-toc-section\" id=\"preguntas-frecuentes\"><\/span>Preguntas Frecuentes<span class=\"ez-toc-section-end\"><\/span><\/h2>\n\n\n\n<div class=\"schema-faq wp-block-yoast-faq-block\"><div class=\"schema-faq-section\" id=\"faq-question-1697725305148\"><strong class=\"schema-faq-question\">\u00bfQu\u00e9 es Colombiatex?<\/strong> <p class=\"schema-faq-answer\">Es la feria de textiles, insumos, maquinaria, tecnolog\u00eda y moda m\u00e1s grande de Colombia.<\/p> <\/div> <div class=\"schema-faq-section\" id=\"faq-question-1697725312047\"><strong class=\"schema-faq-question\">\u00bfD\u00f3nde y cu\u00e1ndo tiene lugar?<\/strong> <p class=\"schema-faq-answer\">El evento tendr\u00e1 lugar del 27 al 29 de enero en el recinto ferial de Plaza Mayor, Medell\u00edn.<\/p> <\/div> <div class=\"schema-faq-section\" id=\"faq-question-1697725319025\"><strong class=\"schema-faq-question\">\u00bfCu\u00e1l es el precio de la entrada?<\/strong> <p class=\"schema-faq-answer\">El precio del ticket general, v\u00e1lido hasta el 29 de enero de 2026, es de $340.000 COP (aproximadamente $90 USD).<\/p> <\/div> <\/div>\n\n\n\n<p><\/p>\n","protected":false},"excerpt":{"rendered":"<p>Conoce Colombiatex, el evento l\u00edder en moda de Latinoam\u00e9rica. \u00a1Descubre por qu\u00e9 es esencial para impulsar tu negocio en la industria!<\/p>\n","protected":false},"author":24,"featured_media":137003,"comment_status":"open","ping_status":"open","sticky":true,"template":"","format":"standard","meta":{"footnotes":""},"categories":[3956],"tags":[],"class_list":["post-136993","post","type-post","status-publish","format-standard","has-post-thumbnail","hentry","category-gestion-negocios-moda"],"yoast_head":"<!-- This site is optimized with the Yoast SEO Premium plugin v27.4 (Yoast SEO v27.4) - https:\/\/yoast.com\/product\/yoast-seo-premium-wordpress\/ -->\n<title>Colombiatex: 5 beneficios de participar de esta importante feria<\/title>\n<meta name=\"description\" content=\"Conoce Colombiatex, el evento l\u00edder en moda de Latinoam\u00e9rica. \u00a1Descubre por qu\u00e9 es esencial para impulsar tu negocio en la industria!\" \/>\n<meta name=\"robots\" content=\"index, follow, max-snippet:-1, max-image-preview:large, max-video-preview:-1\" \/>\n<link rel=\"canonical\" href=\"https:\/\/audaces.com\/es\/blog\/colombiatex\" \/>\n<meta property=\"og:locale\" content=\"es_ES\" \/>\n<meta property=\"og:type\" content=\"article\" \/>\n<meta property=\"og:title\" content=\"Colombiatex: 5 beneficios de participar de esta importante feria\" \/>\n<meta property=\"og:description\" content=\"Conoce Colombiatex, el evento l\u00edder en moda de Latinoam\u00e9rica. \u00a1Descubre por qu\u00e9 es esencial para impulsar tu negocio en la industria!\" \/>\n<meta property=\"og:url\" content=\"https:\/\/audaces.com\/es\/blog\/colombiatex\" \/>\n<meta property=\"og:site_name\" content=\"Audaces\" \/>\n<meta property=\"article:publisher\" content=\"https:\/\/www.facebook.com\/audaces.pt\" \/>\n<meta property=\"article:published_time\" content=\"2026-01-13T20:00:00+00:00\" \/>\n<meta property=\"article:modified_time\" content=\"2026-01-13T20:02:49+00:00\" \/>\n<meta property=\"og:image\" content=\"https:\/\/audaces.com\/wp-content\/uploads\/2023\/02\/colombiatex-01-scaled.jpg\" \/>\n\t<meta property=\"og:image:width\" content=\"1620\" \/>\n\t<meta property=\"og:image:height\" content=\"1080\" \/>\n\t<meta property=\"og:image:type\" content=\"image\/jpeg\" \/>\n<meta name=\"author\" content=\"Alice K\u00fchlkamp Felipe\" \/>\n<meta name=\"twitter:card\" content=\"summary_large_image\" \/>\n<meta name=\"twitter:label1\" content=\"Escrito por\" \/>\n\t<meta name=\"twitter:data1\" content=\"Alice K\u00fchlkamp Felipe\" \/>\n\t<meta name=\"twitter:label2\" content=\"Tiempo de lectura\" \/>\n\t<meta name=\"twitter:data2\" content=\"7 minutos\" \/>\n<script type=\"application\/ld+json\" class=\"yoast-schema-graph\">{\"@context\":\"https:\\\/\\\/schema.org\",\"@graph\":[{\"@type\":\"Article\",\"@id\":\"https:\\\/\\\/audaces.com\\\/es\\\/blog\\\/colombiatex#article\",\"isPartOf\":{\"@id\":\"https:\\\/\\\/audaces.com\\\/es\\\/blog\\\/colombiatex\"},\"author\":{\"name\":\"Alice K\u00fchlkamp Felipe\",\"@id\":\"https:\\\/\\\/audaces.com\\\/es#\\\/schema\\\/person\\\/affc79d5c4fe4eff441c8046bc24e9ed\"},\"headline\":\"\u00bfQu\u00e9 es Colombiatex y cu\u00e1l es su importancia en la moda?\",\"datePublished\":\"2026-01-13T20:00:00+00:00\",\"dateModified\":\"2026-01-13T20:02:49+00:00\",\"mainEntityOfPage\":{\"@id\":\"https:\\\/\\\/audaces.com\\\/es\\\/blog\\\/colombiatex\"},\"wordCount\":1185,\"commentCount\":2,\"publisher\":{\"@id\":\"https:\\\/\\\/audaces.com\\\/es#organization\"},\"image\":{\"@id\":\"https:\\\/\\\/audaces.com\\\/es\\\/blog\\\/colombiatex#primaryimage\"},\"thumbnailUrl\":\"https:\\\/\\\/audaces.com\\\/wp-content\\\/uploads\\\/2023\\\/02\\\/colombiatex-01-scaled.jpg\",\"articleSection\":[\"Gesti\u00f3n y Negocios de Moda\"],\"inLanguage\":\"es\",\"potentialAction\":[{\"@type\":\"CommentAction\",\"name\":\"Comment\",\"target\":[\"https:\\\/\\\/audaces.com\\\/es\\\/blog\\\/colombiatex#respond\"]}]},{\"@type\":[\"WebPage\",\"FAQPage\"],\"@id\":\"https:\\\/\\\/audaces.com\\\/es\\\/blog\\\/colombiatex\",\"url\":\"https:\\\/\\\/audaces.com\\\/es\\\/blog\\\/colombiatex\",\"name\":\"Colombiatex: 5 beneficios de participar de esta importante feria\",\"isPartOf\":{\"@id\":\"https:\\\/\\\/audaces.com\\\/es#website\"},\"primaryImageOfPage\":{\"@id\":\"https:\\\/\\\/audaces.com\\\/es\\\/blog\\\/colombiatex#primaryimage\"},\"image\":{\"@id\":\"https:\\\/\\\/audaces.com\\\/es\\\/blog\\\/colombiatex#primaryimage\"},\"thumbnailUrl\":\"https:\\\/\\\/audaces.com\\\/wp-content\\\/uploads\\\/2023\\\/02\\\/colombiatex-01-scaled.jpg\",\"datePublished\":\"2026-01-13T20:00:00+00:00\",\"dateModified\":\"2026-01-13T20:02:49+00:00\",\"description\":\"Conoce Colombiatex, el evento l\u00edder en moda de Latinoam\u00e9rica. \u00a1Descubre por qu\u00e9 es esencial para impulsar tu negocio en la industria!\",\"breadcrumb\":{\"@id\":\"https:\\\/\\\/audaces.com\\\/es\\\/blog\\\/colombiatex#breadcrumb\"},\"mainEntity\":[{\"@id\":\"https:\\\/\\\/audaces.com\\\/es\\\/blog\\\/colombiatex#faq-question-1697725305148\"},{\"@id\":\"https:\\\/\\\/audaces.com\\\/es\\\/blog\\\/colombiatex#faq-question-1697725312047\"},{\"@id\":\"https:\\\/\\\/audaces.com\\\/es\\\/blog\\\/colombiatex#faq-question-1697725319025\"}],\"inLanguage\":\"es\",\"potentialAction\":[{\"@type\":\"ReadAction\",\"target\":[\"https:\\\/\\\/audaces.com\\\/es\\\/blog\\\/colombiatex\"]}]},{\"@type\":\"ImageObject\",\"inLanguage\":\"es\",\"@id\":\"https:\\\/\\\/audaces.com\\\/es\\\/blog\\\/colombiatex#primaryimage\",\"url\":\"https:\\\/\\\/audaces.com\\\/wp-content\\\/uploads\\\/2023\\\/02\\\/colombiatex-01-scaled.jpg\",\"contentUrl\":\"https:\\\/\\\/audaces.com\\\/wp-content\\\/uploads\\\/2023\\\/02\\\/colombiatex-01-scaled.jpg\",\"width\":1620,\"height\":1080,\"caption\":\"Descubre qu\u00e9 es Colombiatex y cu\u00e1l es su importancia para los negocios de moda\"},{\"@type\":\"BreadcrumbList\",\"@id\":\"https:\\\/\\\/audaces.com\\\/es\\\/blog\\\/colombiatex#breadcrumb\",\"itemListElement\":[{\"@type\":\"ListItem\",\"position\":1,\"name\":\"INICIO\",\"item\":\"https:\\\/\\\/audaces.com\\\/es\"},{\"@type\":\"ListItem\",\"position\":2,\"name\":\"\u00bfQu\u00e9 es Colombiatex y cu\u00e1l es su importancia en la moda?\"}]},{\"@type\":\"WebSite\",\"@id\":\"https:\\\/\\\/audaces.com\\\/es#website\",\"url\":\"https:\\\/\\\/audaces.com\\\/es\",\"name\":\"Audaces\",\"description\":\"We are the Industry 4.0\",\"publisher\":{\"@id\":\"https:\\\/\\\/audaces.com\\\/es#organization\"},\"potentialAction\":[{\"@type\":\"SearchAction\",\"target\":{\"@type\":\"EntryPoint\",\"urlTemplate\":\"https:\\\/\\\/audaces.com\\\/es?s={search_term_string}\"},\"query-input\":{\"@type\":\"PropertyValueSpecification\",\"valueRequired\":true,\"valueName\":\"search_term_string\"}}],\"inLanguage\":\"es\"},{\"@type\":\"Organization\",\"@id\":\"https:\\\/\\\/audaces.com\\\/es#organization\",\"name\":\"Audaces\",\"url\":\"https:\\\/\\\/audaces.com\\\/es\",\"logo\":{\"@type\":\"ImageObject\",\"inLanguage\":\"es\",\"@id\":\"https:\\\/\\\/audaces.com\\\/es#\\\/schema\\\/logo\\\/image\\\/\",\"url\":\"https:\\\/\\\/audaces.com\\\/wp-content\\\/uploads\\\/2022\\\/01\\\/cropped-cropped-logo-audace.png\",\"contentUrl\":\"https:\\\/\\\/audaces.com\\\/wp-content\\\/uploads\\\/2022\\\/01\\\/cropped-cropped-logo-audace.png\",\"width\":512,\"height\":512,\"caption\":\"Audaces\"},\"image\":{\"@id\":\"https:\\\/\\\/audaces.com\\\/es#\\\/schema\\\/logo\\\/image\\\/\"},\"sameAs\":[\"https:\\\/\\\/www.facebook.com\\\/audaces.pt\"]},{\"@type\":\"Person\",\"@id\":\"https:\\\/\\\/audaces.com\\\/es#\\\/schema\\\/person\\\/affc79d5c4fe4eff441c8046bc24e9ed\",\"name\":\"Alice K\u00fchlkamp Felipe\",\"image\":{\"@type\":\"ImageObject\",\"inLanguage\":\"es\",\"@id\":\"https:\\\/\\\/audaces.com\\\/wp-content\\\/uploads\\\/2025\\\/05\\\/cropped-alice-96x96.png\",\"url\":\"https:\\\/\\\/audaces.com\\\/wp-content\\\/uploads\\\/2025\\\/05\\\/cropped-alice-96x96.png\",\"contentUrl\":\"https:\\\/\\\/audaces.com\\\/wp-content\\\/uploads\\\/2025\\\/05\\\/cropped-alice-96x96.png\",\"caption\":\"Alice K\u00fchlkamp Felipe\"},\"description\":\"Content\\\/SEO Analyst\",\"url\":\"https:\\\/\\\/audaces.com\\\/es\\\/blog\\\/author\\\/alice\"},{\"@type\":\"Question\",\"@id\":\"https:\\\/\\\/audaces.com\\\/es\\\/blog\\\/colombiatex#faq-question-1697725305148\",\"position\":1,\"url\":\"https:\\\/\\\/audaces.com\\\/es\\\/blog\\\/colombiatex#faq-question-1697725305148\",\"name\":\"\u00bfQu\u00e9 es Colombiatex?\",\"answerCount\":1,\"acceptedAnswer\":{\"@type\":\"Answer\",\"text\":\"Es la feria de textiles, insumos, maquinaria, tecnolog\u00eda y moda m\u00e1s grande de Colombia.\",\"inLanguage\":\"es\"},\"inLanguage\":\"es\"},{\"@type\":\"Question\",\"@id\":\"https:\\\/\\\/audaces.com\\\/es\\\/blog\\\/colombiatex#faq-question-1697725312047\",\"position\":2,\"url\":\"https:\\\/\\\/audaces.com\\\/es\\\/blog\\\/colombiatex#faq-question-1697725312047\",\"name\":\"\u00bfD\u00f3nde y cu\u00e1ndo tiene lugar?\",\"answerCount\":1,\"acceptedAnswer\":{\"@type\":\"Answer\",\"text\":\"El evento tendr\u00e1 lugar del 27 al 29 de enero en el recinto ferial de Plaza Mayor, Medell\u00edn.\",\"inLanguage\":\"es\"},\"inLanguage\":\"es\"},{\"@type\":\"Question\",\"@id\":\"https:\\\/\\\/audaces.com\\\/es\\\/blog\\\/colombiatex#faq-question-1697725319025\",\"position\":3,\"url\":\"https:\\\/\\\/audaces.com\\\/es\\\/blog\\\/colombiatex#faq-question-1697725319025\",\"name\":\"\u00bfCu\u00e1l es el precio de la entrada?\",\"answerCount\":1,\"acceptedAnswer\":{\"@type\":\"Answer\",\"text\":\"El precio del ticket general, v\u00e1lido hasta el 29 de enero de 2026, es de $340.000 COP (aproximadamente $90 USD).\",\"inLanguage\":\"es\"},\"inLanguage\":\"es\"}]}<\/script>\n<!-- \/ Yoast SEO Premium plugin. -->","yoast_head_json":{"title":"Colombiatex: 5 beneficios de participar de esta importante feria","description":"Conoce Colombiatex, el evento l\u00edder en moda de Latinoam\u00e9rica. \u00a1Descubre por qu\u00e9 es esencial para impulsar tu negocio en la industria!","robots":{"index":"index","follow":"follow","max-snippet":"max-snippet:-1","max-image-preview":"max-image-preview:large","max-video-preview":"max-video-preview:-1"},"canonical":"https:\/\/audaces.com\/es\/blog\/colombiatex","og_locale":"es_ES","og_type":"article","og_title":"Colombiatex: 5 beneficios de participar de esta importante feria","og_description":"Conoce Colombiatex, el evento l\u00edder en moda de Latinoam\u00e9rica. \u00a1Descubre por qu\u00e9 es esencial para impulsar tu negocio en la industria!","og_url":"https:\/\/audaces.com\/es\/blog\/colombiatex","og_site_name":"Audaces","article_publisher":"https:\/\/www.facebook.com\/audaces.pt","article_published_time":"2026-01-13T20:00:00+00:00","article_modified_time":"2026-01-13T20:02:49+00:00","og_image":[{"width":1620,"height":1080,"url":"https:\/\/audaces.com\/wp-content\/uploads\/2023\/02\/colombiatex-01-scaled.jpg","type":"image\/jpeg"}],"author":"Alice K\u00fchlkamp Felipe","twitter_card":"summary_large_image","twitter_misc":{"Escrito por":"Alice K\u00fchlkamp Felipe","Tiempo de lectura":"7 minutos"},"schema":{"@context":"https:\/\/schema.org","@graph":[{"@type":"Article","@id":"https:\/\/audaces.com\/es\/blog\/colombiatex#article","isPartOf":{"@id":"https:\/\/audaces.com\/es\/blog\/colombiatex"},"author":{"name":"Alice K\u00fchlkamp Felipe","@id":"https:\/\/audaces.com\/es#\/schema\/person\/affc79d5c4fe4eff441c8046bc24e9ed"},"headline":"\u00bfQu\u00e9 es Colombiatex y cu\u00e1l es su importancia en la moda?","datePublished":"2026-01-13T20:00:00+00:00","dateModified":"2026-01-13T20:02:49+00:00","mainEntityOfPage":{"@id":"https:\/\/audaces.com\/es\/blog\/colombiatex"},"wordCount":1185,"commentCount":2,"publisher":{"@id":"https:\/\/audaces.com\/es#organization"},"image":{"@id":"https:\/\/audaces.com\/es\/blog\/colombiatex#primaryimage"},"thumbnailUrl":"https:\/\/audaces.com\/wp-content\/uploads\/2023\/02\/colombiatex-01-scaled.jpg","articleSection":["Gesti\u00f3n y Negocios de Moda"],"inLanguage":"es","potentialAction":[{"@type":"CommentAction","name":"Comment","target":["https:\/\/audaces.com\/es\/blog\/colombiatex#respond"]}]},{"@type":["WebPage","FAQPage"],"@id":"https:\/\/audaces.com\/es\/blog\/colombiatex","url":"https:\/\/audaces.com\/es\/blog\/colombiatex","name":"Colombiatex: 5 beneficios de participar de esta importante feria","isPartOf":{"@id":"https:\/\/audaces.com\/es#website"},"primaryImageOfPage":{"@id":"https:\/\/audaces.com\/es\/blog\/colombiatex#primaryimage"},"image":{"@id":"https:\/\/audaces.com\/es\/blog\/colombiatex#primaryimage"},"thumbnailUrl":"https:\/\/audaces.com\/wp-content\/uploads\/2023\/02\/colombiatex-01-scaled.jpg","datePublished":"2026-01-13T20:00:00+00:00","dateModified":"2026-01-13T20:02:49+00:00","description":"Conoce Colombiatex, el evento l\u00edder en moda de Latinoam\u00e9rica. \u00a1Descubre por qu\u00e9 es esencial para impulsar tu negocio en la industria!","breadcrumb":{"@id":"https:\/\/audaces.com\/es\/blog\/colombiatex#breadcrumb"},"mainEntity":[{"@id":"https:\/\/audaces.com\/es\/blog\/colombiatex#faq-question-1697725305148"},{"@id":"https:\/\/audaces.com\/es\/blog\/colombiatex#faq-question-1697725312047"},{"@id":"https:\/\/audaces.com\/es\/blog\/colombiatex#faq-question-1697725319025"}],"inLanguage":"es","potentialAction":[{"@type":"ReadAction","target":["https:\/\/audaces.com\/es\/blog\/colombiatex"]}]},{"@type":"ImageObject","inLanguage":"es","@id":"https:\/\/audaces.com\/es\/blog\/colombiatex#primaryimage","url":"https:\/\/audaces.com\/wp-content\/uploads\/2023\/02\/colombiatex-01-scaled.jpg","contentUrl":"https:\/\/audaces.com\/wp-content\/uploads\/2023\/02\/colombiatex-01-scaled.jpg","width":1620,"height":1080,"caption":"Descubre qu\u00e9 es Colombiatex y cu\u00e1l es su importancia para los negocios de moda"},{"@type":"BreadcrumbList","@id":"https:\/\/audaces.com\/es\/blog\/colombiatex#breadcrumb","itemListElement":[{"@type":"ListItem","position":1,"name":"INICIO","item":"https:\/\/audaces.com\/es"},{"@type":"ListItem","position":2,"name":"\u00bfQu\u00e9 es Colombiatex y cu\u00e1l es su importancia en la moda?"}]},{"@type":"WebSite","@id":"https:\/\/audaces.com\/es#website","url":"https:\/\/audaces.com\/es","name":"Audaces","description":"We are the Industry 4.0","publisher":{"@id":"https:\/\/audaces.com\/es#organization"},"potentialAction":[{"@type":"SearchAction","target":{"@type":"EntryPoint","urlTemplate":"https:\/\/audaces.com\/es?s={search_term_string}"},"query-input":{"@type":"PropertyValueSpecification","valueRequired":true,"valueName":"search_term_string"}}],"inLanguage":"es"},{"@type":"Organization","@id":"https:\/\/audaces.com\/es#organization","name":"Audaces","url":"https:\/\/audaces.com\/es","logo":{"@type":"ImageObject","inLanguage":"es","@id":"https:\/\/audaces.com\/es#\/schema\/logo\/image\/","url":"https:\/\/audaces.com\/wp-content\/uploads\/2022\/01\/cropped-cropped-logo-audace.png","contentUrl":"https:\/\/audaces.com\/wp-content\/uploads\/2022\/01\/cropped-cropped-logo-audace.png","width":512,"height":512,"caption":"Audaces"},"image":{"@id":"https:\/\/audaces.com\/es#\/schema\/logo\/image\/"},"sameAs":["https:\/\/www.facebook.com\/audaces.pt"]},{"@type":"Person","@id":"https:\/\/audaces.com\/es#\/schema\/person\/affc79d5c4fe4eff441c8046bc24e9ed","name":"Alice K\u00fchlkamp Felipe","image":{"@type":"ImageObject","inLanguage":"es","@id":"https:\/\/audaces.com\/wp-content\/uploads\/2025\/05\/cropped-alice-96x96.png","url":"https:\/\/audaces.com\/wp-content\/uploads\/2025\/05\/cropped-alice-96x96.png","contentUrl":"https:\/\/audaces.com\/wp-content\/uploads\/2025\/05\/cropped-alice-96x96.png","caption":"Alice K\u00fchlkamp Felipe"},"description":"Content\/SEO Analyst","url":"https:\/\/audaces.com\/es\/blog\/author\/alice"},{"@type":"Question","@id":"https:\/\/audaces.com\/es\/blog\/colombiatex#faq-question-1697725305148","position":1,"url":"https:\/\/audaces.com\/es\/blog\/colombiatex#faq-question-1697725305148","name":"\u00bfQu\u00e9 es Colombiatex?","answerCount":1,"acceptedAnswer":{"@type":"Answer","text":"Es la feria de textiles, insumos, maquinaria, tecnolog\u00eda y moda m\u00e1s grande de Colombia.","inLanguage":"es"},"inLanguage":"es"},{"@type":"Question","@id":"https:\/\/audaces.com\/es\/blog\/colombiatex#faq-question-1697725312047","position":2,"url":"https:\/\/audaces.com\/es\/blog\/colombiatex#faq-question-1697725312047","name":"\u00bfD\u00f3nde y cu\u00e1ndo tiene lugar?","answerCount":1,"acceptedAnswer":{"@type":"Answer","text":"El evento tendr\u00e1 lugar del 27 al 29 de enero en el recinto ferial de Plaza Mayor, Medell\u00edn.","inLanguage":"es"},"inLanguage":"es"},{"@type":"Question","@id":"https:\/\/audaces.com\/es\/blog\/colombiatex#faq-question-1697725319025","position":3,"url":"https:\/\/audaces.com\/es\/blog\/colombiatex#faq-question-1697725319025","name":"\u00bfCu\u00e1l es el precio de la entrada?","answerCount":1,"acceptedAnswer":{"@type":"Answer","text":"El precio del ticket general, v\u00e1lido hasta el 29 de enero de 2026, es de $340.000 COP (aproximadamente $90 USD).","inLanguage":"es"},"inLanguage":"es"}]}},"_links":{"self":[{"href":"https:\/\/audaces.com\/es\/wp-json\/wp\/v2\/posts\/136993","targetHints":{"allow":["GET"]}}],"collection":[{"href":"https:\/\/audaces.com\/es\/wp-json\/wp\/v2\/posts"}],"about":[{"href":"https:\/\/audaces.com\/es\/wp-json\/wp\/v2\/types\/post"}],"author":[{"embeddable":true,"href":"https:\/\/audaces.com\/es\/wp-json\/wp\/v2\/users\/24"}],"replies":[{"embeddable":true,"href":"https:\/\/audaces.com\/es\/wp-json\/wp\/v2\/comments?post=136993"}],"version-history":[{"count":9,"href":"https:\/\/audaces.com\/es\/wp-json\/wp\/v2\/posts\/136993\/revisions"}],"predecessor-version":[{"id":209622,"href":"https:\/\/audaces.com\/es\/wp-json\/wp\/v2\/posts\/136993\/revisions\/209622"}],"wp:featuredmedia":[{"embeddable":true,"href":"https:\/\/audaces.com\/es\/wp-json\/wp\/v2\/media\/137003"}],"wp:attachment":[{"href":"https:\/\/audaces.com\/es\/wp-json\/wp\/v2\/media?parent=136993"}],"wp:term":[{"taxonomy":"category","embeddable":true,"href":"https:\/\/audaces.com\/es\/wp-json\/wp\/v2\/categories?post=136993"},{"taxonomy":"post_tag","embeddable":true,"href":"https:\/\/audaces.com\/es\/wp-json\/wp\/v2\/tags?post=136993"}],"curies":[{"name":"wp","href":"https:\/\/api.w.org\/{rel}","templated":true}]}}